{"id":4758,"date":"2023-10-26T15:06:01","date_gmt":"2023-10-26T14:06:01","guid":{"rendered":"https:\/\/www.welovecycling.com\/se\/?p=4758"},"modified":"2023-10-26T15:16:16","modified_gmt":"2023-10-26T14:16:16","slug":"se-dokumentarserien-fran-cykelaventyret","status":"publish","type":"post","link":"https:\/\/www.welovecycling.com\/se\/2023\/10\/26\/se-dokumentarserien-fran-cykelaventyret\/","title":{"rendered":"Se dokument\u00e4rserien fr\u00e5n cykel\u00e4ventyret"},"content":{"rendered":"<div id=\"pl-4758\"  class=\"panel-layout\" ><div id=\"pg-4758-0\"  class=\"panel-grid panel-no-style\" ><div id=\"pgc-4758-0-0\"  class=\"panel-grid-cell\" ><div id=\"panel-4758-0-0-0\" class=\"so-panel widget widget_sow-editor panel-first-child panel-last-child\" data-index=\"0\" ><div\n\t\t\t\n\t\t\tclass=\"so-widget-sow-editor so-widget-sow-editor-base\"\n\t\t\t\n\t\t>\n<div class=\"siteorigin-widget-tinymce textwidget\">\n\t<p><b>Nu \u00e4r dokument\u00e4rserien sl\u00e4ppt om \u0160koda Cycling Teams stora cykel\u00e4ventyr. 225 mil inom 12 dagar genom hela Sverige p\u00e5 grusv\u00e4gar, gl\u00f6mda stigar och v\u00e4derbiten asfalt. Ett \u00e4ventyr som t\u00e4njer p\u00e5 alla gr\u00e4nser.\u00a0<\/b><\/p>\n<ul>\n<li style=\"text-align: center;\"><span style=\"font-size: 18pt;\"><a href=\"https:\/\/youtu.be\/LIKG_lrrQd0\">Se avsnitt 1<\/a><\/span><\/li>\n<li style=\"text-align: center;\"><span style=\"font-size: 18pt;\"><a href=\"https:\/\/youtu.be\/YjUDoQsJdiU\">Se avsnitt 2<\/a><\/span><\/li>\n<li style=\"text-align: center;\"><span style=\"font-size: 18pt;\"><a href=\"https:\/\/youtu.be\/UB2Vsmrb7cY\">Se avsnitt 3<\/a><\/span><\/li>\n<\/ul>\n<p>&nbsp;<\/p>\n<p><b>Av\u00a0 1 800 s\u00f6kande valdes sex cyklister ut f\u00f6r det 225 mil l\u00e5nga cykelloppet<\/b><span style=\"font-weight: 400;\">, fr\u00e5n Kiruna i norr till Smygehuk i s\u00f6der, med ambitionen att n\u00e5 m\u00e5llinjen inom 12 dagar. Nu lanserar \u0160koda en minidokument\u00e4r i tre delar d\u00e4r vi f\u00e5r f\u00f6lja cyklisternas resa kantad av tuffa v\u00e4derf\u00f6rh\u00e5llanden, slitna kroppar, sargade sj\u00e4lar och t\u00e5rar av b\u00e5de lycka och sorg.<\/span><\/p>\n<p><b>Unmapping Sweden<\/b><span style=\"font-weight: 400;\"> \u00e4r ett sp\u00e4nnande, kr\u00e4vande och tills nu opr\u00f6vat grusv\u00e4gslopp genom hela Sverige. Under v\u00e5ren fick de uttagna allt st\u00f6d och hj\u00e4lp de kunde t\u00e4nkas beh\u00f6va f\u00f6r att klara sig igenom utmaningen \u2013 fysisk och mental tr\u00e4ning, praktisk utbildning i probleml\u00f6sning under tuffa omst\u00e4ndigheter och tillg\u00e5ng till utrustning i toppklass. \u0160koda Cycling Team har l\u00e4nge varit en viktig del av \u0160kodas engagemang inom cykling, och ett praktexempel p\u00e5 hur man ut\u00f6ver traditionell sponsring kan bidra med starka och samh\u00e4llsrelevanta historier som inspirerar. \u00c5rets utmaning, <\/span><i><span style=\"font-weight: 400;\">Unmapping Sweden,<\/span><\/i><span style=\"font-weight: 400;\"> \u00e4r den i s\u00e4rklass mest inspirerande historien som \u0160koda Cycling Team har ber\u00e4ttat.<\/span><\/p>\n<p><span style=\"font-weight: 400;\"><a href=\"https:\/\/d2p6e6u75xmxt8.cloudfront.net\/9\/2023\/10\/UMS-128.webp\"><img loading=\"lazy\" decoding=\"async\" class=\"alignnone size-full wp-image-4780\" src=\"https:\/\/d2p6e6u75xmxt8.cloudfront.net\/9\/2023\/10\/UMS-128.webp\" alt=\"\" width=\"1400\" height=\"934\" srcset=\"https:\/\/d2p6e6u75xmxt8.cloudfront.net\/9\/2023\/10\/UMS-128.webp 1400w, https:\/\/d2p6e6u75xmxt8.cloudfront.net\/9\/2023\/10\/UMS-128-300x200.webp 300w, https:\/\/d2p6e6u75xmxt8.cloudfront.net\/9\/2023\/10\/UMS-128-1024x683.webp 1024w, https:\/\/d2p6e6u75xmxt8.cloudfront.net\/9\/2023\/10\/UMS-128-768x512.webp 768w, https:\/\/d2p6e6u75xmxt8.cloudfront.net\/9\/2023\/10\/UMS-128-400x267.webp 400w, https:\/\/d2p6e6u75xmxt8.cloudfront.net\/9\/2023\/10\/UMS-128-272x182.webp 272w\" sizes=\"auto, (max-width: 1400px) 100vw, 1400px\" \/><\/a><\/span><span style=\"font-weight: 400;\"><br \/>\n<\/span><b>Av de s\u00f6kande valdes tre ambassad\u00f6rer och tre rekryter ut.<\/b><span style=\"font-weight: 400;\"> Ambassad\u00f6rerna Mattias Hargin, Kajsa Larsson och Andreas Lindh \u00e4r tidigare erfarna idrottare av olika slag och \u00e4r vana vid tuffa fysiska utmaningar. Rekryterna Maja Mellin, Amir Ansari och Marie Rydne \u00e4r alla h\u00f6gpresterande cyklister med en stark vilja att utmanas. Cyklisterna parades ihop f\u00f6r att maximera utbytet av varandra och komma i m\u00e5l inom 12-dagarsgr\u00e4nsen.\u00a0<\/span><\/p>\n<p><span style=\"font-weight: 400;\">\u2013 \u00c5rets \u00e4ventyr med \u0160koda Cycling Team, d\u00e4r inspirerande personer utforskar sig sj\u00e4lva i n\u00e4ra anslutning till naturen, \u00e4r precis d\u00e4r vi som varum\u00e4rke vill vara. M\u00e5nga har med stort intresse f\u00f6ljt cyklisternas resa, och det ska bli ett sant n\u00f6je att snart f\u00e5 visa filmatiseringen av deras resa f\u00f6r en st\u00f6rre publik, s\u00e4ger Stefan Nygren, marknadschef p\u00e5 \u0160koda Sverige.<\/span><\/p>\n<p><b>\u00c4ventyret innan och under grusv\u00e4gsloppet har spelats in <\/b><span style=\"font-weight: 400;\">och resulterat i en filmatisering i tre delar som premierar p\u00e5 Youtube den 26 oktober. Dokument\u00e4rserien skildrar samspelet i teamet, mellan paren och alla de utmaningar som teamet m\u00f6ts av p\u00e5 v\u00e4gen. Under loppet, som kantades av b\u00e5de sjukdom, skador och mekaniska problem, v\u00e4cktes ett enormt engagemang bland andra cyklister och lokala hj\u00e4ltar som gav moraliskt och praktiskt st\u00f6d just n\u00e4r det beh\u00f6vdes. I filmerna f\u00e5r vi erfara en hel del ov\u00e4ntade v\u00e4ndningar, k\u00e4nslofyllda stunder och \u00f6gonblick av sann gl\u00e4dje, uppgivenhet och motivation.<\/span><\/p>\n<p><a href=\"https:\/\/d2p6e6u75xmxt8.cloudfront.net\/9\/2023\/10\/UMS-131.webp\"><img loading=\"lazy\" decoding=\"async\" class=\"alignnone size-full wp-image-4781\" src=\"https:\/\/d2p6e6u75xmxt8.cloudfront.net\/9\/2023\/10\/UMS-131.webp\" alt=\"\" width=\"1400\" height=\"934\" srcset=\"https:\/\/d2p6e6u75xmxt8.cloudfront.net\/9\/2023\/10\/UMS-131.webp 1400w, https:\/\/d2p6e6u75xmxt8.cloudfront.net\/9\/2023\/10\/UMS-131-300x200.webp 300w, https:\/\/d2p6e6u75xmxt8.cloudfront.net\/9\/2023\/10\/UMS-131-1024x683.webp 1024w, https:\/\/d2p6e6u75xmxt8.cloudfront.net\/9\/2023\/10\/UMS-131-768x512.webp 768w, https:\/\/d2p6e6u75xmxt8.cloudfront.net\/9\/2023\/10\/UMS-131-400x267.webp 400w, https:\/\/d2p6e6u75xmxt8.cloudfront.net\/9\/2023\/10\/UMS-131-272x182.webp 272w\" sizes=\"auto, (max-width: 1400px) 100vw, 1400px\" \/><\/a><\/p>\n<p><span style=\"font-weight: 400;\">\u2013 Att ha f\u00e5tt f\u00f6lja cyklisternas resa genom hela Sverige var r\u00f6rande p\u00e5 m\u00e5nga s\u00e4tt, och ett minst sagt v\u00e4rdigt firande av detta 10 \u00e5r l\u00e5nga projekt som varje \u00e5r blir b\u00e5de st\u00f6rre, roligare och b\u00e4ttre. \u00c5rets utmaning \u00e4r ett levande bevis p\u00e5 att Skodas emotionella syn p\u00e5 sponsring skapar engagemang, s\u00e4ger Erik Leonsson, projektledare f\u00f6r \u0160koda Cycling Team.<\/span><span style=\"font-weight: 400;\"><br \/>\n<\/span><b><br \/>\n<\/b><b>Under sommaren, efter att startskottet gick den 26 juni<\/b><span style=\"font-weight: 400;\">, har loppet dokumenterats p\u00e5 Instagramkontot <a href=\"https:\/\/www.instagram.com\/skodacyclingteam\/\">@skodacylingteam<\/a>. Den 26 oktober har dokument\u00e4rserien premi\u00e4r p\u00e5 Youtube och kan d\u00e5 ses i sin helhet.<\/span><\/p>\n<\/div>\n<\/div><\/div><\/div><\/div><div id=\"pg-4758-1\"  class=\"panel-grid panel-no-style\" ><div id=\"pgc-4758-1-0\"  class=\"panel-grid-cell\" ><div id=\"panel-4758-1-0-0\" class=\"so-panel widget widget_media_image panel-first-child panel-last-child\" data-index=\"1\" ><img loading=\"lazy\" decoding=\"async\" width=\"300\" height=\"300\" src=\"https:\/\/d2p6e6u75xmxt8.cloudfront.net\/9\/2023\/10\/UMS-44-300x300.webp\" class=\"image wp-image-4762  attachment-medium size-medium\" alt=\"\" style=\"max-width: 100%; height: auto;\" srcset=\"https:\/\/d2p6e6u75xmxt8.cloudfront.net\/9\/2023\/10\/UMS-44-300x300.webp 300w, https:\/\/d2p6e6u75xmxt8.cloudfront.net\/9\/2023\/10\/UMS-44-1024x1024.webp 1024w, https:\/\/d2p6e6u75xmxt8.cloudfront.net\/9\/2023\/10\/UMS-44-150x150.webp 150w, https:\/\/d2p6e6u75xmxt8.cloudfront.net\/9\/2023\/10\/UMS-44-768x768.webp 768w, https:\/\/d2p6e6u75xmxt8.cloudfront.net\/9\/2023\/10\/UMS-44-400x400.webp 400w, https:\/\/d2p6e6u75xmxt8.cloudfront.net\/9\/2023\/10\/UMS-44.webp 1200w\" sizes=\"auto, (max-width: 300px) 100vw, 300px\" \/><\/div><\/div><div id=\"pgc-4758-1-1\"  class=\"panel-grid-cell\" ><div id=\"panel-4758-1-1-0\" class=\"so-panel widget widget_media_image panel-first-child panel-last-child\" data-index=\"2\" ><img loading=\"lazy\" decoding=\"async\" width=\"300\" height=\"300\" src=\"https:\/\/d2p6e6u75xmxt8.cloudfront.net\/9\/2023\/10\/UMS-20-300x300.webp\" class=\"image wp-image-4763  attachment-medium size-medium\" alt=\"\" style=\"max-width: 100%; height: auto;\" srcset=\"https:\/\/d2p6e6u75xmxt8.cloudfront.net\/9\/2023\/10\/UMS-20-300x300.webp 300w, https:\/\/d2p6e6u75xmxt8.cloudfront.net\/9\/2023\/10\/UMS-20-150x150.webp 150w, https:\/\/d2p6e6u75xmxt8.cloudfront.net\/9\/2023\/10\/UMS-20-768x768.webp 768w, https:\/\/d2p6e6u75xmxt8.cloudfront.net\/9\/2023\/10\/UMS-20-400x400.webp 400w, https:\/\/d2p6e6u75xmxt8.cloudfront.net\/9\/2023\/10\/UMS-20.webp 771w\" sizes=\"auto, (max-width: 300px) 100vw, 300px\" \/><\/div><\/div><\/div><div id=\"pg-4758-2\"  class=\"panel-grid panel-no-style\" ><div id=\"pgc-4758-2-0\"  class=\"panel-grid-cell\" ><div id=\"panel-4758-2-0-0\" class=\"so-panel widget widget_media_image panel-first-child panel-last-child\" data-index=\"3\" ><img loading=\"lazy\" decoding=\"async\" width=\"300\" height=\"300\" src=\"https:\/\/d2p6e6u75xmxt8.cloudfront.net\/9\/2023\/10\/UMS-6-300x300.webp\" class=\"image wp-image-4777  attachment-medium size-medium\" alt=\"\" style=\"max-width: 100%; height: auto;\" srcset=\"https:\/\/d2p6e6u75xmxt8.cloudfront.net\/9\/2023\/10\/UMS-6-300x300.webp 300w, https:\/\/d2p6e6u75xmxt8.cloudfront.net\/9\/2023\/10\/UMS-6-1024x1024.webp 1024w, https:\/\/d2p6e6u75xmxt8.cloudfront.net\/9\/2023\/10\/UMS-6-150x150.webp 150w, https:\/\/d2p6e6u75xmxt8.cloudfront.net\/9\/2023\/10\/UMS-6-768x768.webp 768w, https:\/\/d2p6e6u75xmxt8.cloudfront.net\/9\/2023\/10\/UMS-6-400x400.webp 400w, https:\/\/d2p6e6u75xmxt8.cloudfront.net\/9\/2023\/10\/UMS-6.webp 1196w\" sizes=\"auto, (max-width: 300px) 100vw, 300px\" \/><\/div><\/div><div id=\"pgc-4758-2-1\"  class=\"panel-grid-cell\" ><div id=\"panel-4758-2-1-0\" class=\"so-panel widget widget_media_image panel-first-child panel-last-child\" data-index=\"4\" ><img loading=\"lazy\" decoding=\"async\" width=\"300\" height=\"300\" src=\"https:\/\/d2p6e6u75xmxt8.cloudfront.net\/9\/2023\/10\/UMS-55-300x300.webp\" class=\"image wp-image-4765  attachment-medium size-medium\" alt=\"\" style=\"max-width: 100%; height: auto;\" srcset=\"https:\/\/d2p6e6u75xmxt8.cloudfront.net\/9\/2023\/10\/UMS-55-300x300.webp 300w, https:\/\/d2p6e6u75xmxt8.cloudfront.net\/9\/2023\/10\/UMS-55-1024x1024.webp 1024w, https:\/\/d2p6e6u75xmxt8.cloudfront.net\/9\/2023\/10\/UMS-55-150x150.webp 150w, https:\/\/d2p6e6u75xmxt8.cloudfront.net\/9\/2023\/10\/UMS-55-768x768.webp 768w, https:\/\/d2p6e6u75xmxt8.cloudfront.net\/9\/2023\/10\/UMS-55-400x400.webp 400w, https:\/\/d2p6e6u75xmxt8.cloudfront.net\/9\/2023\/10\/UMS-55.webp 1200w\" sizes=\"auto, (max-width: 300px) 100vw, 300px\" \/><\/div><\/div><\/div><div id=\"pg-4758-3\"  class=\"panel-grid panel-no-style\" ><div id=\"pgc-4758-3-0\"  class=\"panel-grid-cell\" ><div id=\"panel-4758-3-0-0\" class=\"so-panel widget widget_media_image panel-first-child panel-last-child\" data-index=\"5\" ><img loading=\"lazy\" decoding=\"async\" width=\"300\" height=\"300\" src=\"https:\/\/d2p6e6u75xmxt8.cloudfront.net\/9\/2023\/10\/UMS-130-300x300.webp\" class=\"image wp-image-4775  attachment-medium size-medium\" alt=\"\" style=\"max-width: 100%; height: auto;\" srcset=\"https:\/\/d2p6e6u75xmxt8.cloudfront.net\/9\/2023\/10\/UMS-130-300x300.webp 300w, https:\/\/d2p6e6u75xmxt8.cloudfront.net\/9\/2023\/10\/UMS-130-1024x1024.webp 1024w, https:\/\/d2p6e6u75xmxt8.cloudfront.net\/9\/2023\/10\/UMS-130-150x150.webp 150w, https:\/\/d2p6e6u75xmxt8.cloudfront.net\/9\/2023\/10\/UMS-130-768x768.webp 768w, https:\/\/d2p6e6u75xmxt8.cloudfront.net\/9\/2023\/10\/UMS-130-1536x1536.webp 1536w, https:\/\/d2p6e6u75xmxt8.cloudfront.net\/9\/2023\/10\/UMS-130-400x400.webp 400w, https:\/\/d2p6e6u75xmxt8.cloudfront.net\/9\/2023\/10\/UMS-130.webp 1867w\" sizes=\"auto, (max-width: 300px) 100vw, 300px\" \/><\/div><\/div><div id=\"pgc-4758-3-1\"  class=\"panel-grid-cell\" ><div id=\"panel-4758-3-1-0\" class=\"so-panel widget widget_media_image panel-first-child panel-last-child\" data-index=\"6\" ><img loading=\"lazy\" decoding=\"async\" width=\"300\" height=\"300\" src=\"https:\/\/d2p6e6u75xmxt8.cloudfront.net\/9\/2023\/10\/UMS-32-300x300.webp\" class=\"image wp-image-4776  attachment-medium size-medium\" alt=\"\" style=\"max-width: 100%; height: auto;\" srcset=\"https:\/\/d2p6e6u75xmxt8.cloudfront.net\/9\/2023\/10\/UMS-32-300x300.webp 300w, https:\/\/d2p6e6u75xmxt8.cloudfront.net\/9\/2023\/10\/UMS-32-1024x1024.webp 1024w, https:\/\/d2p6e6u75xmxt8.cloudfront.net\/9\/2023\/10\/UMS-32-150x150.webp 150w, https:\/\/d2p6e6u75xmxt8.cloudfront.net\/9\/2023\/10\/UMS-32-768x768.webp 768w, https:\/\/d2p6e6u75xmxt8.cloudfront.net\/9\/2023\/10\/UMS-32-400x400.webp 400w, https:\/\/d2p6e6u75xmxt8.cloudfront.net\/9\/2023\/10\/UMS-32.webp 1200w\" sizes=\"auto, (max-width: 300px) 100vw, 300px\" \/><\/div><\/div><\/div><\/div>","protected":false},"excerpt":{"rendered":"<p>Nu \u00e4r dokument\u00e4rserien sl\u00e4ppt om \u0160koda Cycling Teams stora cykel\u00e4ventyr. 225 mil inom 12 dagar genom hela Sverige p\u00e5 grusv\u00e4gar, [&hellip;]<\/p>\n","protected":false},"author":52,"featured_media":4759,"comment_status":"open","ping_status":"open","sticky":false,"template":"","format":"standard","meta":{"footnotes":""},"categories":[5],"tags":[],"global-categories":[36],"class_list":["post-4758","post","type-post","status-publish","format-standard","has-post-thumbnail","hentry","category-nyheter","global-categories-cycling"],"yoast_head":"<!-- This site is optimized with the Yoast SEO Premium plugin v25.3 (Yoast SEO v25.9) - https:\/\/yoast.com\/wordpress\/plugins\/seo\/ -->\n<title>Se dokument\u00e4rserien fr\u00e5n cykel\u00e4ventyret - \u0160koda - We Love Cycling - Sweden<\/title>\n<meta name=\"robots\" content=\"index, follow, max-snippet:-1, max-image-preview:large, max-video-preview:-1\" \/>\n<link rel=\"canonical\" href=\"https:\/\/www.welovecycling.com\/se\/2023\/10\/26\/se-dokumentarserien-fran-cykelaventyret\/\" \/>\n<meta property=\"og:locale\" content=\"sv_SE\" \/>\n<meta property=\"og:type\" content=\"article\" \/>\n<meta property=\"og:title\" content=\"Se dokument\u00e4rserien fr\u00e5n cykel\u00e4ventyret\" \/>\n<meta property=\"og:description\" content=\"Nu \u00e4r dokument\u00e4rserien sl\u00e4ppt om \u0160koda Cycling Teams stora cykel\u00e4ventyr. 225 mil inom 12 dagar genom hela Sverige p\u00e5 grusv\u00e4gar, [&hellip;]\" \/>\n<meta property=\"og:url\" content=\"https:\/\/www.welovecycling.com\/se\/2023\/10\/26\/se-dokumentarserien-fran-cykelaventyret\/\" \/>\n<meta property=\"og:site_name\" content=\"\u0160koda - We Love Cycling - Sweden\" \/>\n<meta property=\"article:published_time\" content=\"2023-10-26T14:06:01+00:00\" \/>\n<meta property=\"article:modified_time\" content=\"2023-10-26T14:16:16+00:00\" \/>\n<meta property=\"og:image\" content=\"https:\/\/d2p6e6u75xmxt8.cloudfront.net\/9\/2023\/10\/UMS-1.webp\" \/>\n\t<meta property=\"og:image:width\" content=\"1800\" \/>\n\t<meta property=\"og:image:height\" content=\"1199\" \/>\n\t<meta property=\"og:image:type\" content=\"image\/webp\" \/>\n<meta name=\"author\" content=\"erikleonsson\" \/>\n<meta name=\"twitter:card\" content=\"summary_large_image\" \/>\n<meta name=\"twitter:label1\" content=\"Written by\" \/>\n\t<meta name=\"twitter:data1\" content=\"erikleonsson\" \/>\n\t<meta name=\"twitter:label2\" content=\"Est. reading time\" \/>\n\t<meta name=\"twitter:data2\" content=\"3 minutes\" \/>\n<script type=\"application\/ld+json\" class=\"yoast-schema-graph\">{\"@context\":\"https:\/\/schema.org\",\"@graph\":[{\"@type\":\"WebPage\",\"@id\":\"https:\/\/www.welovecycling.com\/se\/2023\/10\/26\/se-dokumentarserien-fran-cykelaventyret\/\",\"url\":\"https:\/\/www.welovecycling.com\/se\/2023\/10\/26\/se-dokumentarserien-fran-cykelaventyret\/\",\"name\":\"Se dokument\u00e4rserien fr\u00e5n cykel\u00e4ventyret - \u0160koda - We Love Cycling - Sweden\",\"isPartOf\":{\"@id\":\"https:\/\/www.welovecycling.com\/se\/#website\"},\"primaryImageOfPage\":{\"@id\":\"https:\/\/www.welovecycling.com\/se\/2023\/10\/26\/se-dokumentarserien-fran-cykelaventyret\/#primaryimage\"},\"image\":{\"@id\":\"https:\/\/www.welovecycling.com\/se\/2023\/10\/26\/se-dokumentarserien-fran-cykelaventyret\/#primaryimage\"},\"thumbnailUrl\":\"https:\/\/d2p6e6u75xmxt8.cloudfront.net\/9\/2023\/10\/UMS-1.webp\",\"datePublished\":\"2023-10-26T14:06:01+00:00\",\"dateModified\":\"2023-10-26T14:16:16+00:00\",\"author\":{\"@id\":\"https:\/\/www.welovecycling.com\/se\/#\/schema\/person\/037f34ad5d6e77accab8a3eff6ad7a0c\"},\"breadcrumb\":{\"@id\":\"https:\/\/www.welovecycling.com\/se\/2023\/10\/26\/se-dokumentarserien-fran-cykelaventyret\/#breadcrumb\"},\"inLanguage\":\"sv-SE\",\"potentialAction\":[{\"@type\":\"ReadAction\",\"target\":[\"https:\/\/www.welovecycling.com\/se\/2023\/10\/26\/se-dokumentarserien-fran-cykelaventyret\/\"]}]},{\"@type\":\"ImageObject\",\"inLanguage\":\"sv-SE\",\"@id\":\"https:\/\/www.welovecycling.com\/se\/2023\/10\/26\/se-dokumentarserien-fran-cykelaventyret\/#primaryimage\",\"url\":\"https:\/\/d2p6e6u75xmxt8.cloudfront.net\/9\/2023\/10\/UMS-1.webp\",\"contentUrl\":\"https:\/\/d2p6e6u75xmxt8.cloudfront.net\/9\/2023\/10\/UMS-1.webp\",\"width\":1800,\"height\":1199},{\"@type\":\"BreadcrumbList\",\"@id\":\"https:\/\/www.welovecycling.com\/se\/2023\/10\/26\/se-dokumentarserien-fran-cykelaventyret\/#breadcrumb\",\"itemListElement\":[{\"@type\":\"ListItem\",\"position\":1,\"name\":\"Home\",\"item\":\"https:\/\/www.welovecycling.com\/se\/\"},{\"@type\":\"ListItem\",\"position\":2,\"name\":\"Se dokument\u00e4rserien fr\u00e5n cykel\u00e4ventyret\"}]},{\"@type\":\"WebSite\",\"@id\":\"https:\/\/www.welovecycling.com\/se\/#website\",\"url\":\"https:\/\/www.welovecycling.com\/se\/\",\"name\":\"\u0160koda - We Love Cycling - Sweden\",\"description\":\"\u0160koda We Love Cycling - Sweden\",\"potentialAction\":[{\"@type\":\"SearchAction\",\"target\":{\"@type\":\"EntryPoint\",\"urlTemplate\":\"https:\/\/www.welovecycling.com\/se\/?s={search_term_string}\"},\"query-input\":{\"@type\":\"PropertyValueSpecification\",\"valueRequired\":true,\"valueName\":\"search_term_string\"}}],\"inLanguage\":\"sv-SE\"},{\"@type\":\"Person\",\"@id\":\"https:\/\/www.welovecycling.com\/se\/#\/schema\/person\/037f34ad5d6e77accab8a3eff6ad7a0c\",\"name\":\"erikleonsson\",\"image\":{\"@type\":\"ImageObject\",\"inLanguage\":\"sv-SE\",\"@id\":\"https:\/\/www.welovecycling.com\/se\/#\/schema\/person\/image\/\",\"url\":\"https:\/\/secure.gravatar.com\/avatar\/788a593b0a657d6864c271709722f9cd586caa5a645e77f71fe625396b02677c?s=96&d=mm&r=g\",\"contentUrl\":\"https:\/\/secure.gravatar.com\/avatar\/788a593b0a657d6864c271709722f9cd586caa5a645e77f71fe625396b02677c?s=96&d=mm&r=g\",\"caption\":\"erikleonsson\"},\"url\":\"https:\/\/www.welovecycling.com\/se\/author\/erikleonsson\/\"}]}<\/script>\n<!-- \/ Yoast SEO Premium plugin. -->","yoast_head_json":{"title":"Se dokument\u00e4rserien fr\u00e5n cykel\u00e4ventyret - \u0160koda - We Love Cycling - Sweden","robots":{"index":"index","follow":"follow","max-snippet":"max-snippet:-1","max-image-preview":"max-image-preview:large","max-video-preview":"max-video-preview:-1"},"canonical":"https:\/\/www.welovecycling.com\/se\/2023\/10\/26\/se-dokumentarserien-fran-cykelaventyret\/","og_locale":"sv_SE","og_type":"article","og_title":"Se dokument\u00e4rserien fr\u00e5n cykel\u00e4ventyret","og_description":"Nu \u00e4r dokument\u00e4rserien sl\u00e4ppt om \u0160koda Cycling Teams stora cykel\u00e4ventyr. 225 mil inom 12 dagar genom hela Sverige p\u00e5 grusv\u00e4gar, [&hellip;]","og_url":"https:\/\/www.welovecycling.com\/se\/2023\/10\/26\/se-dokumentarserien-fran-cykelaventyret\/","og_site_name":"\u0160koda - We Love Cycling - Sweden","article_published_time":"2023-10-26T14:06:01+00:00","article_modified_time":"2023-10-26T14:16:16+00:00","og_image":[{"width":1800,"height":1199,"url":"https:\/\/d2p6e6u75xmxt8.cloudfront.net\/9\/2023\/10\/UMS-1.webp","type":"image\/webp"}],"author":"erikleonsson","twitter_card":"summary_large_image","twitter_misc":{"Written by":"erikleonsson","Est. reading time":"3 minutes"},"schema":{"@context":"https:\/\/schema.org","@graph":[{"@type":"WebPage","@id":"https:\/\/www.welovecycling.com\/se\/2023\/10\/26\/se-dokumentarserien-fran-cykelaventyret\/","url":"https:\/\/www.welovecycling.com\/se\/2023\/10\/26\/se-dokumentarserien-fran-cykelaventyret\/","name":"Se dokument\u00e4rserien fr\u00e5n cykel\u00e4ventyret - \u0160koda - We Love Cycling - Sweden","isPartOf":{"@id":"https:\/\/www.welovecycling.com\/se\/#website"},"primaryImageOfPage":{"@id":"https:\/\/www.welovecycling.com\/se\/2023\/10\/26\/se-dokumentarserien-fran-cykelaventyret\/#primaryimage"},"image":{"@id":"https:\/\/www.welovecycling.com\/se\/2023\/10\/26\/se-dokumentarserien-fran-cykelaventyret\/#primaryimage"},"thumbnailUrl":"https:\/\/d2p6e6u75xmxt8.cloudfront.net\/9\/2023\/10\/UMS-1.webp","datePublished":"2023-10-26T14:06:01+00:00","dateModified":"2023-10-26T14:16:16+00:00","author":{"@id":"https:\/\/www.welovecycling.com\/se\/#\/schema\/person\/037f34ad5d6e77accab8a3eff6ad7a0c"},"breadcrumb":{"@id":"https:\/\/www.welovecycling.com\/se\/2023\/10\/26\/se-dokumentarserien-fran-cykelaventyret\/#breadcrumb"},"inLanguage":"sv-SE","potentialAction":[{"@type":"ReadAction","target":["https:\/\/www.welovecycling.com\/se\/2023\/10\/26\/se-dokumentarserien-fran-cykelaventyret\/"]}]},{"@type":"ImageObject","inLanguage":"sv-SE","@id":"https:\/\/www.welovecycling.com\/se\/2023\/10\/26\/se-dokumentarserien-fran-cykelaventyret\/#primaryimage","url":"https:\/\/d2p6e6u75xmxt8.cloudfront.net\/9\/2023\/10\/UMS-1.webp","contentUrl":"https:\/\/d2p6e6u75xmxt8.cloudfront.net\/9\/2023\/10\/UMS-1.webp","width":1800,"height":1199},{"@type":"BreadcrumbList","@id":"https:\/\/www.welovecycling.com\/se\/2023\/10\/26\/se-dokumentarserien-fran-cykelaventyret\/#breadcrumb","itemListElement":[{"@type":"ListItem","position":1,"name":"Home","item":"https:\/\/www.welovecycling.com\/se\/"},{"@type":"ListItem","position":2,"name":"Se dokument\u00e4rserien fr\u00e5n cykel\u00e4ventyret"}]},{"@type":"WebSite","@id":"https:\/\/www.welovecycling.com\/se\/#website","url":"https:\/\/www.welovecycling.com\/se\/","name":"\u0160koda - We Love Cycling - Sweden","description":"\u0160koda We Love Cycling - Sweden","potentialAction":[{"@type":"SearchAction","target":{"@type":"EntryPoint","urlTemplate":"https:\/\/www.welovecycling.com\/se\/?s={search_term_string}"},"query-input":{"@type":"PropertyValueSpecification","valueRequired":true,"valueName":"search_term_string"}}],"inLanguage":"sv-SE"},{"@type":"Person","@id":"https:\/\/www.welovecycling.com\/se\/#\/schema\/person\/037f34ad5d6e77accab8a3eff6ad7a0c","name":"erikleonsson","image":{"@type":"ImageObject","inLanguage":"sv-SE","@id":"https:\/\/www.welovecycling.com\/se\/#\/schema\/person\/image\/","url":"https:\/\/secure.gravatar.com\/avatar\/788a593b0a657d6864c271709722f9cd586caa5a645e77f71fe625396b02677c?s=96&d=mm&r=g","contentUrl":"https:\/\/secure.gravatar.com\/avatar\/788a593b0a657d6864c271709722f9cd586caa5a645e77f71fe625396b02677c?s=96&d=mm&r=g","caption":"erikleonsson"},"url":"https:\/\/www.welovecycling.com\/se\/author\/erikleonsson\/"}]}},"_links":{"self":[{"href":"https:\/\/www.welovecycling.com\/se\/wp-json\/wp\/v2\/posts\/4758","targetHints":{"allow":["GET"]}}],"collection":[{"href":"https:\/\/www.welovecycling.com\/se\/wp-json\/wp\/v2\/posts"}],"about":[{"href":"https:\/\/www.welovecycling.com\/se\/wp-json\/wp\/v2\/types\/post"}],"author":[{"embeddable":true,"href":"https:\/\/www.welovecycling.com\/se\/wp-json\/wp\/v2\/users\/52"}],"replies":[{"embeddable":true,"href":"https:\/\/www.welovecycling.com\/se\/wp-json\/wp\/v2\/comments?post=4758"}],"version-history":[{"count":18,"href":"https:\/\/www.welovecycling.com\/se\/wp-json\/wp\/v2\/posts\/4758\/revisions"}],"predecessor-version":[{"id":4787,"href":"https:\/\/www.welovecycling.com\/se\/wp-json\/wp\/v2\/posts\/4758\/revisions\/4787"}],"wp:featuredmedia":[{"embeddable":true,"href":"https:\/\/www.welovecycling.com\/se\/wp-json\/wp\/v2\/media\/4759"}],"wp:attachment":[{"href":"https:\/\/www.welovecycling.com\/se\/wp-json\/wp\/v2\/media?parent=4758"}],"wp:term":[{"taxonomy":"category","embeddable":true,"href":"https:\/\/www.welovecycling.com\/se\/wp-json\/wp\/v2\/categories?post=4758"},{"taxonomy":"post_tag","embeddable":true,"href":"https:\/\/www.welovecycling.com\/se\/wp-json\/wp\/v2\/tags?post=4758"},{"taxonomy":"global-categories","embeddable":true,"href":"https:\/\/www.welovecycling.com\/se\/wp-json\/wp\/v2\/global-categories?post=4758"}],"curies":[{"name":"wp","href":"https:\/\/api.w.org\/{rel}","templated":true}]}}