{"id":4730,"date":"2023-06-26T19:22:00","date_gmt":"2023-06-26T18:22:00","guid":{"rendered":"https:\/\/www.welovecycling.com\/se\/?p=4730"},"modified":"2023-06-26T19:29:30","modified_gmt":"2023-06-26T18:29:30","slug":"aventyret-har-startat-folj-med-oss-genom-sverige","status":"publish","type":"post","link":"https:\/\/www.welovecycling.com\/se\/2023\/06\/26\/aventyret-har-startat-folj-med-oss-genom-sverige\/","title":{"rendered":"\u00c4ventyret har startat \u2013\u00a0f\u00f6lj med oss genom hela Sverige"},"content":{"rendered":"<p><strong>M\u00e5ndag den 26 juni startar Skoda Cycling Team sin resa genom hela v\u00e5rt avl\u00e5nga land p\u00e5 grusv\u00e4gar. Loppet heter <a href=\"https:\/\/unmappingsweden.se\">Unmapping Sweden<\/a>, \u00e4r 225 mil l\u00e5ngt och m\u00e5ste avklaras inom 12 dagar. En distans och banstr\u00e4ckning som kommer bjuda p\u00e5 en rej\u00e4l utmaning f\u00f6r \u00e5rets team.\u00a0<\/strong><\/p>\n<p><a href=\"https:\/\/d2p6e6u75xmxt8.cloudfront.net\/9\/2023\/06\/SCT-5.webp\"><br \/>\n<\/a> <a href=\"https:\/\/d2p6e6u75xmxt8.cloudfront.net\/9\/2023\/06\/SCT-27.webp\"><img loading=\"lazy\" decoding=\"async\" class=\"alignnone size-full wp-image-4734\" src=\"https:\/\/d2p6e6u75xmxt8.cloudfront.net\/9\/2023\/06\/SCT-27.webp\" alt=\"\" width=\"1400\" height=\"934\" srcset=\"https:\/\/d2p6e6u75xmxt8.cloudfront.net\/9\/2023\/06\/SCT-27.webp 1400w, https:\/\/d2p6e6u75xmxt8.cloudfront.net\/9\/2023\/06\/SCT-27-300x200.webp 300w, https:\/\/d2p6e6u75xmxt8.cloudfront.net\/9\/2023\/06\/SCT-27-1024x683.webp 1024w, https:\/\/d2p6e6u75xmxt8.cloudfront.net\/9\/2023\/06\/SCT-27-768x512.webp 768w, https:\/\/d2p6e6u75xmxt8.cloudfront.net\/9\/2023\/06\/SCT-27-400x267.webp 400w, https:\/\/d2p6e6u75xmxt8.cloudfront.net\/9\/2023\/06\/SCT-27-272x182.webp 272w\" sizes=\"auto, (max-width: 1400px) 100vw, 1400px\" \/><\/a><\/p>\n<p>De <a href=\"https:\/\/www.welovecycling.com\/se\/skoda-cycling-team-2023\/\">sex stycken cyklisterna<\/a> kommer att cykla fr\u00e5n Kiruna i norr till Smygehuk i s\u00f6der. De \u00e4r helt utel\u00e4mnade till elementen och ska klara sig sj\u00e4lva under loppets g\u00e5ng. Cyklarnas v\u00e4skor har 15 kg med packning f\u00f6r att klara av hela resan, en l\u00e5ng lista av prylar som sovs\u00e4ck, liggunderlag, tarp, mat, extrakl\u00e4der och reservdelar.<\/p>\n<p><a href=\"https:\/\/d2p6e6u75xmxt8.cloudfront.net\/9\/2023\/06\/IMG_0917-1.webp\"><img loading=\"lazy\" decoding=\"async\" class=\"wp-image-4732 alignright\" src=\"https:\/\/d2p6e6u75xmxt8.cloudfront.net\/9\/2023\/06\/IMG_0917-1.webp\" alt=\"\" width=\"345\" height=\"513\" srcset=\"https:\/\/d2p6e6u75xmxt8.cloudfront.net\/9\/2023\/06\/IMG_0917-1.webp 1290w, https:\/\/d2p6e6u75xmxt8.cloudfront.net\/9\/2023\/06\/IMG_0917-1-202x300.webp 202w, https:\/\/d2p6e6u75xmxt8.cloudfront.net\/9\/2023\/06\/IMG_0917-1-688x1024.webp 688w, https:\/\/d2p6e6u75xmxt8.cloudfront.net\/9\/2023\/06\/IMG_0917-1-768x1142.webp 768w, https:\/\/d2p6e6u75xmxt8.cloudfront.net\/9\/2023\/06\/IMG_0917-1-1033x1536.webp 1033w, https:\/\/d2p6e6u75xmxt8.cloudfront.net\/9\/2023\/06\/IMG_0917-1-269x400.webp 269w\" sizes=\"auto, (max-width: 345px) 100vw, 345px\" \/><\/a><\/p>\n<p>&nbsp;<\/p>\n<p>&nbsp;<\/p>\n<p>Rutten passerar fyra checkpoints som m\u00e5ste checkas av, CPH1 Arvidsjaur, CPH2 Sollefte\u00e5, CPH3 R\u00e4ttvik, CPH4 Sk\u00f6vde. Mat och vatten provianteras utefter v\u00e4gen.<\/p>\n<p>Efter cyklisterna f\u00f6ljer teambilen, en <a href=\"https:\/\/www.skoda.se\/modeller\/enyaq-iv\/enyaq-iv?ds_rl=1281567&amp;ds_rl=1281567&amp;gclid=Cj0KCQjw7uSkBhDGARIsAMCZNJtIYmT_JWMA4RP145EibY-HazxUiDsDPL3sUHTvM_l3Zq08tA9trbwaAppIEALw_wcB&amp;gclsrc=aw.ds\">Skoda Enyaq iV<\/a> vars funktion \u00e4r att dokumentera \u00e4ventyret samt av s\u00e4kerhetssk\u00e4l om n\u00e5got ov\u00e4ntat intr\u00e4ffar.<\/p>\n<h4>F\u00f6lj med p\u00e5 \u00e4ventyret<\/h4>\n<p>F\u00f6lj \u00e4ventyret via <a href=\"https:\/\/www.instagram.com\/skodacyclingteam\/\">Instagram<\/a> eller <a href=\"https:\/\/www.followmychallenge.com\/live\/unmapping-sweden-2023\/\">Followmychallenge.com<\/a><\/p>\n<p><a href=\"https:\/\/d2p6e6u75xmxt8.cloudfront.net\/9\/2023\/06\/SCT-29.webp\"><img loading=\"lazy\" decoding=\"async\" class=\"alignnone size-full wp-image-4736\" src=\"https:\/\/d2p6e6u75xmxt8.cloudfront.net\/9\/2023\/06\/SCT-29.webp\" alt=\"\" width=\"1400\" height=\"934\" srcset=\"https:\/\/d2p6e6u75xmxt8.cloudfront.net\/9\/2023\/06\/SCT-29.webp 1400w, https:\/\/d2p6e6u75xmxt8.cloudfront.net\/9\/2023\/06\/SCT-29-300x200.webp 300w, https:\/\/d2p6e6u75xmxt8.cloudfront.net\/9\/2023\/06\/SCT-29-1024x683.webp 1024w, https:\/\/d2p6e6u75xmxt8.cloudfront.net\/9\/2023\/06\/SCT-29-768x512.webp 768w, https:\/\/d2p6e6u75xmxt8.cloudfront.net\/9\/2023\/06\/SCT-29-400x267.webp 400w, https:\/\/d2p6e6u75xmxt8.cloudfront.net\/9\/2023\/06\/SCT-29-272x182.webp 272w\" sizes=\"auto, (max-width: 1400px) 100vw, 1400px\" \/><\/a><a href=\"https:\/\/d2p6e6u75xmxt8.cloudfront.net\/9\/2023\/06\/SCT-55.webp\"><img loading=\"lazy\" decoding=\"async\" class=\"alignnone size-full wp-image-4737\" src=\"https:\/\/d2p6e6u75xmxt8.cloudfront.net\/9\/2023\/06\/SCT-55.webp\" alt=\"\" width=\"1400\" height=\"934\" srcset=\"https:\/\/d2p6e6u75xmxt8.cloudfront.net\/9\/2023\/06\/SCT-55.webp 1400w, https:\/\/d2p6e6u75xmxt8.cloudfront.net\/9\/2023\/06\/SCT-55-300x200.webp 300w, https:\/\/d2p6e6u75xmxt8.cloudfront.net\/9\/2023\/06\/SCT-55-1024x683.webp 1024w, https:\/\/d2p6e6u75xmxt8.cloudfront.net\/9\/2023\/06\/SCT-55-768x512.webp 768w, https:\/\/d2p6e6u75xmxt8.cloudfront.net\/9\/2023\/06\/SCT-55-400x267.webp 400w, https:\/\/d2p6e6u75xmxt8.cloudfront.net\/9\/2023\/06\/SCT-55-272x182.webp 272w\" sizes=\"auto, (max-width: 1400px) 100vw, 1400px\" \/><\/a><a href=\"https:\/\/d2p6e6u75xmxt8.cloudfront.net\/9\/2023\/06\/SCT-68.webp\"><img loading=\"lazy\" decoding=\"async\" class=\"alignnone size-full wp-image-4738\" src=\"https:\/\/d2p6e6u75xmxt8.cloudfront.net\/9\/2023\/06\/SCT-68.webp\" alt=\"\" width=\"1400\" height=\"933\" srcset=\"https:\/\/d2p6e6u75xmxt8.cloudfront.net\/9\/2023\/06\/SCT-68.webp 1400w, https:\/\/d2p6e6u75xmxt8.cloudfront.net\/9\/2023\/06\/SCT-68-300x200.webp 300w, https:\/\/d2p6e6u75xmxt8.cloudfront.net\/9\/2023\/06\/SCT-68-1024x682.webp 1024w, https:\/\/d2p6e6u75xmxt8.cloudfront.net\/9\/2023\/06\/SCT-68-768x512.webp 768w, https:\/\/d2p6e6u75xmxt8.cloudfront.net\/9\/2023\/06\/SCT-68-400x267.webp 400w, https:\/\/d2p6e6u75xmxt8.cloudfront.net\/9\/2023\/06\/SCT-68-272x182.webp 272w\" sizes=\"auto, (max-width: 1400px) 100vw, 1400px\" \/><\/a><\/p>\n","protected":false},"excerpt":{"rendered":"<p>M\u00e5ndag den 26 juni startar Skoda Cycling Team sin resa genom hela v\u00e5rt avl\u00e5nga land p\u00e5 grusv\u00e4gar. Loppet heter Unmapping [&hellip;]<\/p>\n","protected":false},"author":52,"featured_media":4733,"comment_status":"open","ping_status":"open","sticky":false,"template":"","format":"standard","meta":{"footnotes":""},"categories":[5],"tags":[],"global-categories":[36],"class_list":["post-4730","post","type-post","status-publish","format-standard","has-post-thumbnail","hentry","category-nyheter","global-categories-cycling"],"yoast_head":"<!-- This site is optimized with the Yoast SEO Premium plugin v25.3 (Yoast SEO v25.9) - https:\/\/yoast.com\/wordpress\/plugins\/seo\/ -->\n<title>\u00c4ventyret har startat \u2013\u00a0f\u00f6lj med oss genom hela Sverige - \u0160koda - We Love Cycling - Sweden<\/title>\n<meta name=\"robots\" content=\"index, follow, max-snippet:-1, max-image-preview:large, max-video-preview:-1\" \/>\n<link rel=\"canonical\" href=\"https:\/\/www.welovecycling.com\/se\/2023\/06\/26\/aventyret-har-startat-folj-med-oss-genom-sverige\/\" \/>\n<meta property=\"og:locale\" content=\"sv_SE\" \/>\n<meta property=\"og:type\" content=\"article\" \/>\n<meta property=\"og:title\" content=\"\u00c4ventyret har startat \u2013\u00a0f\u00f6lj med oss genom hela Sverige\" \/>\n<meta property=\"og:description\" content=\"M\u00e5ndag den 26 juni startar Skoda Cycling Team sin resa genom hela v\u00e5rt avl\u00e5nga land p\u00e5 grusv\u00e4gar. Loppet heter Unmapping [&hellip;]\" \/>\n<meta property=\"og:url\" content=\"https:\/\/www.welovecycling.com\/se\/2023\/06\/26\/aventyret-har-startat-folj-med-oss-genom-sverige\/\" \/>\n<meta property=\"og:site_name\" content=\"\u0160koda - We Love Cycling - Sweden\" \/>\n<meta property=\"article:published_time\" content=\"2023-06-26T18:22:00+00:00\" \/>\n<meta property=\"article:modified_time\" content=\"2023-06-26T18:29:30+00:00\" \/>\n<meta property=\"og:image\" content=\"https:\/\/d2p6e6u75xmxt8.cloudfront.net\/9\/2023\/06\/SCT-5.webp\" \/>\n\t<meta property=\"og:image:width\" content=\"1400\" \/>\n\t<meta property=\"og:image:height\" content=\"934\" \/>\n\t<meta property=\"og:image:type\" content=\"image\/webp\" \/>\n<meta name=\"author\" content=\"erikleonsson\" \/>\n<meta name=\"twitter:card\" content=\"summary_large_image\" \/>\n<meta name=\"twitter:label1\" content=\"Written by\" \/>\n\t<meta name=\"twitter:data1\" content=\"erikleonsson\" \/>\n\t<meta name=\"twitter:label2\" content=\"Est. reading time\" \/>\n\t<meta name=\"twitter:data2\" content=\"1 minute\" \/>\n<script type=\"application\/ld+json\" class=\"yoast-schema-graph\">{\"@context\":\"https:\/\/schema.org\",\"@graph\":[{\"@type\":\"WebPage\",\"@id\":\"https:\/\/www.welovecycling.com\/se\/2023\/06\/26\/aventyret-har-startat-folj-med-oss-genom-sverige\/\",\"url\":\"https:\/\/www.welovecycling.com\/se\/2023\/06\/26\/aventyret-har-startat-folj-med-oss-genom-sverige\/\",\"name\":\"\u00c4ventyret har startat \u2013\u00a0f\u00f6lj med oss genom hela Sverige - \u0160koda - We Love Cycling - Sweden\",\"isPartOf\":{\"@id\":\"https:\/\/www.welovecycling.com\/se\/#website\"},\"primaryImageOfPage\":{\"@id\":\"https:\/\/www.welovecycling.com\/se\/2023\/06\/26\/aventyret-har-startat-folj-med-oss-genom-sverige\/#primaryimage\"},\"image\":{\"@id\":\"https:\/\/www.welovecycling.com\/se\/2023\/06\/26\/aventyret-har-startat-folj-med-oss-genom-sverige\/#primaryimage\"},\"thumbnailUrl\":\"https:\/\/d2p6e6u75xmxt8.cloudfront.net\/9\/2023\/06\/SCT-5.webp\",\"datePublished\":\"2023-06-26T18:22:00+00:00\",\"dateModified\":\"2023-06-26T18:29:30+00:00\",\"author\":{\"@id\":\"https:\/\/www.welovecycling.com\/se\/#\/schema\/person\/037f34ad5d6e77accab8a3eff6ad7a0c\"},\"breadcrumb\":{\"@id\":\"https:\/\/www.welovecycling.com\/se\/2023\/06\/26\/aventyret-har-startat-folj-med-oss-genom-sverige\/#breadcrumb\"},\"inLanguage\":\"sv-SE\",\"potentialAction\":[{\"@type\":\"ReadAction\",\"target\":[\"https:\/\/www.welovecycling.com\/se\/2023\/06\/26\/aventyret-har-startat-folj-med-oss-genom-sverige\/\"]}]},{\"@type\":\"ImageObject\",\"inLanguage\":\"sv-SE\",\"@id\":\"https:\/\/www.welovecycling.com\/se\/2023\/06\/26\/aventyret-har-startat-folj-med-oss-genom-sverige\/#primaryimage\",\"url\":\"https:\/\/d2p6e6u75xmxt8.cloudfront.net\/9\/2023\/06\/SCT-5.webp\",\"contentUrl\":\"https:\/\/d2p6e6u75xmxt8.cloudfront.net\/9\/2023\/06\/SCT-5.webp\",\"width\":1400,\"height\":934},{\"@type\":\"BreadcrumbList\",\"@id\":\"https:\/\/www.welovecycling.com\/se\/2023\/06\/26\/aventyret-har-startat-folj-med-oss-genom-sverige\/#breadcrumb\",\"itemListElement\":[{\"@type\":\"ListItem\",\"position\":1,\"name\":\"Home\",\"item\":\"https:\/\/www.welovecycling.com\/se\/\"},{\"@type\":\"ListItem\",\"position\":2,\"name\":\"\u00c4ventyret har startat \u2013\u00a0f\u00f6lj med oss genom hela Sverige\"}]},{\"@type\":\"WebSite\",\"@id\":\"https:\/\/www.welovecycling.com\/se\/#website\",\"url\":\"https:\/\/www.welovecycling.com\/se\/\",\"name\":\"\u0160koda - We Love Cycling - Sweden\",\"description\":\"\u0160koda We Love Cycling - Sweden\",\"potentialAction\":[{\"@type\":\"SearchAction\",\"target\":{\"@type\":\"EntryPoint\",\"urlTemplate\":\"https:\/\/www.welovecycling.com\/se\/?s={search_term_string}\"},\"query-input\":{\"@type\":\"PropertyValueSpecification\",\"valueRequired\":true,\"valueName\":\"search_term_string\"}}],\"inLanguage\":\"sv-SE\"},{\"@type\":\"Person\",\"@id\":\"https:\/\/www.welovecycling.com\/se\/#\/schema\/person\/037f34ad5d6e77accab8a3eff6ad7a0c\",\"name\":\"erikleonsson\",\"image\":{\"@type\":\"ImageObject\",\"inLanguage\":\"sv-SE\",\"@id\":\"https:\/\/www.welovecycling.com\/se\/#\/schema\/person\/image\/\",\"url\":\"https:\/\/secure.gravatar.com\/avatar\/788a593b0a657d6864c271709722f9cd586caa5a645e77f71fe625396b02677c?s=96&d=mm&r=g\",\"contentUrl\":\"https:\/\/secure.gravatar.com\/avatar\/788a593b0a657d6864c271709722f9cd586caa5a645e77f71fe625396b02677c?s=96&d=mm&r=g\",\"caption\":\"erikleonsson\"},\"url\":\"https:\/\/www.welovecycling.com\/se\/author\/erikleonsson\/\"}]}<\/script>\n<!-- \/ Yoast SEO Premium plugin. -->","yoast_head_json":{"title":"\u00c4ventyret har startat \u2013\u00a0f\u00f6lj med oss genom hela Sverige - \u0160koda - We Love Cycling - Sweden","robots":{"index":"index","follow":"follow","max-snippet":"max-snippet:-1","max-image-preview":"max-image-preview:large","max-video-preview":"max-video-preview:-1"},"canonical":"https:\/\/www.welovecycling.com\/se\/2023\/06\/26\/aventyret-har-startat-folj-med-oss-genom-sverige\/","og_locale":"sv_SE","og_type":"article","og_title":"\u00c4ventyret har startat \u2013\u00a0f\u00f6lj med oss genom hela Sverige","og_description":"M\u00e5ndag den 26 juni startar Skoda Cycling Team sin resa genom hela v\u00e5rt avl\u00e5nga land p\u00e5 grusv\u00e4gar. Loppet heter Unmapping [&hellip;]","og_url":"https:\/\/www.welovecycling.com\/se\/2023\/06\/26\/aventyret-har-startat-folj-med-oss-genom-sverige\/","og_site_name":"\u0160koda - We Love Cycling - Sweden","article_published_time":"2023-06-26T18:22:00+00:00","article_modified_time":"2023-06-26T18:29:30+00:00","og_image":[{"width":1400,"height":934,"url":"https:\/\/d2p6e6u75xmxt8.cloudfront.net\/9\/2023\/06\/SCT-5.webp","type":"image\/webp"}],"author":"erikleonsson","twitter_card":"summary_large_image","twitter_misc":{"Written by":"erikleonsson","Est. reading time":"1 minute"},"schema":{"@context":"https:\/\/schema.org","@graph":[{"@type":"WebPage","@id":"https:\/\/www.welovecycling.com\/se\/2023\/06\/26\/aventyret-har-startat-folj-med-oss-genom-sverige\/","url":"https:\/\/www.welovecycling.com\/se\/2023\/06\/26\/aventyret-har-startat-folj-med-oss-genom-sverige\/","name":"\u00c4ventyret har startat \u2013\u00a0f\u00f6lj med oss genom hela Sverige - \u0160koda - We Love Cycling - Sweden","isPartOf":{"@id":"https:\/\/www.welovecycling.com\/se\/#website"},"primaryImageOfPage":{"@id":"https:\/\/www.welovecycling.com\/se\/2023\/06\/26\/aventyret-har-startat-folj-med-oss-genom-sverige\/#primaryimage"},"image":{"@id":"https:\/\/www.welovecycling.com\/se\/2023\/06\/26\/aventyret-har-startat-folj-med-oss-genom-sverige\/#primaryimage"},"thumbnailUrl":"https:\/\/d2p6e6u75xmxt8.cloudfront.net\/9\/2023\/06\/SCT-5.webp","datePublished":"2023-06-26T18:22:00+00:00","dateModified":"2023-06-26T18:29:30+00:00","author":{"@id":"https:\/\/www.welovecycling.com\/se\/#\/schema\/person\/037f34ad5d6e77accab8a3eff6ad7a0c"},"breadcrumb":{"@id":"https:\/\/www.welovecycling.com\/se\/2023\/06\/26\/aventyret-har-startat-folj-med-oss-genom-sverige\/#breadcrumb"},"inLanguage":"sv-SE","potentialAction":[{"@type":"ReadAction","target":["https:\/\/www.welovecycling.com\/se\/2023\/06\/26\/aventyret-har-startat-folj-med-oss-genom-sverige\/"]}]},{"@type":"ImageObject","inLanguage":"sv-SE","@id":"https:\/\/www.welovecycling.com\/se\/2023\/06\/26\/aventyret-har-startat-folj-med-oss-genom-sverige\/#primaryimage","url":"https:\/\/d2p6e6u75xmxt8.cloudfront.net\/9\/2023\/06\/SCT-5.webp","contentUrl":"https:\/\/d2p6e6u75xmxt8.cloudfront.net\/9\/2023\/06\/SCT-5.webp","width":1400,"height":934},{"@type":"BreadcrumbList","@id":"https:\/\/www.welovecycling.com\/se\/2023\/06\/26\/aventyret-har-startat-folj-med-oss-genom-sverige\/#breadcrumb","itemListElement":[{"@type":"ListItem","position":1,"name":"Home","item":"https:\/\/www.welovecycling.com\/se\/"},{"@type":"ListItem","position":2,"name":"\u00c4ventyret har startat \u2013\u00a0f\u00f6lj med oss genom hela Sverige"}]},{"@type":"WebSite","@id":"https:\/\/www.welovecycling.com\/se\/#website","url":"https:\/\/www.welovecycling.com\/se\/","name":"\u0160koda - We Love Cycling - Sweden","description":"\u0160koda We Love Cycling - Sweden","potentialAction":[{"@type":"SearchAction","target":{"@type":"EntryPoint","urlTemplate":"https:\/\/www.welovecycling.com\/se\/?s={search_term_string}"},"query-input":{"@type":"PropertyValueSpecification","valueRequired":true,"valueName":"search_term_string"}}],"inLanguage":"sv-SE"},{"@type":"Person","@id":"https:\/\/www.welovecycling.com\/se\/#\/schema\/person\/037f34ad5d6e77accab8a3eff6ad7a0c","name":"erikleonsson","image":{"@type":"ImageObject","inLanguage":"sv-SE","@id":"https:\/\/www.welovecycling.com\/se\/#\/schema\/person\/image\/","url":"https:\/\/secure.gravatar.com\/avatar\/788a593b0a657d6864c271709722f9cd586caa5a645e77f71fe625396b02677c?s=96&d=mm&r=g","contentUrl":"https:\/\/secure.gravatar.com\/avatar\/788a593b0a657d6864c271709722f9cd586caa5a645e77f71fe625396b02677c?s=96&d=mm&r=g","caption":"erikleonsson"},"url":"https:\/\/www.welovecycling.com\/se\/author\/erikleonsson\/"}]}},"_links":{"self":[{"href":"https:\/\/www.welovecycling.com\/se\/wp-json\/wp\/v2\/posts\/4730","targetHints":{"allow":["GET"]}}],"collection":[{"href":"https:\/\/www.welovecycling.com\/se\/wp-json\/wp\/v2\/posts"}],"about":[{"href":"https:\/\/www.welovecycling.com\/se\/wp-json\/wp\/v2\/types\/post"}],"author":[{"embeddable":true,"href":"https:\/\/www.welovecycling.com\/se\/wp-json\/wp\/v2\/users\/52"}],"replies":[{"embeddable":true,"href":"https:\/\/www.welovecycling.com\/se\/wp-json\/wp\/v2\/comments?post=4730"}],"version-history":[{"count":5,"href":"https:\/\/www.welovecycling.com\/se\/wp-json\/wp\/v2\/posts\/4730\/revisions"}],"predecessor-version":[{"id":4742,"href":"https:\/\/www.welovecycling.com\/se\/wp-json\/wp\/v2\/posts\/4730\/revisions\/4742"}],"wp:featuredmedia":[{"embeddable":true,"href":"https:\/\/www.welovecycling.com\/se\/wp-json\/wp\/v2\/media\/4733"}],"wp:attachment":[{"href":"https:\/\/www.welovecycling.com\/se\/wp-json\/wp\/v2\/media?parent=4730"}],"wp:term":[{"taxonomy":"category","embeddable":true,"href":"https:\/\/www.welovecycling.com\/se\/wp-json\/wp\/v2\/categories?post=4730"},{"taxonomy":"post_tag","embeddable":true,"href":"https:\/\/www.welovecycling.com\/se\/wp-json\/wp\/v2\/tags?post=4730"},{"taxonomy":"global-categories","embeddable":true,"href":"https:\/\/www.welovecycling.com\/se\/wp-json\/wp\/v2\/global-categories?post=4730"}],"curies":[{"name":"wp","href":"https:\/\/api.w.org\/{rel}","templated":true}]}}