{"id":4714,"date":"2023-06-26T18:47:12","date_gmt":"2023-06-26T17:47:12","guid":{"rendered":"https:\/\/www.welovecycling.com\/se\/?p=4714"},"modified":"2023-06-26T19:58:37","modified_gmt":"2023-06-26T18:58:37","slug":"10-ar-som-sponsor-av-vatternrundan","status":"publish","type":"post","link":"https:\/\/www.welovecycling.com\/se\/2023\/06\/26\/10-ar-som-sponsor-av-vatternrundan\/","title":{"rendered":"10 \u00e5r som sponsor av V\u00e4tternrundan"},"content":{"rendered":"<p><strong>\u0160koda Sveriges sponsorskap av V\u00e4tternrundan \u00e4r en viktig del i \u0160kodas ambition att vara med och st\u00e4rka cykel-Sverige. I \u00e5r firar man 10 \u00e5r som huvudsponsorer till det anrika cykelloppet.<\/strong><\/p>\n<p>Samarbetet mellan V\u00e4tternrundan och \u0160koda Sverige inleddes 2014 och har sedan dess en sj\u00e4lvklar plats i bilm\u00e4rkets sponsorstrategi med stort fokus p\u00e5 cykling. \u0160koda har cyklingen i sitt DNA och f\u00f6retaget grundades redan 1895 med just cykeltillverkning i Tjeckien, p\u00e5 samma plats som tillverkning och huvudkontor finns \u00e4n i dag.<\/p>\n<p>\u2013 V\u00e4tternrundan \u00e4r en underbar manifestation av det stora cykelintresset som finns i Sverige. Genom v\u00e5r l\u00e5nga erfarenhet och historia som bilpartner till de st\u00f6rsta proffsloppen som Tour de France och Vuelta a Espa\u00f1a s\u00e5 \u00e4r vi perfekt l\u00e4mpade f\u00f6r att st\u00f6tta s\u00e5v\u00e4l organisationen som deltagarna p\u00e5 allra b\u00e4sta s\u00e4tt, s\u00e4ger Hanna Storckenfeldt, ansvarig f\u00f6r sponsring p\u00e5 \u0160koda Sverige.<\/p>\n<p>Varannan minut under elva timmar startar en grupp med drygt 60 cyklister fr\u00e5n starten i Motala. Framf\u00f6r sig har de 30 mil runt landets n\u00e4st st\u00f6rsta sj\u00f6 \u2013 d\u00e4r b\u00e5de avst\u00e5nd och antalet deltagare st\u00e4ller h\u00f6ga krav p\u00e5 arrang\u00f6ren. Genom sponsorskapet st\u00e4ller \u0160koda Sverige fler \u00e4n 100 bilar till arrang\u00f6rens f\u00f6rfogande under Cykelveckan, f\u00f6r att anv\u00e4ndas som f\u00f6ljebilar av bland annat sjukv\u00e5rdare och funktion\u00e4rer.<\/p>\n<p>\u2013 V\u00e4tternrundan \u00e4r glada och stolta \u00f6ver samarbetet med en partner med s\u00e5 l\u00e5ng historia och erfarenhet inom cykelsporten. M\u00f6jligheten att tack vare \u0160koda kunna hj\u00e4lpa v\u00e5ra cyklister utmed banan f\u00f6r att deras resa och upplevelse ska bli s\u00e5 bra som m\u00f6jligt \u00e4r en viktig ingrediens f\u00f6r arrangemangens helhet, s\u00e4ger Oskar Sundblad, VD f\u00f6r V\u00e4tternrundan<\/p>\n<p data-pm-slice=\"1 1 []\"><strong>F\u00f6r att manifestera samarbetet och Skodas koppling till v\u00e4rldens st\u00f6rsta proffslopp, Tour de France, kan du som deltagare t\u00e4vla om en VIP plats f\u00f6r att f\u00f6lja Tour de France under en dag 2024!<br \/>\n<\/strong><\/p>\n<p>Ungef\u00e4r halvv\u00e4gs in i den 315 kilometer l\u00e5nga V\u00e4tternrundan, n\u00e4rmare best\u00e4mt i Hjo, finns ett 200 meter l\u00e5ngt segment d\u00e4r det handlar om att spurta! Den som tar sig igenom str\u00e4ckan snabbast vinner en plats i \u0160kodas VIP Hospitality Programme under Tour de France 2024! Det \u00e4r en idrottsupplevelse ut\u00f6ver det vanliga d\u00e4r du f\u00e5r chansen att uppleva Tour de France fr\u00e5n f\u00f6rsta parkett i en av v\u00e5ra f\u00f6ljebilar under en etapp. Du kommer att m\u00f6ta tidigare Tour de France-cyklister och f\u00e5 en unik inblick i v\u00e4rldens fr\u00e4msta cykelevenemang. G\u00f6r dig redo att v\u00e4xla upp och ta hem \u0160kodas storvinst! Ge allt du har och lycka till!<\/p>\n","protected":false},"excerpt":{"rendered":"<p>\u0160koda Sveriges sponsorskap av V\u00e4tternrundan \u00e4r en viktig del i \u0160kodas ambition att vara med och st\u00e4rka cykel-Sverige. I \u00e5r [&hellip;]<\/p>\n","protected":false},"author":52,"featured_media":4748,"comment_status":"open","ping_status":"open","sticky":false,"template":"","format":"standard","meta":{"footnotes":""},"categories":[5],"tags":[],"global-categories":[36],"class_list":["post-4714","post","type-post","status-publish","format-standard","has-post-thumbnail","hentry","category-nyheter","global-categories-cycling"],"yoast_head":"<!-- This site is optimized with the Yoast SEO Premium plugin v25.3 (Yoast SEO v25.9) - https:\/\/yoast.com\/wordpress\/plugins\/seo\/ -->\n<title>10 \u00e5r som sponsor av V\u00e4tternrundan - \u0160koda - We Love Cycling - Sweden<\/title>\n<meta name=\"robots\" content=\"index, follow, max-snippet:-1, max-image-preview:large, max-video-preview:-1\" \/>\n<link rel=\"canonical\" href=\"https:\/\/www.welovecycling.com\/se\/2023\/06\/26\/10-ar-som-sponsor-av-vatternrundan\/\" \/>\n<meta property=\"og:locale\" content=\"sv_SE\" \/>\n<meta property=\"og:type\" content=\"article\" \/>\n<meta property=\"og:title\" content=\"10 \u00e5r som sponsor av V\u00e4tternrundan\" \/>\n<meta property=\"og:description\" content=\"\u0160koda Sveriges sponsorskap av V\u00e4tternrundan \u00e4r en viktig del i \u0160kodas ambition att vara med och st\u00e4rka cykel-Sverige. I \u00e5r [&hellip;]\" \/>\n<meta property=\"og:url\" content=\"https:\/\/www.welovecycling.com\/se\/2023\/06\/26\/10-ar-som-sponsor-av-vatternrundan\/\" \/>\n<meta property=\"og:site_name\" content=\"\u0160koda - We Love Cycling - Sweden\" \/>\n<meta property=\"article:published_time\" content=\"2023-06-26T17:47:12+00:00\" \/>\n<meta property=\"article:modified_time\" content=\"2023-06-26T18:58:37+00:00\" \/>\n<meta property=\"og:image\" content=\"https:\/\/d2p6e6u75xmxt8.cloudfront.net\/9\/2023\/06\/220618-SCT-Vattern_1645-2.webp\" \/>\n\t<meta property=\"og:image:width\" content=\"1500\" \/>\n\t<meta property=\"og:image:height\" content=\"1000\" \/>\n\t<meta property=\"og:image:type\" content=\"image\/webp\" \/>\n<meta name=\"author\" content=\"erikleonsson\" \/>\n<meta name=\"twitter:card\" content=\"summary_large_image\" \/>\n<meta name=\"twitter:label1\" content=\"Written by\" \/>\n\t<meta name=\"twitter:data1\" content=\"erikleonsson\" \/>\n\t<meta name=\"twitter:label2\" content=\"Est. reading time\" \/>\n\t<meta name=\"twitter:data2\" content=\"2 minutes\" \/>\n<script type=\"application\/ld+json\" class=\"yoast-schema-graph\">{\"@context\":\"https:\/\/schema.org\",\"@graph\":[{\"@type\":\"WebPage\",\"@id\":\"https:\/\/www.welovecycling.com\/se\/2023\/06\/26\/10-ar-som-sponsor-av-vatternrundan\/\",\"url\":\"https:\/\/www.welovecycling.com\/se\/2023\/06\/26\/10-ar-som-sponsor-av-vatternrundan\/\",\"name\":\"10 \u00e5r som sponsor av V\u00e4tternrundan - \u0160koda - We Love Cycling - Sweden\",\"isPartOf\":{\"@id\":\"https:\/\/www.welovecycling.com\/se\/#website\"},\"primaryImageOfPage\":{\"@id\":\"https:\/\/www.welovecycling.com\/se\/2023\/06\/26\/10-ar-som-sponsor-av-vatternrundan\/#primaryimage\"},\"image\":{\"@id\":\"https:\/\/www.welovecycling.com\/se\/2023\/06\/26\/10-ar-som-sponsor-av-vatternrundan\/#primaryimage\"},\"thumbnailUrl\":\"https:\/\/d2p6e6u75xmxt8.cloudfront.net\/9\/2023\/06\/220618-SCT-Vattern_1645-2.webp\",\"datePublished\":\"2023-06-26T17:47:12+00:00\",\"dateModified\":\"2023-06-26T18:58:37+00:00\",\"author\":{\"@id\":\"https:\/\/www.welovecycling.com\/se\/#\/schema\/person\/037f34ad5d6e77accab8a3eff6ad7a0c\"},\"breadcrumb\":{\"@id\":\"https:\/\/www.welovecycling.com\/se\/2023\/06\/26\/10-ar-som-sponsor-av-vatternrundan\/#breadcrumb\"},\"inLanguage\":\"sv-SE\",\"potentialAction\":[{\"@type\":\"ReadAction\",\"target\":[\"https:\/\/www.welovecycling.com\/se\/2023\/06\/26\/10-ar-som-sponsor-av-vatternrundan\/\"]}]},{\"@type\":\"ImageObject\",\"inLanguage\":\"sv-SE\",\"@id\":\"https:\/\/www.welovecycling.com\/se\/2023\/06\/26\/10-ar-som-sponsor-av-vatternrundan\/#primaryimage\",\"url\":\"https:\/\/d2p6e6u75xmxt8.cloudfront.net\/9\/2023\/06\/220618-SCT-Vattern_1645-2.webp\",\"contentUrl\":\"https:\/\/d2p6e6u75xmxt8.cloudfront.net\/9\/2023\/06\/220618-SCT-Vattern_1645-2.webp\",\"width\":1500,\"height\":1000},{\"@type\":\"BreadcrumbList\",\"@id\":\"https:\/\/www.welovecycling.com\/se\/2023\/06\/26\/10-ar-som-sponsor-av-vatternrundan\/#breadcrumb\",\"itemListElement\":[{\"@type\":\"ListItem\",\"position\":1,\"name\":\"Home\",\"item\":\"https:\/\/www.welovecycling.com\/se\/\"},{\"@type\":\"ListItem\",\"position\":2,\"name\":\"10 \u00e5r som sponsor av V\u00e4tternrundan\"}]},{\"@type\":\"WebSite\",\"@id\":\"https:\/\/www.welovecycling.com\/se\/#website\",\"url\":\"https:\/\/www.welovecycling.com\/se\/\",\"name\":\"\u0160koda - We Love Cycling - Sweden\",\"description\":\"\u0160koda We Love Cycling - Sweden\",\"potentialAction\":[{\"@type\":\"SearchAction\",\"target\":{\"@type\":\"EntryPoint\",\"urlTemplate\":\"https:\/\/www.welovecycling.com\/se\/?s={search_term_string}\"},\"query-input\":{\"@type\":\"PropertyValueSpecification\",\"valueRequired\":true,\"valueName\":\"search_term_string\"}}],\"inLanguage\":\"sv-SE\"},{\"@type\":\"Person\",\"@id\":\"https:\/\/www.welovecycling.com\/se\/#\/schema\/person\/037f34ad5d6e77accab8a3eff6ad7a0c\",\"name\":\"erikleonsson\",\"image\":{\"@type\":\"ImageObject\",\"inLanguage\":\"sv-SE\",\"@id\":\"https:\/\/www.welovecycling.com\/se\/#\/schema\/person\/image\/\",\"url\":\"https:\/\/secure.gravatar.com\/avatar\/788a593b0a657d6864c271709722f9cd586caa5a645e77f71fe625396b02677c?s=96&d=mm&r=g\",\"contentUrl\":\"https:\/\/secure.gravatar.com\/avatar\/788a593b0a657d6864c271709722f9cd586caa5a645e77f71fe625396b02677c?s=96&d=mm&r=g\",\"caption\":\"erikleonsson\"},\"url\":\"https:\/\/www.welovecycling.com\/se\/author\/erikleonsson\/\"}]}<\/script>\n<!-- \/ Yoast SEO Premium plugin. -->","yoast_head_json":{"title":"10 \u00e5r som sponsor av V\u00e4tternrundan - \u0160koda - We Love Cycling - Sweden","robots":{"index":"index","follow":"follow","max-snippet":"max-snippet:-1","max-image-preview":"max-image-preview:large","max-video-preview":"max-video-preview:-1"},"canonical":"https:\/\/www.welovecycling.com\/se\/2023\/06\/26\/10-ar-som-sponsor-av-vatternrundan\/","og_locale":"sv_SE","og_type":"article","og_title":"10 \u00e5r som sponsor av V\u00e4tternrundan","og_description":"\u0160koda Sveriges sponsorskap av V\u00e4tternrundan \u00e4r en viktig del i \u0160kodas ambition att vara med och st\u00e4rka cykel-Sverige. I \u00e5r [&hellip;]","og_url":"https:\/\/www.welovecycling.com\/se\/2023\/06\/26\/10-ar-som-sponsor-av-vatternrundan\/","og_site_name":"\u0160koda - We Love Cycling - Sweden","article_published_time":"2023-06-26T17:47:12+00:00","article_modified_time":"2023-06-26T18:58:37+00:00","og_image":[{"width":1500,"height":1000,"url":"https:\/\/d2p6e6u75xmxt8.cloudfront.net\/9\/2023\/06\/220618-SCT-Vattern_1645-2.webp","type":"image\/webp"}],"author":"erikleonsson","twitter_card":"summary_large_image","twitter_misc":{"Written by":"erikleonsson","Est. reading time":"2 minutes"},"schema":{"@context":"https:\/\/schema.org","@graph":[{"@type":"WebPage","@id":"https:\/\/www.welovecycling.com\/se\/2023\/06\/26\/10-ar-som-sponsor-av-vatternrundan\/","url":"https:\/\/www.welovecycling.com\/se\/2023\/06\/26\/10-ar-som-sponsor-av-vatternrundan\/","name":"10 \u00e5r som sponsor av V\u00e4tternrundan - \u0160koda - We Love Cycling - Sweden","isPartOf":{"@id":"https:\/\/www.welovecycling.com\/se\/#website"},"primaryImageOfPage":{"@id":"https:\/\/www.welovecycling.com\/se\/2023\/06\/26\/10-ar-som-sponsor-av-vatternrundan\/#primaryimage"},"image":{"@id":"https:\/\/www.welovecycling.com\/se\/2023\/06\/26\/10-ar-som-sponsor-av-vatternrundan\/#primaryimage"},"thumbnailUrl":"https:\/\/d2p6e6u75xmxt8.cloudfront.net\/9\/2023\/06\/220618-SCT-Vattern_1645-2.webp","datePublished":"2023-06-26T17:47:12+00:00","dateModified":"2023-06-26T18:58:37+00:00","author":{"@id":"https:\/\/www.welovecycling.com\/se\/#\/schema\/person\/037f34ad5d6e77accab8a3eff6ad7a0c"},"breadcrumb":{"@id":"https:\/\/www.welovecycling.com\/se\/2023\/06\/26\/10-ar-som-sponsor-av-vatternrundan\/#breadcrumb"},"inLanguage":"sv-SE","potentialAction":[{"@type":"ReadAction","target":["https:\/\/www.welovecycling.com\/se\/2023\/06\/26\/10-ar-som-sponsor-av-vatternrundan\/"]}]},{"@type":"ImageObject","inLanguage":"sv-SE","@id":"https:\/\/www.welovecycling.com\/se\/2023\/06\/26\/10-ar-som-sponsor-av-vatternrundan\/#primaryimage","url":"https:\/\/d2p6e6u75xmxt8.cloudfront.net\/9\/2023\/06\/220618-SCT-Vattern_1645-2.webp","contentUrl":"https:\/\/d2p6e6u75xmxt8.cloudfront.net\/9\/2023\/06\/220618-SCT-Vattern_1645-2.webp","width":1500,"height":1000},{"@type":"BreadcrumbList","@id":"https:\/\/www.welovecycling.com\/se\/2023\/06\/26\/10-ar-som-sponsor-av-vatternrundan\/#breadcrumb","itemListElement":[{"@type":"ListItem","position":1,"name":"Home","item":"https:\/\/www.welovecycling.com\/se\/"},{"@type":"ListItem","position":2,"name":"10 \u00e5r som sponsor av V\u00e4tternrundan"}]},{"@type":"WebSite","@id":"https:\/\/www.welovecycling.com\/se\/#website","url":"https:\/\/www.welovecycling.com\/se\/","name":"\u0160koda - We Love Cycling - Sweden","description":"\u0160koda We Love Cycling - Sweden","potentialAction":[{"@type":"SearchAction","target":{"@type":"EntryPoint","urlTemplate":"https:\/\/www.welovecycling.com\/se\/?s={search_term_string}"},"query-input":{"@type":"PropertyValueSpecification","valueRequired":true,"valueName":"search_term_string"}}],"inLanguage":"sv-SE"},{"@type":"Person","@id":"https:\/\/www.welovecycling.com\/se\/#\/schema\/person\/037f34ad5d6e77accab8a3eff6ad7a0c","name":"erikleonsson","image":{"@type":"ImageObject","inLanguage":"sv-SE","@id":"https:\/\/www.welovecycling.com\/se\/#\/schema\/person\/image\/","url":"https:\/\/secure.gravatar.com\/avatar\/788a593b0a657d6864c271709722f9cd586caa5a645e77f71fe625396b02677c?s=96&d=mm&r=g","contentUrl":"https:\/\/secure.gravatar.com\/avatar\/788a593b0a657d6864c271709722f9cd586caa5a645e77f71fe625396b02677c?s=96&d=mm&r=g","caption":"erikleonsson"},"url":"https:\/\/www.welovecycling.com\/se\/author\/erikleonsson\/"}]}},"_links":{"self":[{"href":"https:\/\/www.welovecycling.com\/se\/wp-json\/wp\/v2\/posts\/4714","targetHints":{"allow":["GET"]}}],"collection":[{"href":"https:\/\/www.welovecycling.com\/se\/wp-json\/wp\/v2\/posts"}],"about":[{"href":"https:\/\/www.welovecycling.com\/se\/wp-json\/wp\/v2\/types\/post"}],"author":[{"embeddable":true,"href":"https:\/\/www.welovecycling.com\/se\/wp-json\/wp\/v2\/users\/52"}],"replies":[{"embeddable":true,"href":"https:\/\/www.welovecycling.com\/se\/wp-json\/wp\/v2\/comments?post=4714"}],"version-history":[{"count":2,"href":"https:\/\/www.welovecycling.com\/se\/wp-json\/wp\/v2\/posts\/4714\/revisions"}],"predecessor-version":[{"id":4729,"href":"https:\/\/www.welovecycling.com\/se\/wp-json\/wp\/v2\/posts\/4714\/revisions\/4729"}],"wp:featuredmedia":[{"embeddable":true,"href":"https:\/\/www.welovecycling.com\/se\/wp-json\/wp\/v2\/media\/4748"}],"wp:attachment":[{"href":"https:\/\/www.welovecycling.com\/se\/wp-json\/wp\/v2\/media?parent=4714"}],"wp:term":[{"taxonomy":"category","embeddable":true,"href":"https:\/\/www.welovecycling.com\/se\/wp-json\/wp\/v2\/categories?post=4714"},{"taxonomy":"post_tag","embeddable":true,"href":"https:\/\/www.welovecycling.com\/se\/wp-json\/wp\/v2\/tags?post=4714"},{"taxonomy":"global-categories","embeddable":true,"href":"https:\/\/www.welovecycling.com\/se\/wp-json\/wp\/v2\/global-categories?post=4714"}],"curies":[{"name":"wp","href":"https:\/\/api.w.org\/{rel}","templated":true}]}}