{"id":4629,"date":"2023-02-17T23:07:35","date_gmt":"2023-02-17T22:07:35","guid":{"rendered":"https:\/\/www.welovecycling.com\/se\/?p=4629"},"modified":"2023-06-26T19:33:22","modified_gmt":"2023-06-26T18:33:22","slug":"har-ar-arets-utvalda-cyklister-i-skoda-cycling-team","status":"publish","type":"post","link":"https:\/\/www.welovecycling.com\/se\/2023\/02\/17\/har-ar-arets-utvalda-cyklister-i-skoda-cycling-team\/","title":{"rendered":"H\u00e4r \u00e4r \u00e5rets utvalda cyklister i \u0160koda Cycling Team 2023"},"content":{"rendered":"<p><strong>1800 personer ans\u00f6kte till \u0160koda Cycling Team 2023 och det stora \u00e4ventyret. D\u00e5 \u00e5rets team best\u00e5r av totalt sex cyklister varav tre rekryter och tre ambassad\u00f6rer var urvalsprocessen extra utmanande i \u00e5r. I ans\u00f6kningarna fanns flertalet fantastiska cyklister, rutinerade \u00e4ventyrare, inspirerande livshistorier och starka atleter.\u00a0<\/strong><\/p>\n<p>Den 10 februari var uttagningen klar och sen har de lyckliga cyklisterna f\u00e5tt sina antagningsbesked och bekr\u00e4ftat sin medverkan. H\u00e4r \u00e4r \u00e5rets lag. En utf\u00f6rligare presentation av dem kommer l\u00e4ngre fram.<\/p>\n<h4>Rekryter<\/h4>\n<p>Maja Melin,\u00a0Ume\u00e5<br \/>\nAmir Ansari, Tierp<br \/>\nMarie Rydne, G\u00f6teborg<\/p>\n<h4>Ambassad\u00f6rer<\/h4>\n<p>Andreas Lindh, Stockholm<br \/>\nKajsa Larsson, \u00c5re<br \/>\nMattias Hargin, Stockholm<\/p>\n<p>Vi vill rikta ett stort och \u00f6dmjukt tack till alla som s\u00f6kt f\u00f6r er nedlagda tid och ert intresse och driv att f\u00e5 vara med i den h\u00e4r utmaningen. Hoppas ni f\u00f6ljer med oss p\u00e5 resan!<\/p>\n<p>Vill du ge ett tips om vad n\u00e4sta \u00e5rs utmaning ska vara f\u00f6r \u0160koda Cycling Team? H\u00f6r av dig till <a href=\"mailto:rekrytering@skodacyclingteam.se\">rekrytering@skodacyclingteam.se<\/a><\/p>\n<p>&nbsp;<\/p>\n","protected":false},"excerpt":{"rendered":"<p>1800 personer ans\u00f6kte till \u0160koda Cycling Team 2023 och det stora \u00e4ventyret. D\u00e5 \u00e5rets team best\u00e5r av totalt sex cyklister [&hellip;]<\/p>\n","protected":false},"author":52,"featured_media":4746,"comment_status":"open","ping_status":"open","sticky":false,"template":"","format":"standard","meta":{"footnotes":""},"categories":[9,7,94],"tags":[],"global-categories":[36],"class_list":["post-4629","post","type-post","status-publish","format-standard","has-post-thumbnail","hentry","category-aventyr","category-cyclingteam","category-unmapping-sweden","global-categories-cycling"],"yoast_head":"<!-- This site is optimized with the Yoast SEO Premium plugin v25.3 (Yoast SEO v25.9) - https:\/\/yoast.com\/wordpress\/plugins\/seo\/ -->\n<title>H\u00e4r \u00e4r \u00e5rets utvalda cyklister i \u0160koda Cycling Team 2023 - \u0160koda - We Love Cycling - Sweden<\/title>\n<meta name=\"robots\" content=\"index, follow, max-snippet:-1, max-image-preview:large, max-video-preview:-1\" \/>\n<link rel=\"canonical\" href=\"https:\/\/www.welovecycling.com\/se\/2023\/02\/17\/har-ar-arets-utvalda-cyklister-i-skoda-cycling-team\/\" \/>\n<meta property=\"og:locale\" content=\"sv_SE\" \/>\n<meta property=\"og:type\" content=\"article\" \/>\n<meta property=\"og:title\" content=\"H\u00e4r \u00e4r \u00e5rets utvalda cyklister i \u0160koda Cycling Team 2023\" \/>\n<meta property=\"og:description\" content=\"1800 personer ans\u00f6kte till \u0160koda Cycling Team 2023 och det stora \u00e4ventyret. D\u00e5 \u00e5rets team best\u00e5r av totalt sex cyklister [&hellip;]\" \/>\n<meta property=\"og:url\" content=\"https:\/\/www.welovecycling.com\/se\/2023\/02\/17\/har-ar-arets-utvalda-cyklister-i-skoda-cycling-team\/\" \/>\n<meta property=\"og:site_name\" content=\"\u0160koda - We Love Cycling - Sweden\" \/>\n<meta property=\"article:published_time\" content=\"2023-02-17T22:07:35+00:00\" \/>\n<meta property=\"article:modified_time\" content=\"2023-06-26T18:33:22+00:00\" \/>\n<meta property=\"og:image\" content=\"https:\/\/d2p6e6u75xmxt8.cloudfront.net\/9\/2023\/02\/SCT-21.webp\" \/>\n\t<meta property=\"og:image:width\" content=\"1400\" \/>\n\t<meta property=\"og:image:height\" content=\"934\" \/>\n\t<meta property=\"og:image:type\" content=\"image\/webp\" \/>\n<meta name=\"author\" content=\"erikleonsson\" \/>\n<meta name=\"twitter:card\" content=\"summary_large_image\" \/>\n<meta name=\"twitter:label1\" content=\"Written by\" \/>\n\t<meta name=\"twitter:data1\" content=\"erikleonsson\" \/>\n\t<meta name=\"twitter:label2\" content=\"Est. reading time\" \/>\n\t<meta name=\"twitter:data2\" content=\"1 minute\" \/>\n<script type=\"application\/ld+json\" class=\"yoast-schema-graph\">{\"@context\":\"https:\/\/schema.org\",\"@graph\":[{\"@type\":\"WebPage\",\"@id\":\"https:\/\/www.welovecycling.com\/se\/2023\/02\/17\/har-ar-arets-utvalda-cyklister-i-skoda-cycling-team\/\",\"url\":\"https:\/\/www.welovecycling.com\/se\/2023\/02\/17\/har-ar-arets-utvalda-cyklister-i-skoda-cycling-team\/\",\"name\":\"H\u00e4r \u00e4r \u00e5rets utvalda cyklister i \u0160koda Cycling Team 2023 - \u0160koda - We Love Cycling - Sweden\",\"isPartOf\":{\"@id\":\"https:\/\/www.welovecycling.com\/se\/#website\"},\"primaryImageOfPage\":{\"@id\":\"https:\/\/www.welovecycling.com\/se\/2023\/02\/17\/har-ar-arets-utvalda-cyklister-i-skoda-cycling-team\/#primaryimage\"},\"image\":{\"@id\":\"https:\/\/www.welovecycling.com\/se\/2023\/02\/17\/har-ar-arets-utvalda-cyklister-i-skoda-cycling-team\/#primaryimage\"},\"thumbnailUrl\":\"https:\/\/d2p6e6u75xmxt8.cloudfront.net\/9\/2023\/02\/SCT-21.webp\",\"datePublished\":\"2023-02-17T22:07:35+00:00\",\"dateModified\":\"2023-06-26T18:33:22+00:00\",\"author\":{\"@id\":\"https:\/\/www.welovecycling.com\/se\/#\/schema\/person\/037f34ad5d6e77accab8a3eff6ad7a0c\"},\"breadcrumb\":{\"@id\":\"https:\/\/www.welovecycling.com\/se\/2023\/02\/17\/har-ar-arets-utvalda-cyklister-i-skoda-cycling-team\/#breadcrumb\"},\"inLanguage\":\"sv-SE\",\"potentialAction\":[{\"@type\":\"ReadAction\",\"target\":[\"https:\/\/www.welovecycling.com\/se\/2023\/02\/17\/har-ar-arets-utvalda-cyklister-i-skoda-cycling-team\/\"]}]},{\"@type\":\"ImageObject\",\"inLanguage\":\"sv-SE\",\"@id\":\"https:\/\/www.welovecycling.com\/se\/2023\/02\/17\/har-ar-arets-utvalda-cyklister-i-skoda-cycling-team\/#primaryimage\",\"url\":\"https:\/\/d2p6e6u75xmxt8.cloudfront.net\/9\/2023\/02\/SCT-21.webp\",\"contentUrl\":\"https:\/\/d2p6e6u75xmxt8.cloudfront.net\/9\/2023\/02\/SCT-21.webp\",\"width\":1400,\"height\":934},{\"@type\":\"BreadcrumbList\",\"@id\":\"https:\/\/www.welovecycling.com\/se\/2023\/02\/17\/har-ar-arets-utvalda-cyklister-i-skoda-cycling-team\/#breadcrumb\",\"itemListElement\":[{\"@type\":\"ListItem\",\"position\":1,\"name\":\"Home\",\"item\":\"https:\/\/www.welovecycling.com\/se\/\"},{\"@type\":\"ListItem\",\"position\":2,\"name\":\"H\u00e4r \u00e4r \u00e5rets utvalda cyklister i \u0160koda Cycling Team 2023\"}]},{\"@type\":\"WebSite\",\"@id\":\"https:\/\/www.welovecycling.com\/se\/#website\",\"url\":\"https:\/\/www.welovecycling.com\/se\/\",\"name\":\"\u0160koda - We Love Cycling - Sweden\",\"description\":\"\u0160koda We Love Cycling - Sweden\",\"potentialAction\":[{\"@type\":\"SearchAction\",\"target\":{\"@type\":\"EntryPoint\",\"urlTemplate\":\"https:\/\/www.welovecycling.com\/se\/?s={search_term_string}\"},\"query-input\":{\"@type\":\"PropertyValueSpecification\",\"valueRequired\":true,\"valueName\":\"search_term_string\"}}],\"inLanguage\":\"sv-SE\"},{\"@type\":\"Person\",\"@id\":\"https:\/\/www.welovecycling.com\/se\/#\/schema\/person\/037f34ad5d6e77accab8a3eff6ad7a0c\",\"name\":\"erikleonsson\",\"image\":{\"@type\":\"ImageObject\",\"inLanguage\":\"sv-SE\",\"@id\":\"https:\/\/www.welovecycling.com\/se\/#\/schema\/person\/image\/\",\"url\":\"https:\/\/secure.gravatar.com\/avatar\/788a593b0a657d6864c271709722f9cd586caa5a645e77f71fe625396b02677c?s=96&d=mm&r=g\",\"contentUrl\":\"https:\/\/secure.gravatar.com\/avatar\/788a593b0a657d6864c271709722f9cd586caa5a645e77f71fe625396b02677c?s=96&d=mm&r=g\",\"caption\":\"erikleonsson\"},\"url\":\"https:\/\/www.welovecycling.com\/se\/author\/erikleonsson\/\"}]}<\/script>\n<!-- \/ Yoast SEO Premium plugin. -->","yoast_head_json":{"title":"H\u00e4r \u00e4r \u00e5rets utvalda cyklister i \u0160koda Cycling Team 2023 - \u0160koda - We Love Cycling - Sweden","robots":{"index":"index","follow":"follow","max-snippet":"max-snippet:-1","max-image-preview":"max-image-preview:large","max-video-preview":"max-video-preview:-1"},"canonical":"https:\/\/www.welovecycling.com\/se\/2023\/02\/17\/har-ar-arets-utvalda-cyklister-i-skoda-cycling-team\/","og_locale":"sv_SE","og_type":"article","og_title":"H\u00e4r \u00e4r \u00e5rets utvalda cyklister i \u0160koda Cycling Team 2023","og_description":"1800 personer ans\u00f6kte till \u0160koda Cycling Team 2023 och det stora \u00e4ventyret. D\u00e5 \u00e5rets team best\u00e5r av totalt sex cyklister [&hellip;]","og_url":"https:\/\/www.welovecycling.com\/se\/2023\/02\/17\/har-ar-arets-utvalda-cyklister-i-skoda-cycling-team\/","og_site_name":"\u0160koda - We Love Cycling - Sweden","article_published_time":"2023-02-17T22:07:35+00:00","article_modified_time":"2023-06-26T18:33:22+00:00","og_image":[{"width":1400,"height":934,"url":"https:\/\/d2p6e6u75xmxt8.cloudfront.net\/9\/2023\/02\/SCT-21.webp","type":"image\/webp"}],"author":"erikleonsson","twitter_card":"summary_large_image","twitter_misc":{"Written by":"erikleonsson","Est. reading time":"1 minute"},"schema":{"@context":"https:\/\/schema.org","@graph":[{"@type":"WebPage","@id":"https:\/\/www.welovecycling.com\/se\/2023\/02\/17\/har-ar-arets-utvalda-cyklister-i-skoda-cycling-team\/","url":"https:\/\/www.welovecycling.com\/se\/2023\/02\/17\/har-ar-arets-utvalda-cyklister-i-skoda-cycling-team\/","name":"H\u00e4r \u00e4r \u00e5rets utvalda cyklister i \u0160koda Cycling Team 2023 - \u0160koda - We Love Cycling - Sweden","isPartOf":{"@id":"https:\/\/www.welovecycling.com\/se\/#website"},"primaryImageOfPage":{"@id":"https:\/\/www.welovecycling.com\/se\/2023\/02\/17\/har-ar-arets-utvalda-cyklister-i-skoda-cycling-team\/#primaryimage"},"image":{"@id":"https:\/\/www.welovecycling.com\/se\/2023\/02\/17\/har-ar-arets-utvalda-cyklister-i-skoda-cycling-team\/#primaryimage"},"thumbnailUrl":"https:\/\/d2p6e6u75xmxt8.cloudfront.net\/9\/2023\/02\/SCT-21.webp","datePublished":"2023-02-17T22:07:35+00:00","dateModified":"2023-06-26T18:33:22+00:00","author":{"@id":"https:\/\/www.welovecycling.com\/se\/#\/schema\/person\/037f34ad5d6e77accab8a3eff6ad7a0c"},"breadcrumb":{"@id":"https:\/\/www.welovecycling.com\/se\/2023\/02\/17\/har-ar-arets-utvalda-cyklister-i-skoda-cycling-team\/#breadcrumb"},"inLanguage":"sv-SE","potentialAction":[{"@type":"ReadAction","target":["https:\/\/www.welovecycling.com\/se\/2023\/02\/17\/har-ar-arets-utvalda-cyklister-i-skoda-cycling-team\/"]}]},{"@type":"ImageObject","inLanguage":"sv-SE","@id":"https:\/\/www.welovecycling.com\/se\/2023\/02\/17\/har-ar-arets-utvalda-cyklister-i-skoda-cycling-team\/#primaryimage","url":"https:\/\/d2p6e6u75xmxt8.cloudfront.net\/9\/2023\/02\/SCT-21.webp","contentUrl":"https:\/\/d2p6e6u75xmxt8.cloudfront.net\/9\/2023\/02\/SCT-21.webp","width":1400,"height":934},{"@type":"BreadcrumbList","@id":"https:\/\/www.welovecycling.com\/se\/2023\/02\/17\/har-ar-arets-utvalda-cyklister-i-skoda-cycling-team\/#breadcrumb","itemListElement":[{"@type":"ListItem","position":1,"name":"Home","item":"https:\/\/www.welovecycling.com\/se\/"},{"@type":"ListItem","position":2,"name":"H\u00e4r \u00e4r \u00e5rets utvalda cyklister i \u0160koda Cycling Team 2023"}]},{"@type":"WebSite","@id":"https:\/\/www.welovecycling.com\/se\/#website","url":"https:\/\/www.welovecycling.com\/se\/","name":"\u0160koda - We Love Cycling - Sweden","description":"\u0160koda We Love Cycling - Sweden","potentialAction":[{"@type":"SearchAction","target":{"@type":"EntryPoint","urlTemplate":"https:\/\/www.welovecycling.com\/se\/?s={search_term_string}"},"query-input":{"@type":"PropertyValueSpecification","valueRequired":true,"valueName":"search_term_string"}}],"inLanguage":"sv-SE"},{"@type":"Person","@id":"https:\/\/www.welovecycling.com\/se\/#\/schema\/person\/037f34ad5d6e77accab8a3eff6ad7a0c","name":"erikleonsson","image":{"@type":"ImageObject","inLanguage":"sv-SE","@id":"https:\/\/www.welovecycling.com\/se\/#\/schema\/person\/image\/","url":"https:\/\/secure.gravatar.com\/avatar\/788a593b0a657d6864c271709722f9cd586caa5a645e77f71fe625396b02677c?s=96&d=mm&r=g","contentUrl":"https:\/\/secure.gravatar.com\/avatar\/788a593b0a657d6864c271709722f9cd586caa5a645e77f71fe625396b02677c?s=96&d=mm&r=g","caption":"erikleonsson"},"url":"https:\/\/www.welovecycling.com\/se\/author\/erikleonsson\/"}]}},"_links":{"self":[{"href":"https:\/\/www.welovecycling.com\/se\/wp-json\/wp\/v2\/posts\/4629","targetHints":{"allow":["GET"]}}],"collection":[{"href":"https:\/\/www.welovecycling.com\/se\/wp-json\/wp\/v2\/posts"}],"about":[{"href":"https:\/\/www.welovecycling.com\/se\/wp-json\/wp\/v2\/types\/post"}],"author":[{"embeddable":true,"href":"https:\/\/www.welovecycling.com\/se\/wp-json\/wp\/v2\/users\/52"}],"replies":[{"embeddable":true,"href":"https:\/\/www.welovecycling.com\/se\/wp-json\/wp\/v2\/comments?post=4629"}],"version-history":[{"count":2,"href":"https:\/\/www.welovecycling.com\/se\/wp-json\/wp\/v2\/posts\/4629\/revisions"}],"predecessor-version":[{"id":4643,"href":"https:\/\/www.welovecycling.com\/se\/wp-json\/wp\/v2\/posts\/4629\/revisions\/4643"}],"wp:featuredmedia":[{"embeddable":true,"href":"https:\/\/www.welovecycling.com\/se\/wp-json\/wp\/v2\/media\/4746"}],"wp:attachment":[{"href":"https:\/\/www.welovecycling.com\/se\/wp-json\/wp\/v2\/media?parent=4629"}],"wp:term":[{"taxonomy":"category","embeddable":true,"href":"https:\/\/www.welovecycling.com\/se\/wp-json\/wp\/v2\/categories?post=4629"},{"taxonomy":"post_tag","embeddable":true,"href":"https:\/\/www.welovecycling.com\/se\/wp-json\/wp\/v2\/tags?post=4629"},{"taxonomy":"global-categories","embeddable":true,"href":"https:\/\/www.welovecycling.com\/se\/wp-json\/wp\/v2\/global-categories?post=4629"}],"curies":[{"name":"wp","href":"https:\/\/api.w.org\/{rel}","templated":true}]}}