{"id":4581,"date":"2022-12-15T18:55:49","date_gmt":"2022-12-15T17:55:49","guid":{"rendered":"https:\/\/www.welovecycling.com\/se\/?p=4581"},"modified":"2023-02-18T13:39:54","modified_gmt":"2023-02-18T12:39:54","slug":"skoda-cycling-team-soker-cyklister-till-sveriges-langsta-aventyr","status":"publish","type":"post","link":"https:\/\/www.welovecycling.com\/se\/2022\/12\/15\/skoda-cycling-team-soker-cyklister-till-sveriges-langsta-aventyr\/","title":{"rendered":"\u0160koda Cycling Team s\u00f6ker cyklister till Sveriges l\u00e4ngsta \u00e4ventyr"},"content":{"rendered":"<p>&nbsp;<\/p>\n<p><strong>Smala stigar, \u00f6vergivna traktorv\u00e4gar och gl\u00f6mda grusv\u00e4gar. \u0160koda Cycling Team s\u00f6ker nu tre modiga cyklister som vill ta sig an det opr\u00f6vade \u00e4ventyret \u201cUnmapping Sweden\u201d, ett mentalt och fysiskt kraftprov genom hela Sverige i utmanande terr\u00e4ng. Den 26 juni g\u00e5r starten f\u00f6r Sveriges l\u00e4ngsta cykellopp \u2013 en str\u00e4cka p\u00e5 235 mil fr\u00e5n Kiruna i norr till Smygehuk i s\u00f6der, med ambitionen att passera m\u00e5llinjen inom tv\u00e5 veckor.<\/strong><\/p>\n<p>\u0160koda har cyklingen i generna. Innan bilar tillverkade man cyklar. Arvet har tagit fast form i Sveriges k\u00e4ndaste cykellag, d\u00e4r amat\u00f6rer f\u00f6rverkligar sina cykeldr\u00f6mmar med optimala f\u00f6ruts\u00e4ttningar. Tidigare \u00e5r har 15 aspirerande cyklister f\u00e5tt hj\u00e4lp av 15 ambassad\u00f6rer att ta sig i m\u00e5l p\u00e5 V\u00e4tternrundan under 8 timmar. I fjol bestod \u0160koda Cycling Team av endast kvinnor f\u00f6r att manifestera vikten av en mer j\u00e4mlik cykelsport. I \u00e5r rekryterar man tre cyklister som tillsammans med tre ambassad\u00f6rer ska ta sig an det st\u00f6rsta och l\u00e4ngsta \u00e4ventyret som n\u00e5gonsin har arrangerats i Sverige.<\/p>\n<p>I juli 2023 premierar \u201cUnmapping Sweden\u201d, ett cykellopp som str\u00e4cker sig genom hela landets n\u00e4t av grus och skogsv\u00e4gar, fritt fr\u00e5n dep\u00e5er och st\u00f6ttning. Alla cyklister b\u00e4r med sig egen utrustning och proviant, sover n\u00e4r det passar och cyklar s\u00e5 l\u00e4nge de orkar mot en st\u00e4ndigt tickande klocka.<\/p>\n<p>\u201cV\u00e4tternrundan kr\u00e4ver enorm fysik, mental styrka och noga f\u00f6rberedelser. Att cykla motsvarande sju varv efter varandra p\u00e5 utmanande underlag, under v\u00e4xlande v\u00e4derf\u00f6rh\u00e5llanden, med egen packning \u00e4r n\u00e5got helt annat \u2013 snudd p\u00e5 galet. Unmapping Sweden kommer att bli den hittills st\u00f6rsta utmaningen b\u00e5de f\u00f6r v\u00e5ra cyklister och f\u00f6r oss som organisat\u00f6rer. F\u00f6r f\u00f6rsta g\u00e5ngen p\u00e5 nio \u00e5r vet vi inte om vi kommer i m\u00e5l, men att vi kommer att ge allt och uppleva ett fantastiskt \u00e4ventyr\u201d, s\u00e4ger Erik Leonsson, teamansvarig f\u00f6r \u0160koda Cycling Team.<\/p>\n<p>Detta \u00e4ventyr blir ocks\u00e5 startskottet f\u00f6r \u0160koda Cycling Teams nya inriktning \u2013 att fortsatt uppfylla cyklisters dr\u00f6mmar med hj\u00e4lp av handplockade ambassad\u00f6rer och de b\u00e4sta f\u00f6ruts\u00e4ttningarna, men i ett nytt format varje \u00e5r.<\/p>\n<p>\u201cDet h\u00e4r \u00e4r ett arrangemang som fullt ut resonerar med v\u00e5ra v\u00e4rderingar \u2013 att utforska nya v\u00e4gar, komma n\u00e4rmare naturen och utmana oss sj\u00e4lva. Vare sig vi g\u00f6r det p\u00e5 landsv\u00e4g, grusv\u00e4g, stig eller nedf\u00f6r berg har syftet med \u0160koda Cycling Team alltid varit att m\u00f6jligg\u00f6ra cyklisters dr\u00f6mmar, och vi \u00e4r \u00f6vertygade om att den h\u00e4r resan blir ett \u00e4ventyr att minnas f\u00f6r resten av livet\u201d s\u00e4ger Hanna Storckenfeldt, press- och sponsoransvarig f\u00f6r \u0160koda Sverige.<\/p>\n<p>Ans\u00f6kan \u00e4r \u00f6ppen fram till den 31 januari. Anm\u00e4lan och mer information om projektet hittar du p\u00e5 <a href=\"https:\/\/www.welovecycling.com\/se\/ansokan\/\">hemsidan<\/a> och <a href=\"https:\/\/www.instagram.com\/skodacyclingteam\/\">Instagram<\/a>.<\/p>\n","protected":false},"excerpt":{"rendered":"<p>&nbsp; Smala stigar, \u00f6vergivna traktorv\u00e4gar och gl\u00f6mda grusv\u00e4gar. \u0160koda Cycling Team s\u00f6ker nu tre modiga cyklister som vill ta sig [&hellip;]<\/p>\n","protected":false},"author":159,"featured_media":4583,"comment_status":"open","ping_status":"open","sticky":false,"template":"","format":"standard","meta":{"footnotes":""},"categories":[5],"tags":[],"global-categories":[],"class_list":["post-4581","post","type-post","status-publish","format-standard","has-post-thumbnail","hentry","category-nyheter"],"yoast_head":"<!-- This site is optimized with the Yoast SEO Premium plugin v25.3 (Yoast SEO v25.9) - https:\/\/yoast.com\/wordpress\/plugins\/seo\/ -->\n<title>\u0160koda Cycling Team s\u00f6ker cyklister till Sveriges l\u00e4ngsta \u00e4ventyr - \u0160koda - We Love Cycling - Sweden<\/title>\n<meta name=\"robots\" content=\"index, follow, max-snippet:-1, max-image-preview:large, max-video-preview:-1\" \/>\n<link rel=\"canonical\" href=\"https:\/\/www.welovecycling.com\/se\/2022\/12\/15\/skoda-cycling-team-soker-cyklister-till-sveriges-langsta-aventyr\/\" \/>\n<meta property=\"og:locale\" content=\"sv_SE\" \/>\n<meta property=\"og:type\" content=\"article\" \/>\n<meta property=\"og:title\" content=\"\u0160koda Cycling Team s\u00f6ker cyklister till Sveriges l\u00e4ngsta \u00e4ventyr\" \/>\n<meta property=\"og:description\" content=\"&nbsp; Smala stigar, \u00f6vergivna traktorv\u00e4gar och gl\u00f6mda grusv\u00e4gar. \u0160koda Cycling Team s\u00f6ker nu tre modiga cyklister som vill ta sig [&hellip;]\" \/>\n<meta property=\"og:url\" content=\"https:\/\/www.welovecycling.com\/se\/2022\/12\/15\/skoda-cycling-team-soker-cyklister-till-sveriges-langsta-aventyr\/\" \/>\n<meta property=\"og:site_name\" content=\"\u0160koda - We Love Cycling - Sweden\" \/>\n<meta property=\"article:published_time\" content=\"2022-12-15T17:55:49+00:00\" \/>\n<meta property=\"article:modified_time\" content=\"2023-02-18T12:39:54+00:00\" \/>\n<meta property=\"og:image\" content=\"https:\/\/d2p6e6u75xmxt8.cloudfront.net\/9\/2022\/12\/SCT_6206-scaled.webp\" \/>\n\t<meta property=\"og:image:width\" content=\"2560\" \/>\n\t<meta property=\"og:image:height\" content=\"1920\" \/>\n\t<meta property=\"og:image:type\" content=\"image\/webp\" \/>\n<meta name=\"author\" content=\"sabina\" \/>\n<meta name=\"twitter:card\" content=\"summary_large_image\" \/>\n<meta name=\"twitter:label1\" content=\"Written by\" \/>\n\t<meta name=\"twitter:data1\" content=\"sabina\" \/>\n\t<meta name=\"twitter:label2\" content=\"Est. reading time\" \/>\n\t<meta name=\"twitter:data2\" content=\"2 minutes\" \/>\n<script type=\"application\/ld+json\" class=\"yoast-schema-graph\">{\"@context\":\"https:\/\/schema.org\",\"@graph\":[{\"@type\":\"WebPage\",\"@id\":\"https:\/\/www.welovecycling.com\/se\/2022\/12\/15\/skoda-cycling-team-soker-cyklister-till-sveriges-langsta-aventyr\/\",\"url\":\"https:\/\/www.welovecycling.com\/se\/2022\/12\/15\/skoda-cycling-team-soker-cyklister-till-sveriges-langsta-aventyr\/\",\"name\":\"\u0160koda Cycling Team s\u00f6ker cyklister till Sveriges l\u00e4ngsta \u00e4ventyr - \u0160koda - We Love Cycling - Sweden\",\"isPartOf\":{\"@id\":\"https:\/\/www.welovecycling.com\/se\/#website\"},\"primaryImageOfPage\":{\"@id\":\"https:\/\/www.welovecycling.com\/se\/2022\/12\/15\/skoda-cycling-team-soker-cyklister-till-sveriges-langsta-aventyr\/#primaryimage\"},\"image\":{\"@id\":\"https:\/\/www.welovecycling.com\/se\/2022\/12\/15\/skoda-cycling-team-soker-cyklister-till-sveriges-langsta-aventyr\/#primaryimage\"},\"thumbnailUrl\":\"https:\/\/d2p6e6u75xmxt8.cloudfront.net\/9\/2022\/12\/SCT_6206-scaled.webp\",\"datePublished\":\"2022-12-15T17:55:49+00:00\",\"dateModified\":\"2023-02-18T12:39:54+00:00\",\"author\":{\"@id\":\"https:\/\/www.welovecycling.com\/se\/#\/schema\/person\/496be1b4c5dd5bd4e913315a02b0b233\"},\"breadcrumb\":{\"@id\":\"https:\/\/www.welovecycling.com\/se\/2022\/12\/15\/skoda-cycling-team-soker-cyklister-till-sveriges-langsta-aventyr\/#breadcrumb\"},\"inLanguage\":\"sv-SE\",\"potentialAction\":[{\"@type\":\"ReadAction\",\"target\":[\"https:\/\/www.welovecycling.com\/se\/2022\/12\/15\/skoda-cycling-team-soker-cyklister-till-sveriges-langsta-aventyr\/\"]}]},{\"@type\":\"ImageObject\",\"inLanguage\":\"sv-SE\",\"@id\":\"https:\/\/www.welovecycling.com\/se\/2022\/12\/15\/skoda-cycling-team-soker-cyklister-till-sveriges-langsta-aventyr\/#primaryimage\",\"url\":\"https:\/\/d2p6e6u75xmxt8.cloudfront.net\/9\/2022\/12\/SCT_6206-scaled.webp\",\"contentUrl\":\"https:\/\/d2p6e6u75xmxt8.cloudfront.net\/9\/2022\/12\/SCT_6206-scaled.webp\",\"width\":2560,\"height\":1920},{\"@type\":\"BreadcrumbList\",\"@id\":\"https:\/\/www.welovecycling.com\/se\/2022\/12\/15\/skoda-cycling-team-soker-cyklister-till-sveriges-langsta-aventyr\/#breadcrumb\",\"itemListElement\":[{\"@type\":\"ListItem\",\"position\":1,\"name\":\"Home\",\"item\":\"https:\/\/www.welovecycling.com\/se\/\"},{\"@type\":\"ListItem\",\"position\":2,\"name\":\"\u0160koda Cycling Team s\u00f6ker cyklister till Sveriges l\u00e4ngsta \u00e4ventyr\"}]},{\"@type\":\"WebSite\",\"@id\":\"https:\/\/www.welovecycling.com\/se\/#website\",\"url\":\"https:\/\/www.welovecycling.com\/se\/\",\"name\":\"\u0160koda - We Love Cycling - Sweden\",\"description\":\"\u0160koda We Love Cycling - Sweden\",\"potentialAction\":[{\"@type\":\"SearchAction\",\"target\":{\"@type\":\"EntryPoint\",\"urlTemplate\":\"https:\/\/www.welovecycling.com\/se\/?s={search_term_string}\"},\"query-input\":{\"@type\":\"PropertyValueSpecification\",\"valueRequired\":true,\"valueName\":\"search_term_string\"}}],\"inLanguage\":\"sv-SE\"},{\"@type\":\"Person\",\"@id\":\"https:\/\/www.welovecycling.com\/se\/#\/schema\/person\/496be1b4c5dd5bd4e913315a02b0b233\",\"name\":\"sabina\",\"image\":{\"@type\":\"ImageObject\",\"inLanguage\":\"sv-SE\",\"@id\":\"https:\/\/www.welovecycling.com\/se\/#\/schema\/person\/image\/\",\"url\":\"https:\/\/secure.gravatar.com\/avatar\/ef0f1c64b29c96282b9ee1ecbed4ce720c9524ab285eb84a219a0665c6eaa529?s=96&d=mm&r=g\",\"contentUrl\":\"https:\/\/secure.gravatar.com\/avatar\/ef0f1c64b29c96282b9ee1ecbed4ce720c9524ab285eb84a219a0665c6eaa529?s=96&d=mm&r=g\",\"caption\":\"sabina\"},\"url\":\"https:\/\/www.welovecycling.com\/se\/author\/sabina\/\"}]}<\/script>\n<!-- \/ Yoast SEO Premium plugin. -->","yoast_head_json":{"title":"\u0160koda Cycling Team s\u00f6ker cyklister till Sveriges l\u00e4ngsta \u00e4ventyr - \u0160koda - We Love Cycling - Sweden","robots":{"index":"index","follow":"follow","max-snippet":"max-snippet:-1","max-image-preview":"max-image-preview:large","max-video-preview":"max-video-preview:-1"},"canonical":"https:\/\/www.welovecycling.com\/se\/2022\/12\/15\/skoda-cycling-team-soker-cyklister-till-sveriges-langsta-aventyr\/","og_locale":"sv_SE","og_type":"article","og_title":"\u0160koda Cycling Team s\u00f6ker cyklister till Sveriges l\u00e4ngsta \u00e4ventyr","og_description":"&nbsp; Smala stigar, \u00f6vergivna traktorv\u00e4gar och gl\u00f6mda grusv\u00e4gar. \u0160koda Cycling Team s\u00f6ker nu tre modiga cyklister som vill ta sig [&hellip;]","og_url":"https:\/\/www.welovecycling.com\/se\/2022\/12\/15\/skoda-cycling-team-soker-cyklister-till-sveriges-langsta-aventyr\/","og_site_name":"\u0160koda - We Love Cycling - Sweden","article_published_time":"2022-12-15T17:55:49+00:00","article_modified_time":"2023-02-18T12:39:54+00:00","og_image":[{"width":2560,"height":1920,"url":"https:\/\/d2p6e6u75xmxt8.cloudfront.net\/9\/2022\/12\/SCT_6206-scaled.webp","type":"image\/webp"}],"author":"sabina","twitter_card":"summary_large_image","twitter_misc":{"Written by":"sabina","Est. reading time":"2 minutes"},"schema":{"@context":"https:\/\/schema.org","@graph":[{"@type":"WebPage","@id":"https:\/\/www.welovecycling.com\/se\/2022\/12\/15\/skoda-cycling-team-soker-cyklister-till-sveriges-langsta-aventyr\/","url":"https:\/\/www.welovecycling.com\/se\/2022\/12\/15\/skoda-cycling-team-soker-cyklister-till-sveriges-langsta-aventyr\/","name":"\u0160koda Cycling Team s\u00f6ker cyklister till Sveriges l\u00e4ngsta \u00e4ventyr - \u0160koda - We Love Cycling - Sweden","isPartOf":{"@id":"https:\/\/www.welovecycling.com\/se\/#website"},"primaryImageOfPage":{"@id":"https:\/\/www.welovecycling.com\/se\/2022\/12\/15\/skoda-cycling-team-soker-cyklister-till-sveriges-langsta-aventyr\/#primaryimage"},"image":{"@id":"https:\/\/www.welovecycling.com\/se\/2022\/12\/15\/skoda-cycling-team-soker-cyklister-till-sveriges-langsta-aventyr\/#primaryimage"},"thumbnailUrl":"https:\/\/d2p6e6u75xmxt8.cloudfront.net\/9\/2022\/12\/SCT_6206-scaled.webp","datePublished":"2022-12-15T17:55:49+00:00","dateModified":"2023-02-18T12:39:54+00:00","author":{"@id":"https:\/\/www.welovecycling.com\/se\/#\/schema\/person\/496be1b4c5dd5bd4e913315a02b0b233"},"breadcrumb":{"@id":"https:\/\/www.welovecycling.com\/se\/2022\/12\/15\/skoda-cycling-team-soker-cyklister-till-sveriges-langsta-aventyr\/#breadcrumb"},"inLanguage":"sv-SE","potentialAction":[{"@type":"ReadAction","target":["https:\/\/www.welovecycling.com\/se\/2022\/12\/15\/skoda-cycling-team-soker-cyklister-till-sveriges-langsta-aventyr\/"]}]},{"@type":"ImageObject","inLanguage":"sv-SE","@id":"https:\/\/www.welovecycling.com\/se\/2022\/12\/15\/skoda-cycling-team-soker-cyklister-till-sveriges-langsta-aventyr\/#primaryimage","url":"https:\/\/d2p6e6u75xmxt8.cloudfront.net\/9\/2022\/12\/SCT_6206-scaled.webp","contentUrl":"https:\/\/d2p6e6u75xmxt8.cloudfront.net\/9\/2022\/12\/SCT_6206-scaled.webp","width":2560,"height":1920},{"@type":"BreadcrumbList","@id":"https:\/\/www.welovecycling.com\/se\/2022\/12\/15\/skoda-cycling-team-soker-cyklister-till-sveriges-langsta-aventyr\/#breadcrumb","itemListElement":[{"@type":"ListItem","position":1,"name":"Home","item":"https:\/\/www.welovecycling.com\/se\/"},{"@type":"ListItem","position":2,"name":"\u0160koda Cycling Team s\u00f6ker cyklister till Sveriges l\u00e4ngsta \u00e4ventyr"}]},{"@type":"WebSite","@id":"https:\/\/www.welovecycling.com\/se\/#website","url":"https:\/\/www.welovecycling.com\/se\/","name":"\u0160koda - We Love Cycling - Sweden","description":"\u0160koda We Love Cycling - Sweden","potentialAction":[{"@type":"SearchAction","target":{"@type":"EntryPoint","urlTemplate":"https:\/\/www.welovecycling.com\/se\/?s={search_term_string}"},"query-input":{"@type":"PropertyValueSpecification","valueRequired":true,"valueName":"search_term_string"}}],"inLanguage":"sv-SE"},{"@type":"Person","@id":"https:\/\/www.welovecycling.com\/se\/#\/schema\/person\/496be1b4c5dd5bd4e913315a02b0b233","name":"sabina","image":{"@type":"ImageObject","inLanguage":"sv-SE","@id":"https:\/\/www.welovecycling.com\/se\/#\/schema\/person\/image\/","url":"https:\/\/secure.gravatar.com\/avatar\/ef0f1c64b29c96282b9ee1ecbed4ce720c9524ab285eb84a219a0665c6eaa529?s=96&d=mm&r=g","contentUrl":"https:\/\/secure.gravatar.com\/avatar\/ef0f1c64b29c96282b9ee1ecbed4ce720c9524ab285eb84a219a0665c6eaa529?s=96&d=mm&r=g","caption":"sabina"},"url":"https:\/\/www.welovecycling.com\/se\/author\/sabina\/"}]}},"_links":{"self":[{"href":"https:\/\/www.welovecycling.com\/se\/wp-json\/wp\/v2\/posts\/4581","targetHints":{"allow":["GET"]}}],"collection":[{"href":"https:\/\/www.welovecycling.com\/se\/wp-json\/wp\/v2\/posts"}],"about":[{"href":"https:\/\/www.welovecycling.com\/se\/wp-json\/wp\/v2\/types\/post"}],"author":[{"embeddable":true,"href":"https:\/\/www.welovecycling.com\/se\/wp-json\/wp\/v2\/users\/159"}],"replies":[{"embeddable":true,"href":"https:\/\/www.welovecycling.com\/se\/wp-json\/wp\/v2\/comments?post=4581"}],"version-history":[{"count":2,"href":"https:\/\/www.welovecycling.com\/se\/wp-json\/wp\/v2\/posts\/4581\/revisions"}],"predecessor-version":[{"id":4652,"href":"https:\/\/www.welovecycling.com\/se\/wp-json\/wp\/v2\/posts\/4581\/revisions\/4652"}],"wp:featuredmedia":[{"embeddable":true,"href":"https:\/\/www.welovecycling.com\/se\/wp-json\/wp\/v2\/media\/4583"}],"wp:attachment":[{"href":"https:\/\/www.welovecycling.com\/se\/wp-json\/wp\/v2\/media?parent=4581"}],"wp:term":[{"taxonomy":"category","embeddable":true,"href":"https:\/\/www.welovecycling.com\/se\/wp-json\/wp\/v2\/categories?post=4581"},{"taxonomy":"post_tag","embeddable":true,"href":"https:\/\/www.welovecycling.com\/se\/wp-json\/wp\/v2\/tags?post=4581"},{"taxonomy":"global-categories","embeddable":true,"href":"https:\/\/www.welovecycling.com\/se\/wp-json\/wp\/v2\/global-categories?post=4581"}],"curies":[{"name":"wp","href":"https:\/\/api.w.org\/{rel}","templated":true}]}}