{"id":454,"date":"2017-03-28T13:43:20","date_gmt":"2017-03-28T12:43:20","guid":{"rendered":"https:\/\/www.welovecycling.com\/se\/?p=454"},"modified":"2017-11-28T14:20:09","modified_gmt":"2017-11-28T13:20:09","slug":"tuffa-fystester-vara-nya-rekryter","status":"publish","type":"post","link":"https:\/\/www.welovecycling.com\/se\/2017\/03\/28\/tuffa-fystester-vara-nya-rekryter\/","title":{"rendered":"Tuffa fystester f\u00f6r v\u00e5ra nya rekryter"},"content":{"rendered":"<p>En l\u00f6rdag i mars 2017 tr\u00e4ffas de nya rekryterna i \u0160koda Cycling Team hos v\u00e5r partner Aktivitus i Stockholm. Nu ska konditionen s\u00e4ttas och lagtr\u00e4naren Mattias Reck ska f\u00e5 underlaget f\u00f6r att g\u00f6ra de individuella tr\u00e4ningsplanerna. Vi var sj\u00e4lvklart p\u00e5 plats och unders\u00f6kte vad v\u00e5ra nya cyklister gick f\u00f6r!<\/p>\n<p>&nbsp;<\/p>\n<lite-youtube videoid=l5X8JuCkscU params=\"enablejsapi=1\" style=\"background-image: url('https:\/\/i.ytimg.com\/vi_webp\/l5X8JuCkscU\/maxresdefault.webp');\"><\/lite-youtube>\n","protected":false},"excerpt":{"rendered":"<p>En l\u00f6rdag i mars 2017 tr\u00e4ffas de nya rekryterna i \u0160koda Cycling Team hos v\u00e5r partner Aktivitus i Stockholm. Nu [&hellip;]<\/p>\n","protected":false},"author":53,"featured_media":455,"comment_status":"open","ping_status":"open","sticky":false,"template":"","format":"video","meta":{"footnotes":""},"categories":[5,30,6],"tags":[],"global-categories":[],"class_list":["post-454","post","type-post","status-publish","format-video","has-post-thumbnail","hentry","category-nyheter","category-cyclingteam17","category-video","post_format-post-format-video"],"yoast_head":"<!-- This site is optimized with the Yoast SEO Premium plugin v25.3 (Yoast SEO v25.9) - https:\/\/yoast.com\/wordpress\/plugins\/seo\/ -->\n<title>Tuffa fystester f\u00f6r v\u00e5ra nya rekryter - \u0160koda - We Love Cycling - Sweden<\/title>\n<meta name=\"robots\" content=\"index, follow, max-snippet:-1, max-image-preview:large, max-video-preview:-1\" \/>\n<link rel=\"canonical\" href=\"https:\/\/www.welovecycling.com\/se\/2017\/03\/28\/tuffa-fystester-vara-nya-rekryter\/\" \/>\n<meta property=\"og:locale\" content=\"sv_SE\" \/>\n<meta property=\"og:type\" content=\"article\" \/>\n<meta property=\"og:title\" content=\"Tuffa fystester f\u00f6r v\u00e5ra nya rekryter\" \/>\n<meta property=\"og:description\" content=\"En l\u00f6rdag i mars 2017 tr\u00e4ffas de nya rekryterna i \u0160koda Cycling Team hos v\u00e5r partner Aktivitus i Stockholm. Nu [&hellip;]\" \/>\n<meta property=\"og:url\" content=\"https:\/\/www.welovecycling.com\/se\/2017\/03\/28\/tuffa-fystester-vara-nya-rekryter\/\" \/>\n<meta property=\"og:site_name\" content=\"\u0160koda - We Love Cycling - Sweden\" \/>\n<meta property=\"article:published_time\" content=\"2017-03-28T12:43:20+00:00\" \/>\n<meta property=\"article:modified_time\" content=\"2017-11-28T13:20:09+00:00\" \/>\n<meta property=\"og:image\" content=\"https:\/\/d2p6e6u75xmxt8.cloudfront.net\/9\/2017\/11\/aktivitus2017-9.jpg\" \/>\n\t<meta property=\"og:image:width\" content=\"1920\" \/>\n\t<meta property=\"og:image:height\" content=\"1278\" \/>\n\t<meta property=\"og:image:type\" content=\"image\/jpeg\" \/>\n<meta name=\"author\" content=\"Erik Gustafsson\" \/>\n<meta name=\"twitter:card\" content=\"summary_large_image\" \/>\n<meta name=\"twitter:label1\" content=\"Written by\" \/>\n\t<meta name=\"twitter:data1\" content=\"Erik Gustafsson\" \/>\n\t<meta name=\"twitter:label2\" content=\"Est. watching time\" \/>\n\t<meta name=\"twitter:data2\" content=\"0:55\" \/>\n<script type=\"application\/ld+json\" class=\"yoast-schema-graph\">{\"@context\":\"https:\/\/schema.org\",\"@graph\":[{\"@type\":\"WebPage\",\"@id\":\"https:\/\/www.welovecycling.com\/se\/2017\/03\/28\/tuffa-fystester-vara-nya-rekryter\/\",\"url\":\"https:\/\/www.welovecycling.com\/se\/2017\/03\/28\/tuffa-fystester-vara-nya-rekryter\/\",\"name\":\"Tuffa fystester f\u00f6r v\u00e5ra nya rekryter - \u0160koda - We Love Cycling - Sweden\",\"isPartOf\":{\"@id\":\"https:\/\/www.welovecycling.com\/se\/#website\"},\"primaryImageOfPage\":{\"@id\":\"https:\/\/www.welovecycling.com\/se\/2017\/03\/28\/tuffa-fystester-vara-nya-rekryter\/#primaryimage\"},\"image\":{\"@id\":\"https:\/\/www.welovecycling.com\/se\/2017\/03\/28\/tuffa-fystester-vara-nya-rekryter\/#primaryimage\"},\"thumbnailUrl\":\"https:\/\/d2p6e6u75xmxt8.cloudfront.net\/9\/2017\/11\/aktivitus2017-9.jpg\",\"datePublished\":\"2017-03-28T12:43:20+00:00\",\"dateModified\":\"2017-11-28T13:20:09+00:00\",\"author\":{\"@id\":\"https:\/\/www.welovecycling.com\/se\/#\/schema\/person\/8f0cc3de43d64a5012d5b3c08488d14e\"},\"breadcrumb\":{\"@id\":\"https:\/\/www.welovecycling.com\/se\/2017\/03\/28\/tuffa-fystester-vara-nya-rekryter\/#breadcrumb\"},\"inLanguage\":\"sv-SE\",\"potentialAction\":[{\"@type\":\"ReadAction\",\"target\":[\"https:\/\/www.welovecycling.com\/se\/2017\/03\/28\/tuffa-fystester-vara-nya-rekryter\/\"]}]},{\"@type\":\"ImageObject\",\"inLanguage\":\"sv-SE\",\"@id\":\"https:\/\/www.welovecycling.com\/se\/2017\/03\/28\/tuffa-fystester-vara-nya-rekryter\/#primaryimage\",\"url\":\"https:\/\/d2p6e6u75xmxt8.cloudfront.net\/9\/2017\/11\/aktivitus2017-9.jpg\",\"contentUrl\":\"https:\/\/d2p6e6u75xmxt8.cloudfront.net\/9\/2017\/11\/aktivitus2017-9.jpg\",\"width\":1920,\"height\":1278},{\"@type\":\"BreadcrumbList\",\"@id\":\"https:\/\/www.welovecycling.com\/se\/2017\/03\/28\/tuffa-fystester-vara-nya-rekryter\/#breadcrumb\",\"itemListElement\":[{\"@type\":\"ListItem\",\"position\":1,\"name\":\"Home\",\"item\":\"https:\/\/www.welovecycling.com\/se\/\"},{\"@type\":\"ListItem\",\"position\":2,\"name\":\"Tuffa fystester f\u00f6r v\u00e5ra nya rekryter\"}]},{\"@type\":\"WebSite\",\"@id\":\"https:\/\/www.welovecycling.com\/se\/#website\",\"url\":\"https:\/\/www.welovecycling.com\/se\/\",\"name\":\"\u0160koda - We Love Cycling - Sweden\",\"description\":\"\u0160koda We Love Cycling - Sweden\",\"potentialAction\":[{\"@type\":\"SearchAction\",\"target\":{\"@type\":\"EntryPoint\",\"urlTemplate\":\"https:\/\/www.welovecycling.com\/se\/?s={search_term_string}\"},\"query-input\":{\"@type\":\"PropertyValueSpecification\",\"valueRequired\":true,\"valueName\":\"search_term_string\"}}],\"inLanguage\":\"sv-SE\"},{\"@type\":\"Person\",\"@id\":\"https:\/\/www.welovecycling.com\/se\/#\/schema\/person\/8f0cc3de43d64a5012d5b3c08488d14e\",\"name\":\"Erik Gustafsson\",\"image\":{\"@type\":\"ImageObject\",\"inLanguage\":\"sv-SE\",\"@id\":\"https:\/\/www.welovecycling.com\/se\/#\/schema\/person\/image\/\",\"url\":\"https:\/\/secure.gravatar.com\/avatar\/2e023b4a4d6bb21669866895d82623f61418c7c04fbd5e7d97c9eeee5e279e27?s=96&d=mm&r=g\",\"contentUrl\":\"https:\/\/secure.gravatar.com\/avatar\/2e023b4a4d6bb21669866895d82623f61418c7c04fbd5e7d97c9eeee5e279e27?s=96&d=mm&r=g\",\"caption\":\"Erik Gustafsson\"},\"url\":\"https:\/\/www.welovecycling.com\/se\/author\/erikgustafsson\/\"}]}<\/script>\n<!-- \/ Yoast SEO Premium plugin. -->","yoast_head_json":{"title":"Tuffa fystester f\u00f6r v\u00e5ra nya rekryter - \u0160koda - We Love Cycling - Sweden","robots":{"index":"index","follow":"follow","max-snippet":"max-snippet:-1","max-image-preview":"max-image-preview:large","max-video-preview":"max-video-preview:-1"},"canonical":"https:\/\/www.welovecycling.com\/se\/2017\/03\/28\/tuffa-fystester-vara-nya-rekryter\/","og_locale":"sv_SE","og_type":"article","og_title":"Tuffa fystester f\u00f6r v\u00e5ra nya rekryter","og_description":"En l\u00f6rdag i mars 2017 tr\u00e4ffas de nya rekryterna i \u0160koda Cycling Team hos v\u00e5r partner Aktivitus i Stockholm. Nu [&hellip;]","og_url":"https:\/\/www.welovecycling.com\/se\/2017\/03\/28\/tuffa-fystester-vara-nya-rekryter\/","og_site_name":"\u0160koda - We Love Cycling - Sweden","article_published_time":"2017-03-28T12:43:20+00:00","article_modified_time":"2017-11-28T13:20:09+00:00","og_image":[{"width":1920,"height":1278,"url":"https:\/\/d2p6e6u75xmxt8.cloudfront.net\/9\/2017\/11\/aktivitus2017-9.jpg","type":"image\/jpeg"}],"author":"Erik Gustafsson","twitter_card":"summary_large_image","twitter_misc":{"Written by":"Erik Gustafsson","Est. watching time":"0:55"},"schema":{"@context":"https:\/\/schema.org","@graph":[{"@type":"WebPage","@id":"https:\/\/www.welovecycling.com\/se\/2017\/03\/28\/tuffa-fystester-vara-nya-rekryter\/","url":"https:\/\/www.welovecycling.com\/se\/2017\/03\/28\/tuffa-fystester-vara-nya-rekryter\/","name":"Tuffa fystester f\u00f6r v\u00e5ra nya rekryter - \u0160koda - We Love Cycling - Sweden","isPartOf":{"@id":"https:\/\/www.welovecycling.com\/se\/#website"},"primaryImageOfPage":{"@id":"https:\/\/www.welovecycling.com\/se\/2017\/03\/28\/tuffa-fystester-vara-nya-rekryter\/#primaryimage"},"image":{"@id":"https:\/\/www.welovecycling.com\/se\/2017\/03\/28\/tuffa-fystester-vara-nya-rekryter\/#primaryimage"},"thumbnailUrl":"https:\/\/d2p6e6u75xmxt8.cloudfront.net\/9\/2017\/11\/aktivitus2017-9.jpg","datePublished":"2017-03-28T12:43:20+00:00","dateModified":"2017-11-28T13:20:09+00:00","author":{"@id":"https:\/\/www.welovecycling.com\/se\/#\/schema\/person\/8f0cc3de43d64a5012d5b3c08488d14e"},"breadcrumb":{"@id":"https:\/\/www.welovecycling.com\/se\/2017\/03\/28\/tuffa-fystester-vara-nya-rekryter\/#breadcrumb"},"inLanguage":"sv-SE","potentialAction":[{"@type":"ReadAction","target":["https:\/\/www.welovecycling.com\/se\/2017\/03\/28\/tuffa-fystester-vara-nya-rekryter\/"]}]},{"@type":"ImageObject","inLanguage":"sv-SE","@id":"https:\/\/www.welovecycling.com\/se\/2017\/03\/28\/tuffa-fystester-vara-nya-rekryter\/#primaryimage","url":"https:\/\/d2p6e6u75xmxt8.cloudfront.net\/9\/2017\/11\/aktivitus2017-9.jpg","contentUrl":"https:\/\/d2p6e6u75xmxt8.cloudfront.net\/9\/2017\/11\/aktivitus2017-9.jpg","width":1920,"height":1278},{"@type":"BreadcrumbList","@id":"https:\/\/www.welovecycling.com\/se\/2017\/03\/28\/tuffa-fystester-vara-nya-rekryter\/#breadcrumb","itemListElement":[{"@type":"ListItem","position":1,"name":"Home","item":"https:\/\/www.welovecycling.com\/se\/"},{"@type":"ListItem","position":2,"name":"Tuffa fystester f\u00f6r v\u00e5ra nya rekryter"}]},{"@type":"WebSite","@id":"https:\/\/www.welovecycling.com\/se\/#website","url":"https:\/\/www.welovecycling.com\/se\/","name":"\u0160koda - We Love Cycling - Sweden","description":"\u0160koda We Love Cycling - Sweden","potentialAction":[{"@type":"SearchAction","target":{"@type":"EntryPoint","urlTemplate":"https:\/\/www.welovecycling.com\/se\/?s={search_term_string}"},"query-input":{"@type":"PropertyValueSpecification","valueRequired":true,"valueName":"search_term_string"}}],"inLanguage":"sv-SE"},{"@type":"Person","@id":"https:\/\/www.welovecycling.com\/se\/#\/schema\/person\/8f0cc3de43d64a5012d5b3c08488d14e","name":"Erik Gustafsson","image":{"@type":"ImageObject","inLanguage":"sv-SE","@id":"https:\/\/www.welovecycling.com\/se\/#\/schema\/person\/image\/","url":"https:\/\/secure.gravatar.com\/avatar\/2e023b4a4d6bb21669866895d82623f61418c7c04fbd5e7d97c9eeee5e279e27?s=96&d=mm&r=g","contentUrl":"https:\/\/secure.gravatar.com\/avatar\/2e023b4a4d6bb21669866895d82623f61418c7c04fbd5e7d97c9eeee5e279e27?s=96&d=mm&r=g","caption":"Erik Gustafsson"},"url":"https:\/\/www.welovecycling.com\/se\/author\/erikgustafsson\/"}]}},"_links":{"self":[{"href":"https:\/\/www.welovecycling.com\/se\/wp-json\/wp\/v2\/posts\/454","targetHints":{"allow":["GET"]}}],"collection":[{"href":"https:\/\/www.welovecycling.com\/se\/wp-json\/wp\/v2\/posts"}],"about":[{"href":"https:\/\/www.welovecycling.com\/se\/wp-json\/wp\/v2\/types\/post"}],"author":[{"embeddable":true,"href":"https:\/\/www.welovecycling.com\/se\/wp-json\/wp\/v2\/users\/53"}],"replies":[{"embeddable":true,"href":"https:\/\/www.welovecycling.com\/se\/wp-json\/wp\/v2\/comments?post=454"}],"version-history":[{"count":1,"href":"https:\/\/www.welovecycling.com\/se\/wp-json\/wp\/v2\/posts\/454\/revisions"}],"predecessor-version":[{"id":456,"href":"https:\/\/www.welovecycling.com\/se\/wp-json\/wp\/v2\/posts\/454\/revisions\/456"}],"wp:featuredmedia":[{"embeddable":true,"href":"https:\/\/www.welovecycling.com\/se\/wp-json\/wp\/v2\/media\/455"}],"wp:attachment":[{"href":"https:\/\/www.welovecycling.com\/se\/wp-json\/wp\/v2\/media?parent=454"}],"wp:term":[{"taxonomy":"category","embeddable":true,"href":"https:\/\/www.welovecycling.com\/se\/wp-json\/wp\/v2\/categories?post=454"},{"taxonomy":"post_tag","embeddable":true,"href":"https:\/\/www.welovecycling.com\/se\/wp-json\/wp\/v2\/tags?post=454"},{"taxonomy":"global-categories","embeddable":true,"href":"https:\/\/www.welovecycling.com\/se\/wp-json\/wp\/v2\/global-categories?post=454"}],"curies":[{"name":"wp","href":"https:\/\/api.w.org\/{rel}","templated":true}]}}