{"id":451,"date":"2017-05-28T13:35:34","date_gmt":"2017-05-28T12:35:34","guid":{"rendered":"https:\/\/www.welovecycling.com\/se\/?p=451"},"modified":"2017-11-28T14:18:09","modified_gmt":"2017-11-28T13:18:09","slug":"video-mot-nagra-av-vara-nya-cyklister","status":"publish","type":"post","link":"https:\/\/www.welovecycling.com\/se\/2017\/05\/28\/video-mot-nagra-av-vara-nya-cyklister\/","title":{"rendered":"Video: M\u00f6t n\u00e5gra av v\u00e5ra nya cyklister"},"content":{"rendered":"<p>2017 \u00e5rs SKODA Cycling Team \u00e4r rekryterat. Vi st\u00e4llde n\u00e5gra fr\u00e5gor och tog dem p\u00e5 pulsen, passa p\u00e5 och l\u00e4r k\u00e4nna n\u00e5gra av dem!<\/p>\n<lite-youtube videoid=7yJNtQcS6Hc params=\"enablejsapi=1\" style=\"background-image: url('https:\/\/i.ytimg.com\/vi_webp\/7yJNtQcS6Hc\/maxresdefault.webp');\"><\/lite-youtube>\n","protected":false},"excerpt":{"rendered":"<p>2017 \u00e5rs SKODA Cycling Team \u00e4r rekryterat. Vi st\u00e4llde n\u00e5gra fr\u00e5gor och tog dem p\u00e5 pulsen, passa p\u00e5 och l\u00e4r [&hellip;]<\/p>\n","protected":false},"author":53,"featured_media":452,"comment_status":"open","ping_status":"open","sticky":false,"template":"","format":"video","meta":{"footnotes":""},"categories":[5,30,6],"tags":[],"global-categories":[],"class_list":["post-451","post","type-post","status-publish","format-video","has-post-thumbnail","hentry","category-nyheter","category-cyclingteam17","category-video","post_format-post-format-video"],"yoast_head":"<!-- This site is optimized with the Yoast SEO Premium plugin v25.3 (Yoast SEO v25.9) - https:\/\/yoast.com\/wordpress\/plugins\/seo\/ -->\n<title>Video: M\u00f6t n\u00e5gra av v\u00e5ra nya cyklister - \u0160koda - We Love Cycling - Sweden<\/title>\n<meta name=\"robots\" content=\"index, follow, max-snippet:-1, max-image-preview:large, max-video-preview:-1\" \/>\n<link rel=\"canonical\" href=\"https:\/\/www.welovecycling.com\/se\/2017\/05\/28\/video-mot-nagra-av-vara-nya-cyklister\/\" \/>\n<meta property=\"og:locale\" content=\"sv_SE\" \/>\n<meta property=\"og:type\" content=\"article\" \/>\n<meta property=\"og:title\" content=\"Video: M\u00f6t n\u00e5gra av v\u00e5ra nya cyklister\" \/>\n<meta property=\"og:description\" content=\"2017 \u00e5rs SKODA Cycling Team \u00e4r rekryterat. Vi st\u00e4llde n\u00e5gra fr\u00e5gor och tog dem p\u00e5 pulsen, passa p\u00e5 och l\u00e4r [&hellip;]\" \/>\n<meta property=\"og:url\" content=\"https:\/\/www.welovecycling.com\/se\/2017\/05\/28\/video-mot-nagra-av-vara-nya-cyklister\/\" \/>\n<meta property=\"og:site_name\" content=\"\u0160koda - We Love Cycling - Sweden\" \/>\n<meta property=\"article:published_time\" content=\"2017-05-28T12:35:34+00:00\" \/>\n<meta property=\"article:modified_time\" content=\"2017-11-28T13:18:09+00:00\" \/>\n<meta property=\"og:image\" content=\"https:\/\/d2p6e6u75xmxt8.cloudfront.net\/9\/2017\/11\/MF170513-1P0A6628-1024x683.jpg\" \/>\n\t<meta property=\"og:image:width\" content=\"1024\" \/>\n\t<meta property=\"og:image:height\" content=\"683\" \/>\n\t<meta property=\"og:image:type\" content=\"image\/jpeg\" \/>\n<meta name=\"author\" content=\"Erik Gustafsson\" \/>\n<meta name=\"twitter:card\" content=\"summary_large_image\" \/>\n<meta name=\"twitter:label1\" content=\"Written by\" \/>\n\t<meta name=\"twitter:data1\" content=\"Erik Gustafsson\" \/>\n\t<meta name=\"twitter:label2\" content=\"Est. watching time\" \/>\n\t<meta name=\"twitter:data2\" content=\"1:24\" \/>\n<script type=\"application\/ld+json\" class=\"yoast-schema-graph\">{\"@context\":\"https:\/\/schema.org\",\"@graph\":[{\"@type\":\"WebPage\",\"@id\":\"https:\/\/www.welovecycling.com\/se\/2017\/05\/28\/video-mot-nagra-av-vara-nya-cyklister\/\",\"url\":\"https:\/\/www.welovecycling.com\/se\/2017\/05\/28\/video-mot-nagra-av-vara-nya-cyklister\/\",\"name\":\"Video: M\u00f6t n\u00e5gra av v\u00e5ra nya cyklister - \u0160koda - We Love Cycling - Sweden\",\"isPartOf\":{\"@id\":\"https:\/\/www.welovecycling.com\/se\/#website\"},\"primaryImageOfPage\":{\"@id\":\"https:\/\/www.welovecycling.com\/se\/2017\/05\/28\/video-mot-nagra-av-vara-nya-cyklister\/#primaryimage\"},\"image\":{\"@id\":\"https:\/\/www.welovecycling.com\/se\/2017\/05\/28\/video-mot-nagra-av-vara-nya-cyklister\/#primaryimage\"},\"thumbnailUrl\":\"https:\/\/d2p6e6u75xmxt8.cloudfront.net\/9\/2017\/11\/MF170513-1P0A6628.jpg\",\"datePublished\":\"2017-05-28T12:35:34+00:00\",\"dateModified\":\"2017-11-28T13:18:09+00:00\",\"author\":{\"@id\":\"https:\/\/www.welovecycling.com\/se\/#\/schema\/person\/8f0cc3de43d64a5012d5b3c08488d14e\"},\"breadcrumb\":{\"@id\":\"https:\/\/www.welovecycling.com\/se\/2017\/05\/28\/video-mot-nagra-av-vara-nya-cyklister\/#breadcrumb\"},\"inLanguage\":\"sv-SE\",\"potentialAction\":[{\"@type\":\"ReadAction\",\"target\":[\"https:\/\/www.welovecycling.com\/se\/2017\/05\/28\/video-mot-nagra-av-vara-nya-cyklister\/\"]}]},{\"@type\":\"ImageObject\",\"inLanguage\":\"sv-SE\",\"@id\":\"https:\/\/www.welovecycling.com\/se\/2017\/05\/28\/video-mot-nagra-av-vara-nya-cyklister\/#primaryimage\",\"url\":\"https:\/\/d2p6e6u75xmxt8.cloudfront.net\/9\/2017\/11\/MF170513-1P0A6628.jpg\",\"contentUrl\":\"https:\/\/d2p6e6u75xmxt8.cloudfront.net\/9\/2017\/11\/MF170513-1P0A6628.jpg\",\"width\":6720,\"height\":4480},{\"@type\":\"BreadcrumbList\",\"@id\":\"https:\/\/www.welovecycling.com\/se\/2017\/05\/28\/video-mot-nagra-av-vara-nya-cyklister\/#breadcrumb\",\"itemListElement\":[{\"@type\":\"ListItem\",\"position\":1,\"name\":\"Home\",\"item\":\"https:\/\/www.welovecycling.com\/se\/\"},{\"@type\":\"ListItem\",\"position\":2,\"name\":\"Video: M\u00f6t n\u00e5gra av v\u00e5ra nya cyklister\"}]},{\"@type\":\"WebSite\",\"@id\":\"https:\/\/www.welovecycling.com\/se\/#website\",\"url\":\"https:\/\/www.welovecycling.com\/se\/\",\"name\":\"\u0160koda - We Love Cycling - Sweden\",\"description\":\"\u0160koda We Love Cycling - Sweden\",\"potentialAction\":[{\"@type\":\"SearchAction\",\"target\":{\"@type\":\"EntryPoint\",\"urlTemplate\":\"https:\/\/www.welovecycling.com\/se\/?s={search_term_string}\"},\"query-input\":{\"@type\":\"PropertyValueSpecification\",\"valueRequired\":true,\"valueName\":\"search_term_string\"}}],\"inLanguage\":\"sv-SE\"},{\"@type\":\"Person\",\"@id\":\"https:\/\/www.welovecycling.com\/se\/#\/schema\/person\/8f0cc3de43d64a5012d5b3c08488d14e\",\"name\":\"Erik Gustafsson\",\"image\":{\"@type\":\"ImageObject\",\"inLanguage\":\"sv-SE\",\"@id\":\"https:\/\/www.welovecycling.com\/se\/#\/schema\/person\/image\/\",\"url\":\"https:\/\/secure.gravatar.com\/avatar\/2e023b4a4d6bb21669866895d82623f61418c7c04fbd5e7d97c9eeee5e279e27?s=96&d=mm&r=g\",\"contentUrl\":\"https:\/\/secure.gravatar.com\/avatar\/2e023b4a4d6bb21669866895d82623f61418c7c04fbd5e7d97c9eeee5e279e27?s=96&d=mm&r=g\",\"caption\":\"Erik Gustafsson\"},\"url\":\"https:\/\/www.welovecycling.com\/se\/author\/erikgustafsson\/\"}]}<\/script>\n<!-- \/ Yoast SEO Premium plugin. -->","yoast_head_json":{"title":"Video: M\u00f6t n\u00e5gra av v\u00e5ra nya cyklister - \u0160koda - We Love Cycling - Sweden","robots":{"index":"index","follow":"follow","max-snippet":"max-snippet:-1","max-image-preview":"max-image-preview:large","max-video-preview":"max-video-preview:-1"},"canonical":"https:\/\/www.welovecycling.com\/se\/2017\/05\/28\/video-mot-nagra-av-vara-nya-cyklister\/","og_locale":"sv_SE","og_type":"article","og_title":"Video: M\u00f6t n\u00e5gra av v\u00e5ra nya cyklister","og_description":"2017 \u00e5rs SKODA Cycling Team \u00e4r rekryterat. Vi st\u00e4llde n\u00e5gra fr\u00e5gor och tog dem p\u00e5 pulsen, passa p\u00e5 och l\u00e4r [&hellip;]","og_url":"https:\/\/www.welovecycling.com\/se\/2017\/05\/28\/video-mot-nagra-av-vara-nya-cyklister\/","og_site_name":"\u0160koda - We Love Cycling - Sweden","article_published_time":"2017-05-28T12:35:34+00:00","article_modified_time":"2017-11-28T13:18:09+00:00","og_image":[{"width":1024,"height":683,"url":"https:\/\/d2p6e6u75xmxt8.cloudfront.net\/9\/2017\/11\/MF170513-1P0A6628-1024x683.jpg","type":"image\/jpeg"}],"author":"Erik Gustafsson","twitter_card":"summary_large_image","twitter_misc":{"Written by":"Erik Gustafsson","Est. watching time":"1:24"},"schema":{"@context":"https:\/\/schema.org","@graph":[{"@type":"WebPage","@id":"https:\/\/www.welovecycling.com\/se\/2017\/05\/28\/video-mot-nagra-av-vara-nya-cyklister\/","url":"https:\/\/www.welovecycling.com\/se\/2017\/05\/28\/video-mot-nagra-av-vara-nya-cyklister\/","name":"Video: M\u00f6t n\u00e5gra av v\u00e5ra nya cyklister - \u0160koda - We Love Cycling - Sweden","isPartOf":{"@id":"https:\/\/www.welovecycling.com\/se\/#website"},"primaryImageOfPage":{"@id":"https:\/\/www.welovecycling.com\/se\/2017\/05\/28\/video-mot-nagra-av-vara-nya-cyklister\/#primaryimage"},"image":{"@id":"https:\/\/www.welovecycling.com\/se\/2017\/05\/28\/video-mot-nagra-av-vara-nya-cyklister\/#primaryimage"},"thumbnailUrl":"https:\/\/d2p6e6u75xmxt8.cloudfront.net\/9\/2017\/11\/MF170513-1P0A6628.jpg","datePublished":"2017-05-28T12:35:34+00:00","dateModified":"2017-11-28T13:18:09+00:00","author":{"@id":"https:\/\/www.welovecycling.com\/se\/#\/schema\/person\/8f0cc3de43d64a5012d5b3c08488d14e"},"breadcrumb":{"@id":"https:\/\/www.welovecycling.com\/se\/2017\/05\/28\/video-mot-nagra-av-vara-nya-cyklister\/#breadcrumb"},"inLanguage":"sv-SE","potentialAction":[{"@type":"ReadAction","target":["https:\/\/www.welovecycling.com\/se\/2017\/05\/28\/video-mot-nagra-av-vara-nya-cyklister\/"]}]},{"@type":"ImageObject","inLanguage":"sv-SE","@id":"https:\/\/www.welovecycling.com\/se\/2017\/05\/28\/video-mot-nagra-av-vara-nya-cyklister\/#primaryimage","url":"https:\/\/d2p6e6u75xmxt8.cloudfront.net\/9\/2017\/11\/MF170513-1P0A6628.jpg","contentUrl":"https:\/\/d2p6e6u75xmxt8.cloudfront.net\/9\/2017\/11\/MF170513-1P0A6628.jpg","width":6720,"height":4480},{"@type":"BreadcrumbList","@id":"https:\/\/www.welovecycling.com\/se\/2017\/05\/28\/video-mot-nagra-av-vara-nya-cyklister\/#breadcrumb","itemListElement":[{"@type":"ListItem","position":1,"name":"Home","item":"https:\/\/www.welovecycling.com\/se\/"},{"@type":"ListItem","position":2,"name":"Video: M\u00f6t n\u00e5gra av v\u00e5ra nya cyklister"}]},{"@type":"WebSite","@id":"https:\/\/www.welovecycling.com\/se\/#website","url":"https:\/\/www.welovecycling.com\/se\/","name":"\u0160koda - We Love Cycling - Sweden","description":"\u0160koda We Love Cycling - Sweden","potentialAction":[{"@type":"SearchAction","target":{"@type":"EntryPoint","urlTemplate":"https:\/\/www.welovecycling.com\/se\/?s={search_term_string}"},"query-input":{"@type":"PropertyValueSpecification","valueRequired":true,"valueName":"search_term_string"}}],"inLanguage":"sv-SE"},{"@type":"Person","@id":"https:\/\/www.welovecycling.com\/se\/#\/schema\/person\/8f0cc3de43d64a5012d5b3c08488d14e","name":"Erik Gustafsson","image":{"@type":"ImageObject","inLanguage":"sv-SE","@id":"https:\/\/www.welovecycling.com\/se\/#\/schema\/person\/image\/","url":"https:\/\/secure.gravatar.com\/avatar\/2e023b4a4d6bb21669866895d82623f61418c7c04fbd5e7d97c9eeee5e279e27?s=96&d=mm&r=g","contentUrl":"https:\/\/secure.gravatar.com\/avatar\/2e023b4a4d6bb21669866895d82623f61418c7c04fbd5e7d97c9eeee5e279e27?s=96&d=mm&r=g","caption":"Erik Gustafsson"},"url":"https:\/\/www.welovecycling.com\/se\/author\/erikgustafsson\/"}]}},"_links":{"self":[{"href":"https:\/\/www.welovecycling.com\/se\/wp-json\/wp\/v2\/posts\/451","targetHints":{"allow":["GET"]}}],"collection":[{"href":"https:\/\/www.welovecycling.com\/se\/wp-json\/wp\/v2\/posts"}],"about":[{"href":"https:\/\/www.welovecycling.com\/se\/wp-json\/wp\/v2\/types\/post"}],"author":[{"embeddable":true,"href":"https:\/\/www.welovecycling.com\/se\/wp-json\/wp\/v2\/users\/53"}],"replies":[{"embeddable":true,"href":"https:\/\/www.welovecycling.com\/se\/wp-json\/wp\/v2\/comments?post=451"}],"version-history":[{"count":1,"href":"https:\/\/www.welovecycling.com\/se\/wp-json\/wp\/v2\/posts\/451\/revisions"}],"predecessor-version":[{"id":453,"href":"https:\/\/www.welovecycling.com\/se\/wp-json\/wp\/v2\/posts\/451\/revisions\/453"}],"wp:featuredmedia":[{"embeddable":true,"href":"https:\/\/www.welovecycling.com\/se\/wp-json\/wp\/v2\/media\/452"}],"wp:attachment":[{"href":"https:\/\/www.welovecycling.com\/se\/wp-json\/wp\/v2\/media?parent=451"}],"wp:term":[{"taxonomy":"category","embeddable":true,"href":"https:\/\/www.welovecycling.com\/se\/wp-json\/wp\/v2\/categories?post=451"},{"taxonomy":"post_tag","embeddable":true,"href":"https:\/\/www.welovecycling.com\/se\/wp-json\/wp\/v2\/tags?post=451"},{"taxonomy":"global-categories","embeddable":true,"href":"https:\/\/www.welovecycling.com\/se\/wp-json\/wp\/v2\/global-categories?post=451"}],"curies":[{"name":"wp","href":"https:\/\/api.w.org\/{rel}","templated":true}]}}