{"id":4494,"date":"2023-08-14T10:31:14","date_gmt":"2023-08-14T09:31:14","guid":{"rendered":"https:\/\/www.welovecycling.com\/se\/?p=4494"},"modified":"2024-04-02T21:52:14","modified_gmt":"2024-04-02T20:52:14","slug":"de-7-svaraste-topparna-att-bestiga-i-europa","status":"publish","type":"post","link":"https:\/\/www.welovecycling.com\/se\/2023\/08\/14\/de-7-svaraste-topparna-att-bestiga-i-europa\/","title":{"rendered":"De 7 sv\u00e5raste topparna att bestiga i Europa"},"content":{"rendered":"<p><strong>N\u00e4r man pratar om utmanande stigningar inom cykelsporten t\u00e4nker de flesta p\u00e5 Mount Ventoux, Alpe d&#8217;Huez eller Passo Dello Stelvio. \u00c4ven om dessa stigningar \u00e4r sv\u00e5ra att bem\u00e4stra s\u00e5 har de mest n\u00e5tt sin k\u00e4nnedom genom att flitigt besegras i Giro d&#8217;Italia och Tour de France. Men det finns stora utmaningar \u00e4ven utanf\u00f6r dessa k\u00e4nda lopp. Stigningar d\u00e4r du beh\u00f6ver ordentliga f\u00f6rberedelser samt den absolut b\u00e4sta utrustningen f\u00f6r utmaningen.\u00a0<\/strong><\/p>\n<p>&nbsp;<\/p>\n<p><!--more--><\/p>\n<h2><strong>7. Mount Etna, Italien<\/strong><\/h2>\n<p>Du kommer att ha n\u00f6jet att uppleva en icke-traditionell milj\u00f6 om du v\u00e4ljer att cykla p\u00e5 vulkanisk aska. Etna \u00e4r en av de st\u00f6rsta vulkanerna i Europa och ligger p\u00e5 Sicilien. Naturligtvis kan din resa vara f\u00f6rg\u00e4ves om Etna f\u00e5r ett utbrott, vilket den g\u00f6r ganska ofta nyligen. Men allt \u00e4r v\u00e4rt det om du unnar dig pasta och cannoli i Catania.<\/p>\n<figure id=\"attachment_4496\" aria-describedby=\"caption-attachment-4496\" style=\"width: 1081px\" class=\"wp-caption alignnone\"><a href=\"https:\/\/d2p6e6u75xmxt8.cloudfront.net\/9\/2022\/06\/S3_0750.jpg\"><img loading=\"lazy\" decoding=\"async\" class=\"wp-image-4496 size-full\" src=\"https:\/\/d2p6e6u75xmxt8.cloudfront.net\/9\/2022\/06\/S3_0750.jpg\" alt=\"Etna cycling\" width=\"1081\" height=\"721\" srcset=\"https:\/\/d2p6e6u75xmxt8.cloudfront.net\/9\/2022\/06\/S3_0750.jpg 1081w, https:\/\/d2p6e6u75xmxt8.cloudfront.net\/9\/2022\/06\/S3_0750-300x200.jpg 300w, https:\/\/d2p6e6u75xmxt8.cloudfront.net\/9\/2022\/06\/S3_0750-1024x683.jpg 1024w, https:\/\/d2p6e6u75xmxt8.cloudfront.net\/9\/2022\/06\/S3_0750-768x512.jpg 768w, https:\/\/d2p6e6u75xmxt8.cloudfront.net\/9\/2022\/06\/S3_0750-272x182.jpg 272w\" sizes=\"auto, (max-width: 1081px) 100vw, 1081px\" \/><\/a><figcaption id=\"caption-attachment-4496\" class=\"wp-caption-text\">Du kommer att ha n\u00f6jet att uppleva en icke-traditionell milj\u00f6 om du v\u00e4ljer att cykla p\u00e5 vulkanisk aska.<\/figcaption><\/figure>\n<p>&nbsp;<\/p>\n<p>Du kommer g\u00e5 l\u00e4ngst en l\u00e5ng asfaltv\u00e4g, med otrolig utsikt, som leder dig uppf\u00f6r berget som \u00e4r t\u00e4ckt av svart vulkanaska. Under den h\u00e4r delen av stigningen m\u00e5ste du dela v\u00e4gen, vilket inte \u00e4r ett problem alls eftersom alla f\u00f6rare \u00e4r v\u00e4nliga och f\u00f6rst\u00e5r utmaningen du har tagit dig an. Strax innan du n\u00e5r liften kommer du l\u00e4mna v\u00e4gen och b\u00f6rja bestiga en bergsstig t\u00e4ckt av vulkanaska. Det \u00e4r nog uppenbart, men du kan inte anv\u00e4nda vanliga d\u00e4ck utan m\u00e5ste \u00e5tminstone ha d\u00e4ck som \u00e4r anpassade f\u00f6r gravel.<\/p>\n<p>Du kommer f\u00f6lja denna stig till den h\u00f6sta punkten som \u00e4r till\u00e5tet att vistas p\u00e5 utan guide (2,950m). Om du v\u00e4ljer att resa hit, se till att g\u00f6ra det under sensommar eller tidig h\u00f6st f\u00f6r undvika sn\u00f6, \u00e4ven om det kanske \u00e4r b\u00e4ttre att cykla p\u00e5 sn\u00f6 \u00e4n lava. Du kommer kl\u00e4ttra 2740 m p\u00e5 mindre \u00e4n 43 km, vilket inneb\u00e4r att detta inte \u00e4r n\u00e5got f\u00f6r nyb\u00f6rjare. Med en medellutning p\u00e5 6.5% och drygt en halv kilometer med 19% lutning s\u00e5 kommer detta s\u00e4tta b\u00e5da din fysiska och psykiska h\u00e4lsa p\u00e5 prov.<\/p>\n<p>&nbsp;<\/p>\n<h2><strong>6. Rila, Bulgarien<\/strong><\/h2>\n<p>En av de sv\u00e5raste momenten med denna utmaning \u00e4r att ta dig dit med din egna cykel. Du kommer beh\u00f6va flyga med din utrustning samt hyra bil eller be en kompis ta dig till starten som \u00e4r placerad djupt in i Rila bergen.\u00a0 Din resa kommer b\u00f6rja i den lilla byn Pastra. Se till att ha med allt du beh\u00f6ver innan du n\u00e5r denna lilla by eftersom det endast finns en butik med begr\u00e4nsade \u00f6ppettider.<\/p>\n<p>Det som v\u00e4ntar \u00e4r en spektakul\u00e4r stigning p\u00e5 det som en g\u00e5ng i tiden var en cementv\u00e4g. Denna stigning \u00e4r b\u00e4st gjord p\u00e5 en enduro eller mountain bike. Du kommer beh\u00f6va cykla konstantant uppf\u00f6r en brant stigning med en medellutning p\u00e5 11.6%. Cirka 2.2km, av den 15.1km l\u00e5nga rutten, \u00e4r med \u00f6ver 20% lutning, s\u00e5 din resa kommer vara l\u00e5ng och sv\u00e5r. Slutligen \u00e4r det en del av v\u00e4gen som \u00e4r privat\u00e4gd, men oftast sl\u00e4pper vakten f\u00f6rbi turister. De brukar endast stoppa bilar och andra fordon. Du kommer n\u00e5 en h\u00f6jd p\u00e5 1,704m f\u00f6r att n\u00e5 den h\u00f6gasta postionerade resovaren i \u00d6steuropa &#8211; Kalina. Du kommer ha en otrolig utsikt \u00f6ver hela Rila bergen, en av de sv\u00e5raste bestigningarna i hela v\u00e4rlden, detta i kombination med din rygg och muskler som ber om n\u00e5d.<\/p>\n<h2><strong>5. Pico Veleta, Spanien<\/strong><\/h2>\n<p>Pico Veletam \u00e4r k\u00e4nt f\u00f6r att vara den h\u00f6gsta v\u00e4gen i Europa. Den 31.2km l\u00e5nga cykelturen kommer definitift k\u00e4nnas i benen efter\u00e5t. Du kommer beh\u00f6va n\u00e5 2,383m i h\u00f6jd f\u00f6r att klara av den genomsnittliga lutningen p\u00e5 7.6%.<\/p>\n<p>Sj\u00e4lva rutten b\u00f6rjar i den magiska staden Guejar Sierra inb\u00e4ddad vid slutet av den fantastiska kanalen Canales Reservoir. S\u00e5, naturligtvis, kommer din bestinging att fyllas med m\u00e5nga tillf\u00e4llen f\u00f6r Instagram-bilder som kommer sl\u00e5 alla algoritmer med alla gilla-markeringar du kommer f\u00e5.<\/p>\n<p>De f\u00f6rsta fyra kilometrarna \u00e4r som ett kort tr\u00e4ningspass. De \u00f6verstiger 10-15% lutning, vilket kan ses som ett r\u00e4tt s\u00e5 bra uppv\u00e4rmning inf\u00f6r de resterande 27+ km som kommer k\u00e4nnas som en bestraffning. Om du k\u00e4nner dig riktigt \u00e4ventyrlig kan du testa att stiga denna om\u00f6jliga topp p\u00e5 en landsv\u00e4gscykel. Det \u00e4r m\u00f6jligt, men du kommer \u00e5ngra ditt val n\u00e4r du n\u00e5r lerparterierna. Som tur finns det flera st\u00e4llen att skaffa snacks och fylla p\u00e5 flaskorna, s\u00e5 du slipper packa tre r\u00e4tters middag f\u00f6r denna rutt.<\/p>\n<p>Oavsett \u00e4r det r\u00e4tt s\u00e5 enkelt att undg\u00e5 denna rutt d\u00e5 den tuffaste delen \u00e4r de f\u00f6rsta fyra kilometrarna, men efter det \u00e4r allt du beh\u00f6ver orken att uth\u00e4rda resten.<\/p>\n<h2><strong>4. Alpe Fuori, Alperna<\/strong><\/h2>\n<p>Alpe Fuori \u00e4r definitivt det b\u00e4sta s\u00e4ttet att hosta upp dina lungor, stycka dina ben, och \u00e5ngra varje val du n\u00e5gonsin gjort i livet. Alpe Fuori \u00e4r lokaliserat i norraste delen av Italien d\u00e4r Alperna \u00e4r som b\u00e4st. N\u00e4stan hela rutten p\u00e5 11.7km \u00e4r genom en magilik skog, vilket skyddar dig fr\u00e5n det italienska solstinget. D\u00e4remot m\u00e5ste du stiga 1,588m med en genomsnittlig lutning p\u00e5 13.7% &#8211; sp\u00e4nnande!<\/p>\n<p>Cirka 75% av hela \u00e5kturen ligger \u00f6ver 10 %-lutningen, och det finns en hel kilometer med 23%. Om det l\u00e5ter skr\u00e4mmande finns det ytterligare 500 m med en lutning p\u00e5 26,3%, som m\u00e5nga f\u00f6redrar att tr\u00e4nga igenom till fots.<\/p>\n<p>Din resa kommer b\u00f6rja i den lilla staden Pregilia med en upp\u00e5tstigande asfaltsv\u00e4g. S\u00e5sm\u00e5ningom kommer du n\u00e5 en grusv\u00e4g. S\u00e5 att \u00e5ka dit p\u00e5 en landsv\u00e4gscykel \u00e4r inte det b\u00e4sta livsbeslutet. \u00c4ven om det \u00e4r tekniskt s\u00e4tt m\u00f6jligt, \u00e4r det inte s\u00e5 kul som det l\u00e5ter att kl\u00e4ttra i en lutning p\u00e5 20% medan d\u00e4cken glider under dig. Nedstigningen med en s\u00e5dan cykel blir \u00e4nnu mer skr\u00e4mmande, s\u00e5 en gruscykel \u00e4r ett absolut minimum. Det \u00e4r \u00e4nnu b\u00e4ttre med en mountainbike.<\/p>\n<p>T\u00e4nk p\u00e5 att det inte finns mat eller vatten l\u00e4ngs \u00e5kturen, s\u00e5 var f\u00f6rberedd. Det finns dock vatten i slutet av leden, samt en fascinerande utsikt. Se till att bes\u00f6ka den n\u00e4rliggande sj\u00f6n Lago d&#8217;Andromia. N\u00e4r du bevittnar platsens sk\u00f6nhet kommer allt ditt el\u00e4nde p\u00e5 v\u00e4gen att vara v\u00e4l v\u00e4rt det.<\/p>\n<h2><strong>3. Scanuppia, Italien<\/strong><\/h2>\n<p>Denna korta stigning kommer att vara en av de sv\u00e5raste sakerna du n\u00e5gonsin kommer att g\u00f6ra. Under den 7,1 km l\u00e5nga resan m\u00e5ste du n\u00e5 1 275 m. Om det inte l\u00e5ter skr\u00e4mmande f\u00f6rst\u00e5r du f\u00f6rmodligen inte siffrorna. Scanuppia \u00e4r den brantaste stigningen (f\u00f6r sitt avst\u00e5nd) i v\u00e4rlden. Ett bevis p\u00e5 dess skr\u00e4mmande sk\u00f6nhet \u00e4r det faktum att de som framg\u00e5ngsrikt lyckades kl\u00e4ttra den p\u00e5 en \u00e5ktur \u00e4r tv\u00e5siffriga.<\/p>\n<p>&nbsp;<\/p>\n<p>https:\/\/www.instagram.com\/p\/CSv2aY-Mdcz\/<\/p>\n<p>Den genomsnittliga lutningen p\u00e5 18,4% \u00e4r allt annat \u00e4n din v\u00e4n. \u00d6ver 34% av sj\u00e4lva rutten har mer \u00e4n 20% lutning, men den kan \u00f6verstiga 30% under vissa korta str\u00e4ckor. Din resa b\u00f6rjar i den lilla staden Besenello, n\u00e5gra kilometer s\u00f6der om Trento, och du kommer att \u00e5ka l\u00e4ngs med ving\u00e5rdar innan du n\u00e5r bergen.<\/p>\n<p>Scanuppia \u00e4r en av de f\u00e5 kl\u00e4ttringarna p\u00e5 den h\u00e4r listan som \u00e4r OK att g\u00f6ra med en landsv\u00e4gscykel, \u00e4ven om jag skulle satsa p\u00e5 mountainbikepedaler och undvika slick d\u00e4cken. Jag skulle kalla detta en livsresa som m\u00e5ste g\u00f6ras, men \u00e4rligt talat \u00e4r den h\u00e4r bara f\u00f6r bergsgetter som s\u00f6ker en riktig utmaning.<\/p>\n<h2><strong>2. Pozza San Glisente, Italien<\/strong><\/h2>\n<p>Att vara den sv\u00e5raste stigningen i Italien g\u00f6r denna tortyr av en \u00e5ktur ingen r\u00e4ttvisa. Pozza San Glissente \u00e4r bland de 5 mest utmanande kl\u00e4ttringarna i hela v\u00e4rlden. Nyligen var antalet personer som lyckades \u00e5ka detta segment, enligt Strava, ensiffrigt.<\/p>\n<p>F\u00f6r den 8,8km l\u00e5nga turen (som f\u00f6rmodligen skulle ta en hel dag) m\u00e5ste du g\u00e5 upp n\u00e4stan 1,500m med en genomsnittlig lutning p\u00e5 16%. Det h\u00e4r \u00e4r ingen trevlig resa, och den som s\u00e4ger att det h\u00e4r \u00e4r en avkopplande tur antingen ljuger eller har ingen aning om vart de \u00e4r p\u00e5 v\u00e4g. Endast 12% av \u00e5kturen \u00e4r under 10% lutning medan ungef\u00e4r en tredjedel av str\u00e4ckan m\u00e5ste k\u00e4mpa sig igenom en 20+% lutning.<\/p>\n<p>St\u00f6rsta delen av v\u00e4gen \u00e4r asfalterad men extremt smal. Tack och lov \u00e4r det s\u00e4llan n\u00e5gra bilar som tar den h\u00e4r vansinniga v\u00e4gen men var f\u00f6rsiktig i sn\u00e4va sv\u00e4ngar. Jag kan inte understryka tillr\u00e4ckligt hur smal den h\u00e4r v\u00e4gen \u00e4r, s\u00e5 precis som bilarna som k\u00f6r igenom \u00e4r extremt f\u00f6rsiktiga, s\u00e5 borde du vara lika f\u00f6rsiktig (om inte \u00e4nnu mera).<\/p>\n<p>Ungef\u00e4r en fj\u00e4rdedel av v\u00e4gen g\u00e5r p\u00e5 vad som i huvudsak \u00e4r en asfalterad tredjeklassv\u00e4g, medan det allra sista segmentet bokstavligen \u00e4r en gigantisk sten och jord. Med detta sagt \u00e4r resan ganska landsv\u00e4gscykelv\u00e4nlig, \u00e4ven om jag rekommenderar att du \u00e5tminstone anv\u00e4nder en cykel gjord f\u00f6r grus. Denna resa \u00e4r en d\u00e4r du b\u00f6r vara f\u00f6rberedd. Det finns absolut ingenting p\u00e5 v\u00e4gen, s\u00e5 du m\u00e5ste packa din egen mat och vatten.<\/p>\n<p>Om du n\u00e5gonsin lyckas lyfta huvudet fr\u00e5n ratten framf\u00f6r i ett f\u00f6rs\u00f6k att inte kasta upp lungorna, kommer du att se de magnifika skogarna l\u00e4ngs v\u00e4gen. P\u00e5 toppen, efter att du tagit en halvtimme eller s\u00e5 f\u00f6r att h\u00e4mta andan, se till att spendera lite tid p\u00e5 att njuta av landskapet. Jag \u00e4r s\u00e4ker p\u00e5 att du aldrig kommer att prova denna stigning igen, s\u00e5 sl\u00f6sa inte bort m\u00f6jligheten att ta n\u00e5gra bilder.<\/p>\n<h2><strong>1. Llano de las Animas, Spanien<\/strong><\/h2>\n<p>Llano de las Animas \u00e4r bland de tre sv\u00e5raste kl\u00e4ttringarna i v\u00e4rlden och den mest utmanande i Europa. Tja, OK, det \u00e4r tekniskt sett i Afrika eftersom det \u00e4r p\u00e5 Kanarie\u00f6arna men de tillh\u00f6r fortfarande Spanien, s\u00e5 det r\u00e4knas.<\/p>\n<p>Bel\u00e4gen p\u00e5 \u00f6n La Palma, som nyligen blev allm\u00e4nt k\u00e4nd f\u00f6r det massiva vulkanutbrottet, \u00e4r denna rutt f\u00f6rmodligen en du b\u00f6r hoppa \u00f6ver just nu tills det lavaspr\u00e4ngande berget lugnar ner sig.<\/p>\n<p>Din resa b\u00f6rjar vid Puerto de Puntagorda p\u00e5 \u00f6ns v\u00e4stra kust. Det tuffaste \u00e4r att hela din resa kommer att ske under den gassande solen, och du har bokstavligen ingenstans att ta skydd fr\u00e5n v\u00e4rmen. Under din 15,6km l\u00e5nga tur kommer du att passera flera byar men du kan endast f\u00f6rlita dig p\u00e5 Pino de la Virgen som ligger halvv\u00e4gs f\u00f6r en m\u00e5ltid och vatten. Det finns bokstavligen ingen annanstans att ta v\u00e4gen.<\/p>\n<p>Under den 15,6km l\u00e5nga turen m\u00e5ste du kl\u00e4ttra cirka 2,000m med en genomsnittlig lutning p\u00e5 12,6%. L\u00e5t dig dock inte luras. Genomsnittet s\u00e4nks av den relativt platta starten, d\u00e4r du bara kommer att g\u00e5 igenom en 3-5% lutning i cirka 2-3 km. Efter det kommer du att beh\u00f6va k\u00e4mpa dig igenom sj\u00e4lskrossande kl\u00e4ttringar eftersom 15% av hela rutten \u00e4r med mer \u00e4n 20% lutning. V\u00e4gen i sig \u00e4r faktiskt en av de b\u00e4sta p\u00e5 den h\u00e4r listan. Under cirka 12,8km \u00e4r det en tv\u00e5filig asfaltv\u00e4g utan axellinje. De sista 2,8km \u00e4r gjorda av r\u00e4fflad betong, vilket ger enast\u00e5ende dragkraft p\u00e5 uppstigningen men \u00e4r gudomligt p\u00e5 resan ner.<\/p>\n<p>N\u00e4r du v\u00e4l n\u00e5r toppen kommer du att hata allt i v\u00e4rlden och f\u00f6rbanna den som ber\u00e4ttade f\u00f6r dig om den h\u00e4r utmaningen (vilket kan vara jag, s\u00e5 var inte f\u00f6r h\u00e5rd). \u00c4nd\u00e5, efter att du f\u00e5tt andan framf\u00f6r dig, kommer det att finnas en s\u00e5dan vy som ingen kamera, foto eller ens ord kan beskriva. Du beh\u00f6ver helt enkelt uppleva det.<\/p>\n<p>Alla stigningar p\u00e5 denna lista \u00e4r endast f\u00f6r erfarna cyklister. B\u00f6rja med att er\u00f6vra de k\u00e4nda kl\u00e4ttringarna fr\u00e5n lopp som Tour de France innan du f\u00f6rs\u00f6ker ge dig p\u00e5 dessa.<\/p>\n<p>&nbsp;<\/p>\n","protected":false},"excerpt":{"rendered":"<p>N\u00e4r man pratar om utmanande stigningar inom cykelsporten t\u00e4nker de flesta p\u00e5 Mount Ventoux, Alpe d&#8217;Huez eller Passo Dello Stelvio. [&hellip;]<\/p>\n","protected":false},"author":165,"featured_media":4498,"comment_status":"open","ping_status":"open","sticky":false,"template":"","format":"standard","meta":{"footnotes":""},"categories":[5],"tags":[],"global-categories":[],"class_list":["post-4494","post","type-post","status-publish","format-standard","has-post-thumbnail","hentry","category-nyheter"],"yoast_head":"<!-- This site is optimized with the Yoast SEO Premium plugin v25.3 (Yoast SEO v25.9) - https:\/\/yoast.com\/wordpress\/plugins\/seo\/ -->\n<title>De 7 sv\u00e5raste topparna att bestiga i Europa - \u0160koda - We Love Cycling - Sweden<\/title>\n<meta name=\"description\" content=\"De \u00f6k\u00e4nda europiska topparna att besegra med cykel.\" \/>\n<meta name=\"robots\" content=\"index, follow, max-snippet:-1, max-image-preview:large, max-video-preview:-1\" \/>\n<link rel=\"canonical\" href=\"https:\/\/www.welovecycling.com\/se\/2023\/08\/14\/de-7-svaraste-topparna-att-bestiga-i-europa\/\" \/>\n<meta property=\"og:locale\" content=\"sv_SE\" \/>\n<meta property=\"og:type\" content=\"article\" \/>\n<meta property=\"og:title\" content=\"De 7 sv\u00e5raste topparna att bestiga i Europa\" \/>\n<meta property=\"og:description\" content=\"De \u00f6k\u00e4nda europiska topparna att besegra med cykel.\" \/>\n<meta property=\"og:url\" content=\"https:\/\/www.welovecycling.com\/se\/2023\/08\/14\/de-7-svaraste-topparna-att-bestiga-i-europa\/\" \/>\n<meta property=\"og:site_name\" content=\"\u0160koda - We Love Cycling - Sweden\" \/>\n<meta property=\"article:published_time\" content=\"2023-08-14T09:31:14+00:00\" \/>\n<meta property=\"article:modified_time\" content=\"2024-04-02T20:52:14+00:00\" \/>\n<meta property=\"og:image\" content=\"https:\/\/d2p6e6u75xmxt8.cloudfront.net\/9\/2022\/06\/Pico-Veleta-profimedia-0460922618-CVR.jpg\" \/>\n\t<meta property=\"og:image:width\" content=\"990\" \/>\n\t<meta property=\"og:image:height\" content=\"660\" \/>\n\t<meta property=\"og:image:type\" content=\"image\/jpeg\" \/>\n<meta name=\"author\" content=\"melissa\" \/>\n<meta name=\"twitter:card\" content=\"summary_large_image\" \/>\n<meta name=\"twitter:label1\" content=\"Written by\" \/>\n\t<meta name=\"twitter:data1\" content=\"Martin Atanasov\" \/>\n\t<meta name=\"twitter:label2\" content=\"Est. reading time\" \/>\n\t<meta name=\"twitter:data2\" content=\"6\" \/>\n<script type=\"application\/ld+json\" class=\"yoast-schema-graph\">{\"@context\":\"https:\/\/schema.org\",\"@graph\":[{\"@type\":\"WebPage\",\"@id\":\"https:\/\/www.welovecycling.com\/se\/2023\/08\/14\/de-7-svaraste-topparna-att-bestiga-i-europa\/\",\"url\":\"https:\/\/www.welovecycling.com\/se\/2023\/08\/14\/de-7-svaraste-topparna-att-bestiga-i-europa\/\",\"name\":\"De 7 sv\u00e5raste topparna att bestiga i Europa - \u0160koda - We Love Cycling - Sweden\",\"isPartOf\":{\"@id\":\"https:\/\/www.welovecycling.com\/se\/#website\"},\"primaryImageOfPage\":{\"@id\":\"https:\/\/www.welovecycling.com\/se\/2023\/08\/14\/de-7-svaraste-topparna-att-bestiga-i-europa\/#primaryimage\"},\"image\":{\"@id\":\"https:\/\/www.welovecycling.com\/se\/2023\/08\/14\/de-7-svaraste-topparna-att-bestiga-i-europa\/#primaryimage\"},\"thumbnailUrl\":\"https:\/\/d2p6e6u75xmxt8.cloudfront.net\/9\/2022\/06\/Pico-Veleta-profimedia-0460922618-CVR.jpg\",\"datePublished\":\"2023-08-14T09:31:14+00:00\",\"dateModified\":\"2024-04-02T20:52:14+00:00\",\"author\":{\"@id\":\"https:\/\/www.welovecycling.com\/se\/#\/schema\/person\/1ce69ffcc836254e4aac9cc854312889\"},\"description\":\"De \u00f6k\u00e4nda europiska topparna att besegra med cykel.\",\"breadcrumb\":{\"@id\":\"https:\/\/www.welovecycling.com\/se\/2023\/08\/14\/de-7-svaraste-topparna-att-bestiga-i-europa\/#breadcrumb\"},\"inLanguage\":\"sv-SE\",\"potentialAction\":[{\"@type\":\"ReadAction\",\"target\":[\"https:\/\/www.welovecycling.com\/se\/2023\/08\/14\/de-7-svaraste-topparna-att-bestiga-i-europa\/\"]}]},{\"@type\":\"ImageObject\",\"inLanguage\":\"sv-SE\",\"@id\":\"https:\/\/www.welovecycling.com\/se\/2023\/08\/14\/de-7-svaraste-topparna-att-bestiga-i-europa\/#primaryimage\",\"url\":\"https:\/\/d2p6e6u75xmxt8.cloudfront.net\/9\/2022\/06\/Pico-Veleta-profimedia-0460922618-CVR.jpg\",\"contentUrl\":\"https:\/\/d2p6e6u75xmxt8.cloudfront.net\/9\/2022\/06\/Pico-Veleta-profimedia-0460922618-CVR.jpg\",\"width\":990,\"height\":660,\"caption\":\"Pico Veleta\"},{\"@type\":\"BreadcrumbList\",\"@id\":\"https:\/\/www.welovecycling.com\/se\/2023\/08\/14\/de-7-svaraste-topparna-att-bestiga-i-europa\/#breadcrumb\",\"itemListElement\":[{\"@type\":\"ListItem\",\"position\":1,\"name\":\"Home\",\"item\":\"https:\/\/www.welovecycling.com\/se\/\"},{\"@type\":\"ListItem\",\"position\":2,\"name\":\"De 7 sv\u00e5raste topparna att bestiga i Europa\"}]},{\"@type\":\"WebSite\",\"@id\":\"https:\/\/www.welovecycling.com\/se\/#website\",\"url\":\"https:\/\/www.welovecycling.com\/se\/\",\"name\":\"\u0160koda - We Love Cycling - Sweden\",\"description\":\"\u0160koda We Love Cycling - Sweden\",\"potentialAction\":[{\"@type\":\"SearchAction\",\"target\":{\"@type\":\"EntryPoint\",\"urlTemplate\":\"https:\/\/www.welovecycling.com\/se\/?s={search_term_string}\"},\"query-input\":{\"@type\":\"PropertyValueSpecification\",\"valueRequired\":true,\"valueName\":\"search_term_string\"}}],\"inLanguage\":\"sv-SE\"},{\"@type\":\"Person\",\"@id\":\"https:\/\/www.welovecycling.com\/se\/#\/schema\/person\/1ce69ffcc836254e4aac9cc854312889\",\"name\":\"melissa\",\"image\":{\"@type\":\"ImageObject\",\"inLanguage\":\"sv-SE\",\"@id\":\"https:\/\/www.welovecycling.com\/se\/#\/schema\/person\/image\/\",\"url\":\"https:\/\/secure.gravatar.com\/avatar\/eb993be7ba78b1d85e4831b2ebd9c0e73d0ccb9adb25f770d3b6fec1ebb028a2?s=96&d=mm&r=g\",\"contentUrl\":\"https:\/\/secure.gravatar.com\/avatar\/eb993be7ba78b1d85e4831b2ebd9c0e73d0ccb9adb25f770d3b6fec1ebb028a2?s=96&d=mm&r=g\",\"caption\":\"melissa\"},\"url\":\"https:\/\/www.welovecycling.com\/se\/author\/melissa\/\"}]}<\/script>\n<!-- \/ Yoast SEO Premium plugin. -->","yoast_head_json":{"title":"De 7 sv\u00e5raste topparna att bestiga i Europa - \u0160koda - We Love Cycling - Sweden","description":"De \u00f6k\u00e4nda europiska topparna att besegra med cykel.","robots":{"index":"index","follow":"follow","max-snippet":"max-snippet:-1","max-image-preview":"max-image-preview:large","max-video-preview":"max-video-preview:-1"},"canonical":"https:\/\/www.welovecycling.com\/se\/2023\/08\/14\/de-7-svaraste-topparna-att-bestiga-i-europa\/","og_locale":"sv_SE","og_type":"article","og_title":"De 7 sv\u00e5raste topparna att bestiga i Europa","og_description":"De \u00f6k\u00e4nda europiska topparna att besegra med cykel.","og_url":"https:\/\/www.welovecycling.com\/se\/2023\/08\/14\/de-7-svaraste-topparna-att-bestiga-i-europa\/","og_site_name":"\u0160koda - We Love Cycling - Sweden","article_published_time":"2023-08-14T09:31:14+00:00","article_modified_time":"2024-04-02T20:52:14+00:00","og_image":[{"width":990,"height":660,"url":"https:\/\/d2p6e6u75xmxt8.cloudfront.net\/9\/2022\/06\/Pico-Veleta-profimedia-0460922618-CVR.jpg","type":"image\/jpeg"}],"author":"melissa","twitter_card":"summary_large_image","twitter_misc":{"Written by":"Martin Atanasov","Est. reading time":"6"},"schema":{"@context":"https:\/\/schema.org","@graph":[{"@type":"WebPage","@id":"https:\/\/www.welovecycling.com\/se\/2023\/08\/14\/de-7-svaraste-topparna-att-bestiga-i-europa\/","url":"https:\/\/www.welovecycling.com\/se\/2023\/08\/14\/de-7-svaraste-topparna-att-bestiga-i-europa\/","name":"De 7 sv\u00e5raste topparna att bestiga i Europa - \u0160koda - We Love Cycling - Sweden","isPartOf":{"@id":"https:\/\/www.welovecycling.com\/se\/#website"},"primaryImageOfPage":{"@id":"https:\/\/www.welovecycling.com\/se\/2023\/08\/14\/de-7-svaraste-topparna-att-bestiga-i-europa\/#primaryimage"},"image":{"@id":"https:\/\/www.welovecycling.com\/se\/2023\/08\/14\/de-7-svaraste-topparna-att-bestiga-i-europa\/#primaryimage"},"thumbnailUrl":"https:\/\/d2p6e6u75xmxt8.cloudfront.net\/9\/2022\/06\/Pico-Veleta-profimedia-0460922618-CVR.jpg","datePublished":"2023-08-14T09:31:14+00:00","dateModified":"2024-04-02T20:52:14+00:00","author":{"@id":"https:\/\/www.welovecycling.com\/se\/#\/schema\/person\/1ce69ffcc836254e4aac9cc854312889"},"description":"De \u00f6k\u00e4nda europiska topparna att besegra med cykel.","breadcrumb":{"@id":"https:\/\/www.welovecycling.com\/se\/2023\/08\/14\/de-7-svaraste-topparna-att-bestiga-i-europa\/#breadcrumb"},"inLanguage":"sv-SE","potentialAction":[{"@type":"ReadAction","target":["https:\/\/www.welovecycling.com\/se\/2023\/08\/14\/de-7-svaraste-topparna-att-bestiga-i-europa\/"]}]},{"@type":"ImageObject","inLanguage":"sv-SE","@id":"https:\/\/www.welovecycling.com\/se\/2023\/08\/14\/de-7-svaraste-topparna-att-bestiga-i-europa\/#primaryimage","url":"https:\/\/d2p6e6u75xmxt8.cloudfront.net\/9\/2022\/06\/Pico-Veleta-profimedia-0460922618-CVR.jpg","contentUrl":"https:\/\/d2p6e6u75xmxt8.cloudfront.net\/9\/2022\/06\/Pico-Veleta-profimedia-0460922618-CVR.jpg","width":990,"height":660,"caption":"Pico Veleta"},{"@type":"BreadcrumbList","@id":"https:\/\/www.welovecycling.com\/se\/2023\/08\/14\/de-7-svaraste-topparna-att-bestiga-i-europa\/#breadcrumb","itemListElement":[{"@type":"ListItem","position":1,"name":"Home","item":"https:\/\/www.welovecycling.com\/se\/"},{"@type":"ListItem","position":2,"name":"De 7 sv\u00e5raste topparna att bestiga i Europa"}]},{"@type":"WebSite","@id":"https:\/\/www.welovecycling.com\/se\/#website","url":"https:\/\/www.welovecycling.com\/se\/","name":"\u0160koda - We Love Cycling - Sweden","description":"\u0160koda We Love Cycling - Sweden","potentialAction":[{"@type":"SearchAction","target":{"@type":"EntryPoint","urlTemplate":"https:\/\/www.welovecycling.com\/se\/?s={search_term_string}"},"query-input":{"@type":"PropertyValueSpecification","valueRequired":true,"valueName":"search_term_string"}}],"inLanguage":"sv-SE"},{"@type":"Person","@id":"https:\/\/www.welovecycling.com\/se\/#\/schema\/person\/1ce69ffcc836254e4aac9cc854312889","name":"melissa","image":{"@type":"ImageObject","inLanguage":"sv-SE","@id":"https:\/\/www.welovecycling.com\/se\/#\/schema\/person\/image\/","url":"https:\/\/secure.gravatar.com\/avatar\/eb993be7ba78b1d85e4831b2ebd9c0e73d0ccb9adb25f770d3b6fec1ebb028a2?s=96&d=mm&r=g","contentUrl":"https:\/\/secure.gravatar.com\/avatar\/eb993be7ba78b1d85e4831b2ebd9c0e73d0ccb9adb25f770d3b6fec1ebb028a2?s=96&d=mm&r=g","caption":"melissa"},"url":"https:\/\/www.welovecycling.com\/se\/author\/melissa\/"}]}},"_links":{"self":[{"href":"https:\/\/www.welovecycling.com\/se\/wp-json\/wp\/v2\/posts\/4494","targetHints":{"allow":["GET"]}}],"collection":[{"href":"https:\/\/www.welovecycling.com\/se\/wp-json\/wp\/v2\/posts"}],"about":[{"href":"https:\/\/www.welovecycling.com\/se\/wp-json\/wp\/v2\/types\/post"}],"author":[{"embeddable":true,"href":"https:\/\/www.welovecycling.com\/se\/wp-json\/wp\/v2\/users\/165"}],"replies":[{"embeddable":true,"href":"https:\/\/www.welovecycling.com\/se\/wp-json\/wp\/v2\/comments?post=4494"}],"version-history":[{"count":7,"href":"https:\/\/www.welovecycling.com\/se\/wp-json\/wp\/v2\/posts\/4494\/revisions"}],"predecessor-version":[{"id":4711,"href":"https:\/\/www.welovecycling.com\/se\/wp-json\/wp\/v2\/posts\/4494\/revisions\/4711"}],"wp:featuredmedia":[{"embeddable":true,"href":"https:\/\/www.welovecycling.com\/se\/wp-json\/wp\/v2\/media\/4498"}],"wp:attachment":[{"href":"https:\/\/www.welovecycling.com\/se\/wp-json\/wp\/v2\/media?parent=4494"}],"wp:term":[{"taxonomy":"category","embeddable":true,"href":"https:\/\/www.welovecycling.com\/se\/wp-json\/wp\/v2\/categories?post=4494"},{"taxonomy":"post_tag","embeddable":true,"href":"https:\/\/www.welovecycling.com\/se\/wp-json\/wp\/v2\/tags?post=4494"},{"taxonomy":"global-categories","embeddable":true,"href":"https:\/\/www.welovecycling.com\/se\/wp-json\/wp\/v2\/global-categories?post=4494"}],"curies":[{"name":"wp","href":"https:\/\/api.w.org\/{rel}","templated":true}]}}