{"id":4469,"date":"2022-06-09T21:27:51","date_gmt":"2022-06-09T20:27:51","guid":{"rendered":"https:\/\/www.welovecycling.com\/se\/?p=4469"},"modified":"2022-06-09T21:40:51","modified_gmt":"2022-06-09T20:40:51","slug":"vinn-vip-plats-tour-de-france2023","status":"publish","type":"post","link":"https:\/\/www.welovecycling.com\/se\/2022\/06\/09\/vinn-vip-plats-tour-de-france2023\/","title":{"rendered":"Spurta och vinn en VIP-upplevelse p\u00e5 Tour de France 2023 med \u0160koda!"},"content":{"rendered":"<h4>\u0160koda \u00e4r stolt partner till b\u00e5de Tour de France och V\u00e4tternrundan. I \u00e5r har du chansen att vinna en exklusiv VIP-upplevelse p\u00e5 Tour de France \u2013 genom att spurta p\u00e5 V\u00e4tternrundan!<\/h4>\n<p style=\"font-weight: 400;\">L\u00e4ngs med den 315 kilometer l\u00e5nga V\u00e4tternrundan finns ett 200m l\u00e5ngt segment d\u00e4r det g\u00e4ller att trampa fort. Snabbaste cyklisten genom str\u00e4ckan vinner en plats till sig sj\u00e4lv och en v\u00e4n till \u0160koda VIP Hospitality Programme, Tour de France 2023! En idrottsupplevelse ut\u00f6ver det vanliga d\u00e4r du f\u00e5r m\u00f6jlighet att uppleva Tour de France fr\u00e5n f\u00f6rsta parkett, en unik inblick i v\u00e4rldens fr\u00e4msta cykelarrangemang! Under en etapp f\u00f6ljer du klungan i en av de gr\u00f6na f\u00f6ljebilarna, flyger helikopter \u00f6ver klungan, tr\u00e4ffar tidigare Tour de France-cyklister och f\u00e5r provcykla delar av banan.<\/p>\n<p style=\"font-weight: 400;\">Spurtstr\u00e4ckan passerar du som cyklist i Hjo, s\u00e5 var redo att v\u00e4xla upp och kamma hem \u0160kodas storvinst!<\/p>\n<p style=\"font-weight: 400;\">F\u00f6r att din spurttid ska vara giltig kr\u00e4vs det att du som cyklist tar dig hela v\u00e4gen till m\u00e5lg\u00e5ngen i Motala och f\u00e5r en registrerad sluttid p\u00e5 V\u00e4tternrundan. Vinnaren presenteras n\u00e4r alla deltagares resultat \u00e4r sammanst\u00e4llda, och kontaktas d\u00e5 av oss p\u00e5 \u0160koda.<\/p>\n<p style=\"font-weight: 400;\"><strong>K\u00f6r h\u00e5rt och lycka till!<\/strong><\/p>\n<figure id=\"attachment_2812\" aria-describedby=\"caption-attachment-2812\" style=\"width: 1920px\" class=\"wp-caption alignnone\"><a href=\"https:\/\/d2p6e6u75xmxt8.cloudfront.net\/9\/2020\/08\/IMG_0888-scaled.jpg\"><img loading=\"lazy\" decoding=\"async\" class=\"wp-image-2812 size-extra-large\" src=\"https:\/\/d2p6e6u75xmxt8.cloudfront.net\/9\/2020\/08\/IMG_0888-1920x1079.jpg\" alt=\"\" width=\"1920\" height=\"1079\" srcset=\"https:\/\/d2p6e6u75xmxt8.cloudfront.net\/9\/2020\/08\/IMG_0888-1920x1079.jpg 1920w, https:\/\/d2p6e6u75xmxt8.cloudfront.net\/9\/2020\/08\/IMG_0888-300x169.jpg 300w, https:\/\/d2p6e6u75xmxt8.cloudfront.net\/9\/2020\/08\/IMG_0888-1024x575.jpg 1024w, https:\/\/d2p6e6u75xmxt8.cloudfront.net\/9\/2020\/08\/IMG_0888-768x432.jpg 768w, https:\/\/d2p6e6u75xmxt8.cloudfront.net\/9\/2020\/08\/IMG_0888-1536x863.jpg 1536w, https:\/\/d2p6e6u75xmxt8.cloudfront.net\/9\/2020\/08\/IMG_0888-2048x1151.jpg 2048w, https:\/\/d2p6e6u75xmxt8.cloudfront.net\/9\/2020\/08\/IMG_0888-1920x1079.jpg 1920w\" sizes=\"auto, (max-width: 1920px) 100vw, 1920px\" \/><\/a><figcaption id=\"caption-attachment-2812\" class=\"wp-caption-text\">SKODAS VIP-program p\u00e5 Tour de France \u00e4r en upplevelse du aldrig kommer gl\u00f6mma<\/figcaption><\/figure>\n<p>&nbsp;<\/p>\n<p>&nbsp;<\/p>\n","protected":false},"excerpt":{"rendered":"<p>\u0160koda \u00e4r stolt partner till b\u00e5de Tour de France och V\u00e4tternrundan. I \u00e5r har du chansen att vinna en exklusiv [&hellip;]<\/p>\n","protected":false},"author":52,"featured_media":4470,"comment_status":"open","ping_status":"open","sticky":false,"template":"","format":"standard","meta":{"footnotes":""},"categories":[11],"tags":[20,64,92],"global-categories":[36],"class_list":["post-4469","post","type-post","status-publish","format-standard","has-post-thumbnail","hentry","category-tdf","tag-tour-de-france","tag-vatternrundan","tag-vip","global-categories-cycling"],"yoast_head":"<!-- This site is optimized with the Yoast SEO Premium plugin v25.3 (Yoast SEO v25.9) - https:\/\/yoast.com\/wordpress\/plugins\/seo\/ -->\n<title>Spurta och vinn en VIP-upplevelse p\u00e5 Tour de France 2023 med \u0160koda! - \u0160koda - We Love Cycling - Sweden<\/title>\n<meta name=\"description\" content=\"Ta chansen att vinna en exklusiv VIP-upplevelse p\u00e5 Tour de France \u2013 genom att spurta p\u00e5 V\u00e4tternrundan!\" \/>\n<meta name=\"robots\" content=\"index, follow, max-snippet:-1, max-image-preview:large, max-video-preview:-1\" \/>\n<link rel=\"canonical\" href=\"https:\/\/www.welovecycling.com\/se\/2022\/06\/09\/vinn-vip-plats-tour-de-france2023\/\" \/>\n<meta property=\"og:locale\" content=\"sv_SE\" \/>\n<meta property=\"og:type\" content=\"article\" \/>\n<meta property=\"og:title\" content=\"Spurta och vinn en VIP-upplevelse p\u00e5 Tour de France 2023 med \u0160koda!\" \/>\n<meta property=\"og:description\" content=\"Ta chansen att vinna en exklusiv VIP-upplevelse p\u00e5 Tour de France \u2013 genom att spurta p\u00e5 V\u00e4tternrundan!\" \/>\n<meta property=\"og:url\" content=\"https:\/\/www.welovecycling.com\/se\/2022\/06\/09\/vinn-vip-plats-tour-de-france2023\/\" \/>\n<meta property=\"og:site_name\" content=\"\u0160koda - We Love Cycling - Sweden\" \/>\n<meta property=\"article:published_time\" content=\"2022-06-09T20:27:51+00:00\" \/>\n<meta property=\"article:modified_time\" content=\"2022-06-09T20:40:51+00:00\" \/>\n<meta property=\"og:image\" content=\"https:\/\/d2p6e6u75xmxt8.cloudfront.net\/9\/2022\/06\/SKODA_2021_Dag2_4217.jpg\" \/>\n\t<meta property=\"og:image:width\" content=\"2048\" \/>\n\t<meta property=\"og:image:height\" content=\"1324\" \/>\n\t<meta property=\"og:image:type\" content=\"image\/jpeg\" \/>\n<meta name=\"author\" content=\"erikleonsson\" \/>\n<meta name=\"twitter:card\" content=\"summary_large_image\" \/>\n<meta name=\"twitter:label1\" content=\"Written by\" \/>\n\t<meta name=\"twitter:data1\" content=\"erikleonsson\" \/>\n\t<meta name=\"twitter:label2\" content=\"Est. reading time\" \/>\n\t<meta name=\"twitter:data2\" content=\"1 minute\" \/>\n<script type=\"application\/ld+json\" class=\"yoast-schema-graph\">{\"@context\":\"https:\/\/schema.org\",\"@graph\":[{\"@type\":\"WebPage\",\"@id\":\"https:\/\/www.welovecycling.com\/se\/2022\/06\/09\/vinn-vip-plats-tour-de-france2023\/\",\"url\":\"https:\/\/www.welovecycling.com\/se\/2022\/06\/09\/vinn-vip-plats-tour-de-france2023\/\",\"name\":\"Spurta och vinn en VIP-upplevelse p\u00e5 Tour de France 2023 med \u0160koda! - \u0160koda - We Love Cycling - Sweden\",\"isPartOf\":{\"@id\":\"https:\/\/www.welovecycling.com\/se\/#website\"},\"primaryImageOfPage\":{\"@id\":\"https:\/\/www.welovecycling.com\/se\/2022\/06\/09\/vinn-vip-plats-tour-de-france2023\/#primaryimage\"},\"image\":{\"@id\":\"https:\/\/www.welovecycling.com\/se\/2022\/06\/09\/vinn-vip-plats-tour-de-france2023\/#primaryimage\"},\"thumbnailUrl\":\"https:\/\/d2p6e6u75xmxt8.cloudfront.net\/9\/2022\/06\/SKODA_2021_Dag2_4217.jpg\",\"datePublished\":\"2022-06-09T20:27:51+00:00\",\"dateModified\":\"2022-06-09T20:40:51+00:00\",\"author\":{\"@id\":\"https:\/\/www.welovecycling.com\/se\/#\/schema\/person\/037f34ad5d6e77accab8a3eff6ad7a0c\"},\"description\":\"Ta chansen att vinna en exklusiv VIP-upplevelse p\u00e5 Tour de France \u2013 genom att spurta p\u00e5 V\u00e4tternrundan!\",\"breadcrumb\":{\"@id\":\"https:\/\/www.welovecycling.com\/se\/2022\/06\/09\/vinn-vip-plats-tour-de-france2023\/#breadcrumb\"},\"inLanguage\":\"sv-SE\",\"potentialAction\":[{\"@type\":\"ReadAction\",\"target\":[\"https:\/\/www.welovecycling.com\/se\/2022\/06\/09\/vinn-vip-plats-tour-de-france2023\/\"]}]},{\"@type\":\"ImageObject\",\"inLanguage\":\"sv-SE\",\"@id\":\"https:\/\/www.welovecycling.com\/se\/2022\/06\/09\/vinn-vip-plats-tour-de-france2023\/#primaryimage\",\"url\":\"https:\/\/d2p6e6u75xmxt8.cloudfront.net\/9\/2022\/06\/SKODA_2021_Dag2_4217.jpg\",\"contentUrl\":\"https:\/\/d2p6e6u75xmxt8.cloudfront.net\/9\/2022\/06\/SKODA_2021_Dag2_4217.jpg\",\"width\":2048,\"height\":1324},{\"@type\":\"BreadcrumbList\",\"@id\":\"https:\/\/www.welovecycling.com\/se\/2022\/06\/09\/vinn-vip-plats-tour-de-france2023\/#breadcrumb\",\"itemListElement\":[{\"@type\":\"ListItem\",\"position\":1,\"name\":\"Home\",\"item\":\"https:\/\/www.welovecycling.com\/se\/\"},{\"@type\":\"ListItem\",\"position\":2,\"name\":\"Spurta och vinn en VIP-upplevelse p\u00e5 Tour de France 2023 med \u0160koda!\"}]},{\"@type\":\"WebSite\",\"@id\":\"https:\/\/www.welovecycling.com\/se\/#website\",\"url\":\"https:\/\/www.welovecycling.com\/se\/\",\"name\":\"\u0160koda - We Love Cycling - Sweden\",\"description\":\"\u0160koda We Love Cycling - Sweden\",\"potentialAction\":[{\"@type\":\"SearchAction\",\"target\":{\"@type\":\"EntryPoint\",\"urlTemplate\":\"https:\/\/www.welovecycling.com\/se\/?s={search_term_string}\"},\"query-input\":{\"@type\":\"PropertyValueSpecification\",\"valueRequired\":true,\"valueName\":\"search_term_string\"}}],\"inLanguage\":\"sv-SE\"},{\"@type\":\"Person\",\"@id\":\"https:\/\/www.welovecycling.com\/se\/#\/schema\/person\/037f34ad5d6e77accab8a3eff6ad7a0c\",\"name\":\"erikleonsson\",\"image\":{\"@type\":\"ImageObject\",\"inLanguage\":\"sv-SE\",\"@id\":\"https:\/\/www.welovecycling.com\/se\/#\/schema\/person\/image\/\",\"url\":\"https:\/\/secure.gravatar.com\/avatar\/788a593b0a657d6864c271709722f9cd586caa5a645e77f71fe625396b02677c?s=96&d=mm&r=g\",\"contentUrl\":\"https:\/\/secure.gravatar.com\/avatar\/788a593b0a657d6864c271709722f9cd586caa5a645e77f71fe625396b02677c?s=96&d=mm&r=g\",\"caption\":\"erikleonsson\"},\"url\":\"https:\/\/www.welovecycling.com\/se\/author\/erikleonsson\/\"}]}<\/script>\n<!-- \/ Yoast SEO Premium plugin. -->","yoast_head_json":{"title":"Spurta och vinn en VIP-upplevelse p\u00e5 Tour de France 2023 med \u0160koda! - \u0160koda - We Love Cycling - Sweden","description":"Ta chansen att vinna en exklusiv VIP-upplevelse p\u00e5 Tour de France \u2013 genom att spurta p\u00e5 V\u00e4tternrundan!","robots":{"index":"index","follow":"follow","max-snippet":"max-snippet:-1","max-image-preview":"max-image-preview:large","max-video-preview":"max-video-preview:-1"},"canonical":"https:\/\/www.welovecycling.com\/se\/2022\/06\/09\/vinn-vip-plats-tour-de-france2023\/","og_locale":"sv_SE","og_type":"article","og_title":"Spurta och vinn en VIP-upplevelse p\u00e5 Tour de France 2023 med \u0160koda!","og_description":"Ta chansen att vinna en exklusiv VIP-upplevelse p\u00e5 Tour de France \u2013 genom att spurta p\u00e5 V\u00e4tternrundan!","og_url":"https:\/\/www.welovecycling.com\/se\/2022\/06\/09\/vinn-vip-plats-tour-de-france2023\/","og_site_name":"\u0160koda - We Love Cycling - Sweden","article_published_time":"2022-06-09T20:27:51+00:00","article_modified_time":"2022-06-09T20:40:51+00:00","og_image":[{"width":2048,"height":1324,"url":"https:\/\/d2p6e6u75xmxt8.cloudfront.net\/9\/2022\/06\/SKODA_2021_Dag2_4217.jpg","type":"image\/jpeg"}],"author":"erikleonsson","twitter_card":"summary_large_image","twitter_misc":{"Written by":"erikleonsson","Est. reading time":"1 minute"},"schema":{"@context":"https:\/\/schema.org","@graph":[{"@type":"WebPage","@id":"https:\/\/www.welovecycling.com\/se\/2022\/06\/09\/vinn-vip-plats-tour-de-france2023\/","url":"https:\/\/www.welovecycling.com\/se\/2022\/06\/09\/vinn-vip-plats-tour-de-france2023\/","name":"Spurta och vinn en VIP-upplevelse p\u00e5 Tour de France 2023 med \u0160koda! - \u0160koda - We Love Cycling - Sweden","isPartOf":{"@id":"https:\/\/www.welovecycling.com\/se\/#website"},"primaryImageOfPage":{"@id":"https:\/\/www.welovecycling.com\/se\/2022\/06\/09\/vinn-vip-plats-tour-de-france2023\/#primaryimage"},"image":{"@id":"https:\/\/www.welovecycling.com\/se\/2022\/06\/09\/vinn-vip-plats-tour-de-france2023\/#primaryimage"},"thumbnailUrl":"https:\/\/d2p6e6u75xmxt8.cloudfront.net\/9\/2022\/06\/SKODA_2021_Dag2_4217.jpg","datePublished":"2022-06-09T20:27:51+00:00","dateModified":"2022-06-09T20:40:51+00:00","author":{"@id":"https:\/\/www.welovecycling.com\/se\/#\/schema\/person\/037f34ad5d6e77accab8a3eff6ad7a0c"},"description":"Ta chansen att vinna en exklusiv VIP-upplevelse p\u00e5 Tour de France \u2013 genom att spurta p\u00e5 V\u00e4tternrundan!","breadcrumb":{"@id":"https:\/\/www.welovecycling.com\/se\/2022\/06\/09\/vinn-vip-plats-tour-de-france2023\/#breadcrumb"},"inLanguage":"sv-SE","potentialAction":[{"@type":"ReadAction","target":["https:\/\/www.welovecycling.com\/se\/2022\/06\/09\/vinn-vip-plats-tour-de-france2023\/"]}]},{"@type":"ImageObject","inLanguage":"sv-SE","@id":"https:\/\/www.welovecycling.com\/se\/2022\/06\/09\/vinn-vip-plats-tour-de-france2023\/#primaryimage","url":"https:\/\/d2p6e6u75xmxt8.cloudfront.net\/9\/2022\/06\/SKODA_2021_Dag2_4217.jpg","contentUrl":"https:\/\/d2p6e6u75xmxt8.cloudfront.net\/9\/2022\/06\/SKODA_2021_Dag2_4217.jpg","width":2048,"height":1324},{"@type":"BreadcrumbList","@id":"https:\/\/www.welovecycling.com\/se\/2022\/06\/09\/vinn-vip-plats-tour-de-france2023\/#breadcrumb","itemListElement":[{"@type":"ListItem","position":1,"name":"Home","item":"https:\/\/www.welovecycling.com\/se\/"},{"@type":"ListItem","position":2,"name":"Spurta och vinn en VIP-upplevelse p\u00e5 Tour de France 2023 med \u0160koda!"}]},{"@type":"WebSite","@id":"https:\/\/www.welovecycling.com\/se\/#website","url":"https:\/\/www.welovecycling.com\/se\/","name":"\u0160koda - We Love Cycling - Sweden","description":"\u0160koda We Love Cycling - Sweden","potentialAction":[{"@type":"SearchAction","target":{"@type":"EntryPoint","urlTemplate":"https:\/\/www.welovecycling.com\/se\/?s={search_term_string}"},"query-input":{"@type":"PropertyValueSpecification","valueRequired":true,"valueName":"search_term_string"}}],"inLanguage":"sv-SE"},{"@type":"Person","@id":"https:\/\/www.welovecycling.com\/se\/#\/schema\/person\/037f34ad5d6e77accab8a3eff6ad7a0c","name":"erikleonsson","image":{"@type":"ImageObject","inLanguage":"sv-SE","@id":"https:\/\/www.welovecycling.com\/se\/#\/schema\/person\/image\/","url":"https:\/\/secure.gravatar.com\/avatar\/788a593b0a657d6864c271709722f9cd586caa5a645e77f71fe625396b02677c?s=96&d=mm&r=g","contentUrl":"https:\/\/secure.gravatar.com\/avatar\/788a593b0a657d6864c271709722f9cd586caa5a645e77f71fe625396b02677c?s=96&d=mm&r=g","caption":"erikleonsson"},"url":"https:\/\/www.welovecycling.com\/se\/author\/erikleonsson\/"}]}},"_links":{"self":[{"href":"https:\/\/www.welovecycling.com\/se\/wp-json\/wp\/v2\/posts\/4469","targetHints":{"allow":["GET"]}}],"collection":[{"href":"https:\/\/www.welovecycling.com\/se\/wp-json\/wp\/v2\/posts"}],"about":[{"href":"https:\/\/www.welovecycling.com\/se\/wp-json\/wp\/v2\/types\/post"}],"author":[{"embeddable":true,"href":"https:\/\/www.welovecycling.com\/se\/wp-json\/wp\/v2\/users\/52"}],"replies":[{"embeddable":true,"href":"https:\/\/www.welovecycling.com\/se\/wp-json\/wp\/v2\/comments?post=4469"}],"version-history":[{"count":2,"href":"https:\/\/www.welovecycling.com\/se\/wp-json\/wp\/v2\/posts\/4469\/revisions"}],"predecessor-version":[{"id":4475,"href":"https:\/\/www.welovecycling.com\/se\/wp-json\/wp\/v2\/posts\/4469\/revisions\/4475"}],"wp:featuredmedia":[{"embeddable":true,"href":"https:\/\/www.welovecycling.com\/se\/wp-json\/wp\/v2\/media\/4470"}],"wp:attachment":[{"href":"https:\/\/www.welovecycling.com\/se\/wp-json\/wp\/v2\/media?parent=4469"}],"wp:term":[{"taxonomy":"category","embeddable":true,"href":"https:\/\/www.welovecycling.com\/se\/wp-json\/wp\/v2\/categories?post=4469"},{"taxonomy":"post_tag","embeddable":true,"href":"https:\/\/www.welovecycling.com\/se\/wp-json\/wp\/v2\/tags?post=4469"},{"taxonomy":"global-categories","embeddable":true,"href":"https:\/\/www.welovecycling.com\/se\/wp-json\/wp\/v2\/global-categories?post=4469"}],"curies":[{"name":"wp","href":"https:\/\/api.w.org\/{rel}","templated":true}]}}