{"id":4446,"date":"2022-06-02T15:58:23","date_gmt":"2022-06-02T14:58:23","guid":{"rendered":"https:\/\/www.welovecycling.com\/se\/?p=4446"},"modified":"2022-06-02T16:01:37","modified_gmt":"2022-06-02T15:01:37","slug":"ny-radar-fran-garmin","status":"publish","type":"post","link":"https:\/\/www.welovecycling.com\/se\/2022\/06\/02\/ny-radar-fran-garmin\/","title":{"rendered":"Ny radar fr\u00e5n Garmin f\u00f6rb\u00e4ttrar s\u00e4kerheten f\u00f6r cyklister"},"content":{"rendered":"<p><i>Garmins nya Varia RCT716 har en inbyggd kamera som kontinuerligt in dina omgivningar under cykelturen och sparar bildmaterialet ifall du r\u00e5kar ut f\u00f6r en incident. En efterl\u00e4ngtad funktion f\u00f6r landsv\u00e4gscyklister och n\u00e5got som \u00f6kar utredningsm\u00f6jligheten vid trafikincidenter.\u00a0<\/i><\/p>\n<p>Den tidigare modellen av Garmin Varia var en mycket uppskattad teknisk landvinning f\u00f6r oss cyklister. Den bak\u00e5tseende radarn \u00f6kade medvetenheten kring bilar som n\u00e4rmar sig, vilket underl\u00e4ttar cykling ensam eller om du ligger i yttre ledet i en grupp. Den gav dig helt enkelt \u00f6gon i nacken.<\/p>\n<p><a href=\"https:\/\/d2p6e6u75xmxt8.cloudfront.net\/9\/2022\/06\/20211007_Hero_FIT_0391_CMYK.jpg\"><img loading=\"lazy\" decoding=\"async\" class=\"alignnone size-full wp-image-4450\" src=\"https:\/\/d2p6e6u75xmxt8.cloudfront.net\/9\/2022\/06\/20211007_Hero_FIT_0391_CMYK.jpg\" alt=\"\" width=\"1366\" height=\"1037\" srcset=\"https:\/\/d2p6e6u75xmxt8.cloudfront.net\/9\/2022\/06\/20211007_Hero_FIT_0391_CMYK.jpg 1366w, https:\/\/d2p6e6u75xmxt8.cloudfront.net\/9\/2022\/06\/20211007_Hero_FIT_0391_CMYK-300x228.jpg 300w, https:\/\/d2p6e6u75xmxt8.cloudfront.net\/9\/2022\/06\/20211007_Hero_FIT_0391_CMYK-1024x777.jpg 1024w, https:\/\/d2p6e6u75xmxt8.cloudfront.net\/9\/2022\/06\/20211007_Hero_FIT_0391_CMYK-768x583.jpg 768w\" sizes=\"auto, (max-width: 1366px) 100vw, 1366px\" \/><\/a><\/p>\n<p>Men nu tar man allts\u00e5 ett till steg genom att tillf\u00f6ra vad man i bilv\u00e4rlden kallar f\u00f6r \u201ddashcam\u201d som kontinuerligt spelar in video. En funktion som man fr\u00e5n Garmins sida hoppas ska underl\u00e4tta bevisl\u00e4get n\u00e4r en incident intr\u00e4ffar. I Sverige har vi ett antal r\u00e4ttsfall d\u00e4r cyklister skadats avsiktligt av h\u00e4nsynsl\u00f6sa bilf\u00f6rare, som sedan med framg\u00e5ng h\u00e4vdat att de <a href=\"https:\/\/www.mitti.se\/nyheter\/vajde-for-katt-frias-fran-cykelkrasch\/lmqal!1097215\/\">exempelvis vejat f\u00f6r djur p\u00e5 v\u00e4gen.<\/a>\u00a0F\u00f6rhoppningsvis bidrar en s\u00e5n h\u00e4r produkt till fler f\u00e4llande domar \u00e4ven om en kamera som filmar fram\u00e5t \u00e4ven vore att \u00f6nska.<\/p>\n<p>Varia RCT716 detekterar fordon p\u00e5 upp till 140 meter avst\u00e5nd och spelar allts\u00e5 in vad som sker bak\u00e5t. Kameran kan styras direkt fr\u00e5n din Garmin-enhet och \u00e5tkomst till inspelat material f\u00e5s via Varia-appen p\u00e5 din smartphone. Monteringen ska vara enkel och passa de flesta cyklar p\u00e5 marknaden. Uppl\u00f6sningen ligger p\u00e5 1080p\/30fps.<\/p>\n<p>Varian har upp till 4 timmars batteritid med radar och baklykta i ett konstant sken och upp till 6 timmar med radar och baklykta \u2013 kameran \u00e4r alltid p\u00e5slagen och spelar konstant in video i 1080p. Rekommenderat pris ligger p\u00e5 4\u00a0299 kronor den finns ute nu p\u00e5 <a href=\"https:\/\/www.garmin.com\/sv-SE\/p\/698001\">Garmin.se<\/a>.<\/p>\n","protected":false},"excerpt":{"rendered":"<p>Garmins nya Varia RCT716 har en inbyggd kamera som kontinuerligt in dina omgivningar under cykelturen och sparar bildmaterialet ifall du [&hellip;]<\/p>\n","protected":false},"author":52,"featured_media":4452,"comment_status":"open","ping_status":"open","sticky":false,"template":"","format":"standard","meta":{"footnotes":""},"categories":[5,29],"tags":[],"global-categories":[36],"class_list":["post-4446","post","type-post","status-publish","format-standard","has-post-thumbnail","hentry","category-nyheter","category-utrustning","global-categories-cycling"],"yoast_head":"<!-- This site is optimized with the Yoast SEO Premium plugin v25.3 (Yoast SEO v25.9) - https:\/\/yoast.com\/wordpress\/plugins\/seo\/ -->\n<title>Ny radar fr\u00e5n Garmin f\u00f6rb\u00e4ttrar s\u00e4kerheten f\u00f6r cyklister - \u0160koda - We Love Cycling - Sweden<\/title>\n<meta name=\"description\" content=\"Nu kan du b\u00e5de f\u00e5 hj\u00e4lp att uppt\u00e4cka upphinnande bilar men ocks\u00e5 att filma dem.\" \/>\n<meta name=\"robots\" content=\"index, follow, max-snippet:-1, max-image-preview:large, max-video-preview:-1\" \/>\n<link rel=\"canonical\" href=\"https:\/\/www.welovecycling.com\/se\/2022\/06\/02\/ny-radar-fran-garmin\/\" \/>\n<meta property=\"og:locale\" content=\"sv_SE\" \/>\n<meta property=\"og:type\" content=\"article\" \/>\n<meta property=\"og:title\" content=\"Ny radar fr\u00e5n Garmin f\u00f6rb\u00e4ttrar s\u00e4kerheten f\u00f6r cyklister\" \/>\n<meta property=\"og:description\" content=\"Nu kan du b\u00e5de f\u00e5 hj\u00e4lp att uppt\u00e4cka upphinnande bilar men ocks\u00e5 att filma dem.\" \/>\n<meta property=\"og:url\" content=\"https:\/\/www.welovecycling.com\/se\/2022\/06\/02\/ny-radar-fran-garmin\/\" \/>\n<meta property=\"og:site_name\" content=\"\u0160koda - We Love Cycling - Sweden\" \/>\n<meta property=\"article:published_time\" content=\"2022-06-02T14:58:23+00:00\" \/>\n<meta property=\"article:modified_time\" content=\"2022-06-02T15:01:37+00:00\" \/>\n<meta property=\"og:image\" content=\"https:\/\/d2p6e6u75xmxt8.cloudfront.net\/9\/2022\/06\/20211007_Support_FIT_0098_CMYK.jpg\" \/>\n\t<meta property=\"og:image:width\" content=\"1366\" \/>\n\t<meta property=\"og:image:height\" content=\"911\" \/>\n\t<meta property=\"og:image:type\" content=\"image\/jpeg\" \/>\n<meta name=\"author\" content=\"erikleonsson\" \/>\n<meta name=\"twitter:card\" content=\"summary_large_image\" \/>\n<meta name=\"twitter:label1\" content=\"Written by\" \/>\n\t<meta name=\"twitter:data1\" content=\"erikleonsson\" \/>\n\t<meta name=\"twitter:label2\" content=\"Est. reading time\" \/>\n\t<meta name=\"twitter:data2\" content=\"2 minutes\" \/>\n<script type=\"application\/ld+json\" class=\"yoast-schema-graph\">{\"@context\":\"https:\/\/schema.org\",\"@graph\":[{\"@type\":\"WebPage\",\"@id\":\"https:\/\/www.welovecycling.com\/se\/2022\/06\/02\/ny-radar-fran-garmin\/\",\"url\":\"https:\/\/www.welovecycling.com\/se\/2022\/06\/02\/ny-radar-fran-garmin\/\",\"name\":\"Ny radar fr\u00e5n Garmin f\u00f6rb\u00e4ttrar s\u00e4kerheten f\u00f6r cyklister - \u0160koda - We Love Cycling - Sweden\",\"isPartOf\":{\"@id\":\"https:\/\/www.welovecycling.com\/se\/#website\"},\"primaryImageOfPage\":{\"@id\":\"https:\/\/www.welovecycling.com\/se\/2022\/06\/02\/ny-radar-fran-garmin\/#primaryimage\"},\"image\":{\"@id\":\"https:\/\/www.welovecycling.com\/se\/2022\/06\/02\/ny-radar-fran-garmin\/#primaryimage\"},\"thumbnailUrl\":\"https:\/\/d2p6e6u75xmxt8.cloudfront.net\/9\/2022\/06\/20211007_Support_FIT_0098_CMYK.jpg\",\"datePublished\":\"2022-06-02T14:58:23+00:00\",\"dateModified\":\"2022-06-02T15:01:37+00:00\",\"author\":{\"@id\":\"https:\/\/www.welovecycling.com\/se\/#\/schema\/person\/037f34ad5d6e77accab8a3eff6ad7a0c\"},\"description\":\"Nu kan du b\u00e5de f\u00e5 hj\u00e4lp att uppt\u00e4cka upphinnande bilar men ocks\u00e5 att filma dem.\",\"breadcrumb\":{\"@id\":\"https:\/\/www.welovecycling.com\/se\/2022\/06\/02\/ny-radar-fran-garmin\/#breadcrumb\"},\"inLanguage\":\"sv-SE\",\"potentialAction\":[{\"@type\":\"ReadAction\",\"target\":[\"https:\/\/www.welovecycling.com\/se\/2022\/06\/02\/ny-radar-fran-garmin\/\"]}]},{\"@type\":\"ImageObject\",\"inLanguage\":\"sv-SE\",\"@id\":\"https:\/\/www.welovecycling.com\/se\/2022\/06\/02\/ny-radar-fran-garmin\/#primaryimage\",\"url\":\"https:\/\/d2p6e6u75xmxt8.cloudfront.net\/9\/2022\/06\/20211007_Support_FIT_0098_CMYK.jpg\",\"contentUrl\":\"https:\/\/d2p6e6u75xmxt8.cloudfront.net\/9\/2022\/06\/20211007_Support_FIT_0098_CMYK.jpg\",\"width\":1366,\"height\":911},{\"@type\":\"BreadcrumbList\",\"@id\":\"https:\/\/www.welovecycling.com\/se\/2022\/06\/02\/ny-radar-fran-garmin\/#breadcrumb\",\"itemListElement\":[{\"@type\":\"ListItem\",\"position\":1,\"name\":\"Home\",\"item\":\"https:\/\/www.welovecycling.com\/se\/\"},{\"@type\":\"ListItem\",\"position\":2,\"name\":\"Ny radar fr\u00e5n Garmin f\u00f6rb\u00e4ttrar s\u00e4kerheten f\u00f6r cyklister\"}]},{\"@type\":\"WebSite\",\"@id\":\"https:\/\/www.welovecycling.com\/se\/#website\",\"url\":\"https:\/\/www.welovecycling.com\/se\/\",\"name\":\"\u0160koda - We Love Cycling - Sweden\",\"description\":\"\u0160koda We Love Cycling - Sweden\",\"potentialAction\":[{\"@type\":\"SearchAction\",\"target\":{\"@type\":\"EntryPoint\",\"urlTemplate\":\"https:\/\/www.welovecycling.com\/se\/?s={search_term_string}\"},\"query-input\":{\"@type\":\"PropertyValueSpecification\",\"valueRequired\":true,\"valueName\":\"search_term_string\"}}],\"inLanguage\":\"sv-SE\"},{\"@type\":\"Person\",\"@id\":\"https:\/\/www.welovecycling.com\/se\/#\/schema\/person\/037f34ad5d6e77accab8a3eff6ad7a0c\",\"name\":\"erikleonsson\",\"image\":{\"@type\":\"ImageObject\",\"inLanguage\":\"sv-SE\",\"@id\":\"https:\/\/www.welovecycling.com\/se\/#\/schema\/person\/image\/\",\"url\":\"https:\/\/secure.gravatar.com\/avatar\/788a593b0a657d6864c271709722f9cd586caa5a645e77f71fe625396b02677c?s=96&d=mm&r=g\",\"contentUrl\":\"https:\/\/secure.gravatar.com\/avatar\/788a593b0a657d6864c271709722f9cd586caa5a645e77f71fe625396b02677c?s=96&d=mm&r=g\",\"caption\":\"erikleonsson\"},\"url\":\"https:\/\/www.welovecycling.com\/se\/author\/erikleonsson\/\"}]}<\/script>\n<!-- \/ Yoast SEO Premium plugin. -->","yoast_head_json":{"title":"Ny radar fr\u00e5n Garmin f\u00f6rb\u00e4ttrar s\u00e4kerheten f\u00f6r cyklister - \u0160koda - We Love Cycling - Sweden","description":"Nu kan du b\u00e5de f\u00e5 hj\u00e4lp att uppt\u00e4cka upphinnande bilar men ocks\u00e5 att filma dem.","robots":{"index":"index","follow":"follow","max-snippet":"max-snippet:-1","max-image-preview":"max-image-preview:large","max-video-preview":"max-video-preview:-1"},"canonical":"https:\/\/www.welovecycling.com\/se\/2022\/06\/02\/ny-radar-fran-garmin\/","og_locale":"sv_SE","og_type":"article","og_title":"Ny radar fr\u00e5n Garmin f\u00f6rb\u00e4ttrar s\u00e4kerheten f\u00f6r cyklister","og_description":"Nu kan du b\u00e5de f\u00e5 hj\u00e4lp att uppt\u00e4cka upphinnande bilar men ocks\u00e5 att filma dem.","og_url":"https:\/\/www.welovecycling.com\/se\/2022\/06\/02\/ny-radar-fran-garmin\/","og_site_name":"\u0160koda - We Love Cycling - Sweden","article_published_time":"2022-06-02T14:58:23+00:00","article_modified_time":"2022-06-02T15:01:37+00:00","og_image":[{"width":1366,"height":911,"url":"https:\/\/d2p6e6u75xmxt8.cloudfront.net\/9\/2022\/06\/20211007_Support_FIT_0098_CMYK.jpg","type":"image\/jpeg"}],"author":"erikleonsson","twitter_card":"summary_large_image","twitter_misc":{"Written by":"erikleonsson","Est. reading time":"2 minutes"},"schema":{"@context":"https:\/\/schema.org","@graph":[{"@type":"WebPage","@id":"https:\/\/www.welovecycling.com\/se\/2022\/06\/02\/ny-radar-fran-garmin\/","url":"https:\/\/www.welovecycling.com\/se\/2022\/06\/02\/ny-radar-fran-garmin\/","name":"Ny radar fr\u00e5n Garmin f\u00f6rb\u00e4ttrar s\u00e4kerheten f\u00f6r cyklister - \u0160koda - We Love Cycling - Sweden","isPartOf":{"@id":"https:\/\/www.welovecycling.com\/se\/#website"},"primaryImageOfPage":{"@id":"https:\/\/www.welovecycling.com\/se\/2022\/06\/02\/ny-radar-fran-garmin\/#primaryimage"},"image":{"@id":"https:\/\/www.welovecycling.com\/se\/2022\/06\/02\/ny-radar-fran-garmin\/#primaryimage"},"thumbnailUrl":"https:\/\/d2p6e6u75xmxt8.cloudfront.net\/9\/2022\/06\/20211007_Support_FIT_0098_CMYK.jpg","datePublished":"2022-06-02T14:58:23+00:00","dateModified":"2022-06-02T15:01:37+00:00","author":{"@id":"https:\/\/www.welovecycling.com\/se\/#\/schema\/person\/037f34ad5d6e77accab8a3eff6ad7a0c"},"description":"Nu kan du b\u00e5de f\u00e5 hj\u00e4lp att uppt\u00e4cka upphinnande bilar men ocks\u00e5 att filma dem.","breadcrumb":{"@id":"https:\/\/www.welovecycling.com\/se\/2022\/06\/02\/ny-radar-fran-garmin\/#breadcrumb"},"inLanguage":"sv-SE","potentialAction":[{"@type":"ReadAction","target":["https:\/\/www.welovecycling.com\/se\/2022\/06\/02\/ny-radar-fran-garmin\/"]}]},{"@type":"ImageObject","inLanguage":"sv-SE","@id":"https:\/\/www.welovecycling.com\/se\/2022\/06\/02\/ny-radar-fran-garmin\/#primaryimage","url":"https:\/\/d2p6e6u75xmxt8.cloudfront.net\/9\/2022\/06\/20211007_Support_FIT_0098_CMYK.jpg","contentUrl":"https:\/\/d2p6e6u75xmxt8.cloudfront.net\/9\/2022\/06\/20211007_Support_FIT_0098_CMYK.jpg","width":1366,"height":911},{"@type":"BreadcrumbList","@id":"https:\/\/www.welovecycling.com\/se\/2022\/06\/02\/ny-radar-fran-garmin\/#breadcrumb","itemListElement":[{"@type":"ListItem","position":1,"name":"Home","item":"https:\/\/www.welovecycling.com\/se\/"},{"@type":"ListItem","position":2,"name":"Ny radar fr\u00e5n Garmin f\u00f6rb\u00e4ttrar s\u00e4kerheten f\u00f6r cyklister"}]},{"@type":"WebSite","@id":"https:\/\/www.welovecycling.com\/se\/#website","url":"https:\/\/www.welovecycling.com\/se\/","name":"\u0160koda - We Love Cycling - Sweden","description":"\u0160koda We Love Cycling - Sweden","potentialAction":[{"@type":"SearchAction","target":{"@type":"EntryPoint","urlTemplate":"https:\/\/www.welovecycling.com\/se\/?s={search_term_string}"},"query-input":{"@type":"PropertyValueSpecification","valueRequired":true,"valueName":"search_term_string"}}],"inLanguage":"sv-SE"},{"@type":"Person","@id":"https:\/\/www.welovecycling.com\/se\/#\/schema\/person\/037f34ad5d6e77accab8a3eff6ad7a0c","name":"erikleonsson","image":{"@type":"ImageObject","inLanguage":"sv-SE","@id":"https:\/\/www.welovecycling.com\/se\/#\/schema\/person\/image\/","url":"https:\/\/secure.gravatar.com\/avatar\/788a593b0a657d6864c271709722f9cd586caa5a645e77f71fe625396b02677c?s=96&d=mm&r=g","contentUrl":"https:\/\/secure.gravatar.com\/avatar\/788a593b0a657d6864c271709722f9cd586caa5a645e77f71fe625396b02677c?s=96&d=mm&r=g","caption":"erikleonsson"},"url":"https:\/\/www.welovecycling.com\/se\/author\/erikleonsson\/"}]}},"_links":{"self":[{"href":"https:\/\/www.welovecycling.com\/se\/wp-json\/wp\/v2\/posts\/4446","targetHints":{"allow":["GET"]}}],"collection":[{"href":"https:\/\/www.welovecycling.com\/se\/wp-json\/wp\/v2\/posts"}],"about":[{"href":"https:\/\/www.welovecycling.com\/se\/wp-json\/wp\/v2\/types\/post"}],"author":[{"embeddable":true,"href":"https:\/\/www.welovecycling.com\/se\/wp-json\/wp\/v2\/users\/52"}],"replies":[{"embeddable":true,"href":"https:\/\/www.welovecycling.com\/se\/wp-json\/wp\/v2\/comments?post=4446"}],"version-history":[{"count":2,"href":"https:\/\/www.welovecycling.com\/se\/wp-json\/wp\/v2\/posts\/4446\/revisions"}],"predecessor-version":[{"id":4456,"href":"https:\/\/www.welovecycling.com\/se\/wp-json\/wp\/v2\/posts\/4446\/revisions\/4456"}],"wp:featuredmedia":[{"embeddable":true,"href":"https:\/\/www.welovecycling.com\/se\/wp-json\/wp\/v2\/media\/4452"}],"wp:attachment":[{"href":"https:\/\/www.welovecycling.com\/se\/wp-json\/wp\/v2\/media?parent=4446"}],"wp:term":[{"taxonomy":"category","embeddable":true,"href":"https:\/\/www.welovecycling.com\/se\/wp-json\/wp\/v2\/categories?post=4446"},{"taxonomy":"post_tag","embeddable":true,"href":"https:\/\/www.welovecycling.com\/se\/wp-json\/wp\/v2\/tags?post=4446"},{"taxonomy":"global-categories","embeddable":true,"href":"https:\/\/www.welovecycling.com\/se\/wp-json\/wp\/v2\/global-categories?post=4446"}],"curies":[{"name":"wp","href":"https:\/\/api.w.org\/{rel}","templated":true}]}}