{"id":4419,"date":"2022-06-02T21:38:00","date_gmt":"2022-06-02T20:38:00","guid":{"rendered":"https:\/\/www.welovecycling.com\/se\/?p=4419"},"modified":"2022-06-03T07:18:55","modified_gmt":"2022-06-03T06:18:55","slug":"amanda-bohlin-cyklade-skoda-titan-desert","status":"publish","type":"post","link":"https:\/\/www.welovecycling.com\/se\/2022\/06\/02\/amanda-bohlin-cyklade-skoda-titan-desert\/","title":{"rendered":"Amanda Bohlin cyklade \u0160koda Titan Desert"},"content":{"rendered":"<p><strong>Vi l\u00e4t 8 cyklister fr\u00e5n hela Europa testa Titan Desert, ett av v\u00e4rldens mest kr\u00e4vande etapplopp p\u00e5 mountainbike \u2013 i \u00f6knen. M\u00f6t Amanda Bohlin som var den enda svenska deltagaren, och som dessutom vann en av etapperna! L\u00e4s hur hon upplevde sina dagar i \u00f6knen i Marocco och vad hon tar med sig fr\u00e5n pr\u00f6vningen.\u00a0<\/strong><\/p>\n<p><!--more--><\/p>\n<p>Amanda Bohlin \u00e4r ingen fr\u00e4mling till utmaningar. Hon \u00e4r f\u00f6re detta professionell triathlet mellan 2013 och 2018, och har bland annat tv\u00e5 guld i de nordiska m\u00e4sterskapen och en tredjeplats i Svenska m\u00e4sterskapen XCM 2021. I \u00e5r var hon utvald till att cykla med \u0160koda Cycling Team men var tvungen att hoppa av V\u00e4tternrundan p\u00e5 grund av en datumkrock med t\u00e4vlingskalendern. Vi hittade dock en \u00e4nnu mer passade utmaning i Titan Desert och\u00a033-\u00e5ringen fr\u00e5n \u00c5tvidaberg blev exalterad inf\u00f6r utmaningen;\u00a0 \u201cDet \u00e4r min f\u00f6rsta t\u00e4vling av den h\u00e4r typen, jag ser fram emot det \u2013 det kommer att bli v\u00e4ldigt sp\u00e4nnande\u201d sa hon n\u00e4r vi pratade med henne innan avf\u00e4rden mot Marocko.<\/p>\n<p><a href=\"https:\/\/d2p6e6u75xmxt8.cloudfront.net\/9\/2022\/06\/IMG_1598.JPG.jpg\"><img loading=\"lazy\" decoding=\"async\" class=\"alignnone size-full wp-image-4444\" src=\"https:\/\/d2p6e6u75xmxt8.cloudfront.net\/9\/2022\/06\/IMG_1598.JPG.jpg\" alt=\"\" width=\"1249\" height=\"1562\" srcset=\"https:\/\/d2p6e6u75xmxt8.cloudfront.net\/9\/2022\/06\/IMG_1598.JPG.jpg 1249w, https:\/\/d2p6e6u75xmxt8.cloudfront.net\/9\/2022\/06\/IMG_1598.JPG-240x300.jpg 240w, https:\/\/d2p6e6u75xmxt8.cloudfront.net\/9\/2022\/06\/IMG_1598.JPG-819x1024.jpg 819w, https:\/\/d2p6e6u75xmxt8.cloudfront.net\/9\/2022\/06\/IMG_1598.JPG-768x960.jpg 768w, https:\/\/d2p6e6u75xmxt8.cloudfront.net\/9\/2022\/06\/IMG_1598.JPG-1228x1536.jpg 1228w\" sizes=\"auto, (max-width: 1249px) 100vw, 1249px\" \/><\/a><\/p>\n<p>Trots sin l\u00e5nga erfarenhet av h\u00e5rda prestationer s\u00e5 \u00e4r \u00f6knen i Marocko n\u00e5got helt annat. \u201cDen svenska geografin och klimatet bjuder ironiskt nog p\u00e5 den exakta motsatsen till \u00f6knen. Djupa skogar med hala r\u00f6tter och stenar samt den n\u00e4stan alltid n\u00e4rvarande kylan. Men den st\u00f6rsta utmaningen jag ser \u00e4r att ha tillr\u00e4ckligt med energi f\u00f6r alla etapper och att f\u00e5 i mig tillr\u00e4ckligt med v\u00e4tska\u201d<\/p>\n<p>Men trots den diametrala motsatsen i f\u00f6rh\u00e5llanden \u00e4ndrade inte Amanda sin tr\u00e4ning eller diet f\u00f6re loppet. Dessa utmaningar \u00e4r gemensamma f\u00f6r alla deltagare, och \u00e4r ocks\u00e5 en del av attraktionskraften och det unika med \u00f6kenklimatet. F\u00f6r Amandas del var motivationen tydlig:<\/p>\n<p>\u201dT\u00e4vlingens koncept \u00e4r v\u00e4ldigt intressant. Att vistas i \u00f6knen och allt som kommer med det. Naturupplevelsen \u00e4r en stor del av det.\u201d<\/p>\n<p><a href=\"https:\/\/d2p6e6u75xmxt8.cloudfront.net\/9\/2022\/06\/IMG_1595.JPG.jpg\"><img loading=\"lazy\" decoding=\"async\" class=\"alignnone size-extra-large wp-image-4441\" src=\"https:\/\/d2p6e6u75xmxt8.cloudfront.net\/9\/2022\/06\/IMG_1595.JPG.jpg\" alt=\"\" width=\"1440\" height=\"962\" srcset=\"https:\/\/d2p6e6u75xmxt8.cloudfront.net\/9\/2022\/06\/IMG_1595.JPG.jpg 1440w, https:\/\/d2p6e6u75xmxt8.cloudfront.net\/9\/2022\/06\/IMG_1595.JPG-300x200.jpg 300w, https:\/\/d2p6e6u75xmxt8.cloudfront.net\/9\/2022\/06\/IMG_1595.JPG-1024x684.jpg 1024w, https:\/\/d2p6e6u75xmxt8.cloudfront.net\/9\/2022\/06\/IMG_1595.JPG-768x513.jpg 768w, https:\/\/d2p6e6u75xmxt8.cloudfront.net\/9\/2022\/06\/IMG_1595.JPG-272x182.jpg 272w\" sizes=\"auto, (max-width: 1440px) 100vw, 1440px\" \/><\/a><\/p>\n<p><strong>Hur var det att cykla i \u00f6kenmilj\u00f6?<span class=\"Apple-converted-space\">\u00a0<\/span><\/strong><\/p>\n<p>\u201dAtt cykla i \u00f6kenlandskap \u00e4r precis som det l\u00e5ter. \u00d6ken&#8230; Sandigt, \u00f6ppna stora ytor, varmt och mycket vind. Det \u00e4r h\u00e5rt och \u00e4rligt. Klimatet st\u00e4ller stora krav d\u00e5 temperaturen stiger \u00f6ver 40 grader och man har ingenstans att skydda sig fr\u00e5n solen. Terr\u00e4ngen \u00e4ven s\u00e5, att cykla 3 mil i en riktning och bergen du har framf\u00f6r dig \u00e4r lika sm\u00e5 som vid f\u00f6rsta kilometern, d\u00e4refter sv\u00e4nger du h\u00f6ger. Det g\u00e4ller att ha fokus, att aldrig sl\u00e4ppa trycket i pedalerna. Det finns n\u00e5got vackert i det, den trans man kommer in i under de 4-5 timmarna man \u00e4r ute. Jag minns tydligt en etapp, etapp 5. Vi var mitt i ingenmansland, l\u00e5ngt ifr\u00e5n civilisation och \u00f6verallt omkring oss betade flera, s\u00e4kert 100 kameler i st\u00f6rre och mindre grupper p\u00e5 de torra sm\u00e5 buskarna som v\u00e4xte. Det var den st\u00f6rsta upplevelsen under veckan i \u00f6knen.\u201d<\/p>\n<p><strong>Hade du tr\u00e4nat p\u00e5 att cykla i sand innan det h\u00e4r?<span class=\"Apple-converted-space\">\u00a0<\/span><\/strong><\/p>\n<p>\u201dNej, jag har aldrig tr\u00e4nat i sand tidigare. Det gick bra, de flesta v\u00e4gar och stigar vi cykla p\u00e5 var h\u00e5rt packade men det var vissa partier som var genom sanddynorna. D\u00e4r gick det inte att cykla, utan man fick springa med cykeln med sand upp \u00f6ver anklarna. Det var tufft och frustrerande d\u00e5 det gick v\u00e4ldigt l\u00e5ngsamt. Jag uppt\u00e4ckte att springa i sand inte var min grej. Den l\u00e4ngsta str\u00e4ckan vi sprang och gick i sanddynorna var \u00f6ver 10 km, vilket tog cirka 70-80 minuter f\u00f6r mig. M\u00e5nga svordomar och uppgivenhet som tillslut blev till skratt.<span class=\"Apple-converted-space\"> \u201d<\/span><\/p>\n<p><strong>Vad var den st\u00f6rsta utmaningen med t\u00e4vlingen?<\/strong><\/p>\n<p>\u201dDen st\u00f6rsta utmaningen f\u00f6r mig var magen. Jag blev matf\u00f6rgiftad under natten mellan etapp 3 till 4 och kunde d\u00e4rf\u00f6r inte starta etapp 4. Det var tr\u00e5kigt d\u00e5 jag legat i toppen under samtliga etapper och vann den sista etappen, etapp 6. Men det \u00e4r s\u00e5nt man inte kan f\u00f6rutsp\u00e5 och jag \u00e4r glad att jag \u00e5terh\u00e4mtade mig n\u00e5gorlunda s\u00e5 jag kunde starta etapp 5 och 6.<span class=\"Apple-converted-space\">\u201d<\/span><\/p>\n<p><a href=\"https:\/\/d2p6e6u75xmxt8.cloudfront.net\/9\/2022\/06\/IMG_1596.JPG.jpg\"><img loading=\"lazy\" decoding=\"async\" class=\"alignnone size-extra-large wp-image-4442\" src=\"https:\/\/d2p6e6u75xmxt8.cloudfront.net\/9\/2022\/06\/IMG_1596.JPG.jpg\" alt=\"\" width=\"1440\" height=\"962\" srcset=\"https:\/\/d2p6e6u75xmxt8.cloudfront.net\/9\/2022\/06\/IMG_1596.JPG.jpg 1440w, https:\/\/d2p6e6u75xmxt8.cloudfront.net\/9\/2022\/06\/IMG_1596.JPG-300x200.jpg 300w, https:\/\/d2p6e6u75xmxt8.cloudfront.net\/9\/2022\/06\/IMG_1596.JPG-1024x684.jpg 1024w, https:\/\/d2p6e6u75xmxt8.cloudfront.net\/9\/2022\/06\/IMG_1596.JPG-768x513.jpg 768w, https:\/\/d2p6e6u75xmxt8.cloudfront.net\/9\/2022\/06\/IMG_1596.JPG-272x182.jpg 272w\" sizes=\"auto, (max-width: 1440px) 100vw, 1440px\" \/><\/a><\/p>\n<p><strong>Hur var det att bo och vistas i \u00f6knen?\u00a0<\/strong><\/p>\n<p>\u201dJag \u00e4r imponerad \u00f6ver hur v\u00e4l organiserad l\u00e4gren var. Hur de byggt upp campen p\u00e5 ett smart men v\u00e4ldigt enkelt s\u00e4tt. Det fanns allting man beh\u00f6vde (f\u00f6rutom AC haha). V\u00e4lfungerande duschar och toaletter, stor frukost-,lunch-och middagsbuff\u00e9 varje dag med flera olika mat alternativ och tillg\u00e5ng till massage. Cykeln tar h\u00e5rt av sanden och dammet och att ha tillg\u00e5ng till mekanisk hj\u00e4lp samt att de tv\u00e4ttar och g\u00f6r i ordning cykeln varje dag var det absolut b\u00e4sta p\u00e5 hela campet. Och s\u00e5 alla\u00a0de fantastiska m\u00e4nniskorna jag l\u00e4rde k\u00e4nna under veckan f\u00f6rst\u00e5s. De gjorde den tuffa resan s\u00e5 mycket enklare.\u201d<\/p>\n<p><a href=\"https:\/\/d2p6e6u75xmxt8.cloudfront.net\/9\/2022\/06\/IMG_1597.JPG.jpg\"><img loading=\"lazy\" decoding=\"async\" class=\"alignnone size-full wp-image-4443\" src=\"https:\/\/d2p6e6u75xmxt8.cloudfront.net\/9\/2022\/06\/IMG_1597.JPG.jpg\" alt=\"\" width=\"1440\" height=\"971\" srcset=\"https:\/\/d2p6e6u75xmxt8.cloudfront.net\/9\/2022\/06\/IMG_1597.JPG.jpg 1440w, https:\/\/d2p6e6u75xmxt8.cloudfront.net\/9\/2022\/06\/IMG_1597.JPG-300x202.jpg 300w, https:\/\/d2p6e6u75xmxt8.cloudfront.net\/9\/2022\/06\/IMG_1597.JPG-1024x690.jpg 1024w, https:\/\/d2p6e6u75xmxt8.cloudfront.net\/9\/2022\/06\/IMG_1597.JPG-768x518.jpg 768w, https:\/\/d2p6e6u75xmxt8.cloudfront.net\/9\/2022\/06\/IMG_1597.JPG-272x182.jpg 272w\" sizes=\"auto, (max-width: 1440px) 100vw, 1440px\" \/><\/a><\/p>\n<p><strong>Kommer du att k\u00f6ra igen?\u00a0<\/strong><\/p>\n<p>\u201dDet \u00e4r inte alls om\u00f6jligt, men tills dess m\u00e5ste jag plugga spanska eller t\u00e4vlingsorganisationen kommunicera mer p\u00e5 engelska. Jag som inte talar spanska missuppfattade en del avg\u00f6rande information som skickades ut innan loppet som hade underl\u00e4ttat avsev\u00e4rt f\u00f6r mig. Men f\u00f6rutom det \u00e4r det en v\u00e4ldigt speciell upplevelse jag kan rekommendera den som s\u00f6ker en annorlunda cykelutmaning utanf\u00f6r kalla Sverige.\u201d<\/p>\n","protected":false},"excerpt":{"rendered":"<p>Vi l\u00e4t 8 cyklister fr\u00e5n hela Europa testa Titan Desert, ett av v\u00e4rldens mest kr\u00e4vande etapplopp p\u00e5 mountainbike \u2013 i [&hellip;]<\/p>\n","protected":false},"author":52,"featured_media":4441,"comment_status":"open","ping_status":"open","sticky":false,"template":"","format":"standard","meta":{"footnotes":""},"categories":[5],"tags":[],"global-categories":[],"class_list":["post-4419","post","type-post","status-publish","format-standard","has-post-thumbnail","hentry","category-nyheter"],"yoast_head":"<!-- This site is optimized with the Yoast SEO Premium plugin v25.3 (Yoast SEO v25.9) - https:\/\/yoast.com\/wordpress\/plugins\/seo\/ -->\n<title>Amanda Bohlin cyklade \u0160koda Titan Desert - We Love Cycling<\/title>\n<meta name=\"description\" content=\"M\u00f6t Amanda Bohlin som cyklade Titan Desert, ett av v\u00e4rldens mest kr\u00e4vande etapplopp p\u00e5 mountainbike \u2013 i \u00f6knen.\" \/>\n<meta name=\"robots\" content=\"index, follow, max-snippet:-1, max-image-preview:large, max-video-preview:-1\" \/>\n<link rel=\"canonical\" href=\"https:\/\/www.welovecycling.com\/se\/2022\/06\/02\/amanda-bohlin-cyklade-skoda-titan-desert\/\" \/>\n<meta property=\"og:locale\" content=\"sv_SE\" \/>\n<meta property=\"og:type\" content=\"article\" \/>\n<meta property=\"og:title\" content=\"Amanda Bohlin cyklade \u0160koda Titan Desert\" \/>\n<meta property=\"og:description\" content=\"M\u00f6t Amanda Bohlin som cyklade Titan Desert, ett av v\u00e4rldens mest kr\u00e4vande etapplopp p\u00e5 mountainbike \u2013 i \u00f6knen.\" \/>\n<meta property=\"og:url\" content=\"https:\/\/www.welovecycling.com\/se\/2022\/06\/02\/amanda-bohlin-cyklade-skoda-titan-desert\/\" \/>\n<meta property=\"og:site_name\" content=\"\u0160koda - We Love Cycling - Sweden\" \/>\n<meta property=\"article:published_time\" content=\"2022-06-02T20:38:00+00:00\" \/>\n<meta property=\"article:modified_time\" content=\"2022-06-03T06:18:55+00:00\" \/>\n<meta property=\"og:image\" content=\"https:\/\/d2p6e6u75xmxt8.cloudfront.net\/9\/2022\/06\/IMG_1595.JPG.jpg\" \/>\n\t<meta property=\"og:image:width\" content=\"1440\" \/>\n\t<meta property=\"og:image:height\" content=\"962\" \/>\n\t<meta property=\"og:image:type\" content=\"image\/jpeg\" \/>\n<meta name=\"author\" content=\"erikleonsson\" \/>\n<meta name=\"twitter:card\" content=\"summary_large_image\" \/>\n<meta name=\"twitter:label1\" content=\"Written by\" \/>\n\t<meta name=\"twitter:data1\" content=\"Erik Leonsson\" \/>\n\t<meta name=\"twitter:label2\" content=\"Est. reading time\" \/>\n\t<meta name=\"twitter:data2\" content=\"4\" \/>\n<script type=\"application\/ld+json\" class=\"yoast-schema-graph\">{\"@context\":\"https:\/\/schema.org\",\"@graph\":[{\"@type\":\"WebPage\",\"@id\":\"https:\/\/www.welovecycling.com\/se\/2022\/06\/02\/amanda-bohlin-cyklade-skoda-titan-desert\/\",\"url\":\"https:\/\/www.welovecycling.com\/se\/2022\/06\/02\/amanda-bohlin-cyklade-skoda-titan-desert\/\",\"name\":\"Amanda Bohlin cyklade \u0160koda Titan Desert - We Love Cycling\",\"isPartOf\":{\"@id\":\"https:\/\/www.welovecycling.com\/se\/#website\"},\"primaryImageOfPage\":{\"@id\":\"https:\/\/www.welovecycling.com\/se\/2022\/06\/02\/amanda-bohlin-cyklade-skoda-titan-desert\/#primaryimage\"},\"image\":{\"@id\":\"https:\/\/www.welovecycling.com\/se\/2022\/06\/02\/amanda-bohlin-cyklade-skoda-titan-desert\/#primaryimage\"},\"thumbnailUrl\":\"https:\/\/d2p6e6u75xmxt8.cloudfront.net\/9\/2022\/06\/IMG_1595.JPG.jpg\",\"datePublished\":\"2022-06-02T20:38:00+00:00\",\"dateModified\":\"2022-06-03T06:18:55+00:00\",\"author\":{\"@id\":\"https:\/\/www.welovecycling.com\/se\/#\/schema\/person\/037f34ad5d6e77accab8a3eff6ad7a0c\"},\"description\":\"M\u00f6t Amanda Bohlin som cyklade Titan Desert, ett av v\u00e4rldens mest kr\u00e4vande etapplopp p\u00e5 mountainbike \u2013 i \u00f6knen.\",\"breadcrumb\":{\"@id\":\"https:\/\/www.welovecycling.com\/se\/2022\/06\/02\/amanda-bohlin-cyklade-skoda-titan-desert\/#breadcrumb\"},\"inLanguage\":\"sv-SE\",\"potentialAction\":[{\"@type\":\"ReadAction\",\"target\":[\"https:\/\/www.welovecycling.com\/se\/2022\/06\/02\/amanda-bohlin-cyklade-skoda-titan-desert\/\"]}]},{\"@type\":\"ImageObject\",\"inLanguage\":\"sv-SE\",\"@id\":\"https:\/\/www.welovecycling.com\/se\/2022\/06\/02\/amanda-bohlin-cyklade-skoda-titan-desert\/#primaryimage\",\"url\":\"https:\/\/d2p6e6u75xmxt8.cloudfront.net\/9\/2022\/06\/IMG_1595.JPG.jpg\",\"contentUrl\":\"https:\/\/d2p6e6u75xmxt8.cloudfront.net\/9\/2022\/06\/IMG_1595.JPG.jpg\",\"width\":1440,\"height\":962},{\"@type\":\"BreadcrumbList\",\"@id\":\"https:\/\/www.welovecycling.com\/se\/2022\/06\/02\/amanda-bohlin-cyklade-skoda-titan-desert\/#breadcrumb\",\"itemListElement\":[{\"@type\":\"ListItem\",\"position\":1,\"name\":\"Home\",\"item\":\"https:\/\/www.welovecycling.com\/se\/\"},{\"@type\":\"ListItem\",\"position\":2,\"name\":\"Amanda Bohlin cyklade \u0160koda Titan Desert\"}]},{\"@type\":\"WebSite\",\"@id\":\"https:\/\/www.welovecycling.com\/se\/#website\",\"url\":\"https:\/\/www.welovecycling.com\/se\/\",\"name\":\"\u0160koda - We Love Cycling - Sweden\",\"description\":\"\u0160koda We Love Cycling - Sweden\",\"potentialAction\":[{\"@type\":\"SearchAction\",\"target\":{\"@type\":\"EntryPoint\",\"urlTemplate\":\"https:\/\/www.welovecycling.com\/se\/?s={search_term_string}\"},\"query-input\":{\"@type\":\"PropertyValueSpecification\",\"valueRequired\":true,\"valueName\":\"search_term_string\"}}],\"inLanguage\":\"sv-SE\"},{\"@type\":\"Person\",\"@id\":\"https:\/\/www.welovecycling.com\/se\/#\/schema\/person\/037f34ad5d6e77accab8a3eff6ad7a0c\",\"name\":\"erikleonsson\",\"image\":{\"@type\":\"ImageObject\",\"inLanguage\":\"sv-SE\",\"@id\":\"https:\/\/www.welovecycling.com\/se\/#\/schema\/person\/image\/\",\"url\":\"https:\/\/secure.gravatar.com\/avatar\/788a593b0a657d6864c271709722f9cd586caa5a645e77f71fe625396b02677c?s=96&d=mm&r=g\",\"contentUrl\":\"https:\/\/secure.gravatar.com\/avatar\/788a593b0a657d6864c271709722f9cd586caa5a645e77f71fe625396b02677c?s=96&d=mm&r=g\",\"caption\":\"erikleonsson\"},\"url\":\"https:\/\/www.welovecycling.com\/se\/author\/erikleonsson\/\"}]}<\/script>\n<!-- \/ Yoast SEO Premium plugin. -->","yoast_head_json":{"title":"Amanda Bohlin cyklade \u0160koda Titan Desert - We Love Cycling","description":"M\u00f6t Amanda Bohlin som cyklade Titan Desert, ett av v\u00e4rldens mest kr\u00e4vande etapplopp p\u00e5 mountainbike \u2013 i \u00f6knen.","robots":{"index":"index","follow":"follow","max-snippet":"max-snippet:-1","max-image-preview":"max-image-preview:large","max-video-preview":"max-video-preview:-1"},"canonical":"https:\/\/www.welovecycling.com\/se\/2022\/06\/02\/amanda-bohlin-cyklade-skoda-titan-desert\/","og_locale":"sv_SE","og_type":"article","og_title":"Amanda Bohlin cyklade \u0160koda Titan Desert","og_description":"M\u00f6t Amanda Bohlin som cyklade Titan Desert, ett av v\u00e4rldens mest kr\u00e4vande etapplopp p\u00e5 mountainbike \u2013 i \u00f6knen.","og_url":"https:\/\/www.welovecycling.com\/se\/2022\/06\/02\/amanda-bohlin-cyklade-skoda-titan-desert\/","og_site_name":"\u0160koda - We Love Cycling - Sweden","article_published_time":"2022-06-02T20:38:00+00:00","article_modified_time":"2022-06-03T06:18:55+00:00","og_image":[{"width":1440,"height":962,"url":"https:\/\/d2p6e6u75xmxt8.cloudfront.net\/9\/2022\/06\/IMG_1595.JPG.jpg","type":"image\/jpeg"}],"author":"erikleonsson","twitter_card":"summary_large_image","twitter_misc":{"Written by":"Erik Leonsson","Est. reading time":"4"},"schema":{"@context":"https:\/\/schema.org","@graph":[{"@type":"WebPage","@id":"https:\/\/www.welovecycling.com\/se\/2022\/06\/02\/amanda-bohlin-cyklade-skoda-titan-desert\/","url":"https:\/\/www.welovecycling.com\/se\/2022\/06\/02\/amanda-bohlin-cyklade-skoda-titan-desert\/","name":"Amanda Bohlin cyklade \u0160koda Titan Desert - We Love Cycling","isPartOf":{"@id":"https:\/\/www.welovecycling.com\/se\/#website"},"primaryImageOfPage":{"@id":"https:\/\/www.welovecycling.com\/se\/2022\/06\/02\/amanda-bohlin-cyklade-skoda-titan-desert\/#primaryimage"},"image":{"@id":"https:\/\/www.welovecycling.com\/se\/2022\/06\/02\/amanda-bohlin-cyklade-skoda-titan-desert\/#primaryimage"},"thumbnailUrl":"https:\/\/d2p6e6u75xmxt8.cloudfront.net\/9\/2022\/06\/IMG_1595.JPG.jpg","datePublished":"2022-06-02T20:38:00+00:00","dateModified":"2022-06-03T06:18:55+00:00","author":{"@id":"https:\/\/www.welovecycling.com\/se\/#\/schema\/person\/037f34ad5d6e77accab8a3eff6ad7a0c"},"description":"M\u00f6t Amanda Bohlin som cyklade Titan Desert, ett av v\u00e4rldens mest kr\u00e4vande etapplopp p\u00e5 mountainbike \u2013 i \u00f6knen.","breadcrumb":{"@id":"https:\/\/www.welovecycling.com\/se\/2022\/06\/02\/amanda-bohlin-cyklade-skoda-titan-desert\/#breadcrumb"},"inLanguage":"sv-SE","potentialAction":[{"@type":"ReadAction","target":["https:\/\/www.welovecycling.com\/se\/2022\/06\/02\/amanda-bohlin-cyklade-skoda-titan-desert\/"]}]},{"@type":"ImageObject","inLanguage":"sv-SE","@id":"https:\/\/www.welovecycling.com\/se\/2022\/06\/02\/amanda-bohlin-cyklade-skoda-titan-desert\/#primaryimage","url":"https:\/\/d2p6e6u75xmxt8.cloudfront.net\/9\/2022\/06\/IMG_1595.JPG.jpg","contentUrl":"https:\/\/d2p6e6u75xmxt8.cloudfront.net\/9\/2022\/06\/IMG_1595.JPG.jpg","width":1440,"height":962},{"@type":"BreadcrumbList","@id":"https:\/\/www.welovecycling.com\/se\/2022\/06\/02\/amanda-bohlin-cyklade-skoda-titan-desert\/#breadcrumb","itemListElement":[{"@type":"ListItem","position":1,"name":"Home","item":"https:\/\/www.welovecycling.com\/se\/"},{"@type":"ListItem","position":2,"name":"Amanda Bohlin cyklade \u0160koda Titan Desert"}]},{"@type":"WebSite","@id":"https:\/\/www.welovecycling.com\/se\/#website","url":"https:\/\/www.welovecycling.com\/se\/","name":"\u0160koda - We Love Cycling - Sweden","description":"\u0160koda We Love Cycling - Sweden","potentialAction":[{"@type":"SearchAction","target":{"@type":"EntryPoint","urlTemplate":"https:\/\/www.welovecycling.com\/se\/?s={search_term_string}"},"query-input":{"@type":"PropertyValueSpecification","valueRequired":true,"valueName":"search_term_string"}}],"inLanguage":"sv-SE"},{"@type":"Person","@id":"https:\/\/www.welovecycling.com\/se\/#\/schema\/person\/037f34ad5d6e77accab8a3eff6ad7a0c","name":"erikleonsson","image":{"@type":"ImageObject","inLanguage":"sv-SE","@id":"https:\/\/www.welovecycling.com\/se\/#\/schema\/person\/image\/","url":"https:\/\/secure.gravatar.com\/avatar\/788a593b0a657d6864c271709722f9cd586caa5a645e77f71fe625396b02677c?s=96&d=mm&r=g","contentUrl":"https:\/\/secure.gravatar.com\/avatar\/788a593b0a657d6864c271709722f9cd586caa5a645e77f71fe625396b02677c?s=96&d=mm&r=g","caption":"erikleonsson"},"url":"https:\/\/www.welovecycling.com\/se\/author\/erikleonsson\/"}]}},"_links":{"self":[{"href":"https:\/\/www.welovecycling.com\/se\/wp-json\/wp\/v2\/posts\/4419","targetHints":{"allow":["GET"]}}],"collection":[{"href":"https:\/\/www.welovecycling.com\/se\/wp-json\/wp\/v2\/posts"}],"about":[{"href":"https:\/\/www.welovecycling.com\/se\/wp-json\/wp\/v2\/types\/post"}],"author":[{"embeddable":true,"href":"https:\/\/www.welovecycling.com\/se\/wp-json\/wp\/v2\/users\/52"}],"replies":[{"embeddable":true,"href":"https:\/\/www.welovecycling.com\/se\/wp-json\/wp\/v2\/comments?post=4419"}],"version-history":[{"count":2,"href":"https:\/\/www.welovecycling.com\/se\/wp-json\/wp\/v2\/posts\/4419\/revisions"}],"predecessor-version":[{"id":4462,"href":"https:\/\/www.welovecycling.com\/se\/wp-json\/wp\/v2\/posts\/4419\/revisions\/4462"}],"wp:featuredmedia":[{"embeddable":true,"href":"https:\/\/www.welovecycling.com\/se\/wp-json\/wp\/v2\/media\/4441"}],"wp:attachment":[{"href":"https:\/\/www.welovecycling.com\/se\/wp-json\/wp\/v2\/media?parent=4419"}],"wp:term":[{"taxonomy":"category","embeddable":true,"href":"https:\/\/www.welovecycling.com\/se\/wp-json\/wp\/v2\/categories?post=4419"},{"taxonomy":"post_tag","embeddable":true,"href":"https:\/\/www.welovecycling.com\/se\/wp-json\/wp\/v2\/tags?post=4419"},{"taxonomy":"global-categories","embeddable":true,"href":"https:\/\/www.welovecycling.com\/se\/wp-json\/wp\/v2\/global-categories?post=4419"}],"curies":[{"name":"wp","href":"https:\/\/api.w.org\/{rel}","templated":true}]}}