{"id":4372,"date":"2022-04-05T10:00:08","date_gmt":"2022-04-05T09:00:08","guid":{"rendered":"https:\/\/www.welovecycling.com\/se\/?p=4372"},"modified":"2022-04-05T10:00:08","modified_gmt":"2022-04-05T09:00:08","slug":"hur-en-kall-miljo-inverkar-pa-professionella-cyklister-prestationsformaga","status":"publish","type":"post","link":"https:\/\/www.welovecycling.com\/se\/2022\/04\/05\/hur-en-kall-miljo-inverkar-pa-professionella-cyklister-prestationsformaga\/","title":{"rendered":"Hur en kall milj\u00f6 inverkar p\u00e5 professionella cyklister prestationsf\u00f6rm\u00e5ga"},"content":{"rendered":"<p><strong>En nyligen publicerad studie i <em>Life Journal<\/em> gav insikt i effekterna av kallt v\u00e4der f\u00f6r professionella cyklister. Det konstaterades att kylan faktiskt har en negativ inverkan p\u00e5 prestationsf\u00f6rm\u00e5gan \u2013 f\u00f6ga f\u00f6rv\u00e5nande f\u00f6r de av oss som fruktar tr\u00e4ning under de kallare m\u00e5naderna!<\/strong><\/p>\n<p><!--more--><\/p>\n<p>Att cykla p\u00e5 vintern kan inneb\u00e4ra alla m\u00f6jliga utmaningar. Ofta \u00e4r det enklaste alternativet att \u00e5terg\u00e5 till inomhustr\u00e4ning under \u00e5rets kalla och m\u00f6rka m\u00e5nader, och m\u00e5nga g\u00f6r det med stor gl\u00e4dje. Men det ligger n\u00e5got i att utmana elementen och utvidga sin komfortzon. Den varma drycken och duschen n\u00e4r man kommer tillbaka k\u00e4nns ocks\u00e5 extra speciell. Att ha kunskap inf\u00f6r s\u00e4songsv\u00e4xlingarna inneb\u00e4r att man kan vara b\u00e4ttre f\u00f6rberedd samtidigt som man presterar sitt b\u00e4sta och h\u00f6jer niv\u00e5n p\u00e5 sin tr\u00e4ning.<\/p>\n<p>En studie fr\u00e5n University of Perpignan Via Domitia unders\u00f6kte effekterna av en kall milj\u00f6 p\u00e5 prestationsf\u00f6rm\u00e5gan hos professionella cyklister. Man tror att vissa milj\u00f6faktorer som vindkyla, temperatur, solstr\u00e5lning och luftfuktighet p\u00e5verkar uth\u00e5llighetsidrotter s\u00e5 studien f\u00f6rs\u00f6kte f\u00f6rst\u00e5 en del av detta. Naturligtvis kan proffsen reagera olika p\u00e5 vissa scenarier precis som vi vanliga d\u00f6dliga, men resultaten i detta sammanhang kan till\u00e4mpas ganska generellt.<\/p>\n<p>Sex frivilliga manliga professionella cyklister fr\u00e5n Wanty Gobert Pro Cycling Team (Belgien) observerades i studien, alla i tjugo\u00e5rs\u00e5ldern. Studien \u00e4gde rum i februari under Tour de La Provence, p\u00e5 turens l\u00e4ngsta etapp d\u00e4r temperaturen l\u00e5g runt 7\u00b0C. \u00c4ven om detta kan vara en n\u00e5got annorlunda upplevelse \u00e4n en s\u00f6ndagstur p\u00e5 hemmaplan, kan samma effekter m\u00e4rkas.<\/p>\n<p>F\u00f6ga \u00f6verraskande fann man att deltagarna inte presterade maximalt under touren.<\/p>\n<p>Studien f\u00f6rklarade att cykling i en kall milj\u00f6 kan ha b\u00e5de en positiv och en negativ inverkan p\u00e5 prestandan s\u00e5som snabbare utmattning och l\u00e4ngre tid att genomf\u00f6ra en t\u00e4vling. Det noterades ocks\u00e5 att ju l\u00e4ngre loppet p\u00e5gick, desto st\u00f6rre f\u00f6rs\u00e4mrades prestandan. Den genomsnittliga kroppstemperaturen f\u00f6r deltagarna sj\u00f6nk med n\u00e4stan 1 grad under evenemangets g\u00e5ng. &#8221;Starttemperaturen var 37,32 \u00b1 1,31 \u00b0C medan den slutliga kroppstemperaturen var 36,5 \u00b1 1,44 \u00b0C.&#8221;<\/p>\n<p>F\u00f6r att minska effekterna av kylan p\u00e5 din cykling, gjorde studien ett antal rekommendationer baserat p\u00e5 sitt resultat:<\/p>\n<ul>\n<li>Acklimatisera till temperaturen genom att tr\u00e4na under liknande f\u00f6rh\u00e5llanden som vid t\u00e4vlingar.<\/li>\n<li>H\u00f6j din inre temperatur och muskeltemperatur innan du ger dig av, till exempel genom att v\u00e4rma upp innan du kliver p\u00e5 cykeln.<\/li>\n<li>Drick rumstempererat eller varmt vatten i st\u00e4llet f\u00f6r kallt f\u00f6r att underl\u00e4tta v\u00e4tskebalansen.<\/li>\n<li>B\u00e4r mer isolerande lager b\u00e5de f\u00f6re och under ett lopp f\u00f6r att minimera nedkylning av hud och muskler.<\/li>\n<li>Njut av vinterns tr\u00e4ningsm\u00e5nader och du kommer att ta dig an v\u00e5ren med of\u00f6r\u00e4ndrad f\u00f6rm\u00e5ga och skicklighet p\u00e5 v\u00e4gen!<\/li>\n<\/ul>\n","protected":false},"excerpt":{"rendered":"<p>En nyligen publicerad studie i Life Journal gav insikt i effekterna av kallt v\u00e4der f\u00f6r professionella cyklister. Det konstaterades att [&hellip;]<\/p>\n","protected":false},"author":159,"featured_media":4373,"comment_status":"open","ping_status":"open","sticky":false,"template":"","format":"standard","meta":{"footnotes":""},"categories":[5],"tags":[],"global-categories":[],"class_list":["post-4372","post","type-post","status-publish","format-standard","has-post-thumbnail","hentry","category-nyheter"],"yoast_head":"<!-- This site is optimized with the Yoast SEO Premium plugin v25.3 (Yoast SEO v25.9) - https:\/\/yoast.com\/wordpress\/plugins\/seo\/ -->\n<title>Hur en kall milj\u00f6 inverkar p\u00e5 professionella cyklister prestationsf\u00f6rm\u00e5ga - \u0160koda - We Love Cycling - Sweden<\/title>\n<meta name=\"robots\" content=\"index, follow, max-snippet:-1, max-image-preview:large, max-video-preview:-1\" \/>\n<link rel=\"canonical\" href=\"https:\/\/www.welovecycling.com\/se\/2022\/04\/05\/hur-en-kall-miljo-inverkar-pa-professionella-cyklister-prestationsformaga\/\" \/>\n<meta property=\"og:locale\" content=\"sv_SE\" \/>\n<meta property=\"og:type\" content=\"article\" \/>\n<meta property=\"og:title\" content=\"Hur en kall milj\u00f6 inverkar p\u00e5 professionella cyklister prestationsf\u00f6rm\u00e5ga\" \/>\n<meta property=\"og:description\" content=\"En nyligen publicerad studie i Life Journal gav insikt i effekterna av kallt v\u00e4der f\u00f6r professionella cyklister. Det konstaterades att [&hellip;]\" \/>\n<meta property=\"og:url\" content=\"https:\/\/www.welovecycling.com\/se\/2022\/04\/05\/hur-en-kall-miljo-inverkar-pa-professionella-cyklister-prestationsformaga\/\" \/>\n<meta property=\"og:site_name\" content=\"\u0160koda - We Love Cycling - Sweden\" \/>\n<meta property=\"article:published_time\" content=\"2022-04-05T09:00:08+00:00\" \/>\n<meta property=\"og:image\" content=\"https:\/\/d2p6e6u75xmxt8.cloudfront.net\/9\/2022\/03\/Cycling-Winter-CVR-profimedia-0614378436.jpg\" \/>\n\t<meta property=\"og:image:width\" content=\"1366\" \/>\n\t<meta property=\"og:image:height\" content=\"600\" \/>\n\t<meta property=\"og:image:type\" content=\"image\/jpeg\" \/>\n<meta name=\"author\" content=\"sabina\" \/>\n<meta name=\"twitter:card\" content=\"summary_large_image\" \/>\n<meta name=\"twitter:label1\" content=\"Written by\" \/>\n\t<meta name=\"twitter:data1\" content=\"Charlotte Murray\" \/>\n\t<meta name=\"twitter:label2\" content=\"Est. reading time\" \/>\n\t<meta name=\"twitter:data2\" content=\"5\" \/>\n<script type=\"application\/ld+json\" class=\"yoast-schema-graph\">{\"@context\":\"https:\/\/schema.org\",\"@graph\":[{\"@type\":\"WebPage\",\"@id\":\"https:\/\/www.welovecycling.com\/se\/2022\/04\/05\/hur-en-kall-miljo-inverkar-pa-professionella-cyklister-prestationsformaga\/\",\"url\":\"https:\/\/www.welovecycling.com\/se\/2022\/04\/05\/hur-en-kall-miljo-inverkar-pa-professionella-cyklister-prestationsformaga\/\",\"name\":\"Hur en kall milj\u00f6 inverkar p\u00e5 professionella cyklister prestationsf\u00f6rm\u00e5ga - \u0160koda - We Love Cycling - Sweden\",\"isPartOf\":{\"@id\":\"https:\/\/www.welovecycling.com\/se\/#website\"},\"primaryImageOfPage\":{\"@id\":\"https:\/\/www.welovecycling.com\/se\/2022\/04\/05\/hur-en-kall-miljo-inverkar-pa-professionella-cyklister-prestationsformaga\/#primaryimage\"},\"image\":{\"@id\":\"https:\/\/www.welovecycling.com\/se\/2022\/04\/05\/hur-en-kall-miljo-inverkar-pa-professionella-cyklister-prestationsformaga\/#primaryimage\"},\"thumbnailUrl\":\"https:\/\/d2p6e6u75xmxt8.cloudfront.net\/9\/2022\/03\/Cycling-Winter-CVR-profimedia-0614378436.jpg\",\"datePublished\":\"2022-04-05T09:00:08+00:00\",\"author\":{\"@id\":\"https:\/\/www.welovecycling.com\/se\/#\/schema\/person\/496be1b4c5dd5bd4e913315a02b0b233\"},\"breadcrumb\":{\"@id\":\"https:\/\/www.welovecycling.com\/se\/2022\/04\/05\/hur-en-kall-miljo-inverkar-pa-professionella-cyklister-prestationsformaga\/#breadcrumb\"},\"inLanguage\":\"sv-SE\",\"potentialAction\":[{\"@type\":\"ReadAction\",\"target\":[\"https:\/\/www.welovecycling.com\/se\/2022\/04\/05\/hur-en-kall-miljo-inverkar-pa-professionella-cyklister-prestationsformaga\/\"]}]},{\"@type\":\"ImageObject\",\"inLanguage\":\"sv-SE\",\"@id\":\"https:\/\/www.welovecycling.com\/se\/2022\/04\/05\/hur-en-kall-miljo-inverkar-pa-professionella-cyklister-prestationsformaga\/#primaryimage\",\"url\":\"https:\/\/d2p6e6u75xmxt8.cloudfront.net\/9\/2022\/03\/Cycling-Winter-CVR-profimedia-0614378436.jpg\",\"contentUrl\":\"https:\/\/d2p6e6u75xmxt8.cloudfront.net\/9\/2022\/03\/Cycling-Winter-CVR-profimedia-0614378436.jpg\",\"width\":1366,\"height\":600},{\"@type\":\"BreadcrumbList\",\"@id\":\"https:\/\/www.welovecycling.com\/se\/2022\/04\/05\/hur-en-kall-miljo-inverkar-pa-professionella-cyklister-prestationsformaga\/#breadcrumb\",\"itemListElement\":[{\"@type\":\"ListItem\",\"position\":1,\"name\":\"Home\",\"item\":\"https:\/\/www.welovecycling.com\/se\/\"},{\"@type\":\"ListItem\",\"position\":2,\"name\":\"Hur en kall milj\u00f6 inverkar p\u00e5 professionella cyklister prestationsf\u00f6rm\u00e5ga\"}]},{\"@type\":\"WebSite\",\"@id\":\"https:\/\/www.welovecycling.com\/se\/#website\",\"url\":\"https:\/\/www.welovecycling.com\/se\/\",\"name\":\"\u0160koda - We Love Cycling - Sweden\",\"description\":\"\u0160koda We Love Cycling - Sweden\",\"potentialAction\":[{\"@type\":\"SearchAction\",\"target\":{\"@type\":\"EntryPoint\",\"urlTemplate\":\"https:\/\/www.welovecycling.com\/se\/?s={search_term_string}\"},\"query-input\":{\"@type\":\"PropertyValueSpecification\",\"valueRequired\":true,\"valueName\":\"search_term_string\"}}],\"inLanguage\":\"sv-SE\"},{\"@type\":\"Person\",\"@id\":\"https:\/\/www.welovecycling.com\/se\/#\/schema\/person\/496be1b4c5dd5bd4e913315a02b0b233\",\"name\":\"sabina\",\"image\":{\"@type\":\"ImageObject\",\"inLanguage\":\"sv-SE\",\"@id\":\"https:\/\/www.welovecycling.com\/se\/#\/schema\/person\/image\/\",\"url\":\"https:\/\/secure.gravatar.com\/avatar\/ef0f1c64b29c96282b9ee1ecbed4ce720c9524ab285eb84a219a0665c6eaa529?s=96&d=mm&r=g\",\"contentUrl\":\"https:\/\/secure.gravatar.com\/avatar\/ef0f1c64b29c96282b9ee1ecbed4ce720c9524ab285eb84a219a0665c6eaa529?s=96&d=mm&r=g\",\"caption\":\"sabina\"},\"url\":\"https:\/\/www.welovecycling.com\/se\/author\/sabina\/\"}]}<\/script>\n<!-- \/ Yoast SEO Premium plugin. -->","yoast_head_json":{"title":"Hur en kall milj\u00f6 inverkar p\u00e5 professionella cyklister prestationsf\u00f6rm\u00e5ga - \u0160koda - We Love Cycling - Sweden","robots":{"index":"index","follow":"follow","max-snippet":"max-snippet:-1","max-image-preview":"max-image-preview:large","max-video-preview":"max-video-preview:-1"},"canonical":"https:\/\/www.welovecycling.com\/se\/2022\/04\/05\/hur-en-kall-miljo-inverkar-pa-professionella-cyklister-prestationsformaga\/","og_locale":"sv_SE","og_type":"article","og_title":"Hur en kall milj\u00f6 inverkar p\u00e5 professionella cyklister prestationsf\u00f6rm\u00e5ga","og_description":"En nyligen publicerad studie i Life Journal gav insikt i effekterna av kallt v\u00e4der f\u00f6r professionella cyklister. Det konstaterades att [&hellip;]","og_url":"https:\/\/www.welovecycling.com\/se\/2022\/04\/05\/hur-en-kall-miljo-inverkar-pa-professionella-cyklister-prestationsformaga\/","og_site_name":"\u0160koda - We Love Cycling - Sweden","article_published_time":"2022-04-05T09:00:08+00:00","og_image":[{"width":1366,"height":600,"url":"https:\/\/d2p6e6u75xmxt8.cloudfront.net\/9\/2022\/03\/Cycling-Winter-CVR-profimedia-0614378436.jpg","type":"image\/jpeg"}],"author":"sabina","twitter_card":"summary_large_image","twitter_misc":{"Written by":"Charlotte Murray","Est. reading time":"5"},"schema":{"@context":"https:\/\/schema.org","@graph":[{"@type":"WebPage","@id":"https:\/\/www.welovecycling.com\/se\/2022\/04\/05\/hur-en-kall-miljo-inverkar-pa-professionella-cyklister-prestationsformaga\/","url":"https:\/\/www.welovecycling.com\/se\/2022\/04\/05\/hur-en-kall-miljo-inverkar-pa-professionella-cyklister-prestationsformaga\/","name":"Hur en kall milj\u00f6 inverkar p\u00e5 professionella cyklister prestationsf\u00f6rm\u00e5ga - \u0160koda - We Love Cycling - Sweden","isPartOf":{"@id":"https:\/\/www.welovecycling.com\/se\/#website"},"primaryImageOfPage":{"@id":"https:\/\/www.welovecycling.com\/se\/2022\/04\/05\/hur-en-kall-miljo-inverkar-pa-professionella-cyklister-prestationsformaga\/#primaryimage"},"image":{"@id":"https:\/\/www.welovecycling.com\/se\/2022\/04\/05\/hur-en-kall-miljo-inverkar-pa-professionella-cyklister-prestationsformaga\/#primaryimage"},"thumbnailUrl":"https:\/\/d2p6e6u75xmxt8.cloudfront.net\/9\/2022\/03\/Cycling-Winter-CVR-profimedia-0614378436.jpg","datePublished":"2022-04-05T09:00:08+00:00","author":{"@id":"https:\/\/www.welovecycling.com\/se\/#\/schema\/person\/496be1b4c5dd5bd4e913315a02b0b233"},"breadcrumb":{"@id":"https:\/\/www.welovecycling.com\/se\/2022\/04\/05\/hur-en-kall-miljo-inverkar-pa-professionella-cyklister-prestationsformaga\/#breadcrumb"},"inLanguage":"sv-SE","potentialAction":[{"@type":"ReadAction","target":["https:\/\/www.welovecycling.com\/se\/2022\/04\/05\/hur-en-kall-miljo-inverkar-pa-professionella-cyklister-prestationsformaga\/"]}]},{"@type":"ImageObject","inLanguage":"sv-SE","@id":"https:\/\/www.welovecycling.com\/se\/2022\/04\/05\/hur-en-kall-miljo-inverkar-pa-professionella-cyklister-prestationsformaga\/#primaryimage","url":"https:\/\/d2p6e6u75xmxt8.cloudfront.net\/9\/2022\/03\/Cycling-Winter-CVR-profimedia-0614378436.jpg","contentUrl":"https:\/\/d2p6e6u75xmxt8.cloudfront.net\/9\/2022\/03\/Cycling-Winter-CVR-profimedia-0614378436.jpg","width":1366,"height":600},{"@type":"BreadcrumbList","@id":"https:\/\/www.welovecycling.com\/se\/2022\/04\/05\/hur-en-kall-miljo-inverkar-pa-professionella-cyklister-prestationsformaga\/#breadcrumb","itemListElement":[{"@type":"ListItem","position":1,"name":"Home","item":"https:\/\/www.welovecycling.com\/se\/"},{"@type":"ListItem","position":2,"name":"Hur en kall milj\u00f6 inverkar p\u00e5 professionella cyklister prestationsf\u00f6rm\u00e5ga"}]},{"@type":"WebSite","@id":"https:\/\/www.welovecycling.com\/se\/#website","url":"https:\/\/www.welovecycling.com\/se\/","name":"\u0160koda - We Love Cycling - Sweden","description":"\u0160koda We Love Cycling - Sweden","potentialAction":[{"@type":"SearchAction","target":{"@type":"EntryPoint","urlTemplate":"https:\/\/www.welovecycling.com\/se\/?s={search_term_string}"},"query-input":{"@type":"PropertyValueSpecification","valueRequired":true,"valueName":"search_term_string"}}],"inLanguage":"sv-SE"},{"@type":"Person","@id":"https:\/\/www.welovecycling.com\/se\/#\/schema\/person\/496be1b4c5dd5bd4e913315a02b0b233","name":"sabina","image":{"@type":"ImageObject","inLanguage":"sv-SE","@id":"https:\/\/www.welovecycling.com\/se\/#\/schema\/person\/image\/","url":"https:\/\/secure.gravatar.com\/avatar\/ef0f1c64b29c96282b9ee1ecbed4ce720c9524ab285eb84a219a0665c6eaa529?s=96&d=mm&r=g","contentUrl":"https:\/\/secure.gravatar.com\/avatar\/ef0f1c64b29c96282b9ee1ecbed4ce720c9524ab285eb84a219a0665c6eaa529?s=96&d=mm&r=g","caption":"sabina"},"url":"https:\/\/www.welovecycling.com\/se\/author\/sabina\/"}]}},"_links":{"self":[{"href":"https:\/\/www.welovecycling.com\/se\/wp-json\/wp\/v2\/posts\/4372","targetHints":{"allow":["GET"]}}],"collection":[{"href":"https:\/\/www.welovecycling.com\/se\/wp-json\/wp\/v2\/posts"}],"about":[{"href":"https:\/\/www.welovecycling.com\/se\/wp-json\/wp\/v2\/types\/post"}],"author":[{"embeddable":true,"href":"https:\/\/www.welovecycling.com\/se\/wp-json\/wp\/v2\/users\/159"}],"replies":[{"embeddable":true,"href":"https:\/\/www.welovecycling.com\/se\/wp-json\/wp\/v2\/comments?post=4372"}],"version-history":[{"count":1,"href":"https:\/\/www.welovecycling.com\/se\/wp-json\/wp\/v2\/posts\/4372\/revisions"}],"predecessor-version":[{"id":4375,"href":"https:\/\/www.welovecycling.com\/se\/wp-json\/wp\/v2\/posts\/4372\/revisions\/4375"}],"wp:featuredmedia":[{"embeddable":true,"href":"https:\/\/www.welovecycling.com\/se\/wp-json\/wp\/v2\/media\/4373"}],"wp:attachment":[{"href":"https:\/\/www.welovecycling.com\/se\/wp-json\/wp\/v2\/media?parent=4372"}],"wp:term":[{"taxonomy":"category","embeddable":true,"href":"https:\/\/www.welovecycling.com\/se\/wp-json\/wp\/v2\/categories?post=4372"},{"taxonomy":"post_tag","embeddable":true,"href":"https:\/\/www.welovecycling.com\/se\/wp-json\/wp\/v2\/tags?post=4372"},{"taxonomy":"global-categories","embeddable":true,"href":"https:\/\/www.welovecycling.com\/se\/wp-json\/wp\/v2\/global-categories?post=4372"}],"curies":[{"name":"wp","href":"https:\/\/api.w.org\/{rel}","templated":true}]}}