{"id":4082,"date":"2022-02-08T10:00:52","date_gmt":"2022-02-08T09:00:52","guid":{"rendered":"https:\/\/www.welovecycling.com\/se\/?p=4082"},"modified":"2022-06-16T21:09:51","modified_gmt":"2022-06-16T20:09:51","slug":"skoda-cycling-team-2022-blir-ett-damlag","status":"publish","type":"post","link":"https:\/\/www.welovecycling.com\/se\/2022\/02\/08\/skoda-cycling-team-2022-blir-ett-damlag\/","title":{"rendered":"\u0160koda Cycling Team 2022 blir ett damlag"},"content":{"rendered":"<p><b>Sedan 2014 har \u0160koda Cycling Team uppfyllt ambiti\u00f6sa amat\u00f6rers dr\u00f6mmar om att f\u00e5 cykla som ett proffs under en s\u00e4song, och f\u00f6r nionde \u00e5ret i rad \u00e4r det ingen skillnad. F\u00f6rutom att alla 30 cyklister i teamet 2022 \u00e4r kvinnor.<\/b><\/p>\n<p><span style=\"font-weight: 400;\">15 erfarna cyklister \u2013\u00a0bland dem f\u00f6re detta proffs, SM-m\u00e4stare och lokala talanger skall tillsammans med lagets tr\u00e4nare f\u00e5 15 ambiti\u00f6sa motion\u00e4rer att utvecklas maximalt under en s\u00e4song, med m\u00e5let att cykla V\u00e4tternrundan p\u00e5 rekordtid. Ut\u00f6ver erfarna mentorer ges rekryterna alla f\u00f6ruts\u00e4ttningar de beh\u00f6ver f\u00f6r att lyckas \u2013 skr\u00e4ddarsydda tr\u00e4ningsscheman, coachning, nutritionsplan, utrustning och inte minst en stark sammanh\u00e5llning i ett starkt cykellag.<\/span><\/p>\n<p><span style=\"font-weight: 400;\">Cykelsporten g\u00f6r inspirerande framsteg i fr\u00e5gan om j\u00e4mst\u00e4lldhet mellan k\u00f6nen. F\u00f6rra \u00e5ret arrangerades f\u00f6r f\u00f6rsta g\u00e5ngen v\u00e5rklassikern Paris-Roubaix f\u00f6r kvinnor, och i sommar kan vi se fram emot v\u00e4rldens st\u00f6rsta etapplopp, Tour de France motsvarighet f\u00f6r kvinnor \u2013 Tour de France Femmes. Efterl\u00e4ngtade och viktiga steg fram\u00e5t\u00a0 och n\u00e5got som vi p\u00e5 \u0160koda, som stolt sponsor inom sporten, st\u00e5r fullt bakom. N\u00e4r ocks\u00e5 \u00e5rets ans\u00f6kningar till \u0160koda Cycling Team inneh\u00f6ll rekordm\u00e5nga starka och inspirerande kvinnor k\u00e4ndes det helt naturligt att satsa fullt ut p\u00e5 ett damlag.\u00a0<\/span><\/p>\n<p><span style=\"font-weight: 400;\">\u201c\u0160koda Cycling Team har l\u00e4nge varit en viktig del av v\u00e5ra sponsringsinitiativ och ett exempel p\u00e5 hur vi ut\u00f6ver traditionell sponsring ocks\u00e5 kan bidra med\u00a0 starka och samh\u00e4llsrelevanta historier som inspirerar. Genom cykellaget blir \u0160koda en m\u00f6jligg\u00f6rare f\u00f6r m\u00e4nniskor att utforska sig sj\u00e4lva och sin egen f\u00f6rm\u00e5ga maximalt under en s\u00e4song \u2013 individuellt och tillsammans. I \u00e5r ser vi om m\u00f6jligt \u00e4n mer fram emot att dela den h\u00e4r resan med omv\u00e4rlden\u201d, s\u00e4ger Hanna Westrin, press- och sponsoransvarig p\u00e5 \u0160koda Sverige.<\/span><\/p>\n<p><span style=\"font-weight: 400;\">I slutet p\u00e5 februari blir f\u00f6rsta teamtr\u00e4ffen d\u00e4r morgondagens kvinnliga cyklister st\u00f6ttas av dagens starkaste \u2013 med siktet inst\u00e4llt p\u00e5 en rekordtid runt v\u00e4rldens st\u00f6rsta motionslopp p\u00e5 cykel.<\/span><\/p>\n<p><b>N\u00e5gra av lagets ambassad\u00f6rer<\/b><\/p>\n<ul>\n<li><span style=\"font-weight: 400;\">Sara Penton (SM-m\u00e4stare och tidigare proffscyklist)<\/span><\/li>\n<li><span style=\"font-weight: 400;\">Johanna Palmqvist (tv\u00e5faldig SM-m\u00e4stare)<\/span><\/li>\n<li><span style=\"font-weight: 400;\">Carin Winell (SM-m\u00e4stare)<\/span><\/li>\n<li><span style=\"font-weight: 400;\">Hanna Johansson (professionell cyklist i Lviv Cycling Team)<\/span><\/li>\n<li><span style=\"font-weight: 400;\">Jessica Edqvist (en av Sveriges fr\u00e4msta inom e-cykling)<\/span><\/li>\n<\/ul>\n<p>&nbsp;<\/p>\n<p><a href=\"https:\/\/www.instagram.com\/skodacyclingteam\/\"><span style=\"font-weight: 400;\">F\u00f6lj lagets resa p\u00e5 Instagram.<\/span><\/a><span style=\"font-weight: 400;\">\u00a0<\/span><\/p>\n<p>&nbsp;<\/p>\n","protected":false},"excerpt":{"rendered":"<p>Sedan 2014 har \u0160koda Cycling Team uppfyllt ambiti\u00f6sa amat\u00f6rers dr\u00f6mmar om att f\u00e5 cykla som ett proffs under en s\u00e4song, [&hellip;]<\/p>\n","protected":false},"author":52,"featured_media":4083,"comment_status":"open","ping_status":"open","sticky":false,"template":"","format":"standard","meta":{"footnotes":""},"categories":[7,65],"tags":[],"global-categories":[36],"class_list":["post-4082","post","type-post","status-publish","format-standard","has-post-thumbnail","hentry","category-cyclingteam","category-vatternrundan","global-categories-cycling"],"yoast_head":"<!-- This site is optimized with the Yoast SEO Premium plugin v25.3 (Yoast SEO v25.9) - https:\/\/yoast.com\/wordpress\/plugins\/seo\/ -->\n<title>\u0160koda Cycling Team 2022 blir ett damlag - \u0160koda - We Love Cycling - Sweden<\/title>\n<meta name=\"robots\" content=\"index, follow, max-snippet:-1, max-image-preview:large, max-video-preview:-1\" \/>\n<link rel=\"canonical\" href=\"https:\/\/www.welovecycling.com\/se\/2022\/02\/08\/skoda-cycling-team-2022-blir-ett-damlag\/\" \/>\n<meta property=\"og:locale\" content=\"sv_SE\" \/>\n<meta property=\"og:type\" content=\"article\" \/>\n<meta property=\"og:title\" content=\"\u0160koda Cycling Team 2022 blir ett damlag\" \/>\n<meta property=\"og:description\" content=\"Sedan 2014 har \u0160koda Cycling Team uppfyllt ambiti\u00f6sa amat\u00f6rers dr\u00f6mmar om att f\u00e5 cykla som ett proffs under en s\u00e4song, [&hellip;]\" \/>\n<meta property=\"og:url\" content=\"https:\/\/www.welovecycling.com\/se\/2022\/02\/08\/skoda-cycling-team-2022-blir-ett-damlag\/\" \/>\n<meta property=\"og:site_name\" content=\"\u0160koda - We Love Cycling - Sweden\" \/>\n<meta property=\"article:published_time\" content=\"2022-02-08T09:00:52+00:00\" \/>\n<meta property=\"article:modified_time\" content=\"2022-06-16T20:09:51+00:00\" \/>\n<meta property=\"og:image\" content=\"https:\/\/d2p6e6u75xmxt8.cloudfront.net\/9\/2022\/02\/SKODA_2021_Dag1_2831.jpg\" \/>\n\t<meta property=\"og:image:width\" content=\"2048\" \/>\n\t<meta property=\"og:image:height\" content=\"1366\" \/>\n\t<meta property=\"og:image:type\" content=\"image\/jpeg\" \/>\n<meta name=\"author\" content=\"erikleonsson\" \/>\n<meta name=\"twitter:card\" content=\"summary_large_image\" \/>\n<meta name=\"twitter:label1\" content=\"Written by\" \/>\n\t<meta name=\"twitter:data1\" content=\"erikleonsson\" \/>\n\t<meta name=\"twitter:label2\" content=\"Est. reading time\" \/>\n\t<meta name=\"twitter:data2\" content=\"2 minutes\" \/>\n<script type=\"application\/ld+json\" class=\"yoast-schema-graph\">{\"@context\":\"https:\/\/schema.org\",\"@graph\":[{\"@type\":\"WebPage\",\"@id\":\"https:\/\/www.welovecycling.com\/se\/2022\/02\/08\/skoda-cycling-team-2022-blir-ett-damlag\/\",\"url\":\"https:\/\/www.welovecycling.com\/se\/2022\/02\/08\/skoda-cycling-team-2022-blir-ett-damlag\/\",\"name\":\"\u0160koda Cycling Team 2022 blir ett damlag - \u0160koda - We Love Cycling - Sweden\",\"isPartOf\":{\"@id\":\"https:\/\/www.welovecycling.com\/se\/#website\"},\"primaryImageOfPage\":{\"@id\":\"https:\/\/www.welovecycling.com\/se\/2022\/02\/08\/skoda-cycling-team-2022-blir-ett-damlag\/#primaryimage\"},\"image\":{\"@id\":\"https:\/\/www.welovecycling.com\/se\/2022\/02\/08\/skoda-cycling-team-2022-blir-ett-damlag\/#primaryimage\"},\"thumbnailUrl\":\"https:\/\/d2p6e6u75xmxt8.cloudfront.net\/9\/2022\/02\/SKODA_2021_Dag1_2831.jpg\",\"datePublished\":\"2022-02-08T09:00:52+00:00\",\"dateModified\":\"2022-06-16T20:09:51+00:00\",\"author\":{\"@id\":\"https:\/\/www.welovecycling.com\/se\/#\/schema\/person\/037f34ad5d6e77accab8a3eff6ad7a0c\"},\"breadcrumb\":{\"@id\":\"https:\/\/www.welovecycling.com\/se\/2022\/02\/08\/skoda-cycling-team-2022-blir-ett-damlag\/#breadcrumb\"},\"inLanguage\":\"sv-SE\",\"potentialAction\":[{\"@type\":\"ReadAction\",\"target\":[\"https:\/\/www.welovecycling.com\/se\/2022\/02\/08\/skoda-cycling-team-2022-blir-ett-damlag\/\"]}]},{\"@type\":\"ImageObject\",\"inLanguage\":\"sv-SE\",\"@id\":\"https:\/\/www.welovecycling.com\/se\/2022\/02\/08\/skoda-cycling-team-2022-blir-ett-damlag\/#primaryimage\",\"url\":\"https:\/\/d2p6e6u75xmxt8.cloudfront.net\/9\/2022\/02\/SKODA_2021_Dag1_2831.jpg\",\"contentUrl\":\"https:\/\/d2p6e6u75xmxt8.cloudfront.net\/9\/2022\/02\/SKODA_2021_Dag1_2831.jpg\",\"width\":2048,\"height\":1366,\"caption\":\"SKODA Cycling Team blir ett damlag 2022\"},{\"@type\":\"BreadcrumbList\",\"@id\":\"https:\/\/www.welovecycling.com\/se\/2022\/02\/08\/skoda-cycling-team-2022-blir-ett-damlag\/#breadcrumb\",\"itemListElement\":[{\"@type\":\"ListItem\",\"position\":1,\"name\":\"Home\",\"item\":\"https:\/\/www.welovecycling.com\/se\/\"},{\"@type\":\"ListItem\",\"position\":2,\"name\":\"\u0160koda Cycling Team 2022 blir ett damlag\"}]},{\"@type\":\"WebSite\",\"@id\":\"https:\/\/www.welovecycling.com\/se\/#website\",\"url\":\"https:\/\/www.welovecycling.com\/se\/\",\"name\":\"\u0160koda - We Love Cycling - Sweden\",\"description\":\"\u0160koda We Love Cycling - Sweden\",\"potentialAction\":[{\"@type\":\"SearchAction\",\"target\":{\"@type\":\"EntryPoint\",\"urlTemplate\":\"https:\/\/www.welovecycling.com\/se\/?s={search_term_string}\"},\"query-input\":{\"@type\":\"PropertyValueSpecification\",\"valueRequired\":true,\"valueName\":\"search_term_string\"}}],\"inLanguage\":\"sv-SE\"},{\"@type\":\"Person\",\"@id\":\"https:\/\/www.welovecycling.com\/se\/#\/schema\/person\/037f34ad5d6e77accab8a3eff6ad7a0c\",\"name\":\"erikleonsson\",\"image\":{\"@type\":\"ImageObject\",\"inLanguage\":\"sv-SE\",\"@id\":\"https:\/\/www.welovecycling.com\/se\/#\/schema\/person\/image\/\",\"url\":\"https:\/\/secure.gravatar.com\/avatar\/788a593b0a657d6864c271709722f9cd586caa5a645e77f71fe625396b02677c?s=96&d=mm&r=g\",\"contentUrl\":\"https:\/\/secure.gravatar.com\/avatar\/788a593b0a657d6864c271709722f9cd586caa5a645e77f71fe625396b02677c?s=96&d=mm&r=g\",\"caption\":\"erikleonsson\"},\"url\":\"https:\/\/www.welovecycling.com\/se\/author\/erikleonsson\/\"}]}<\/script>\n<!-- \/ Yoast SEO Premium plugin. -->","yoast_head_json":{"title":"\u0160koda Cycling Team 2022 blir ett damlag - \u0160koda - We Love Cycling - Sweden","robots":{"index":"index","follow":"follow","max-snippet":"max-snippet:-1","max-image-preview":"max-image-preview:large","max-video-preview":"max-video-preview:-1"},"canonical":"https:\/\/www.welovecycling.com\/se\/2022\/02\/08\/skoda-cycling-team-2022-blir-ett-damlag\/","og_locale":"sv_SE","og_type":"article","og_title":"\u0160koda Cycling Team 2022 blir ett damlag","og_description":"Sedan 2014 har \u0160koda Cycling Team uppfyllt ambiti\u00f6sa amat\u00f6rers dr\u00f6mmar om att f\u00e5 cykla som ett proffs under en s\u00e4song, [&hellip;]","og_url":"https:\/\/www.welovecycling.com\/se\/2022\/02\/08\/skoda-cycling-team-2022-blir-ett-damlag\/","og_site_name":"\u0160koda - We Love Cycling - Sweden","article_published_time":"2022-02-08T09:00:52+00:00","article_modified_time":"2022-06-16T20:09:51+00:00","og_image":[{"width":2048,"height":1366,"url":"https:\/\/d2p6e6u75xmxt8.cloudfront.net\/9\/2022\/02\/SKODA_2021_Dag1_2831.jpg","type":"image\/jpeg"}],"author":"erikleonsson","twitter_card":"summary_large_image","twitter_misc":{"Written by":"erikleonsson","Est. reading time":"2 minutes"},"schema":{"@context":"https:\/\/schema.org","@graph":[{"@type":"WebPage","@id":"https:\/\/www.welovecycling.com\/se\/2022\/02\/08\/skoda-cycling-team-2022-blir-ett-damlag\/","url":"https:\/\/www.welovecycling.com\/se\/2022\/02\/08\/skoda-cycling-team-2022-blir-ett-damlag\/","name":"\u0160koda Cycling Team 2022 blir ett damlag - \u0160koda - We Love Cycling - Sweden","isPartOf":{"@id":"https:\/\/www.welovecycling.com\/se\/#website"},"primaryImageOfPage":{"@id":"https:\/\/www.welovecycling.com\/se\/2022\/02\/08\/skoda-cycling-team-2022-blir-ett-damlag\/#primaryimage"},"image":{"@id":"https:\/\/www.welovecycling.com\/se\/2022\/02\/08\/skoda-cycling-team-2022-blir-ett-damlag\/#primaryimage"},"thumbnailUrl":"https:\/\/d2p6e6u75xmxt8.cloudfront.net\/9\/2022\/02\/SKODA_2021_Dag1_2831.jpg","datePublished":"2022-02-08T09:00:52+00:00","dateModified":"2022-06-16T20:09:51+00:00","author":{"@id":"https:\/\/www.welovecycling.com\/se\/#\/schema\/person\/037f34ad5d6e77accab8a3eff6ad7a0c"},"breadcrumb":{"@id":"https:\/\/www.welovecycling.com\/se\/2022\/02\/08\/skoda-cycling-team-2022-blir-ett-damlag\/#breadcrumb"},"inLanguage":"sv-SE","potentialAction":[{"@type":"ReadAction","target":["https:\/\/www.welovecycling.com\/se\/2022\/02\/08\/skoda-cycling-team-2022-blir-ett-damlag\/"]}]},{"@type":"ImageObject","inLanguage":"sv-SE","@id":"https:\/\/www.welovecycling.com\/se\/2022\/02\/08\/skoda-cycling-team-2022-blir-ett-damlag\/#primaryimage","url":"https:\/\/d2p6e6u75xmxt8.cloudfront.net\/9\/2022\/02\/SKODA_2021_Dag1_2831.jpg","contentUrl":"https:\/\/d2p6e6u75xmxt8.cloudfront.net\/9\/2022\/02\/SKODA_2021_Dag1_2831.jpg","width":2048,"height":1366,"caption":"SKODA Cycling Team blir ett damlag 2022"},{"@type":"BreadcrumbList","@id":"https:\/\/www.welovecycling.com\/se\/2022\/02\/08\/skoda-cycling-team-2022-blir-ett-damlag\/#breadcrumb","itemListElement":[{"@type":"ListItem","position":1,"name":"Home","item":"https:\/\/www.welovecycling.com\/se\/"},{"@type":"ListItem","position":2,"name":"\u0160koda Cycling Team 2022 blir ett damlag"}]},{"@type":"WebSite","@id":"https:\/\/www.welovecycling.com\/se\/#website","url":"https:\/\/www.welovecycling.com\/se\/","name":"\u0160koda - We Love Cycling - Sweden","description":"\u0160koda We Love Cycling - Sweden","potentialAction":[{"@type":"SearchAction","target":{"@type":"EntryPoint","urlTemplate":"https:\/\/www.welovecycling.com\/se\/?s={search_term_string}"},"query-input":{"@type":"PropertyValueSpecification","valueRequired":true,"valueName":"search_term_string"}}],"inLanguage":"sv-SE"},{"@type":"Person","@id":"https:\/\/www.welovecycling.com\/se\/#\/schema\/person\/037f34ad5d6e77accab8a3eff6ad7a0c","name":"erikleonsson","image":{"@type":"ImageObject","inLanguage":"sv-SE","@id":"https:\/\/www.welovecycling.com\/se\/#\/schema\/person\/image\/","url":"https:\/\/secure.gravatar.com\/avatar\/788a593b0a657d6864c271709722f9cd586caa5a645e77f71fe625396b02677c?s=96&d=mm&r=g","contentUrl":"https:\/\/secure.gravatar.com\/avatar\/788a593b0a657d6864c271709722f9cd586caa5a645e77f71fe625396b02677c?s=96&d=mm&r=g","caption":"erikleonsson"},"url":"https:\/\/www.welovecycling.com\/se\/author\/erikleonsson\/"}]}},"_links":{"self":[{"href":"https:\/\/www.welovecycling.com\/se\/wp-json\/wp\/v2\/posts\/4082","targetHints":{"allow":["GET"]}}],"collection":[{"href":"https:\/\/www.welovecycling.com\/se\/wp-json\/wp\/v2\/posts"}],"about":[{"href":"https:\/\/www.welovecycling.com\/se\/wp-json\/wp\/v2\/types\/post"}],"author":[{"embeddable":true,"href":"https:\/\/www.welovecycling.com\/se\/wp-json\/wp\/v2\/users\/52"}],"replies":[{"embeddable":true,"href":"https:\/\/www.welovecycling.com\/se\/wp-json\/wp\/v2\/comments?post=4082"}],"version-history":[{"count":2,"href":"https:\/\/www.welovecycling.com\/se\/wp-json\/wp\/v2\/posts\/4082\/revisions"}],"predecessor-version":[{"id":4509,"href":"https:\/\/www.welovecycling.com\/se\/wp-json\/wp\/v2\/posts\/4082\/revisions\/4509"}],"wp:featuredmedia":[{"embeddable":true,"href":"https:\/\/www.welovecycling.com\/se\/wp-json\/wp\/v2\/media\/4083"}],"wp:attachment":[{"href":"https:\/\/www.welovecycling.com\/se\/wp-json\/wp\/v2\/media?parent=4082"}],"wp:term":[{"taxonomy":"category","embeddable":true,"href":"https:\/\/www.welovecycling.com\/se\/wp-json\/wp\/v2\/categories?post=4082"},{"taxonomy":"post_tag","embeddable":true,"href":"https:\/\/www.welovecycling.com\/se\/wp-json\/wp\/v2\/tags?post=4082"},{"taxonomy":"global-categories","embeddable":true,"href":"https:\/\/www.welovecycling.com\/se\/wp-json\/wp\/v2\/global-categories?post=4082"}],"curies":[{"name":"wp","href":"https:\/\/api.w.org\/{rel}","templated":true}]}}