{"id":4072,"date":"2022-01-31T18:32:32","date_gmt":"2022-01-31T17:32:32","guid":{"rendered":"https:\/\/www.welovecycling.com\/se\/?p=4072"},"modified":"2022-01-31T18:35:01","modified_gmt":"2022-01-31T17:35:01","slug":"damernas-peloton-uppdatering-vem-kor-for-vem-2022","status":"publish","type":"post","link":"https:\/\/www.welovecycling.com\/se\/2022\/01\/31\/damernas-peloton-uppdatering-vem-kor-for-vem-2022\/","title":{"rendered":"Damernas proffsklunga \u2013\u00a0vem k\u00f6r f\u00f6r vem 2022?"},"content":{"rendered":"<p><strong>Ny s\u00e4song och det \u00e4r dags att blicka fram\u00e5t mot vad som ser ut att bli ett sp\u00e4nnande \u00e5r f\u00f6r damernas peloton! Naturligtvis \u00e4r det viktigaste till\u00e4gget p\u00e5 2022 \u00e5rs kalender den \u00e5tta dagar l\u00e5nga Tour de France Femmes som kommer att \u00e4ga rum 24-31 juli, direkt efter herrarnas Tour de France. Den n\u00e4st st\u00f6rsta nyheten \u00e4r nystarten av Giro d\u2019Italia Donne, eller Giro Rosa, 1-10 juli.<\/strong><\/p>\n<p><!--more--><\/p>\n<p>N\u00e5gra andra anm\u00e4rkningsv\u00e4rda h\u00e4ndelser i kalendern inkluderar tre dagar av <a href=\"https:\/\/www.ridelondon.co.uk\/the-classique\/the-classique\">RideLondon Classique<\/a> i maj och det l\u00e4nge efterl\u00e4ngtade Battle of the North. Det f\u00f6rsta sexdagars etapploppet i Danmark, Norge och Sverige skulle ha startat 2021 men sk\u00f6ts upp p\u00e5 grund av pandemin. I b\u00f6rjan av mars kommer kvinnorna att starta sin WWT-s\u00e4song med <a href=\"https:\/\/www.welovecycling.com\/wide\/2020\/08\/03\/wout-van-aert-and-annemiek-van-vleuten-win-the-strade-bianche-and-other-cool-news-from-the-world-of-cycling\/\">Strade Bianche<\/a> och kommer i teorin att ha m\u00e5nga fler WWT-t\u00e4vlingsdagar 2022 om allt g\u00e5r enligt planerna.<\/p>\n<figure id=\"attachment_4073\" aria-describedby=\"caption-attachment-4073\" style=\"width: 1096px\" class=\"wp-caption alignnone\"><a href=\"https:\/\/d2p6e6u75xmxt8.cloudfront.net\/9\/2022\/01\/Tokyo-women-peloton-profimedia-0623195770.jpg\"><img loading=\"lazy\" decoding=\"async\" class=\"wp-image-4073 size-full\" src=\"https:\/\/d2p6e6u75xmxt8.cloudfront.net\/9\/2022\/01\/Tokyo-women-peloton-profimedia-0623195770.jpg\" alt=\"Women's peloton\" width=\"1096\" height=\"832\" srcset=\"https:\/\/d2p6e6u75xmxt8.cloudfront.net\/9\/2022\/01\/Tokyo-women-peloton-profimedia-0623195770.jpg 1096w, https:\/\/d2p6e6u75xmxt8.cloudfront.net\/9\/2022\/01\/Tokyo-women-peloton-profimedia-0623195770-300x228.jpg 300w, https:\/\/d2p6e6u75xmxt8.cloudfront.net\/9\/2022\/01\/Tokyo-women-peloton-profimedia-0623195770-1024x777.jpg 1024w, https:\/\/d2p6e6u75xmxt8.cloudfront.net\/9\/2022\/01\/Tokyo-women-peloton-profimedia-0623195770-768x583.jpg 768w\" sizes=\"auto, (max-width: 1096px) 100vw, 1096px\" \/><\/a><figcaption id=\"caption-attachment-4073\" class=\"wp-caption-text\">\u00a9 Profimedia<\/figcaption><\/figure>\n<p>&nbsp;<\/p>\n<p>S\u00e5 med all denna episka racing att se fram emot \u2013 vem k\u00f6r f\u00f6r vem? Som alltid var transfermarknaden i full g\u00e5ng i slutet av f\u00f6rra \u00e5ret, och du \u00e4r f\u00f6rl\u00e5ten om du missade n\u00e5gra av de stora dragen f\u00f6re s\u00e4songen 2022. Tack och lov \u00e4r vi h\u00e4r f\u00f6r att h\u00e5lla dig uppdaterad! S\u00e5, utan n\u00e5got st\u00f6rre v\u00e4sen tar vi en titt p\u00e5 n\u00e5gra av \u00e5karna som hoppas kunna utvidga sina erfarenheter med ett nytt team eller starta sina WorldTour-karri\u00e4rer under n\u00e5gra av sportens finaste fanor.<\/p>\n<h2><strong>Lotte Kopecky l\u00e4mnar Liv Racing f\u00f6r SD Worx<\/strong><\/h2>\n<p>En av de st\u00f6rsta \u00f6verg\u00e5ngarna inf\u00f6r s\u00e4songen 2022 var <a href=\"https:\/\/en.wikipedia.org\/wiki\/Lotte_Kopecky\">Lotte Kopeckys<\/a> hopp <em>(f\u00f6rmodligen en av de starkaste \u00e5karna i pelotonen)<\/em> fr\u00e5n Liv Racing till SD Worx (som kan p\u00e5st\u00e5s vara ett av de starkaste lagen i pelotonen). Alla f\u00f6rv\u00e4ntar sig stord\u00e5d fr\u00e5n den belgiska nationella m\u00e4staren p\u00e5 landsv\u00e4gslopp med sitt nya lag. Tack vare Kopeckys enast\u00e5ende sprintkapacitet och enorma kraft i platta och korta backar \u2013 borde hon passa in bra bland s\u00e5na som Demi Vollering, Christine Majerus, Chantal van den Broek-Blaak och Kata Blanka Vas.<\/p>\n<h2><strong>\u00c4ven Marlen Reusser ansluter till SD Worx<\/strong><\/h2>\n<p>En annan m\u00f6rdarv\u00e4rvning f\u00f6r SD Worx \u00e4r den framst\u00e5ende talangen 2021, Marlen Reusser. Med sex av sina 12 proffsvinster f\u00f6rra \u00e5ret (inklusive EM-tidloppet, en etapp i Ceratizit Challenge i <a href=\"https:\/\/www.welovecycling.com\/wide\/2021\/12\/17\/vuelta-a-espana-2022-route-eight-summit-finishes-and-the-return-to-madrid\/\">La Vuelta<\/a> d\u00e4r hon slutade tv\u00e5a totalt, s\u00e5v\u00e4l som b\u00e5de landsv\u00e4gs- och tidsk\u00f6rningstitlar i Schweiz), \u00e4r hon redo att forts\u00e4tta g\u00f6da sitt redan mycket imponerande rykte.<\/p>\n<h2><strong>Grace Brown s\u00e4ger adj\u00f6 till Team BikeExchange och f\u00f6rbereder sig f\u00f6r att ta sitt n\u00e4sta steg med FDJ Nouvelle-Aquitaine Futuroscope<\/strong><\/h2>\n<p>2021 var ocks\u00e5 en otrolig s\u00e4song f\u00f6r Grace Brown som har marscherat mot \u00f6kad framg\u00e5ng under de senaste \u00e5ren. Med vinster i Brugge-de Panne och den inledande etappen av Vuelta a Burgos som meriter, ansluter hon sig till Cecilie Uttrup Ludwig, Marta Cavalli och Emilia Fahlin n\u00e4r de ser ut att g\u00e5 mot fler vinster 2022.<\/p>\n<h2><strong>Hannah Barnes separerar fr\u00e5n sin syster och flyttar till Uno-X<\/strong><\/h2>\n<p>En st\u00f6ttepelare i brittisk cykling \u2013 n\u00e4r en av systrarna Barnes byter lag l\u00e4gger folk m\u00e4rke till det. Trots att hon hade imponerande 12 segrar p\u00e5 sin meritlista, innebar 2021 mindre tid i rampljuset f\u00f6r Barnes som troligen hoppas kunna \u00e5terf\u00e5 en del av sin forna glans med ett nytt lag vid sin sida. Om allt g\u00e5r enligt planerna kommer hon att spela en huvudroll p\u00e5 Uno-X 2022 d\u00e4r hon kommer att vara i gott s\u00e4llskap tillsammans med britternas olympiska medalj\u00f6r Elinor Barker samt v\u00e4rldsrekordh\u00e5llaren Joss Lowden.<\/p>\n<h2><strong>Coryn Labecki (f\u00f6dd Rivera) ansluter till Jumbo-Visma<\/strong><\/h2>\n<p>Coryn Labecki kommer att ansluta sig till Jumbo-Visma 2022 fr\u00e5n DSM p\u00e5 ett tv\u00e5\u00e5rigt avtal. Den amerikanska talangen sa att hon ser fram emot sin fortsatta utveckling och ett nytt s\u00e4tt att arbeta. Hon har faktiskt ett bra l\u00e4ge f\u00f6r framg\u00e5ng. 2021 vann hon sin f\u00f6rsta Giro-etapp, kvalificerade sig f\u00f6r det olympiska laget och tog pallplatser p\u00e5 Tour of Norway och Vuelta. En utm\u00e4rkt v\u00e4rvning f\u00f6r Jumbo-Visma!<\/p>\n<h2><strong>Andra anm\u00e4rkningsv\u00e4rda v\u00e4rvningar f\u00f6r 2022<\/strong><\/h2>\n<ul>\n<li>Lizzy Banks gjorde en \u00f6verraskande avg\u00e5ng fr\u00e5n Ceratizit-WNT som kommer att se den brittiska talangen t\u00e4vla med amerikanska EF Education-TIBCO-SVB 2022 och 2023.<\/li>\n<li>Trek-Segafredo h\u00f6ll fast vid sin metod att kamma hem de b\u00e4sta lovande nykomlingarna och sl\u00f6t ett tre\u00e5rigt avtal med Elisa Balsamo i augusti.<\/li>\n<li>Alexis Ryan kommer att l\u00e4mna Canyon-SRAM efter sex \u00e5r f\u00f6r att t\u00e4vla f\u00f6r de expanderande L39ION i Los Angeles damlag 2022.<\/li>\n<li>Den australiensiska uppstickaren Sarah Gigante kommer att flytta fr\u00e5n TIBCO-Silicon Valley Bank till Movistar.<\/li>\n<li>Det var bara en tidsfr\u00e5ga innan den kubanska cyklisten Arlenis Sierra skrev p\u00e5 ett kontrakt med ett topplag, och den lyckliga truppen \u00e4r Movistar.<\/li>\n<\/ul>\n","protected":false},"excerpt":{"rendered":"<p>Ny s\u00e4song och det \u00e4r dags att blicka fram\u00e5t mot vad som ser ut att bli ett sp\u00e4nnande \u00e5r f\u00f6r [&hellip;]<\/p>\n","protected":false},"author":52,"featured_media":4075,"comment_status":"open","ping_status":"open","sticky":false,"template":"","format":"standard","meta":{"footnotes":""},"categories":[5],"tags":[],"global-categories":[],"class_list":["post-4072","post","type-post","status-publish","format-standard","has-post-thumbnail","hentry","category-nyheter"],"yoast_head":"<!-- This site is optimized with the Yoast SEO Premium plugin v25.3 (Yoast SEO v25.9) - https:\/\/yoast.com\/wordpress\/plugins\/seo\/ -->\n<title>Damernas proffsklunga \u2013\u00a0vem k\u00f6r f\u00f6r vem 2022?<\/title>\n<meta name=\"robots\" content=\"index, follow, max-snippet:-1, max-image-preview:large, max-video-preview:-1\" \/>\n<link rel=\"canonical\" href=\"https:\/\/www.welovecycling.com\/se\/2022\/01\/31\/damernas-peloton-uppdatering-vem-kor-for-vem-2022\/\" \/>\n<meta property=\"og:locale\" content=\"sv_SE\" \/>\n<meta property=\"og:type\" content=\"article\" \/>\n<meta property=\"og:title\" content=\"Damernas proffsklunga \u2013\u00a0vem k\u00f6r f\u00f6r vem 2022?\" \/>\n<meta property=\"og:description\" content=\"Ny s\u00e4song och det \u00e4r dags att blicka fram\u00e5t mot vad som ser ut att bli ett sp\u00e4nnande \u00e5r f\u00f6r [&hellip;]\" \/>\n<meta property=\"og:url\" content=\"https:\/\/www.welovecycling.com\/se\/2022\/01\/31\/damernas-peloton-uppdatering-vem-kor-for-vem-2022\/\" \/>\n<meta property=\"og:site_name\" content=\"\u0160koda - We Love Cycling - Sweden\" \/>\n<meta property=\"article:published_time\" content=\"2022-01-31T17:32:32+00:00\" \/>\n<meta property=\"article:modified_time\" content=\"2022-01-31T17:35:01+00:00\" \/>\n<meta property=\"og:image\" content=\"https:\/\/d2p6e6u75xmxt8.cloudfront.net\/9\/2022\/01\/Women-cycling-peloton-profimedia-0623189283-CVR.jpg\" \/>\n\t<meta property=\"og:image:width\" content=\"1366\" \/>\n\t<meta property=\"og:image:height\" content=\"600\" \/>\n\t<meta property=\"og:image:type\" content=\"image\/jpeg\" \/>\n<meta name=\"author\" content=\"erikleonsson\" \/>\n<meta name=\"twitter:card\" content=\"summary_large_image\" \/>\n<meta name=\"twitter:label1\" content=\"Written by\" \/>\n\t<meta name=\"twitter:data1\" content=\"Megan Flottorp\" \/>\n\t<meta name=\"twitter:label2\" content=\"Est. reading time\" \/>\n\t<meta name=\"twitter:data2\" content=\"6\" \/>\n<script type=\"application\/ld+json\" class=\"yoast-schema-graph\">{\"@context\":\"https:\/\/schema.org\",\"@graph\":[{\"@type\":\"WebPage\",\"@id\":\"https:\/\/www.welovecycling.com\/se\/2022\/01\/31\/damernas-peloton-uppdatering-vem-kor-for-vem-2022\/\",\"url\":\"https:\/\/www.welovecycling.com\/se\/2022\/01\/31\/damernas-peloton-uppdatering-vem-kor-for-vem-2022\/\",\"name\":\"Damernas proffsklunga \u2013\u00a0vem k\u00f6r f\u00f6r vem 2022?\",\"isPartOf\":{\"@id\":\"https:\/\/www.welovecycling.com\/se\/#website\"},\"primaryImageOfPage\":{\"@id\":\"https:\/\/www.welovecycling.com\/se\/2022\/01\/31\/damernas-peloton-uppdatering-vem-kor-for-vem-2022\/#primaryimage\"},\"image\":{\"@id\":\"https:\/\/www.welovecycling.com\/se\/2022\/01\/31\/damernas-peloton-uppdatering-vem-kor-for-vem-2022\/#primaryimage\"},\"thumbnailUrl\":\"https:\/\/d2p6e6u75xmxt8.cloudfront.net\/9\/2022\/01\/Women-cycling-peloton-profimedia-0623189283-CVR.jpg\",\"datePublished\":\"2022-01-31T17:32:32+00:00\",\"dateModified\":\"2022-01-31T17:35:01+00:00\",\"author\":{\"@id\":\"https:\/\/www.welovecycling.com\/se\/#\/schema\/person\/037f34ad5d6e77accab8a3eff6ad7a0c\"},\"breadcrumb\":{\"@id\":\"https:\/\/www.welovecycling.com\/se\/2022\/01\/31\/damernas-peloton-uppdatering-vem-kor-for-vem-2022\/#breadcrumb\"},\"inLanguage\":\"sv-SE\",\"potentialAction\":[{\"@type\":\"ReadAction\",\"target\":[\"https:\/\/www.welovecycling.com\/se\/2022\/01\/31\/damernas-peloton-uppdatering-vem-kor-for-vem-2022\/\"]}]},{\"@type\":\"ImageObject\",\"inLanguage\":\"sv-SE\",\"@id\":\"https:\/\/www.welovecycling.com\/se\/2022\/01\/31\/damernas-peloton-uppdatering-vem-kor-for-vem-2022\/#primaryimage\",\"url\":\"https:\/\/d2p6e6u75xmxt8.cloudfront.net\/9\/2022\/01\/Women-cycling-peloton-profimedia-0623189283-CVR.jpg\",\"contentUrl\":\"https:\/\/d2p6e6u75xmxt8.cloudfront.net\/9\/2022\/01\/Women-cycling-peloton-profimedia-0623189283-CVR.jpg\",\"width\":1366,\"height\":600,\"caption\":\"Women's Cycling\"},{\"@type\":\"BreadcrumbList\",\"@id\":\"https:\/\/www.welovecycling.com\/se\/2022\/01\/31\/damernas-peloton-uppdatering-vem-kor-for-vem-2022\/#breadcrumb\",\"itemListElement\":[{\"@type\":\"ListItem\",\"position\":1,\"name\":\"Home\",\"item\":\"https:\/\/www.welovecycling.com\/se\/\"},{\"@type\":\"ListItem\",\"position\":2,\"name\":\"Damernas proffsklunga \u2013\u00a0vem k\u00f6r f\u00f6r vem 2022?\"}]},{\"@type\":\"WebSite\",\"@id\":\"https:\/\/www.welovecycling.com\/se\/#website\",\"url\":\"https:\/\/www.welovecycling.com\/se\/\",\"name\":\"\u0160koda - We Love Cycling - Sweden\",\"description\":\"\u0160koda We Love Cycling - Sweden\",\"potentialAction\":[{\"@type\":\"SearchAction\",\"target\":{\"@type\":\"EntryPoint\",\"urlTemplate\":\"https:\/\/www.welovecycling.com\/se\/?s={search_term_string}\"},\"query-input\":{\"@type\":\"PropertyValueSpecification\",\"valueRequired\":true,\"valueName\":\"search_term_string\"}}],\"inLanguage\":\"sv-SE\"},{\"@type\":\"Person\",\"@id\":\"https:\/\/www.welovecycling.com\/se\/#\/schema\/person\/037f34ad5d6e77accab8a3eff6ad7a0c\",\"name\":\"erikleonsson\",\"image\":{\"@type\":\"ImageObject\",\"inLanguage\":\"sv-SE\",\"@id\":\"https:\/\/www.welovecycling.com\/se\/#\/schema\/person\/image\/\",\"url\":\"https:\/\/secure.gravatar.com\/avatar\/788a593b0a657d6864c271709722f9cd586caa5a645e77f71fe625396b02677c?s=96&d=mm&r=g\",\"contentUrl\":\"https:\/\/secure.gravatar.com\/avatar\/788a593b0a657d6864c271709722f9cd586caa5a645e77f71fe625396b02677c?s=96&d=mm&r=g\",\"caption\":\"erikleonsson\"},\"url\":\"https:\/\/www.welovecycling.com\/se\/author\/erikleonsson\/\"}]}<\/script>\n<!-- \/ Yoast SEO Premium plugin. -->","yoast_head_json":{"title":"Damernas proffsklunga \u2013\u00a0vem k\u00f6r f\u00f6r vem 2022?","robots":{"index":"index","follow":"follow","max-snippet":"max-snippet:-1","max-image-preview":"max-image-preview:large","max-video-preview":"max-video-preview:-1"},"canonical":"https:\/\/www.welovecycling.com\/se\/2022\/01\/31\/damernas-peloton-uppdatering-vem-kor-for-vem-2022\/","og_locale":"sv_SE","og_type":"article","og_title":"Damernas proffsklunga \u2013\u00a0vem k\u00f6r f\u00f6r vem 2022?","og_description":"Ny s\u00e4song och det \u00e4r dags att blicka fram\u00e5t mot vad som ser ut att bli ett sp\u00e4nnande \u00e5r f\u00f6r [&hellip;]","og_url":"https:\/\/www.welovecycling.com\/se\/2022\/01\/31\/damernas-peloton-uppdatering-vem-kor-for-vem-2022\/","og_site_name":"\u0160koda - We Love Cycling - Sweden","article_published_time":"2022-01-31T17:32:32+00:00","article_modified_time":"2022-01-31T17:35:01+00:00","og_image":[{"width":1366,"height":600,"url":"https:\/\/d2p6e6u75xmxt8.cloudfront.net\/9\/2022\/01\/Women-cycling-peloton-profimedia-0623189283-CVR.jpg","type":"image\/jpeg"}],"author":"erikleonsson","twitter_card":"summary_large_image","twitter_misc":{"Written by":"Megan Flottorp","Est. reading time":"6"},"schema":{"@context":"https:\/\/schema.org","@graph":[{"@type":"WebPage","@id":"https:\/\/www.welovecycling.com\/se\/2022\/01\/31\/damernas-peloton-uppdatering-vem-kor-for-vem-2022\/","url":"https:\/\/www.welovecycling.com\/se\/2022\/01\/31\/damernas-peloton-uppdatering-vem-kor-for-vem-2022\/","name":"Damernas proffsklunga \u2013\u00a0vem k\u00f6r f\u00f6r vem 2022?","isPartOf":{"@id":"https:\/\/www.welovecycling.com\/se\/#website"},"primaryImageOfPage":{"@id":"https:\/\/www.welovecycling.com\/se\/2022\/01\/31\/damernas-peloton-uppdatering-vem-kor-for-vem-2022\/#primaryimage"},"image":{"@id":"https:\/\/www.welovecycling.com\/se\/2022\/01\/31\/damernas-peloton-uppdatering-vem-kor-for-vem-2022\/#primaryimage"},"thumbnailUrl":"https:\/\/d2p6e6u75xmxt8.cloudfront.net\/9\/2022\/01\/Women-cycling-peloton-profimedia-0623189283-CVR.jpg","datePublished":"2022-01-31T17:32:32+00:00","dateModified":"2022-01-31T17:35:01+00:00","author":{"@id":"https:\/\/www.welovecycling.com\/se\/#\/schema\/person\/037f34ad5d6e77accab8a3eff6ad7a0c"},"breadcrumb":{"@id":"https:\/\/www.welovecycling.com\/se\/2022\/01\/31\/damernas-peloton-uppdatering-vem-kor-for-vem-2022\/#breadcrumb"},"inLanguage":"sv-SE","potentialAction":[{"@type":"ReadAction","target":["https:\/\/www.welovecycling.com\/se\/2022\/01\/31\/damernas-peloton-uppdatering-vem-kor-for-vem-2022\/"]}]},{"@type":"ImageObject","inLanguage":"sv-SE","@id":"https:\/\/www.welovecycling.com\/se\/2022\/01\/31\/damernas-peloton-uppdatering-vem-kor-for-vem-2022\/#primaryimage","url":"https:\/\/d2p6e6u75xmxt8.cloudfront.net\/9\/2022\/01\/Women-cycling-peloton-profimedia-0623189283-CVR.jpg","contentUrl":"https:\/\/d2p6e6u75xmxt8.cloudfront.net\/9\/2022\/01\/Women-cycling-peloton-profimedia-0623189283-CVR.jpg","width":1366,"height":600,"caption":"Women's Cycling"},{"@type":"BreadcrumbList","@id":"https:\/\/www.welovecycling.com\/se\/2022\/01\/31\/damernas-peloton-uppdatering-vem-kor-for-vem-2022\/#breadcrumb","itemListElement":[{"@type":"ListItem","position":1,"name":"Home","item":"https:\/\/www.welovecycling.com\/se\/"},{"@type":"ListItem","position":2,"name":"Damernas proffsklunga \u2013\u00a0vem k\u00f6r f\u00f6r vem 2022?"}]},{"@type":"WebSite","@id":"https:\/\/www.welovecycling.com\/se\/#website","url":"https:\/\/www.welovecycling.com\/se\/","name":"\u0160koda - We Love Cycling - Sweden","description":"\u0160koda We Love Cycling - Sweden","potentialAction":[{"@type":"SearchAction","target":{"@type":"EntryPoint","urlTemplate":"https:\/\/www.welovecycling.com\/se\/?s={search_term_string}"},"query-input":{"@type":"PropertyValueSpecification","valueRequired":true,"valueName":"search_term_string"}}],"inLanguage":"sv-SE"},{"@type":"Person","@id":"https:\/\/www.welovecycling.com\/se\/#\/schema\/person\/037f34ad5d6e77accab8a3eff6ad7a0c","name":"erikleonsson","image":{"@type":"ImageObject","inLanguage":"sv-SE","@id":"https:\/\/www.welovecycling.com\/se\/#\/schema\/person\/image\/","url":"https:\/\/secure.gravatar.com\/avatar\/788a593b0a657d6864c271709722f9cd586caa5a645e77f71fe625396b02677c?s=96&d=mm&r=g","contentUrl":"https:\/\/secure.gravatar.com\/avatar\/788a593b0a657d6864c271709722f9cd586caa5a645e77f71fe625396b02677c?s=96&d=mm&r=g","caption":"erikleonsson"},"url":"https:\/\/www.welovecycling.com\/se\/author\/erikleonsson\/"}]}},"_links":{"self":[{"href":"https:\/\/www.welovecycling.com\/se\/wp-json\/wp\/v2\/posts\/4072","targetHints":{"allow":["GET"]}}],"collection":[{"href":"https:\/\/www.welovecycling.com\/se\/wp-json\/wp\/v2\/posts"}],"about":[{"href":"https:\/\/www.welovecycling.com\/se\/wp-json\/wp\/v2\/types\/post"}],"author":[{"embeddable":true,"href":"https:\/\/www.welovecycling.com\/se\/wp-json\/wp\/v2\/users\/52"}],"replies":[{"embeddable":true,"href":"https:\/\/www.welovecycling.com\/se\/wp-json\/wp\/v2\/comments?post=4072"}],"version-history":[{"count":2,"href":"https:\/\/www.welovecycling.com\/se\/wp-json\/wp\/v2\/posts\/4072\/revisions"}],"predecessor-version":[{"id":4078,"href":"https:\/\/www.welovecycling.com\/se\/wp-json\/wp\/v2\/posts\/4072\/revisions\/4078"}],"wp:featuredmedia":[{"embeddable":true,"href":"https:\/\/www.welovecycling.com\/se\/wp-json\/wp\/v2\/media\/4075"}],"wp:attachment":[{"href":"https:\/\/www.welovecycling.com\/se\/wp-json\/wp\/v2\/media?parent=4072"}],"wp:term":[{"taxonomy":"category","embeddable":true,"href":"https:\/\/www.welovecycling.com\/se\/wp-json\/wp\/v2\/categories?post=4072"},{"taxonomy":"post_tag","embeddable":true,"href":"https:\/\/www.welovecycling.com\/se\/wp-json\/wp\/v2\/tags?post=4072"},{"taxonomy":"global-categories","embeddable":true,"href":"https:\/\/www.welovecycling.com\/se\/wp-json\/wp\/v2\/global-categories?post=4072"}],"curies":[{"name":"wp","href":"https:\/\/api.w.org\/{rel}","templated":true}]}}