{"id":4042,"date":"2021-09-10T08:11:23","date_gmt":"2021-09-10T07:11:23","guid":{"rendered":"https:\/\/www.welovecycling.com\/se\/?p=4042"},"modified":"2021-09-10T13:27:56","modified_gmt":"2021-09-10T12:27:56","slug":"sa-gick-det-for-skoda-cycling-team-pa-vatternrundan-2021","status":"publish","type":"post","link":"https:\/\/www.welovecycling.com\/se\/2021\/09\/10\/sa-gick-det-for-skoda-cycling-team-pa-vatternrundan-2021\/","title":{"rendered":"S\u00e5 gick det f\u00f6r \u0160koda Cycling Team p\u00e5 V\u00e4tternrundan 2021"},"content":{"rendered":"<h4>Det var ett lite mer nerv\u00f6st lag \u00e4n vanligt som samlades i Motala den 4 september. Laget skulle \u00a0\u00e4ntligen f\u00e5 k\u00f6ra riktiga V\u00e4tternrundan efter att loppet blivit inst\u00e4llt f\u00f6rra \u00e5ret. S\u00e5 mycket nedlagd energi, tr\u00e4ningstimmar, uppoffringar och f\u00f6rberedelser nedlagda inf\u00f6r den h\u00e4r dagen.<\/h4>\n<p>Sp\u00e4nningen var ocks\u00e5 h\u00f6g p\u00e5 grund av den l\u00e4ngre banstr\u00e4ckningen som ger totalt 1,8 mil l\u00e4ngre bana men \u00e4ven drygt 5 mil nya v\u00e4gar. V\u00e4gar med fler backar \u00e4n tidigare, en rej\u00e4l utmaning f\u00f6r tr\u00f6tta ben de sista milen mot m\u00e5let.<\/p>\n<p><a href=\"https:\/\/d2p6e6u75xmxt8.cloudfront.net\/9\/2021\/09\/Skoda__Vattern_2021_001.jpg\"><img loading=\"lazy\" decoding=\"async\" class=\"alignnone size-extra-large wp-image-4044\" src=\"https:\/\/d2p6e6u75xmxt8.cloudfront.net\/9\/2021\/09\/Skoda__Vattern_2021_001-1920x1280.jpg\" alt=\"\" width=\"1920\" height=\"1280\" srcset=\"https:\/\/d2p6e6u75xmxt8.cloudfront.net\/9\/2021\/09\/Skoda__Vattern_2021_001-1920x1280.jpg 1920w, https:\/\/d2p6e6u75xmxt8.cloudfront.net\/9\/2021\/09\/Skoda__Vattern_2021_001-300x200.jpg 300w, https:\/\/d2p6e6u75xmxt8.cloudfront.net\/9\/2021\/09\/Skoda__Vattern_2021_001-1024x683.jpg 1024w, https:\/\/d2p6e6u75xmxt8.cloudfront.net\/9\/2021\/09\/Skoda__Vattern_2021_001-768x512.jpg 768w, https:\/\/d2p6e6u75xmxt8.cloudfront.net\/9\/2021\/09\/Skoda__Vattern_2021_001-1536x1024.jpg 1536w, https:\/\/d2p6e6u75xmxt8.cloudfront.net\/9\/2021\/09\/Skoda__Vattern_2021_001-2048x1365.jpg 2048w, https:\/\/d2p6e6u75xmxt8.cloudfront.net\/9\/2021\/09\/Skoda__Vattern_2021_001-272x182.jpg 272w, https:\/\/d2p6e6u75xmxt8.cloudfront.net\/9\/2021\/09\/Skoda__Vattern_2021_001-1920x1280.jpg 1920w\" sizes=\"auto, (max-width: 1920px) 100vw, 1920px\" \/><\/a><\/p>\n<p><a href=\"https:\/\/d2p6e6u75xmxt8.cloudfront.net\/9\/2021\/09\/Skoda__Vattern_2021_004.jpg\"><img loading=\"lazy\" decoding=\"async\" class=\"alignnone size-extra-large wp-image-4045\" src=\"https:\/\/d2p6e6u75xmxt8.cloudfront.net\/9\/2021\/09\/Skoda__Vattern_2021_004-1920x1280.jpg\" alt=\"\" width=\"1920\" height=\"1280\" srcset=\"https:\/\/d2p6e6u75xmxt8.cloudfront.net\/9\/2021\/09\/Skoda__Vattern_2021_004-1920x1280.jpg 1920w, https:\/\/d2p6e6u75xmxt8.cloudfront.net\/9\/2021\/09\/Skoda__Vattern_2021_004-300x200.jpg 300w, https:\/\/d2p6e6u75xmxt8.cloudfront.net\/9\/2021\/09\/Skoda__Vattern_2021_004-1024x683.jpg 1024w, https:\/\/d2p6e6u75xmxt8.cloudfront.net\/9\/2021\/09\/Skoda__Vattern_2021_004-768x512.jpg 768w, https:\/\/d2p6e6u75xmxt8.cloudfront.net\/9\/2021\/09\/Skoda__Vattern_2021_004-1536x1024.jpg 1536w, https:\/\/d2p6e6u75xmxt8.cloudfront.net\/9\/2021\/09\/Skoda__Vattern_2021_004-2048x1365.jpg 2048w, https:\/\/d2p6e6u75xmxt8.cloudfront.net\/9\/2021\/09\/Skoda__Vattern_2021_004-272x182.jpg 272w, https:\/\/d2p6e6u75xmxt8.cloudfront.net\/9\/2021\/09\/Skoda__Vattern_2021_004-1920x1280.jpg 1920w\" sizes=\"auto, (max-width: 1920px) 100vw, 1920px\" \/><\/a><\/p>\n<p>Klockan 10.20 g\u00e5r starten och det \u00e4r ett m\u00e4ktigt t\u00e5g p\u00e5 29 cyklister som rullar iv\u00e4g. Planen \u00e4r att h\u00e5lla en n\u00e5got h\u00f6gre snittfart \u00e4n vanligt ner till J\u00f6nk\u00f6ping f\u00f6r att skapa marginal till den nya banstr\u00e4ckningen fr\u00e5n Askersund. V\u00e4dret \u00e4r helt optimalt, lite l\u00e4tt nordlig vind, sol och bl\u00e5 himmer.<\/p>\n<p>Det f\u00f6rsta som h\u00e4nder \u00e4r att det blir tv\u00e4rstopp. Bro\u00f6ppning cirka 200 meter fr\u00e5n starten. Desperation men ocks\u00e5 humor i klungan. Ingen bra start. Varje minut \u00e4r mycket v\u00e4rd och innan den stora \u00e5ngb\u00e5ten har passerat har vi tappat dyrbara 3-4 minuter innan vi ens hunnit ut ur Motala. Kommunikation mellan bro-operat\u00f6ren och organisationen\/startf\u00e5llan vore fin f\u00f6rb\u00e4ttring till n\u00e4sta \u00e5r.<\/p>\n<p><a href=\"https:\/\/d2p6e6u75xmxt8.cloudfront.net\/9\/2021\/09\/Skoda__Vattern_2021_005.jpg\"><img loading=\"lazy\" decoding=\"async\" class=\"alignnone size-extra-large wp-image-4046\" src=\"https:\/\/d2p6e6u75xmxt8.cloudfront.net\/9\/2021\/09\/Skoda__Vattern_2021_005-1920x1280.jpg\" alt=\"\" width=\"1920\" height=\"1280\" srcset=\"https:\/\/d2p6e6u75xmxt8.cloudfront.net\/9\/2021\/09\/Skoda__Vattern_2021_005-1920x1280.jpg 1920w, https:\/\/d2p6e6u75xmxt8.cloudfront.net\/9\/2021\/09\/Skoda__Vattern_2021_005-300x200.jpg 300w, https:\/\/d2p6e6u75xmxt8.cloudfront.net\/9\/2021\/09\/Skoda__Vattern_2021_005-1024x683.jpg 1024w, https:\/\/d2p6e6u75xmxt8.cloudfront.net\/9\/2021\/09\/Skoda__Vattern_2021_005-768x512.jpg 768w, https:\/\/d2p6e6u75xmxt8.cloudfront.net\/9\/2021\/09\/Skoda__Vattern_2021_005-1536x1024.jpg 1536w, https:\/\/d2p6e6u75xmxt8.cloudfront.net\/9\/2021\/09\/Skoda__Vattern_2021_005-2048x1365.jpg 2048w, https:\/\/d2p6e6u75xmxt8.cloudfront.net\/9\/2021\/09\/Skoda__Vattern_2021_005-272x182.jpg 272w, https:\/\/d2p6e6u75xmxt8.cloudfront.net\/9\/2021\/09\/Skoda__Vattern_2021_005-1920x1280.jpg 1920w\" sizes=\"auto, (max-width: 1920px) 100vw, 1920px\" \/><\/a><\/p>\n<p>F\u00f6rsta minuterna \u00e4r klungan l\u00e5st och farten n\u00e5got l\u00e4gre f\u00f6r att lugna nerver och v\u00e4rma upp kropparna. N\u00e4r rotationen och farten sl\u00e5s p\u00e5 fungerar samarbetet relativt v\u00e4l, men det kostar ocks\u00e5 p\u00e5 f\u00f6r m\u00e5nga. Efter 75 kilometer tar vi en 2 minuters kisspaus strax innan Gr\u00e4nna.<\/p>\n<p>V\u00e4l nere i J\u00f6nk\u00f6ping har snittfarten legat p\u00e5 43 km\/h fr\u00e5n start. Tre cyklister har tappat klungan p\u00e5 v\u00e4gen ner. 26 stycken sitter kvar. J\u00f6nk\u00f6ping g\u00e5r fortare \u00e4n vanligt p\u00e5 grund av f\u00e4rre snabbgrupper p\u00e5 banan i \u00e5r vilket ger mer luft och utrymme utefter v\u00e4garna. I centralorterna g\u00f6r det att farten kan h\u00e5llas uppe.<\/p>\n<p><a href=\"https:\/\/d2p6e6u75xmxt8.cloudfront.net\/9\/2021\/09\/Skoda__Vattern_2021_014.jpg\"><img loading=\"lazy\" decoding=\"async\" class=\"alignnone size-extra-large wp-image-4049\" src=\"https:\/\/d2p6e6u75xmxt8.cloudfront.net\/9\/2021\/09\/Skoda__Vattern_2021_014-1920x1280.jpg\" alt=\"\" width=\"1920\" height=\"1280\" srcset=\"https:\/\/d2p6e6u75xmxt8.cloudfront.net\/9\/2021\/09\/Skoda__Vattern_2021_014-1920x1280.jpg 1920w, https:\/\/d2p6e6u75xmxt8.cloudfront.net\/9\/2021\/09\/Skoda__Vattern_2021_014-300x200.jpg 300w, https:\/\/d2p6e6u75xmxt8.cloudfront.net\/9\/2021\/09\/Skoda__Vattern_2021_014-1024x683.jpg 1024w, https:\/\/d2p6e6u75xmxt8.cloudfront.net\/9\/2021\/09\/Skoda__Vattern_2021_014-768x512.jpg 768w, https:\/\/d2p6e6u75xmxt8.cloudfront.net\/9\/2021\/09\/Skoda__Vattern_2021_014-1536x1024.jpg 1536w, https:\/\/d2p6e6u75xmxt8.cloudfront.net\/9\/2021\/09\/Skoda__Vattern_2021_014-2048x1365.jpg 2048w, https:\/\/d2p6e6u75xmxt8.cloudfront.net\/9\/2021\/09\/Skoda__Vattern_2021_014-272x182.jpg 272w, https:\/\/d2p6e6u75xmxt8.cloudfront.net\/9\/2021\/09\/Skoda__Vattern_2021_014-1920x1280.jpg 1920w\" sizes=\"auto, (max-width: 1920px) 100vw, 1920px\" \/><\/a><\/p>\n<p>Laget n\u00e5r dep\u00e5n i Fagerhult med 14 mil i ryggen. M\u00e5nga \u00e4r tr\u00f6tta men st\u00e4mningen \u00e4r p\u00e5 topp och nu fylls det p\u00e5 med energi. H\u00e4r finns Maurten flaskor (tv\u00e5 st 750 ml) och Maurten Gel men ocks\u00e5 godis, bullar, bananer, saltgurka och annat. Stoppet tar 5 minuter p\u00e5 sekunden och alla rullar iv\u00e4g p\u00e5 given signal.<\/p>\n<p>Tempot \u00e4r fortsatt h\u00f6gt och nu b\u00f6rjar en del av g\u00e4nget att bli \u00e5terkommande bes\u00f6kare bak i svansen p\u00e5 klungan f\u00f6r att h\u00e4mta igen sig. En stark k\u00e4rna p\u00e5 7-8 cyklister ligger st\u00e4ndigt kvar i rotationen medan en grindvakt l\u00e5ter svansen vila upp sig f\u00f6r att sedan ta del av arbetet fram\u00e5t. Ytterligare tre cyklister faller av gruppen innan vi n\u00e5r sista dep\u00e5n, trots ih\u00e4rdiga f\u00f6rs\u00f6k fr\u00e5n gruppen att hj\u00e4lpa dem \u00f6ver backarna.<\/p>\n<p><a href=\"https:\/\/d2p6e6u75xmxt8.cloudfront.net\/9\/2021\/09\/Skoda__Vattern_2021_007.jpg\"><img loading=\"lazy\" decoding=\"async\" class=\"alignnone size-extra-large wp-image-4047\" src=\"https:\/\/d2p6e6u75xmxt8.cloudfront.net\/9\/2021\/09\/Skoda__Vattern_2021_007-1920x1280.jpg\" alt=\"\" width=\"1920\" height=\"1280\" srcset=\"https:\/\/d2p6e6u75xmxt8.cloudfront.net\/9\/2021\/09\/Skoda__Vattern_2021_007-1920x1280.jpg 1920w, https:\/\/d2p6e6u75xmxt8.cloudfront.net\/9\/2021\/09\/Skoda__Vattern_2021_007-300x200.jpg 300w, https:\/\/d2p6e6u75xmxt8.cloudfront.net\/9\/2021\/09\/Skoda__Vattern_2021_007-1024x683.jpg 1024w, https:\/\/d2p6e6u75xmxt8.cloudfront.net\/9\/2021\/09\/Skoda__Vattern_2021_007-768x512.jpg 768w, https:\/\/d2p6e6u75xmxt8.cloudfront.net\/9\/2021\/09\/Skoda__Vattern_2021_007-1536x1024.jpg 1536w, https:\/\/d2p6e6u75xmxt8.cloudfront.net\/9\/2021\/09\/Skoda__Vattern_2021_007-2048x1365.jpg 2048w, https:\/\/d2p6e6u75xmxt8.cloudfront.net\/9\/2021\/09\/Skoda__Vattern_2021_007-272x182.jpg 272w, https:\/\/d2p6e6u75xmxt8.cloudfront.net\/9\/2021\/09\/Skoda__Vattern_2021_007-1920x1280.jpg 1920w\" sizes=\"auto, (max-width: 1920px) 100vw, 1920px\" \/><\/a><\/p>\n<p>Sista dep\u00e5n i Boviken n\u00e5s efter 22 mil, en sista chans att ladda energi innan de sista dryga 10 milen. Nu b\u00f6rjar bilden ocks\u00e5 klarna vad g\u00e4ller m\u00e5ltiden och det \u00e4r ingen god marginal. H\u00f6g fart m\u00e5ste h\u00e5llas hela v\u00e4gen om det ska g\u00e5.<\/p>\n<p>Den nya v\u00e4gstr\u00e4ckningen tar vid, en mycket vackrare v\u00e4g \u00e4n tidigare men den inneh\u00e5ller ocks\u00e5 betydligt h\u00e5rdare stigningar \u00e4n tidigare. F\u00f6r dem som redan har stumma ben blir det h\u00e4r en stor utmaning. Farten g\u00e5r ner och alla hj\u00e4lps \u00e5t och h\u00e4r och var dyker en hj\u00e4lpande hand upp i uppf\u00f6rsbackarna. Som pl\u00e5ster p\u00e5 s\u00e5ren \u00e4r v\u00e4gen oerh\u00f6rt mycket vackrare \u00e4n den gamla v\u00e4g 50. Laget susar f\u00f6rbi Askersund, Zinkgruvan och Godeg\u00e5rd. Solnedg\u00e5ng och relativt f\u00e5 cyklister. Cykelmagi.<\/p>\n<p><a href=\"https:\/\/d2p6e6u75xmxt8.cloudfront.net\/9\/2021\/09\/Skoda__Vattern_2021_022.jpg\"><img loading=\"lazy\" decoding=\"async\" class=\"alignnone size-extra-large wp-image-4051\" src=\"https:\/\/d2p6e6u75xmxt8.cloudfront.net\/9\/2021\/09\/Skoda__Vattern_2021_022-1920x1280.jpg\" alt=\"\" width=\"1920\" height=\"1280\" srcset=\"https:\/\/d2p6e6u75xmxt8.cloudfront.net\/9\/2021\/09\/Skoda__Vattern_2021_022-1920x1280.jpg 1920w, https:\/\/d2p6e6u75xmxt8.cloudfront.net\/9\/2021\/09\/Skoda__Vattern_2021_022-300x200.jpg 300w, https:\/\/d2p6e6u75xmxt8.cloudfront.net\/9\/2021\/09\/Skoda__Vattern_2021_022-1024x683.jpg 1024w, https:\/\/d2p6e6u75xmxt8.cloudfront.net\/9\/2021\/09\/Skoda__Vattern_2021_022-768x512.jpg 768w, https:\/\/d2p6e6u75xmxt8.cloudfront.net\/9\/2021\/09\/Skoda__Vattern_2021_022-1536x1024.jpg 1536w, https:\/\/d2p6e6u75xmxt8.cloudfront.net\/9\/2021\/09\/Skoda__Vattern_2021_022-2048x1365.jpg 2048w, https:\/\/d2p6e6u75xmxt8.cloudfront.net\/9\/2021\/09\/Skoda__Vattern_2021_022-272x182.jpg 272w, https:\/\/d2p6e6u75xmxt8.cloudfront.net\/9\/2021\/09\/Skoda__Vattern_2021_022-1920x1280.jpg 1920w\" sizes=\"auto, (max-width: 1920px) 100vw, 1920px\" \/><\/a><\/p>\n<p>Samarbetet i klungan \u00e4r nere p\u00e5 n\u00e5gra f\u00e5 individer under den tuffaste delen men efter Godeg\u00e5rd och n\u00e4r laget kommer ner p\u00e5 v\u00e4g 50 igen s\u00e5 kommer ett g\u00e4ng cyklister upp i rotationen och v\u00e4xlar av dragjobbet. Nu b\u00f6rjar hoppet t\u00e4ndas att tiden g\u00e5r att n\u00e5. Farten g\u00e5r upp. H\u00e4r faller en sista cyklist av p\u00e5 grund av mekaniskt fel.<\/p>\n<p>Teambil och fotograf MC viker av n\u00e4r 2 mils skylten passeras och beger sig till m\u00e5llinjen. Sp\u00e4nningen \u00e4r olidlig vid m\u00e5l. Sekundvisaren kryper fram. Pl\u00f6tsligt dyker laget upp i synf\u00e4ltet och utl\u00f6ser segerjubel i publiken. 7.57 rullar f\u00f6rsta man \u00f6ver m\u00e5llinjen och m\u00e5let \u00e4r n\u00e5tt. Champagnen och k\u00e4nslorna fl\u00f6dar. Mycket kramar och p\u00e5 sina h\u00e5ll \u00e4ven t\u00e5rar. En del tror inte p\u00e5 tiden men blir snabbt \u00f6vertygade. Flera av de mest erfarna cyklisterna understryker att det \u00e4r deras h\u00e5rdaste prestation n\u00e5gonsin. 1,5 \u00e5r av f\u00f6rberedelser, otaliga tr\u00e4ningstimmar, uppoffringar och mentala f\u00f6rberedelser har slutligen betalat sig.<\/p>\n<p><a href=\"https:\/\/d2p6e6u75xmxt8.cloudfront.net\/9\/2021\/09\/Skoda__Vattern_2021_030.jpg\"><img loading=\"lazy\" decoding=\"async\" class=\"alignnone size-extra-large wp-image-4053\" src=\"https:\/\/d2p6e6u75xmxt8.cloudfront.net\/9\/2021\/09\/Skoda__Vattern_2021_030-1920x1280.jpg\" alt=\"\" width=\"1920\" height=\"1280\" srcset=\"https:\/\/d2p6e6u75xmxt8.cloudfront.net\/9\/2021\/09\/Skoda__Vattern_2021_030-1920x1280.jpg 1920w, https:\/\/d2p6e6u75xmxt8.cloudfront.net\/9\/2021\/09\/Skoda__Vattern_2021_030-300x200.jpg 300w, https:\/\/d2p6e6u75xmxt8.cloudfront.net\/9\/2021\/09\/Skoda__Vattern_2021_030-1024x683.jpg 1024w, https:\/\/d2p6e6u75xmxt8.cloudfront.net\/9\/2021\/09\/Skoda__Vattern_2021_030-768x512.jpg 768w, https:\/\/d2p6e6u75xmxt8.cloudfront.net\/9\/2021\/09\/Skoda__Vattern_2021_030-1536x1024.jpg 1536w, https:\/\/d2p6e6u75xmxt8.cloudfront.net\/9\/2021\/09\/Skoda__Vattern_2021_030-2048x1365.jpg 2048w, https:\/\/d2p6e6u75xmxt8.cloudfront.net\/9\/2021\/09\/Skoda__Vattern_2021_030-272x182.jpg 272w, https:\/\/d2p6e6u75xmxt8.cloudfront.net\/9\/2021\/09\/Skoda__Vattern_2021_030-1920x1280.jpg 1920w\" sizes=\"auto, (max-width: 1920px) 100vw, 1920px\" \/><\/a><\/p>\n<div dir=\"auto\"><a href=\"https:\/\/d2p6e6u75xmxt8.cloudfront.net\/9\/2021\/09\/Skoda__Vattern_2021_029.jpg\"><img loading=\"lazy\" decoding=\"async\" class=\"alignnone size-extra-large wp-image-4052\" src=\"https:\/\/d2p6e6u75xmxt8.cloudfront.net\/9\/2021\/09\/Skoda__Vattern_2021_029-1920x1280.jpg\" alt=\"\" width=\"1920\" height=\"1280\" srcset=\"https:\/\/d2p6e6u75xmxt8.cloudfront.net\/9\/2021\/09\/Skoda__Vattern_2021_029-1920x1280.jpg 1920w, https:\/\/d2p6e6u75xmxt8.cloudfront.net\/9\/2021\/09\/Skoda__Vattern_2021_029-300x200.jpg 300w, https:\/\/d2p6e6u75xmxt8.cloudfront.net\/9\/2021\/09\/Skoda__Vattern_2021_029-1024x683.jpg 1024w, https:\/\/d2p6e6u75xmxt8.cloudfront.net\/9\/2021\/09\/Skoda__Vattern_2021_029-768x512.jpg 768w, https:\/\/d2p6e6u75xmxt8.cloudfront.net\/9\/2021\/09\/Skoda__Vattern_2021_029-1536x1024.jpg 1536w, https:\/\/d2p6e6u75xmxt8.cloudfront.net\/9\/2021\/09\/Skoda__Vattern_2021_029-2048x1365.jpg 2048w, https:\/\/d2p6e6u75xmxt8.cloudfront.net\/9\/2021\/09\/Skoda__Vattern_2021_029-272x182.jpg 272w, https:\/\/d2p6e6u75xmxt8.cloudfront.net\/9\/2021\/09\/Skoda__Vattern_2021_029-1920x1280.jpg 1920w\" sizes=\"auto, (max-width: 1920px) 100vw, 1920px\" \/><\/a><br \/>\n<a href=\"https:\/\/d2p6e6u75xmxt8.cloudfront.net\/9\/2021\/09\/Skoda__Vattern_2021_035.jpg\"><img loading=\"lazy\" decoding=\"async\" class=\"alignnone size-extra-large wp-image-4054\" src=\"https:\/\/d2p6e6u75xmxt8.cloudfront.net\/9\/2021\/09\/Skoda__Vattern_2021_035-1920x1280.jpg\" alt=\"\" width=\"1920\" height=\"1280\" srcset=\"https:\/\/d2p6e6u75xmxt8.cloudfront.net\/9\/2021\/09\/Skoda__Vattern_2021_035-1920x1280.jpg 1920w, https:\/\/d2p6e6u75xmxt8.cloudfront.net\/9\/2021\/09\/Skoda__Vattern_2021_035-300x200.jpg 300w, https:\/\/d2p6e6u75xmxt8.cloudfront.net\/9\/2021\/09\/Skoda__Vattern_2021_035-1024x683.jpg 1024w, https:\/\/d2p6e6u75xmxt8.cloudfront.net\/9\/2021\/09\/Skoda__Vattern_2021_035-768x512.jpg 768w, https:\/\/d2p6e6u75xmxt8.cloudfront.net\/9\/2021\/09\/Skoda__Vattern_2021_035-1536x1024.jpg 1536w, https:\/\/d2p6e6u75xmxt8.cloudfront.net\/9\/2021\/09\/Skoda__Vattern_2021_035-2048x1365.jpg 2048w, https:\/\/d2p6e6u75xmxt8.cloudfront.net\/9\/2021\/09\/Skoda__Vattern_2021_035-272x182.jpg 272w, https:\/\/d2p6e6u75xmxt8.cloudfront.net\/9\/2021\/09\/Skoda__Vattern_2021_035-1920x1280.jpg 1920w\" sizes=\"auto, (max-width: 1920px) 100vw, 1920px\" \/><\/a><br \/>\n<a href=\"https:\/\/d2p6e6u75xmxt8.cloudfront.net\/9\/2021\/09\/Skoda__Vattern_2021_043.jpg\"><img loading=\"lazy\" decoding=\"async\" class=\"alignnone size-extra-large wp-image-4055\" src=\"https:\/\/d2p6e6u75xmxt8.cloudfront.net\/9\/2021\/09\/Skoda__Vattern_2021_043-1920x1280.jpg\" alt=\"\" width=\"1920\" height=\"1280\" srcset=\"https:\/\/d2p6e6u75xmxt8.cloudfront.net\/9\/2021\/09\/Skoda__Vattern_2021_043-1920x1280.jpg 1920w, https:\/\/d2p6e6u75xmxt8.cloudfront.net\/9\/2021\/09\/Skoda__Vattern_2021_043-300x200.jpg 300w, https:\/\/d2p6e6u75xmxt8.cloudfront.net\/9\/2021\/09\/Skoda__Vattern_2021_043-1024x683.jpg 1024w, https:\/\/d2p6e6u75xmxt8.cloudfront.net\/9\/2021\/09\/Skoda__Vattern_2021_043-768x512.jpg 768w, https:\/\/d2p6e6u75xmxt8.cloudfront.net\/9\/2021\/09\/Skoda__Vattern_2021_043-1536x1024.jpg 1536w, https:\/\/d2p6e6u75xmxt8.cloudfront.net\/9\/2021\/09\/Skoda__Vattern_2021_043-2048x1365.jpg 2048w, https:\/\/d2p6e6u75xmxt8.cloudfront.net\/9\/2021\/09\/Skoda__Vattern_2021_043-272x182.jpg 272w, https:\/\/d2p6e6u75xmxt8.cloudfront.net\/9\/2021\/09\/Skoda__Vattern_2021_043-1920x1280.jpg 1920w\" sizes=\"auto, (max-width: 1920px) 100vw, 1920px\" \/><\/a><\/div>\n<p>Stort tack till V\u00e4tternrundan f\u00f6r ett fantastiskt arrangemang under r\u00e5dande omst\u00e4ndigheter, till alla er som hejade p\u00e5 oss utefter v\u00e4garna och digitalt och slutligen till alla er som f\u00f6ljt och st\u00f6ttat laget under v\u00e4gen fram till m\u00e5let!<\/p>\n","protected":false},"excerpt":{"rendered":"<p>Det var ett lite mer nerv\u00f6st lag \u00e4n vanligt som samlades i Motala den 4 september. Laget skulle \u00a0\u00e4ntligen f\u00e5 [&hellip;]<\/p>\n","protected":false},"author":52,"featured_media":4051,"comment_status":"open","ping_status":"open","sticky":false,"template":"","format":"standard","meta":{"footnotes":""},"categories":[5,7,65],"tags":[],"global-categories":[36],"class_list":["post-4042","post","type-post","status-publish","format-standard","has-post-thumbnail","hentry","category-nyheter","category-cyclingteam","category-vatternrundan","global-categories-cycling"],"yoast_head":"<!-- This site is optimized with the Yoast SEO Premium plugin v25.3 (Yoast SEO v25.9) - https:\/\/yoast.com\/wordpress\/plugins\/seo\/ -->\n<title>S\u00e5 gick det f\u00f6r \u0160koda Cycling Team p\u00e5 V\u00e4tternrundan 2021 - \u0160koda - We Love Cycling - Sweden<\/title>\n<meta name=\"robots\" content=\"index, follow, max-snippet:-1, max-image-preview:large, max-video-preview:-1\" \/>\n<link rel=\"canonical\" href=\"https:\/\/www.welovecycling.com\/se\/2021\/09\/10\/sa-gick-det-for-skoda-cycling-team-pa-vatternrundan-2021\/\" \/>\n<meta property=\"og:locale\" content=\"sv_SE\" \/>\n<meta property=\"og:type\" content=\"article\" \/>\n<meta property=\"og:title\" content=\"S\u00e5 gick det f\u00f6r \u0160koda Cycling Team p\u00e5 V\u00e4tternrundan 2021\" \/>\n<meta property=\"og:description\" content=\"Det var ett lite mer nerv\u00f6st lag \u00e4n vanligt som samlades i Motala den 4 september. Laget skulle \u00a0\u00e4ntligen f\u00e5 [&hellip;]\" \/>\n<meta property=\"og:url\" content=\"https:\/\/www.welovecycling.com\/se\/2021\/09\/10\/sa-gick-det-for-skoda-cycling-team-pa-vatternrundan-2021\/\" \/>\n<meta property=\"og:site_name\" content=\"\u0160koda - We Love Cycling - Sweden\" \/>\n<meta property=\"article:published_time\" content=\"2021-09-10T07:11:23+00:00\" \/>\n<meta property=\"article:modified_time\" content=\"2021-09-10T12:27:56+00:00\" \/>\n<meta property=\"og:image\" content=\"https:\/\/d2p6e6u75xmxt8.cloudfront.net\/9\/2021\/09\/Skoda__Vattern_2021_022-1024x683.jpg\" \/>\n\t<meta property=\"og:image:width\" content=\"1024\" \/>\n\t<meta property=\"og:image:height\" content=\"683\" \/>\n\t<meta property=\"og:image:type\" content=\"image\/jpeg\" \/>\n<meta name=\"author\" content=\"erikleonsson\" \/>\n<meta name=\"twitter:card\" content=\"summary_large_image\" \/>\n<meta name=\"twitter:label1\" content=\"Written by\" \/>\n\t<meta name=\"twitter:data1\" content=\"erikleonsson\" \/>\n\t<meta name=\"twitter:label2\" content=\"Est. reading time\" \/>\n\t<meta name=\"twitter:data2\" content=\"4 minutes\" \/>\n<script type=\"application\/ld+json\" class=\"yoast-schema-graph\">{\"@context\":\"https:\/\/schema.org\",\"@graph\":[{\"@type\":\"WebPage\",\"@id\":\"https:\/\/www.welovecycling.com\/se\/2021\/09\/10\/sa-gick-det-for-skoda-cycling-team-pa-vatternrundan-2021\/\",\"url\":\"https:\/\/www.welovecycling.com\/se\/2021\/09\/10\/sa-gick-det-for-skoda-cycling-team-pa-vatternrundan-2021\/\",\"name\":\"S\u00e5 gick det f\u00f6r \u0160koda Cycling Team p\u00e5 V\u00e4tternrundan 2021 - \u0160koda - We Love Cycling - Sweden\",\"isPartOf\":{\"@id\":\"https:\/\/www.welovecycling.com\/se\/#website\"},\"primaryImageOfPage\":{\"@id\":\"https:\/\/www.welovecycling.com\/se\/2021\/09\/10\/sa-gick-det-for-skoda-cycling-team-pa-vatternrundan-2021\/#primaryimage\"},\"image\":{\"@id\":\"https:\/\/www.welovecycling.com\/se\/2021\/09\/10\/sa-gick-det-for-skoda-cycling-team-pa-vatternrundan-2021\/#primaryimage\"},\"thumbnailUrl\":\"https:\/\/d2p6e6u75xmxt8.cloudfront.net\/9\/2021\/09\/Skoda__Vattern_2021_022.jpg\",\"datePublished\":\"2021-09-10T07:11:23+00:00\",\"dateModified\":\"2021-09-10T12:27:56+00:00\",\"author\":{\"@id\":\"https:\/\/www.welovecycling.com\/se\/#\/schema\/person\/037f34ad5d6e77accab8a3eff6ad7a0c\"},\"breadcrumb\":{\"@id\":\"https:\/\/www.welovecycling.com\/se\/2021\/09\/10\/sa-gick-det-for-skoda-cycling-team-pa-vatternrundan-2021\/#breadcrumb\"},\"inLanguage\":\"sv-SE\",\"potentialAction\":[{\"@type\":\"ReadAction\",\"target\":[\"https:\/\/www.welovecycling.com\/se\/2021\/09\/10\/sa-gick-det-for-skoda-cycling-team-pa-vatternrundan-2021\/\"]}]},{\"@type\":\"ImageObject\",\"inLanguage\":\"sv-SE\",\"@id\":\"https:\/\/www.welovecycling.com\/se\/2021\/09\/10\/sa-gick-det-for-skoda-cycling-team-pa-vatternrundan-2021\/#primaryimage\",\"url\":\"https:\/\/d2p6e6u75xmxt8.cloudfront.net\/9\/2021\/09\/Skoda__Vattern_2021_022.jpg\",\"contentUrl\":\"https:\/\/d2p6e6u75xmxt8.cloudfront.net\/9\/2021\/09\/Skoda__Vattern_2021_022.jpg\",\"width\":2300,\"height\":1533},{\"@type\":\"BreadcrumbList\",\"@id\":\"https:\/\/www.welovecycling.com\/se\/2021\/09\/10\/sa-gick-det-for-skoda-cycling-team-pa-vatternrundan-2021\/#breadcrumb\",\"itemListElement\":[{\"@type\":\"ListItem\",\"position\":1,\"name\":\"Home\",\"item\":\"https:\/\/www.welovecycling.com\/se\/\"},{\"@type\":\"ListItem\",\"position\":2,\"name\":\"S\u00e5 gick det f\u00f6r \u0160koda Cycling Team p\u00e5 V\u00e4tternrundan 2021\"}]},{\"@type\":\"WebSite\",\"@id\":\"https:\/\/www.welovecycling.com\/se\/#website\",\"url\":\"https:\/\/www.welovecycling.com\/se\/\",\"name\":\"\u0160koda - We Love Cycling - Sweden\",\"description\":\"\u0160koda We Love Cycling - Sweden\",\"potentialAction\":[{\"@type\":\"SearchAction\",\"target\":{\"@type\":\"EntryPoint\",\"urlTemplate\":\"https:\/\/www.welovecycling.com\/se\/?s={search_term_string}\"},\"query-input\":{\"@type\":\"PropertyValueSpecification\",\"valueRequired\":true,\"valueName\":\"search_term_string\"}}],\"inLanguage\":\"sv-SE\"},{\"@type\":\"Person\",\"@id\":\"https:\/\/www.welovecycling.com\/se\/#\/schema\/person\/037f34ad5d6e77accab8a3eff6ad7a0c\",\"name\":\"erikleonsson\",\"image\":{\"@type\":\"ImageObject\",\"inLanguage\":\"sv-SE\",\"@id\":\"https:\/\/www.welovecycling.com\/se\/#\/schema\/person\/image\/\",\"url\":\"https:\/\/secure.gravatar.com\/avatar\/788a593b0a657d6864c271709722f9cd586caa5a645e77f71fe625396b02677c?s=96&d=mm&r=g\",\"contentUrl\":\"https:\/\/secure.gravatar.com\/avatar\/788a593b0a657d6864c271709722f9cd586caa5a645e77f71fe625396b02677c?s=96&d=mm&r=g\",\"caption\":\"erikleonsson\"},\"url\":\"https:\/\/www.welovecycling.com\/se\/author\/erikleonsson\/\"}]}<\/script>\n<!-- \/ Yoast SEO Premium plugin. -->","yoast_head_json":{"title":"S\u00e5 gick det f\u00f6r \u0160koda Cycling Team p\u00e5 V\u00e4tternrundan 2021 - \u0160koda - We Love Cycling - Sweden","robots":{"index":"index","follow":"follow","max-snippet":"max-snippet:-1","max-image-preview":"max-image-preview:large","max-video-preview":"max-video-preview:-1"},"canonical":"https:\/\/www.welovecycling.com\/se\/2021\/09\/10\/sa-gick-det-for-skoda-cycling-team-pa-vatternrundan-2021\/","og_locale":"sv_SE","og_type":"article","og_title":"S\u00e5 gick det f\u00f6r \u0160koda Cycling Team p\u00e5 V\u00e4tternrundan 2021","og_description":"Det var ett lite mer nerv\u00f6st lag \u00e4n vanligt som samlades i Motala den 4 september. Laget skulle \u00a0\u00e4ntligen f\u00e5 [&hellip;]","og_url":"https:\/\/www.welovecycling.com\/se\/2021\/09\/10\/sa-gick-det-for-skoda-cycling-team-pa-vatternrundan-2021\/","og_site_name":"\u0160koda - We Love Cycling - Sweden","article_published_time":"2021-09-10T07:11:23+00:00","article_modified_time":"2021-09-10T12:27:56+00:00","og_image":[{"width":1024,"height":683,"url":"https:\/\/d2p6e6u75xmxt8.cloudfront.net\/9\/2021\/09\/Skoda__Vattern_2021_022-1024x683.jpg","type":"image\/jpeg"}],"author":"erikleonsson","twitter_card":"summary_large_image","twitter_misc":{"Written by":"erikleonsson","Est. reading time":"4 minutes"},"schema":{"@context":"https:\/\/schema.org","@graph":[{"@type":"WebPage","@id":"https:\/\/www.welovecycling.com\/se\/2021\/09\/10\/sa-gick-det-for-skoda-cycling-team-pa-vatternrundan-2021\/","url":"https:\/\/www.welovecycling.com\/se\/2021\/09\/10\/sa-gick-det-for-skoda-cycling-team-pa-vatternrundan-2021\/","name":"S\u00e5 gick det f\u00f6r \u0160koda Cycling Team p\u00e5 V\u00e4tternrundan 2021 - \u0160koda - We Love Cycling - Sweden","isPartOf":{"@id":"https:\/\/www.welovecycling.com\/se\/#website"},"primaryImageOfPage":{"@id":"https:\/\/www.welovecycling.com\/se\/2021\/09\/10\/sa-gick-det-for-skoda-cycling-team-pa-vatternrundan-2021\/#primaryimage"},"image":{"@id":"https:\/\/www.welovecycling.com\/se\/2021\/09\/10\/sa-gick-det-for-skoda-cycling-team-pa-vatternrundan-2021\/#primaryimage"},"thumbnailUrl":"https:\/\/d2p6e6u75xmxt8.cloudfront.net\/9\/2021\/09\/Skoda__Vattern_2021_022.jpg","datePublished":"2021-09-10T07:11:23+00:00","dateModified":"2021-09-10T12:27:56+00:00","author":{"@id":"https:\/\/www.welovecycling.com\/se\/#\/schema\/person\/037f34ad5d6e77accab8a3eff6ad7a0c"},"breadcrumb":{"@id":"https:\/\/www.welovecycling.com\/se\/2021\/09\/10\/sa-gick-det-for-skoda-cycling-team-pa-vatternrundan-2021\/#breadcrumb"},"inLanguage":"sv-SE","potentialAction":[{"@type":"ReadAction","target":["https:\/\/www.welovecycling.com\/se\/2021\/09\/10\/sa-gick-det-for-skoda-cycling-team-pa-vatternrundan-2021\/"]}]},{"@type":"ImageObject","inLanguage":"sv-SE","@id":"https:\/\/www.welovecycling.com\/se\/2021\/09\/10\/sa-gick-det-for-skoda-cycling-team-pa-vatternrundan-2021\/#primaryimage","url":"https:\/\/d2p6e6u75xmxt8.cloudfront.net\/9\/2021\/09\/Skoda__Vattern_2021_022.jpg","contentUrl":"https:\/\/d2p6e6u75xmxt8.cloudfront.net\/9\/2021\/09\/Skoda__Vattern_2021_022.jpg","width":2300,"height":1533},{"@type":"BreadcrumbList","@id":"https:\/\/www.welovecycling.com\/se\/2021\/09\/10\/sa-gick-det-for-skoda-cycling-team-pa-vatternrundan-2021\/#breadcrumb","itemListElement":[{"@type":"ListItem","position":1,"name":"Home","item":"https:\/\/www.welovecycling.com\/se\/"},{"@type":"ListItem","position":2,"name":"S\u00e5 gick det f\u00f6r \u0160koda Cycling Team p\u00e5 V\u00e4tternrundan 2021"}]},{"@type":"WebSite","@id":"https:\/\/www.welovecycling.com\/se\/#website","url":"https:\/\/www.welovecycling.com\/se\/","name":"\u0160koda - We Love Cycling - Sweden","description":"\u0160koda We Love Cycling - Sweden","potentialAction":[{"@type":"SearchAction","target":{"@type":"EntryPoint","urlTemplate":"https:\/\/www.welovecycling.com\/se\/?s={search_term_string}"},"query-input":{"@type":"PropertyValueSpecification","valueRequired":true,"valueName":"search_term_string"}}],"inLanguage":"sv-SE"},{"@type":"Person","@id":"https:\/\/www.welovecycling.com\/se\/#\/schema\/person\/037f34ad5d6e77accab8a3eff6ad7a0c","name":"erikleonsson","image":{"@type":"ImageObject","inLanguage":"sv-SE","@id":"https:\/\/www.welovecycling.com\/se\/#\/schema\/person\/image\/","url":"https:\/\/secure.gravatar.com\/avatar\/788a593b0a657d6864c271709722f9cd586caa5a645e77f71fe625396b02677c?s=96&d=mm&r=g","contentUrl":"https:\/\/secure.gravatar.com\/avatar\/788a593b0a657d6864c271709722f9cd586caa5a645e77f71fe625396b02677c?s=96&d=mm&r=g","caption":"erikleonsson"},"url":"https:\/\/www.welovecycling.com\/se\/author\/erikleonsson\/"}]}},"_links":{"self":[{"href":"https:\/\/www.welovecycling.com\/se\/wp-json\/wp\/v2\/posts\/4042","targetHints":{"allow":["GET"]}}],"collection":[{"href":"https:\/\/www.welovecycling.com\/se\/wp-json\/wp\/v2\/posts"}],"about":[{"href":"https:\/\/www.welovecycling.com\/se\/wp-json\/wp\/v2\/types\/post"}],"author":[{"embeddable":true,"href":"https:\/\/www.welovecycling.com\/se\/wp-json\/wp\/v2\/users\/52"}],"replies":[{"embeddable":true,"href":"https:\/\/www.welovecycling.com\/se\/wp-json\/wp\/v2\/comments?post=4042"}],"version-history":[{"count":2,"href":"https:\/\/www.welovecycling.com\/se\/wp-json\/wp\/v2\/posts\/4042\/revisions"}],"predecessor-version":[{"id":4063,"href":"https:\/\/www.welovecycling.com\/se\/wp-json\/wp\/v2\/posts\/4042\/revisions\/4063"}],"wp:featuredmedia":[{"embeddable":true,"href":"https:\/\/www.welovecycling.com\/se\/wp-json\/wp\/v2\/media\/4051"}],"wp:attachment":[{"href":"https:\/\/www.welovecycling.com\/se\/wp-json\/wp\/v2\/media?parent=4042"}],"wp:term":[{"taxonomy":"category","embeddable":true,"href":"https:\/\/www.welovecycling.com\/se\/wp-json\/wp\/v2\/categories?post=4042"},{"taxonomy":"post_tag","embeddable":true,"href":"https:\/\/www.welovecycling.com\/se\/wp-json\/wp\/v2\/tags?post=4042"},{"taxonomy":"global-categories","embeddable":true,"href":"https:\/\/www.welovecycling.com\/se\/wp-json\/wp\/v2\/global-categories?post=4042"}],"curies":[{"name":"wp","href":"https:\/\/api.w.org\/{rel}","templated":true}]}}