{"id":4028,"date":"2021-09-03T11:39:16","date_gmt":"2021-09-03T10:39:16","guid":{"rendered":"https:\/\/www.welovecycling.com\/se\/?p=4028"},"modified":"2021-09-04T05:09:34","modified_gmt":"2021-09-04T04:09:34","slug":"folj-skoda-cycling-team-under-vatternrundan","status":"publish","type":"post","link":"https:\/\/www.welovecycling.com\/se\/2021\/09\/03\/folj-skoda-cycling-team-under-vatternrundan\/","title":{"rendered":"F\u00f6lj \u0160koda Cycling Team under V\u00e4tternrundan"},"content":{"rendered":"<h4>Den 4 september g\u00e5r \u00e4ntligen V\u00e4tternrundan av stapeln i sin traditionella form, \u00e4ven om b\u00e5de datumet och banstr\u00e4ckningen \u00e4r ny f\u00f6r de flesta s\u00e5 \u00e4r det \u00e4nd\u00e5 en efterl\u00e4ngtad cykelfest som m\u00e5nga l\u00e4ngtat efter.<\/h4>\n<p>Och \u0160koda Cycling Team har l\u00e4ngtat och \u00e4r nu startklara f\u00f6r att ta sig an den nya banan. Den ursprungliga m\u00e5ltiden p\u00e5 8h st\u00e5r fast, vilket har skapat en extra stor utmaning i \u00e5r med den delvis nya och l\u00e4ngre str\u00e4ckan p\u00e5 315 km.<\/p>\n<p>F\u00f6lj lagets kamp mot klockan <a href=\"http:\/\/213.188.154.109\/raceone\/vattern315k2021skoda.php\">h\u00e4r med start 10.20 p\u00e5 l\u00f6rdag.<\/a><\/p>\n","protected":false},"excerpt":{"rendered":"<p>Den 4 september g\u00e5r \u00e4ntligen V\u00e4tternrundan av stapeln i sin traditionella form, \u00e4ven om b\u00e5de datumet och banstr\u00e4ckningen \u00e4r ny [&hellip;]<\/p>\n","protected":false},"author":52,"featured_media":4032,"comment_status":"open","ping_status":"open","sticky":false,"template":"","format":"standard","meta":{"footnotes":""},"categories":[7,65],"tags":[],"global-categories":[36],"class_list":["post-4028","post","type-post","status-publish","format-standard","has-post-thumbnail","hentry","category-cyclingteam","category-vatternrundan","global-categories-cycling"],"yoast_head":"<!-- This site is optimized with the Yoast SEO Premium plugin v25.3 (Yoast SEO v25.9) - https:\/\/yoast.com\/wordpress\/plugins\/seo\/ -->\n<title>F\u00f6lj \u0160koda Cycling Team under V\u00e4tternrundan - \u0160koda - We Love Cycling - Sweden<\/title>\n<meta name=\"description\" content=\"F\u00f6lj SKODA Cycling Team under V\u00e4tternrundan 2021\" \/>\n<meta name=\"robots\" content=\"index, follow, max-snippet:-1, max-image-preview:large, max-video-preview:-1\" \/>\n<link rel=\"canonical\" href=\"https:\/\/www.welovecycling.com\/se\/2021\/09\/03\/folj-skoda-cycling-team-under-vatternrundan\/\" \/>\n<meta property=\"og:locale\" content=\"sv_SE\" \/>\n<meta property=\"og:type\" content=\"article\" \/>\n<meta property=\"og:title\" content=\"F\u00f6lj \u0160koda Cycling Team under V\u00e4tternrundan\" \/>\n<meta property=\"og:description\" content=\"F\u00f6lj SKODA Cycling Team under V\u00e4tternrundan 2021\" \/>\n<meta property=\"og:url\" content=\"https:\/\/www.welovecycling.com\/se\/2021\/09\/03\/folj-skoda-cycling-team-under-vatternrundan\/\" \/>\n<meta property=\"og:site_name\" content=\"\u0160koda - We Love Cycling - Sweden\" \/>\n<meta property=\"article:published_time\" content=\"2021-09-03T10:39:16+00:00\" \/>\n<meta property=\"article:modified_time\" content=\"2021-09-04T04:09:34+00:00\" \/>\n<meta property=\"og:image\" content=\"https:\/\/d2p6e6u75xmxt8.cloudfront.net\/9\/2021\/09\/SKODA_2021_Dag1_2216.jpg\" \/>\n\t<meta property=\"og:image:width\" content=\"2048\" \/>\n\t<meta property=\"og:image:height\" content=\"1366\" \/>\n\t<meta property=\"og:image:type\" content=\"image\/jpeg\" \/>\n<meta name=\"author\" content=\"erikleonsson\" \/>\n<meta name=\"twitter:card\" content=\"summary_large_image\" \/>\n<meta name=\"twitter:label1\" content=\"Written by\" \/>\n\t<meta name=\"twitter:data1\" content=\"erikleonsson\" \/>\n\t<meta name=\"twitter:label2\" content=\"Est. reading time\" \/>\n\t<meta name=\"twitter:data2\" content=\"1 minute\" \/>\n<script type=\"application\/ld+json\" class=\"yoast-schema-graph\">{\"@context\":\"https:\/\/schema.org\",\"@graph\":[{\"@type\":\"WebPage\",\"@id\":\"https:\/\/www.welovecycling.com\/se\/2021\/09\/03\/folj-skoda-cycling-team-under-vatternrundan\/\",\"url\":\"https:\/\/www.welovecycling.com\/se\/2021\/09\/03\/folj-skoda-cycling-team-under-vatternrundan\/\",\"name\":\"F\u00f6lj \u0160koda Cycling Team under V\u00e4tternrundan - \u0160koda - We Love Cycling - Sweden\",\"isPartOf\":{\"@id\":\"https:\/\/www.welovecycling.com\/se\/#website\"},\"primaryImageOfPage\":{\"@id\":\"https:\/\/www.welovecycling.com\/se\/2021\/09\/03\/folj-skoda-cycling-team-under-vatternrundan\/#primaryimage\"},\"image\":{\"@id\":\"https:\/\/www.welovecycling.com\/se\/2021\/09\/03\/folj-skoda-cycling-team-under-vatternrundan\/#primaryimage\"},\"thumbnailUrl\":\"https:\/\/d2p6e6u75xmxt8.cloudfront.net\/9\/2021\/09\/SKODA_2021_Dag1_2216.jpg\",\"datePublished\":\"2021-09-03T10:39:16+00:00\",\"dateModified\":\"2021-09-04T04:09:34+00:00\",\"author\":{\"@id\":\"https:\/\/www.welovecycling.com\/se\/#\/schema\/person\/037f34ad5d6e77accab8a3eff6ad7a0c\"},\"description\":\"F\u00f6lj SKODA Cycling Team under V\u00e4tternrundan 2021\",\"breadcrumb\":{\"@id\":\"https:\/\/www.welovecycling.com\/se\/2021\/09\/03\/folj-skoda-cycling-team-under-vatternrundan\/#breadcrumb\"},\"inLanguage\":\"sv-SE\",\"potentialAction\":[{\"@type\":\"ReadAction\",\"target\":[\"https:\/\/www.welovecycling.com\/se\/2021\/09\/03\/folj-skoda-cycling-team-under-vatternrundan\/\"]}]},{\"@type\":\"ImageObject\",\"inLanguage\":\"sv-SE\",\"@id\":\"https:\/\/www.welovecycling.com\/se\/2021\/09\/03\/folj-skoda-cycling-team-under-vatternrundan\/#primaryimage\",\"url\":\"https:\/\/d2p6e6u75xmxt8.cloudfront.net\/9\/2021\/09\/SKODA_2021_Dag1_2216.jpg\",\"contentUrl\":\"https:\/\/d2p6e6u75xmxt8.cloudfront.net\/9\/2021\/09\/SKODA_2021_Dag1_2216.jpg\",\"width\":2048,\"height\":1366},{\"@type\":\"BreadcrumbList\",\"@id\":\"https:\/\/www.welovecycling.com\/se\/2021\/09\/03\/folj-skoda-cycling-team-under-vatternrundan\/#breadcrumb\",\"itemListElement\":[{\"@type\":\"ListItem\",\"position\":1,\"name\":\"Home\",\"item\":\"https:\/\/www.welovecycling.com\/se\/\"},{\"@type\":\"ListItem\",\"position\":2,\"name\":\"F\u00f6lj \u0160koda Cycling Team under V\u00e4tternrundan\"}]},{\"@type\":\"WebSite\",\"@id\":\"https:\/\/www.welovecycling.com\/se\/#website\",\"url\":\"https:\/\/www.welovecycling.com\/se\/\",\"name\":\"\u0160koda - We Love Cycling - Sweden\",\"description\":\"\u0160koda We Love Cycling - Sweden\",\"potentialAction\":[{\"@type\":\"SearchAction\",\"target\":{\"@type\":\"EntryPoint\",\"urlTemplate\":\"https:\/\/www.welovecycling.com\/se\/?s={search_term_string}\"},\"query-input\":{\"@type\":\"PropertyValueSpecification\",\"valueRequired\":true,\"valueName\":\"search_term_string\"}}],\"inLanguage\":\"sv-SE\"},{\"@type\":\"Person\",\"@id\":\"https:\/\/www.welovecycling.com\/se\/#\/schema\/person\/037f34ad5d6e77accab8a3eff6ad7a0c\",\"name\":\"erikleonsson\",\"image\":{\"@type\":\"ImageObject\",\"inLanguage\":\"sv-SE\",\"@id\":\"https:\/\/www.welovecycling.com\/se\/#\/schema\/person\/image\/\",\"url\":\"https:\/\/secure.gravatar.com\/avatar\/788a593b0a657d6864c271709722f9cd586caa5a645e77f71fe625396b02677c?s=96&d=mm&r=g\",\"contentUrl\":\"https:\/\/secure.gravatar.com\/avatar\/788a593b0a657d6864c271709722f9cd586caa5a645e77f71fe625396b02677c?s=96&d=mm&r=g\",\"caption\":\"erikleonsson\"},\"url\":\"https:\/\/www.welovecycling.com\/se\/author\/erikleonsson\/\"}]}<\/script>\n<!-- \/ Yoast SEO Premium plugin. -->","yoast_head_json":{"title":"F\u00f6lj \u0160koda Cycling Team under V\u00e4tternrundan - \u0160koda - We Love Cycling - Sweden","description":"F\u00f6lj SKODA Cycling Team under V\u00e4tternrundan 2021","robots":{"index":"index","follow":"follow","max-snippet":"max-snippet:-1","max-image-preview":"max-image-preview:large","max-video-preview":"max-video-preview:-1"},"canonical":"https:\/\/www.welovecycling.com\/se\/2021\/09\/03\/folj-skoda-cycling-team-under-vatternrundan\/","og_locale":"sv_SE","og_type":"article","og_title":"F\u00f6lj \u0160koda Cycling Team under V\u00e4tternrundan","og_description":"F\u00f6lj SKODA Cycling Team under V\u00e4tternrundan 2021","og_url":"https:\/\/www.welovecycling.com\/se\/2021\/09\/03\/folj-skoda-cycling-team-under-vatternrundan\/","og_site_name":"\u0160koda - We Love Cycling - Sweden","article_published_time":"2021-09-03T10:39:16+00:00","article_modified_time":"2021-09-04T04:09:34+00:00","og_image":[{"width":2048,"height":1366,"url":"https:\/\/d2p6e6u75xmxt8.cloudfront.net\/9\/2021\/09\/SKODA_2021_Dag1_2216.jpg","type":"image\/jpeg"}],"author":"erikleonsson","twitter_card":"summary_large_image","twitter_misc":{"Written by":"erikleonsson","Est. reading time":"1 minute"},"schema":{"@context":"https:\/\/schema.org","@graph":[{"@type":"WebPage","@id":"https:\/\/www.welovecycling.com\/se\/2021\/09\/03\/folj-skoda-cycling-team-under-vatternrundan\/","url":"https:\/\/www.welovecycling.com\/se\/2021\/09\/03\/folj-skoda-cycling-team-under-vatternrundan\/","name":"F\u00f6lj \u0160koda Cycling Team under V\u00e4tternrundan - \u0160koda - We Love Cycling - Sweden","isPartOf":{"@id":"https:\/\/www.welovecycling.com\/se\/#website"},"primaryImageOfPage":{"@id":"https:\/\/www.welovecycling.com\/se\/2021\/09\/03\/folj-skoda-cycling-team-under-vatternrundan\/#primaryimage"},"image":{"@id":"https:\/\/www.welovecycling.com\/se\/2021\/09\/03\/folj-skoda-cycling-team-under-vatternrundan\/#primaryimage"},"thumbnailUrl":"https:\/\/d2p6e6u75xmxt8.cloudfront.net\/9\/2021\/09\/SKODA_2021_Dag1_2216.jpg","datePublished":"2021-09-03T10:39:16+00:00","dateModified":"2021-09-04T04:09:34+00:00","author":{"@id":"https:\/\/www.welovecycling.com\/se\/#\/schema\/person\/037f34ad5d6e77accab8a3eff6ad7a0c"},"description":"F\u00f6lj SKODA Cycling Team under V\u00e4tternrundan 2021","breadcrumb":{"@id":"https:\/\/www.welovecycling.com\/se\/2021\/09\/03\/folj-skoda-cycling-team-under-vatternrundan\/#breadcrumb"},"inLanguage":"sv-SE","potentialAction":[{"@type":"ReadAction","target":["https:\/\/www.welovecycling.com\/se\/2021\/09\/03\/folj-skoda-cycling-team-under-vatternrundan\/"]}]},{"@type":"ImageObject","inLanguage":"sv-SE","@id":"https:\/\/www.welovecycling.com\/se\/2021\/09\/03\/folj-skoda-cycling-team-under-vatternrundan\/#primaryimage","url":"https:\/\/d2p6e6u75xmxt8.cloudfront.net\/9\/2021\/09\/SKODA_2021_Dag1_2216.jpg","contentUrl":"https:\/\/d2p6e6u75xmxt8.cloudfront.net\/9\/2021\/09\/SKODA_2021_Dag1_2216.jpg","width":2048,"height":1366},{"@type":"BreadcrumbList","@id":"https:\/\/www.welovecycling.com\/se\/2021\/09\/03\/folj-skoda-cycling-team-under-vatternrundan\/#breadcrumb","itemListElement":[{"@type":"ListItem","position":1,"name":"Home","item":"https:\/\/www.welovecycling.com\/se\/"},{"@type":"ListItem","position":2,"name":"F\u00f6lj \u0160koda Cycling Team under V\u00e4tternrundan"}]},{"@type":"WebSite","@id":"https:\/\/www.welovecycling.com\/se\/#website","url":"https:\/\/www.welovecycling.com\/se\/","name":"\u0160koda - We Love Cycling - Sweden","description":"\u0160koda We Love Cycling - Sweden","potentialAction":[{"@type":"SearchAction","target":{"@type":"EntryPoint","urlTemplate":"https:\/\/www.welovecycling.com\/se\/?s={search_term_string}"},"query-input":{"@type":"PropertyValueSpecification","valueRequired":true,"valueName":"search_term_string"}}],"inLanguage":"sv-SE"},{"@type":"Person","@id":"https:\/\/www.welovecycling.com\/se\/#\/schema\/person\/037f34ad5d6e77accab8a3eff6ad7a0c","name":"erikleonsson","image":{"@type":"ImageObject","inLanguage":"sv-SE","@id":"https:\/\/www.welovecycling.com\/se\/#\/schema\/person\/image\/","url":"https:\/\/secure.gravatar.com\/avatar\/788a593b0a657d6864c271709722f9cd586caa5a645e77f71fe625396b02677c?s=96&d=mm&r=g","contentUrl":"https:\/\/secure.gravatar.com\/avatar\/788a593b0a657d6864c271709722f9cd586caa5a645e77f71fe625396b02677c?s=96&d=mm&r=g","caption":"erikleonsson"},"url":"https:\/\/www.welovecycling.com\/se\/author\/erikleonsson\/"}]}},"_links":{"self":[{"href":"https:\/\/www.welovecycling.com\/se\/wp-json\/wp\/v2\/posts\/4028","targetHints":{"allow":["GET"]}}],"collection":[{"href":"https:\/\/www.welovecycling.com\/se\/wp-json\/wp\/v2\/posts"}],"about":[{"href":"https:\/\/www.welovecycling.com\/se\/wp-json\/wp\/v2\/types\/post"}],"author":[{"embeddable":true,"href":"https:\/\/www.welovecycling.com\/se\/wp-json\/wp\/v2\/users\/52"}],"replies":[{"embeddable":true,"href":"https:\/\/www.welovecycling.com\/se\/wp-json\/wp\/v2\/comments?post=4028"}],"version-history":[{"count":2,"href":"https:\/\/www.welovecycling.com\/se\/wp-json\/wp\/v2\/posts\/4028\/revisions"}],"predecessor-version":[{"id":4041,"href":"https:\/\/www.welovecycling.com\/se\/wp-json\/wp\/v2\/posts\/4028\/revisions\/4041"}],"wp:featuredmedia":[{"embeddable":true,"href":"https:\/\/www.welovecycling.com\/se\/wp-json\/wp\/v2\/media\/4032"}],"wp:attachment":[{"href":"https:\/\/www.welovecycling.com\/se\/wp-json\/wp\/v2\/media?parent=4028"}],"wp:term":[{"taxonomy":"category","embeddable":true,"href":"https:\/\/www.welovecycling.com\/se\/wp-json\/wp\/v2\/categories?post=4028"},{"taxonomy":"post_tag","embeddable":true,"href":"https:\/\/www.welovecycling.com\/se\/wp-json\/wp\/v2\/tags?post=4028"},{"taxonomy":"global-categories","embeddable":true,"href":"https:\/\/www.welovecycling.com\/se\/wp-json\/wp\/v2\/global-categories?post=4028"}],"curies":[{"name":"wp","href":"https:\/\/api.w.org\/{rel}","templated":true}]}}