{"id":3983,"date":"2021-07-09T13:14:08","date_gmt":"2021-07-09T12:14:08","guid":{"rendered":"https:\/\/www.welovecycling.com\/se\/?p=3983"},"modified":"2022-07-01T15:10:48","modified_gmt":"2022-07-01T14:10:48","slug":"varfor-vi-alskar-tour-de-france","status":"publish","type":"post","link":"https:\/\/www.welovecycling.com\/se\/2021\/07\/09\/varfor-vi-alskar-tour-de-france\/","title":{"rendered":"Varf\u00f6r vi \u00e4lskar Tour de France"},"content":{"rendered":"<p><strong>Den 108:e upplagan av Tour de France \u00e4r nu i full g\u00e5ng, och publikengagemanget \u00e4r minst lika stort som f\u00f6re pandemin. Efter 1,5 \u00e5r av os\u00e4kerhet kring stora event kunde cykelsporten dra en l\u00e4ttnadens suck n\u00e4r startskottet gick f\u00f6r &#8221;Le Grande Boucle&#8221;. Med skyh\u00f6ga f\u00f6rv\u00e4ntningar b\u00e4nkar vi oss vid s\u00e4ndningarna. Men vad \u00e4r det som g\u00f6r Tour de France s\u00e5 speciellt? <\/strong><\/p>\n<p><!--more--><\/p>\n<p>Oavsett fr\u00e5n vilken sida du upplever spektaklet, fr\u00e5n \u00e5sk\u00e5darplats eller som cyklist, har <a href=\"https:\/\/www.letour.fr\/en\/\" target=\"_blank\" rel=\"noopener\">Touren<\/a> alltid omgetts av en oemotst\u00e5ndlig aura. Du k\u00e4nner dig delaktig i n\u00e5got storslaget och anrikt, \u00e4ven om du &#8221;bara&#8221; ser p\u00e5, och den magnetiska energin \u00e4r helt klart smittsam.<\/p>\n<figure id=\"attachment_3985\" aria-describedby=\"caption-attachment-3985\" style=\"width: 1024px\" class=\"wp-caption alignnone\"><a href=\"https:\/\/d2p6e6u75xmxt8.cloudfront.net\/2\/2021\/06\/Tour-finish-profimedia-0558506741.jpg\"><img loading=\"lazy\" decoding=\"async\" class=\"size-large wp-image-3985\" src=\"https:\/\/d2p6e6u75xmxt8.cloudfront.net\/9\/2021\/07\/Tour-finish-profimedia-0558506741-1024x682.jpg\" alt=\"Tour de France\" width=\"1024\" height=\"682\" srcset=\"https:\/\/d2p6e6u75xmxt8.cloudfront.net\/9\/2021\/07\/Tour-finish-profimedia-0558506741-1024x682.jpg 1024w, https:\/\/d2p6e6u75xmxt8.cloudfront.net\/9\/2021\/07\/Tour-finish-profimedia-0558506741-300x200.jpg 300w, https:\/\/d2p6e6u75xmxt8.cloudfront.net\/9\/2021\/07\/Tour-finish-profimedia-0558506741-768x512.jpg 768w, https:\/\/d2p6e6u75xmxt8.cloudfront.net\/9\/2021\/07\/Tour-finish-profimedia-0558506741-272x182.jpg 272w, https:\/\/d2p6e6u75xmxt8.cloudfront.net\/9\/2021\/07\/Tour-finish-profimedia-0558506741.jpg 1250w\" sizes=\"auto, (max-width: 1024px) 100vw, 1024px\" \/><\/a><figcaption id=\"caption-attachment-3985\" class=\"wp-caption-text\">K\u00e4nslorna kring Touren \u00e4r p\u00e5tagliga. \u00a9 Profimedia<\/figcaption><\/figure>\n<div id='gallery-1' class='gallery galleryid-3983 gallery-columns-3 gallery-size-large'><figure class='gallery-item'>\n\t\t\t<div class='gallery-icon landscape'>\n\t\t\t\t<a href='https:\/\/d2p6e6u75xmxt8.cloudfront.net\/9\/2021\/07\/Tour-circus-profimedia-0459995060.jpg'><img loading=\"lazy\" decoding=\"async\" width=\"813\" height=\"541\" src=\"https:\/\/d2p6e6u75xmxt8.cloudfront.net\/9\/2021\/07\/Tour-circus-profimedia-0459995060.jpg\" class=\"attachment-large size-large\" alt=\"The beautiful circus attacks all senses. \u00a9 Profimedia\" srcset=\"https:\/\/d2p6e6u75xmxt8.cloudfront.net\/9\/2021\/07\/Tour-circus-profimedia-0459995060.jpg 813w, https:\/\/d2p6e6u75xmxt8.cloudfront.net\/9\/2021\/07\/Tour-circus-profimedia-0459995060-300x200.jpg 300w, https:\/\/d2p6e6u75xmxt8.cloudfront.net\/9\/2021\/07\/Tour-circus-profimedia-0459995060-768x511.jpg 768w, https:\/\/d2p6e6u75xmxt8.cloudfront.net\/9\/2021\/07\/Tour-circus-profimedia-0459995060-272x182.jpg 272w\" sizes=\"auto, (max-width: 813px) 100vw, 813px\" \/><\/a>\n\t\t\t<\/div><\/figure><figure class='gallery-item'>\n\t\t\t<div class='gallery-icon landscape'>\n\t\t\t\t<a href='https:\/\/d2p6e6u75xmxt8.cloudfront.net\/9\/2021\/07\/Tour-circus-profimedia-0460831404.jpg'><img loading=\"lazy\" decoding=\"async\" width=\"813\" height=\"541\" src=\"https:\/\/d2p6e6u75xmxt8.cloudfront.net\/9\/2021\/07\/Tour-circus-profimedia-0460831404.jpg\" class=\"attachment-large size-large\" alt=\"The atmosphere is co-created by all the participants. \u00a9 Profimedia\" srcset=\"https:\/\/d2p6e6u75xmxt8.cloudfront.net\/9\/2021\/07\/Tour-circus-profimedia-0460831404.jpg 813w, https:\/\/d2p6e6u75xmxt8.cloudfront.net\/9\/2021\/07\/Tour-circus-profimedia-0460831404-300x200.jpg 300w, https:\/\/d2p6e6u75xmxt8.cloudfront.net\/9\/2021\/07\/Tour-circus-profimedia-0460831404-768x511.jpg 768w, https:\/\/d2p6e6u75xmxt8.cloudfront.net\/9\/2021\/07\/Tour-circus-profimedia-0460831404-272x182.jpg 272w\" sizes=\"auto, (max-width: 813px) 100vw, 813px\" \/><\/a>\n\t\t\t<\/div><\/figure><figure class='gallery-item'>\n\t\t\t<div class='gallery-icon landscape'>\n\t\t\t\t<a href='https:\/\/d2p6e6u75xmxt8.cloudfront.net\/9\/2021\/07\/Tour-circus-profimedia-0558288434.jpg'><img loading=\"lazy\" decoding=\"async\" width=\"813\" height=\"541\" src=\"https:\/\/d2p6e6u75xmxt8.cloudfront.net\/9\/2021\/07\/Tour-circus-profimedia-0558288434.jpg\" class=\"attachment-large size-large\" alt=\"You simply have to love it. \u00a9 Profimedia\" srcset=\"https:\/\/d2p6e6u75xmxt8.cloudfront.net\/9\/2021\/07\/Tour-circus-profimedia-0558288434.jpg 813w, https:\/\/d2p6e6u75xmxt8.cloudfront.net\/9\/2021\/07\/Tour-circus-profimedia-0558288434-300x200.jpg 300w, https:\/\/d2p6e6u75xmxt8.cloudfront.net\/9\/2021\/07\/Tour-circus-profimedia-0558288434-768x511.jpg 768w, https:\/\/d2p6e6u75xmxt8.cloudfront.net\/9\/2021\/07\/Tour-circus-profimedia-0558288434-272x182.jpg 272w\" sizes=\"auto, (max-width: 813px) 100vw, 813px\" \/><\/a>\n\t\t\t<\/div><\/figure>\n\t\t<\/div>\n\n<p>Det g\u00e5r att dra paralleller till en f\u00e4rgsprakande cirkus. \u201dOdjuren\u201d i sadeln f\u00e5r av naturliga sk\u00e4l st\u00f6rst uppm\u00e4rksamhet, men det finns m\u00e5nga fler nyckelpersoner som ser till att showen g\u00e5r att genomf\u00f6ra. Vissa mer synliga \u00e4n andra. S\u00e5som det dedikerade och lagoberoende g\u00e4nget i \u0160koda:s supportbilar, kommissarierna som \u00f6vervakar allt som h\u00e4nder, t\u00e4vlingsdirekt\u00f6ren som vinkar med flaggan fr\u00e5n den karakt\u00e4ristiskt sammetsr\u00f6da \u0160koda SUPERB iV (eller \u0160koda ENYAQ iV p\u00e5 vissa str\u00e4ckor) och de m\u00e5nga hundra f\u00e4ltarbetare som sk\u00f6ter alltifr\u00e5n matservice till banmarkeringar. Och sist men inte minst, de tiotusentals \u00e5sk\u00e5dare som frivilligt bidrar till att m\u00f6jligg\u00f6ra den unika atmosf\u00e4ren.<\/p>\n<p>De st\u00e4der och byar som \u00e5karna passerar l\u00e4ngs banan s\u00e4tter stor \u00e4ra i att ha blivit utvalda, och dekorerar, f\u00f6rbereder och v\u00e4lkomnar uppst\u00e5ndelsen med \u00f6ppna armar. S\u00e5som franska Nuits-Saint-Georges, som ramade in sina gator med \u00f6ver <a href=\"https:\/\/www.nytimes.com\/2017\/07\/06\/sports\/when-the-tour-de-france-comes-to-town.html\" target=\"_blank\" rel=\"noopener\">400 handstickade vinnartr\u00f6jor i miniatyr<\/a> \u00e5r 2017, n\u00e4r klungan skulle g\u00e5 i m\u00e5l i just deras by. Cirkusen tystnar endast f\u00f6r att h\u00f6ra ljudet fr\u00e5n startpistolen under ett \u00f6gonblick, f\u00f6r att sedan forts\u00e4tta sin vilda fest.<\/p>\n<figure id=\"attachment_3988\" aria-describedby=\"caption-attachment-3988\" style=\"width: 1024px\" class=\"wp-caption alignnone\"><a href=\"https:\/\/d2p6e6u75xmxt8.cloudfront.net\/2\/2021\/06\/Didi-Senft-El-Diablo-profimedia-0556273005.jpg\"><img loading=\"lazy\" decoding=\"async\" class=\"size-large wp-image-3988\" src=\"https:\/\/d2p6e6u75xmxt8.cloudfront.net\/9\/2021\/07\/Didi-Senft-El-Diablo-profimedia-0556273005-1024x682.jpg\" alt=\"Didi Senft\" width=\"1024\" height=\"682\" srcset=\"https:\/\/d2p6e6u75xmxt8.cloudfront.net\/9\/2021\/07\/Didi-Senft-El-Diablo-profimedia-0556273005-1024x682.jpg 1024w, https:\/\/d2p6e6u75xmxt8.cloudfront.net\/9\/2021\/07\/Didi-Senft-El-Diablo-profimedia-0556273005-300x200.jpg 300w, https:\/\/d2p6e6u75xmxt8.cloudfront.net\/9\/2021\/07\/Didi-Senft-El-Diablo-profimedia-0556273005-768x512.jpg 768w, https:\/\/d2p6e6u75xmxt8.cloudfront.net\/9\/2021\/07\/Didi-Senft-El-Diablo-profimedia-0556273005-272x182.jpg 272w, https:\/\/d2p6e6u75xmxt8.cloudfront.net\/9\/2021\/07\/Didi-Senft-El-Diablo-profimedia-0556273005.jpg 1250w\" sizes=\"auto, (max-width: 1024px) 100vw, 1024px\" \/><\/a><figcaption id=\"caption-attachment-3988\" class=\"wp-caption-text\">Didi Senft, aka El Diablo, \u00e4r helt klart en del av cirkusen. \u00a9 Profimedia<\/figcaption><\/figure>\n<p>Det \u00e4r sv\u00e5rt f\u00f6r en nyb\u00f6rjare p\u00e5 Touren att skapa sig en r\u00e4ttvis bild p\u00e5 f\u00f6rhand. Du kan g\u00f6ra din heml\u00e4xa och mata dig igenom hundratals timmar av s\u00e4ndningar, l\u00e4sa drivor av artiklar och bloggar, och \u00e4nd\u00e5 inte kunna f\u00f6rest\u00e4lla dig den om\u00e5ttliga sp\u00e4nning och de omv\u00e4lvande \u00f6gonblick du blir serverad n\u00e4r du v\u00e4l f\u00f6ljer spektaklet live. F\u00f6rbered dig p\u00e5 ett positivt kaos som kan l\u00e4mna \u00e4ven mest luttrade sportn\u00f6rd med utmattning efter tre veckor \u201don Tour\u201d.<\/p>\n<p>N\u00e4r cyclister kraschar \u00e4r vi d\u00e4r mentalt och lider tillsammans med dem, s\u00e5som vid den l\u00e4skiga incidenten med Philippe Gilbert 2018 \u2013 belgaren som tappade kontrollen under 16:etappen och fl\u00f6g \u00f6ver ett bror\u00e4cke ned i en ravin (han klarade sig tack och lov med en kn\u00e4fraktur). N\u00e4r en etappsegrare stormar \u00f6ver m\u00e5llinjen med armarna i luften och uttrycker lika delar utmattning och gl\u00e4dje, d\u00e5 k\u00e4nner \u00e4ven vi de d\u00e4r lyckofj\u00e4rilarna i magen. Vi t\u00e4nker os\u00f6kt p\u00e5 <a href=\"https:\/\/bleacherreport.com\/articles\/1246780-peter-sagans-finish-line-celebrations-are-just-fine\" target=\"_blank\" rel=\"noopener\">Peter Sagans alla m\u00e5lg\u00e5ngar \u2013 m\u00e5lgesternas m\u00e4stare<\/a>! Vi tror att du f\u00f6rst\u00e5r vad vi menar vid det h\u00e4r laget, och av samma anledningar sluter vi upp l\u00e4ngs sidolinjerna \u00e5r efter \u00e5r \u2013 vare sig det \u00e4r p\u00e5 plats eller fr\u00e5n TV-soffan. Vi f\u00f6rbereder oss p\u00e5 en tre veckor l\u00e5ng k\u00e4nslom\u00e4ssig limbo, och konstaterar att just den \u00e4r anledningen till att vi \u00e4lskar Tour de France.<\/p>\n<p>Hurra f\u00f6r \u00e5rets vackraste cirkus \u2013 och m\u00e5nga fler i framtiden!<\/p>\n","protected":false},"excerpt":{"rendered":"<p>Den 108:e upplagan av Tour de France \u00e4r nu i full g\u00e5ng, och publikengagemanget \u00e4r minst lika stort som f\u00f6re [&hellip;]<\/p>\n","protected":false},"author":135,"featured_media":4004,"comment_status":"open","ping_status":"open","sticky":false,"template":"","format":"standard","meta":{"footnotes":""},"categories":[5,11],"tags":[20,90],"global-categories":[],"class_list":["post-3983","post","type-post","status-publish","format-standard","has-post-thumbnail","hentry","category-nyheter","category-tdf","tag-tour-de-france","tag-tour-de-france-2021"],"yoast_head":"<!-- This site is optimized with the Yoast SEO Premium plugin v25.3 (Yoast SEO v25.9) - https:\/\/yoast.com\/wordpress\/plugins\/seo\/ -->\n<title>Varf\u00f6r vi \u00e4lskar Tour de France<\/title>\n<meta name=\"robots\" content=\"index, follow, max-snippet:-1, max-image-preview:large, max-video-preview:-1\" \/>\n<link rel=\"canonical\" href=\"https:\/\/www.welovecycling.com\/se\/2021\/07\/09\/varfor-vi-alskar-tour-de-france\/\" \/>\n<meta property=\"og:locale\" content=\"sv_SE\" \/>\n<meta property=\"og:type\" content=\"article\" \/>\n<meta property=\"og:title\" content=\"Varf\u00f6r vi \u00e4lskar Tour de France\" \/>\n<meta property=\"og:description\" content=\"Den 108:e upplagan av Tour de France \u00e4r nu i full g\u00e5ng, och publikengagemanget \u00e4r minst lika stort som f\u00f6re [&hellip;]\" \/>\n<meta property=\"og:url\" content=\"https:\/\/www.welovecycling.com\/se\/2021\/07\/09\/varfor-vi-alskar-tour-de-france\/\" \/>\n<meta property=\"og:site_name\" content=\"\u0160koda - We Love Cycling - Sweden\" \/>\n<meta property=\"article:published_time\" content=\"2021-07-09T12:14:08+00:00\" \/>\n<meta property=\"article:modified_time\" content=\"2022-07-01T14:10:48+00:00\" \/>\n<meta property=\"og:image\" content=\"https:\/\/d2p6e6u75xmxt8.cloudfront.net\/9\/2021\/07\/profimedia-0619640037.jpg\" \/>\n\t<meta property=\"og:image:width\" content=\"1800\" \/>\n\t<meta property=\"og:image:height\" content=\"1200\" \/>\n\t<meta property=\"og:image:type\" content=\"image\/jpeg\" \/>\n<meta name=\"author\" content=\"hannanaslund\" \/>\n<meta name=\"twitter:card\" content=\"summary_large_image\" \/>\n<meta name=\"twitter:label1\" content=\"Written by\" \/>\n\t<meta name=\"twitter:data1\" content=\"We Love Cycling\" \/>\n\t<meta name=\"twitter:label2\" content=\"Est. reading time\" \/>\n\t<meta name=\"twitter:data2\" content=\"5\" \/>\n<script type=\"application\/ld+json\" class=\"yoast-schema-graph\">{\"@context\":\"https:\/\/schema.org\",\"@graph\":[{\"@type\":\"WebPage\",\"@id\":\"https:\/\/www.welovecycling.com\/se\/2021\/07\/09\/varfor-vi-alskar-tour-de-france\/\",\"url\":\"https:\/\/www.welovecycling.com\/se\/2021\/07\/09\/varfor-vi-alskar-tour-de-france\/\",\"name\":\"Varf\u00f6r vi \u00e4lskar Tour de France\",\"isPartOf\":{\"@id\":\"https:\/\/www.welovecycling.com\/se\/#website\"},\"primaryImageOfPage\":{\"@id\":\"https:\/\/www.welovecycling.com\/se\/2021\/07\/09\/varfor-vi-alskar-tour-de-france\/#primaryimage\"},\"image\":{\"@id\":\"https:\/\/www.welovecycling.com\/se\/2021\/07\/09\/varfor-vi-alskar-tour-de-france\/#primaryimage\"},\"thumbnailUrl\":\"https:\/\/d2p6e6u75xmxt8.cloudfront.net\/9\/2021\/07\/profimedia-0619640037.jpg\",\"datePublished\":\"2021-07-09T12:14:08+00:00\",\"dateModified\":\"2022-07-01T14:10:48+00:00\",\"author\":{\"@id\":\"https:\/\/www.welovecycling.com\/se\/#\/schema\/person\/79becb5859fbea43defca47101daf531\"},\"breadcrumb\":{\"@id\":\"https:\/\/www.welovecycling.com\/se\/2021\/07\/09\/varfor-vi-alskar-tour-de-france\/#breadcrumb\"},\"inLanguage\":\"sv-SE\",\"potentialAction\":[{\"@type\":\"ReadAction\",\"target\":[\"https:\/\/www.welovecycling.com\/se\/2021\/07\/09\/varfor-vi-alskar-tour-de-france\/\"]}]},{\"@type\":\"ImageObject\",\"inLanguage\":\"sv-SE\",\"@id\":\"https:\/\/www.welovecycling.com\/se\/2021\/07\/09\/varfor-vi-alskar-tour-de-france\/#primaryimage\",\"url\":\"https:\/\/d2p6e6u75xmxt8.cloudfront.net\/9\/2021\/07\/profimedia-0619640037.jpg\",\"contentUrl\":\"https:\/\/d2p6e6u75xmxt8.cloudfront.net\/9\/2021\/07\/profimedia-0619640037.jpg\",\"width\":1800,\"height\":1200,\"caption\":\"(L-R) Dutch rider Wouter Poels of the Bahrain Victorious team, Slovenian rider Tadej Pogacar of the UAE-Team Emirates and British rider Mark Cavendish of the Deceuninck Quick-Step team react before the 9th stage of the Tour de France 2021 over 144.9 km from Cluses to Tignes, France, 04 July 2021. EPA-EFE\/,Image: 619640037, License: Rights-managed, Restrictions: , Model Release: no, Credit line: Profimedia\"},{\"@type\":\"BreadcrumbList\",\"@id\":\"https:\/\/www.welovecycling.com\/se\/2021\/07\/09\/varfor-vi-alskar-tour-de-france\/#breadcrumb\",\"itemListElement\":[{\"@type\":\"ListItem\",\"position\":1,\"name\":\"Home\",\"item\":\"https:\/\/www.welovecycling.com\/se\/\"},{\"@type\":\"ListItem\",\"position\":2,\"name\":\"Varf\u00f6r vi \u00e4lskar Tour de France\"}]},{\"@type\":\"WebSite\",\"@id\":\"https:\/\/www.welovecycling.com\/se\/#website\",\"url\":\"https:\/\/www.welovecycling.com\/se\/\",\"name\":\"\u0160koda - We Love Cycling - Sweden\",\"description\":\"\u0160koda We Love Cycling - Sweden\",\"potentialAction\":[{\"@type\":\"SearchAction\",\"target\":{\"@type\":\"EntryPoint\",\"urlTemplate\":\"https:\/\/www.welovecycling.com\/se\/?s={search_term_string}\"},\"query-input\":{\"@type\":\"PropertyValueSpecification\",\"valueRequired\":true,\"valueName\":\"search_term_string\"}}],\"inLanguage\":\"sv-SE\"},{\"@type\":\"Person\",\"@id\":\"https:\/\/www.welovecycling.com\/se\/#\/schema\/person\/79becb5859fbea43defca47101daf531\",\"name\":\"hannanaslund\",\"image\":{\"@type\":\"ImageObject\",\"inLanguage\":\"sv-SE\",\"@id\":\"https:\/\/www.welovecycling.com\/se\/#\/schema\/person\/image\/\",\"url\":\"https:\/\/secure.gravatar.com\/avatar\/70f66fbb00c5be679dc888b7c35bba74269f61228cb2072dcf46a746bd4bc774?s=96&d=mm&r=g\",\"contentUrl\":\"https:\/\/secure.gravatar.com\/avatar\/70f66fbb00c5be679dc888b7c35bba74269f61228cb2072dcf46a746bd4bc774?s=96&d=mm&r=g\",\"caption\":\"hannanaslund\"},\"url\":\"https:\/\/www.welovecycling.com\/se\/author\/hannanaslund\/\"}]}<\/script>\n<!-- \/ Yoast SEO Premium plugin. -->","yoast_head_json":{"title":"Varf\u00f6r vi \u00e4lskar Tour de France","robots":{"index":"index","follow":"follow","max-snippet":"max-snippet:-1","max-image-preview":"max-image-preview:large","max-video-preview":"max-video-preview:-1"},"canonical":"https:\/\/www.welovecycling.com\/se\/2021\/07\/09\/varfor-vi-alskar-tour-de-france\/","og_locale":"sv_SE","og_type":"article","og_title":"Varf\u00f6r vi \u00e4lskar Tour de France","og_description":"Den 108:e upplagan av Tour de France \u00e4r nu i full g\u00e5ng, och publikengagemanget \u00e4r minst lika stort som f\u00f6re [&hellip;]","og_url":"https:\/\/www.welovecycling.com\/se\/2021\/07\/09\/varfor-vi-alskar-tour-de-france\/","og_site_name":"\u0160koda - We Love Cycling - Sweden","article_published_time":"2021-07-09T12:14:08+00:00","article_modified_time":"2022-07-01T14:10:48+00:00","og_image":[{"width":1800,"height":1200,"url":"https:\/\/d2p6e6u75xmxt8.cloudfront.net\/9\/2021\/07\/profimedia-0619640037.jpg","type":"image\/jpeg"}],"author":"hannanaslund","twitter_card":"summary_large_image","twitter_misc":{"Written by":"We Love Cycling","Est. reading time":"5"},"schema":{"@context":"https:\/\/schema.org","@graph":[{"@type":"WebPage","@id":"https:\/\/www.welovecycling.com\/se\/2021\/07\/09\/varfor-vi-alskar-tour-de-france\/","url":"https:\/\/www.welovecycling.com\/se\/2021\/07\/09\/varfor-vi-alskar-tour-de-france\/","name":"Varf\u00f6r vi \u00e4lskar Tour de France","isPartOf":{"@id":"https:\/\/www.welovecycling.com\/se\/#website"},"primaryImageOfPage":{"@id":"https:\/\/www.welovecycling.com\/se\/2021\/07\/09\/varfor-vi-alskar-tour-de-france\/#primaryimage"},"image":{"@id":"https:\/\/www.welovecycling.com\/se\/2021\/07\/09\/varfor-vi-alskar-tour-de-france\/#primaryimage"},"thumbnailUrl":"https:\/\/d2p6e6u75xmxt8.cloudfront.net\/9\/2021\/07\/profimedia-0619640037.jpg","datePublished":"2021-07-09T12:14:08+00:00","dateModified":"2022-07-01T14:10:48+00:00","author":{"@id":"https:\/\/www.welovecycling.com\/se\/#\/schema\/person\/79becb5859fbea43defca47101daf531"},"breadcrumb":{"@id":"https:\/\/www.welovecycling.com\/se\/2021\/07\/09\/varfor-vi-alskar-tour-de-france\/#breadcrumb"},"inLanguage":"sv-SE","potentialAction":[{"@type":"ReadAction","target":["https:\/\/www.welovecycling.com\/se\/2021\/07\/09\/varfor-vi-alskar-tour-de-france\/"]}]},{"@type":"ImageObject","inLanguage":"sv-SE","@id":"https:\/\/www.welovecycling.com\/se\/2021\/07\/09\/varfor-vi-alskar-tour-de-france\/#primaryimage","url":"https:\/\/d2p6e6u75xmxt8.cloudfront.net\/9\/2021\/07\/profimedia-0619640037.jpg","contentUrl":"https:\/\/d2p6e6u75xmxt8.cloudfront.net\/9\/2021\/07\/profimedia-0619640037.jpg","width":1800,"height":1200,"caption":"(L-R) Dutch rider Wouter Poels of the Bahrain Victorious team, Slovenian rider Tadej Pogacar of the UAE-Team Emirates and British rider Mark Cavendish of the Deceuninck Quick-Step team react before the 9th stage of the Tour de France 2021 over 144.9 km from Cluses to Tignes, France, 04 July 2021. EPA-EFE\/,Image: 619640037, License: Rights-managed, Restrictions: , Model Release: no, Credit line: Profimedia"},{"@type":"BreadcrumbList","@id":"https:\/\/www.welovecycling.com\/se\/2021\/07\/09\/varfor-vi-alskar-tour-de-france\/#breadcrumb","itemListElement":[{"@type":"ListItem","position":1,"name":"Home","item":"https:\/\/www.welovecycling.com\/se\/"},{"@type":"ListItem","position":2,"name":"Varf\u00f6r vi \u00e4lskar Tour de France"}]},{"@type":"WebSite","@id":"https:\/\/www.welovecycling.com\/se\/#website","url":"https:\/\/www.welovecycling.com\/se\/","name":"\u0160koda - We Love Cycling - Sweden","description":"\u0160koda We Love Cycling - Sweden","potentialAction":[{"@type":"SearchAction","target":{"@type":"EntryPoint","urlTemplate":"https:\/\/www.welovecycling.com\/se\/?s={search_term_string}"},"query-input":{"@type":"PropertyValueSpecification","valueRequired":true,"valueName":"search_term_string"}}],"inLanguage":"sv-SE"},{"@type":"Person","@id":"https:\/\/www.welovecycling.com\/se\/#\/schema\/person\/79becb5859fbea43defca47101daf531","name":"hannanaslund","image":{"@type":"ImageObject","inLanguage":"sv-SE","@id":"https:\/\/www.welovecycling.com\/se\/#\/schema\/person\/image\/","url":"https:\/\/secure.gravatar.com\/avatar\/70f66fbb00c5be679dc888b7c35bba74269f61228cb2072dcf46a746bd4bc774?s=96&d=mm&r=g","contentUrl":"https:\/\/secure.gravatar.com\/avatar\/70f66fbb00c5be679dc888b7c35bba74269f61228cb2072dcf46a746bd4bc774?s=96&d=mm&r=g","caption":"hannanaslund"},"url":"https:\/\/www.welovecycling.com\/se\/author\/hannanaslund\/"}]}},"_links":{"self":[{"href":"https:\/\/www.welovecycling.com\/se\/wp-json\/wp\/v2\/posts\/3983","targetHints":{"allow":["GET"]}}],"collection":[{"href":"https:\/\/www.welovecycling.com\/se\/wp-json\/wp\/v2\/posts"}],"about":[{"href":"https:\/\/www.welovecycling.com\/se\/wp-json\/wp\/v2\/types\/post"}],"author":[{"embeddable":true,"href":"https:\/\/www.welovecycling.com\/se\/wp-json\/wp\/v2\/users\/135"}],"replies":[{"embeddable":true,"href":"https:\/\/www.welovecycling.com\/se\/wp-json\/wp\/v2\/comments?post=3983"}],"version-history":[{"count":2,"href":"https:\/\/www.welovecycling.com\/se\/wp-json\/wp\/v2\/posts\/3983\/revisions"}],"predecessor-version":[{"id":4010,"href":"https:\/\/www.welovecycling.com\/se\/wp-json\/wp\/v2\/posts\/3983\/revisions\/4010"}],"wp:featuredmedia":[{"embeddable":true,"href":"https:\/\/www.welovecycling.com\/se\/wp-json\/wp\/v2\/media\/4004"}],"wp:attachment":[{"href":"https:\/\/www.welovecycling.com\/se\/wp-json\/wp\/v2\/media?parent=3983"}],"wp:term":[{"taxonomy":"category","embeddable":true,"href":"https:\/\/www.welovecycling.com\/se\/wp-json\/wp\/v2\/categories?post=3983"},{"taxonomy":"post_tag","embeddable":true,"href":"https:\/\/www.welovecycling.com\/se\/wp-json\/wp\/v2\/tags?post=3983"},{"taxonomy":"global-categories","embeddable":true,"href":"https:\/\/www.welovecycling.com\/se\/wp-json\/wp\/v2\/global-categories?post=3983"}],"curies":[{"name":"wp","href":"https:\/\/api.w.org\/{rel}","templated":true}]}}