{"id":3911,"date":"2021-05-27T18:08:58","date_gmt":"2021-05-27T17:08:58","guid":{"rendered":"https:\/\/www.welovecycling.com\/se\/?p=3911"},"modified":"2021-05-27T18:47:49","modified_gmt":"2021-05-27T17:47:49","slug":"jenny-rissveds-klar-for-os-i-tokyo","status":"publish","type":"post","link":"https:\/\/www.welovecycling.com\/se\/2021\/05\/27\/jenny-rissveds-klar-for-os-i-tokyo\/","title":{"rendered":"Jenny Rissveds klar f\u00f6r OS i Tokyo"},"content":{"rendered":"<div class=\"single-card__title\">\n<p><strong>Efter en sn\u00e5rig uttagningsprocess kvalade Jenny Rissveds tillslut till OS i Tokyo. Nu har Sveriges Olympiska Kommitt\u00e9 (SOK) ocks\u00e5 tagit det formella beslutet om ett sommar-OS f\u00f6r den regerande olympiska m\u00e4starinnan.\u00a0<\/strong><\/p>\n<p>Sveriges starkast lysande MTB-stj\u00e4rna Jenny Rissveds \u00e4r sedan en tid tillbaka kvalificerad till OS, efter en sn\u00e5rig kvalprocess.\u00a0 Endast de 21 b\u00e4sta l\u00e4nderna i nationsrankingen har kvotplatser, och d\u00e5 Rissveds hade en s\u00e4mre s\u00e4song 2020 fick Sverige ingen s\u00e5dan plats. Ist\u00e4llet tvingades hon f\u00f6rlita sig p\u00e5 en kvot som byggde p\u00e5 resultat fr\u00e5n VM 2019, d\u00e4r Rissveds tog en 16:e plats. Vid den senaste v\u00e4rldscupt\u00e4vlingen i Nove Mesto stod det klart att Rissveds f\u00e5r en av dessa ynka tv\u00e5 platser, och under onsdagen tog SOK ocks\u00e5 det formella beslutet om att ta in Jenny Rissveds i OS-truppen.<\/p>\n<\/div>\n<p><span style=\"font-size: 14pt;\"><em><b>\u2013<\/b> Det k\u00e4nns fantastiskt att det \u00e4ntligen \u00e4r klart att Jenny ska till OS. Egentligen har det k\u00e4nts s\u00e5 sj\u00e4lvklart att hon skulle f\u00e5 \u00e5ka, men inte ens som regerande OS-m\u00e4starinna \u00e4r man garanterad en plats. Nu k\u00e4nns det riktigt bra att veta att planen Jenny och hennes tr\u00e4nare Fredrik Ericsson lagt mot OS forts\u00e4tter, s\u00e4ger Fredrik Kessiakoff, Svenska Cykelf\u00f6rbundets f\u00f6rbundskapten f\u00f6r MTB.<\/em><\/span><\/p>\n<figure id=\"attachment_3924\" aria-describedby=\"caption-attachment-3924\" style=\"width: 788px\" class=\"wp-caption alignnone\"><a href=\"https:\/\/d2p6e6u75xmxt8.cloudfront.net\/9\/2021\/05\/jenny-rissveds4-788x480-1.jpeg\"><img loading=\"lazy\" decoding=\"async\" class=\"wp-image-3924 size-full\" src=\"https:\/\/d2p6e6u75xmxt8.cloudfront.net\/9\/2021\/05\/jenny-rissveds4-788x480-1.jpeg\" alt=\"\" width=\"788\" height=\"480\" srcset=\"https:\/\/d2p6e6u75xmxt8.cloudfront.net\/9\/2021\/05\/jenny-rissveds4-788x480-1.jpeg 788w, https:\/\/d2p6e6u75xmxt8.cloudfront.net\/9\/2021\/05\/jenny-rissveds4-788x480-1-300x183.jpeg 300w, https:\/\/d2p6e6u75xmxt8.cloudfront.net\/9\/2021\/05\/jenny-rissveds4-788x480-1-768x468.jpeg 768w\" sizes=\"auto, (max-width: 788px) 100vw, 788px\" \/><\/a><figcaption id=\"caption-attachment-3924\" class=\"wp-caption-text\">Jenny Rissveds vid XCO-VM i Mont Saint-Anne, Kanada, d\u00e4r hon tog den 16:e plats hon nu kvalat med till OS i Tokyo.<\/figcaption><\/figure>\n<p>26-\u00e5riga Jenny Rissveds vann OS-guld i MTB i Rio 2016. Under perioden k\u00e4mpade Jenny med psykisk oh\u00e4lsa och \u00e4tst\u00f6rningar, problem som eskalerade efter OS-guldet. <a href=\"https:\/\/www.svt.se\/sport\/mountainbike\/rissveds-4\" target=\"_blank\" rel=\"noopener\">Minnena fr\u00e5n Rio v\u00e4cker starka minnen,<\/a> men idag m\u00e5r Jenny b\u00e4ttre, och under v\u00e4rldscuppremi\u00e4ren i tjeckiska Nove Mesto 14 maj visade hon formbesked genom en tredjeplats i sprintgrenen XCC. Nu ska Rissveds t\u00e4vla i OS f\u00f6r andra g\u00e5ngen.<\/p>\n<p><span style=\"font-size: 14pt;\"><em><b>\u2013<\/b> Det \u00e4r naturligtvis mycket gl\u00e4djande att Jenny f\u00e5r m\u00f6jlighet att f\u00f6rsvara sin titel fr\u00e5n 2016, vilket ju som bekant varit os\u00e4kert in i det sista. Vi kommer att vara p\u00e5 h\u00f6g h\u00f6jd mellan v\u00e4rldscuperna i Leogang och Les Gets, vilket \u00e4r ett bepr\u00f6vat koncept f\u00f6r henne inf\u00f6r viktiga t\u00e4vlingar. Dessutom blir det extra fokus p\u00e5 f\u00f6rberedelser inf\u00f6r den h\u00f6ga v\u00e4rme som v\u00e4ntas i Tokyo, b\u00e5de anpassa sig till v\u00e4rmen och anv\u00e4nda olika typer av kylmetoder. N\u00e4r det b\u00e4r av mot Japan \u00e4r dock oklart i dagsl\u00e4get pga de restriktioner som finns d\u00e4r, men jag har goda f\u00f6rhoppningar om att kunna leverera en v\u00e4l f\u00f6rberedd cyklist till startlinjen den 26 juli, s\u00e4ger Fredrik Ericsson, head coach \u00e5t Jenny Rissveds.<\/em><\/span><\/p>\n<p>Olympiska Spelen i Tokyo, Japan, \u00e4ger rum 23 juli \u2013 8 augusti 2021.<\/p>\n<h4><a href=\"https:\/\/sok.se\/pressmeddelanden\/2021-05-26-cykel-skateboard-och-simning-forstarker-os-truppen.html\" target=\"_blank\" rel=\"noopener\">L\u00e4s mer om alla nya namn i OS-truppen<\/a><\/h4>\n<p><em>Foto: Svenska Cykelf\u00f6rbundet<\/em><\/p>\n","protected":false},"excerpt":{"rendered":"<p>Efter en sn\u00e5rig uttagningsprocess kvalade Jenny Rissveds tillslut till OS i Tokyo. Nu har Sveriges Olympiska Kommitt\u00e9 (SOK) ocks\u00e5 tagit [&hellip;]<\/p>\n","protected":false},"author":135,"featured_media":3914,"comment_status":"open","ping_status":"open","sticky":false,"template":"","format":"standard","meta":{"footnotes":""},"categories":[5],"tags":[],"global-categories":[36],"class_list":["post-3911","post","type-post","status-publish","format-standard","has-post-thumbnail","hentry","category-nyheter","global-categories-cycling"],"yoast_head":"<!-- This site is optimized with the Yoast SEO Premium plugin v25.3 (Yoast SEO v25.9) - https:\/\/yoast.com\/wordpress\/plugins\/seo\/ -->\n<title>Jenny Rissveds klar f\u00f6r OS i Tokyo - \u0160koda - We Love Cycling - Sweden<\/title>\n<meta name=\"robots\" content=\"index, follow, max-snippet:-1, max-image-preview:large, max-video-preview:-1\" \/>\n<link rel=\"canonical\" href=\"https:\/\/www.welovecycling.com\/se\/2021\/05\/27\/jenny-rissveds-klar-for-os-i-tokyo\/\" \/>\n<meta property=\"og:locale\" content=\"sv_SE\" \/>\n<meta property=\"og:type\" content=\"article\" \/>\n<meta property=\"og:title\" content=\"Jenny Rissveds klar f\u00f6r OS i Tokyo\" \/>\n<meta property=\"og:description\" content=\"Efter en sn\u00e5rig uttagningsprocess kvalade Jenny Rissveds tillslut till OS i Tokyo. Nu har Sveriges Olympiska Kommitt\u00e9 (SOK) ocks\u00e5 tagit [&hellip;]\" \/>\n<meta property=\"og:url\" content=\"https:\/\/www.welovecycling.com\/se\/2021\/05\/27\/jenny-rissveds-klar-for-os-i-tokyo\/\" \/>\n<meta property=\"og:site_name\" content=\"\u0160koda - We Love Cycling - Sweden\" \/>\n<meta property=\"article:published_time\" content=\"2021-05-27T17:08:58+00:00\" \/>\n<meta property=\"article:modified_time\" content=\"2021-05-27T17:47:49+00:00\" \/>\n<meta property=\"og:image\" content=\"https:\/\/d2p6e6u75xmxt8.cloudfront.net\/9\/2021\/05\/Jenny-Rissveds.jpeg\" \/>\n\t<meta property=\"og:image:width\" content=\"1536\" \/>\n\t<meta property=\"og:image:height\" content=\"1024\" \/>\n\t<meta property=\"og:image:type\" content=\"image\/jpeg\" \/>\n<meta name=\"author\" content=\"hannanaslund\" \/>\n<meta name=\"twitter:card\" content=\"summary_large_image\" \/>\n<meta name=\"twitter:label1\" content=\"Written by\" \/>\n\t<meta name=\"twitter:data1\" content=\"We Love Cycling\" \/>\n\t<meta name=\"twitter:label2\" content=\"Est. reading time\" \/>\n\t<meta name=\"twitter:data2\" content=\"2 minutes\" \/>\n<script type=\"application\/ld+json\" class=\"yoast-schema-graph\">{\"@context\":\"https:\/\/schema.org\",\"@graph\":[{\"@type\":\"WebPage\",\"@id\":\"https:\/\/www.welovecycling.com\/se\/2021\/05\/27\/jenny-rissveds-klar-for-os-i-tokyo\/\",\"url\":\"https:\/\/www.welovecycling.com\/se\/2021\/05\/27\/jenny-rissveds-klar-for-os-i-tokyo\/\",\"name\":\"Jenny Rissveds klar f\u00f6r OS i Tokyo - \u0160koda - We Love Cycling - Sweden\",\"isPartOf\":{\"@id\":\"https:\/\/www.welovecycling.com\/se\/#website\"},\"primaryImageOfPage\":{\"@id\":\"https:\/\/www.welovecycling.com\/se\/2021\/05\/27\/jenny-rissveds-klar-for-os-i-tokyo\/#primaryimage\"},\"image\":{\"@id\":\"https:\/\/www.welovecycling.com\/se\/2021\/05\/27\/jenny-rissveds-klar-for-os-i-tokyo\/#primaryimage\"},\"thumbnailUrl\":\"https:\/\/d2p6e6u75xmxt8.cloudfront.net\/9\/2021\/05\/Jenny-Rissveds.jpeg\",\"datePublished\":\"2021-05-27T17:08:58+00:00\",\"dateModified\":\"2021-05-27T17:47:49+00:00\",\"author\":{\"@id\":\"https:\/\/www.welovecycling.com\/se\/#\/schema\/person\/79becb5859fbea43defca47101daf531\"},\"breadcrumb\":{\"@id\":\"https:\/\/www.welovecycling.com\/se\/2021\/05\/27\/jenny-rissveds-klar-for-os-i-tokyo\/#breadcrumb\"},\"inLanguage\":\"sv-SE\",\"potentialAction\":[{\"@type\":\"ReadAction\",\"target\":[\"https:\/\/www.welovecycling.com\/se\/2021\/05\/27\/jenny-rissveds-klar-for-os-i-tokyo\/\"]}]},{\"@type\":\"ImageObject\",\"inLanguage\":\"sv-SE\",\"@id\":\"https:\/\/www.welovecycling.com\/se\/2021\/05\/27\/jenny-rissveds-klar-for-os-i-tokyo\/#primaryimage\",\"url\":\"https:\/\/d2p6e6u75xmxt8.cloudfront.net\/9\/2021\/05\/Jenny-Rissveds.jpeg\",\"contentUrl\":\"https:\/\/d2p6e6u75xmxt8.cloudfront.net\/9\/2021\/05\/Jenny-Rissveds.jpeg\",\"width\":1536,\"height\":1024},{\"@type\":\"BreadcrumbList\",\"@id\":\"https:\/\/www.welovecycling.com\/se\/2021\/05\/27\/jenny-rissveds-klar-for-os-i-tokyo\/#breadcrumb\",\"itemListElement\":[{\"@type\":\"ListItem\",\"position\":1,\"name\":\"Home\",\"item\":\"https:\/\/www.welovecycling.com\/se\/\"},{\"@type\":\"ListItem\",\"position\":2,\"name\":\"Jenny Rissveds klar f\u00f6r OS i Tokyo\"}]},{\"@type\":\"WebSite\",\"@id\":\"https:\/\/www.welovecycling.com\/se\/#website\",\"url\":\"https:\/\/www.welovecycling.com\/se\/\",\"name\":\"\u0160koda - We Love Cycling - Sweden\",\"description\":\"\u0160koda We Love Cycling - Sweden\",\"potentialAction\":[{\"@type\":\"SearchAction\",\"target\":{\"@type\":\"EntryPoint\",\"urlTemplate\":\"https:\/\/www.welovecycling.com\/se\/?s={search_term_string}\"},\"query-input\":{\"@type\":\"PropertyValueSpecification\",\"valueRequired\":true,\"valueName\":\"search_term_string\"}}],\"inLanguage\":\"sv-SE\"},{\"@type\":\"Person\",\"@id\":\"https:\/\/www.welovecycling.com\/se\/#\/schema\/person\/79becb5859fbea43defca47101daf531\",\"name\":\"hannanaslund\",\"image\":{\"@type\":\"ImageObject\",\"inLanguage\":\"sv-SE\",\"@id\":\"https:\/\/www.welovecycling.com\/se\/#\/schema\/person\/image\/\",\"url\":\"https:\/\/secure.gravatar.com\/avatar\/70f66fbb00c5be679dc888b7c35bba74269f61228cb2072dcf46a746bd4bc774?s=96&d=mm&r=g\",\"contentUrl\":\"https:\/\/secure.gravatar.com\/avatar\/70f66fbb00c5be679dc888b7c35bba74269f61228cb2072dcf46a746bd4bc774?s=96&d=mm&r=g\",\"caption\":\"hannanaslund\"},\"url\":\"https:\/\/www.welovecycling.com\/se\/author\/hannanaslund\/\"}]}<\/script>\n<!-- \/ Yoast SEO Premium plugin. -->","yoast_head_json":{"title":"Jenny Rissveds klar f\u00f6r OS i Tokyo - \u0160koda - We Love Cycling - Sweden","robots":{"index":"index","follow":"follow","max-snippet":"max-snippet:-1","max-image-preview":"max-image-preview:large","max-video-preview":"max-video-preview:-1"},"canonical":"https:\/\/www.welovecycling.com\/se\/2021\/05\/27\/jenny-rissveds-klar-for-os-i-tokyo\/","og_locale":"sv_SE","og_type":"article","og_title":"Jenny Rissveds klar f\u00f6r OS i Tokyo","og_description":"Efter en sn\u00e5rig uttagningsprocess kvalade Jenny Rissveds tillslut till OS i Tokyo. Nu har Sveriges Olympiska Kommitt\u00e9 (SOK) ocks\u00e5 tagit [&hellip;]","og_url":"https:\/\/www.welovecycling.com\/se\/2021\/05\/27\/jenny-rissveds-klar-for-os-i-tokyo\/","og_site_name":"\u0160koda - We Love Cycling - Sweden","article_published_time":"2021-05-27T17:08:58+00:00","article_modified_time":"2021-05-27T17:47:49+00:00","og_image":[{"width":1536,"height":1024,"url":"https:\/\/d2p6e6u75xmxt8.cloudfront.net\/9\/2021\/05\/Jenny-Rissveds.jpeg","type":"image\/jpeg"}],"author":"hannanaslund","twitter_card":"summary_large_image","twitter_misc":{"Written by":"We Love Cycling","Est. reading time":"2 minutes"},"schema":{"@context":"https:\/\/schema.org","@graph":[{"@type":"WebPage","@id":"https:\/\/www.welovecycling.com\/se\/2021\/05\/27\/jenny-rissveds-klar-for-os-i-tokyo\/","url":"https:\/\/www.welovecycling.com\/se\/2021\/05\/27\/jenny-rissveds-klar-for-os-i-tokyo\/","name":"Jenny Rissveds klar f\u00f6r OS i Tokyo - \u0160koda - We Love Cycling - Sweden","isPartOf":{"@id":"https:\/\/www.welovecycling.com\/se\/#website"},"primaryImageOfPage":{"@id":"https:\/\/www.welovecycling.com\/se\/2021\/05\/27\/jenny-rissveds-klar-for-os-i-tokyo\/#primaryimage"},"image":{"@id":"https:\/\/www.welovecycling.com\/se\/2021\/05\/27\/jenny-rissveds-klar-for-os-i-tokyo\/#primaryimage"},"thumbnailUrl":"https:\/\/d2p6e6u75xmxt8.cloudfront.net\/9\/2021\/05\/Jenny-Rissveds.jpeg","datePublished":"2021-05-27T17:08:58+00:00","dateModified":"2021-05-27T17:47:49+00:00","author":{"@id":"https:\/\/www.welovecycling.com\/se\/#\/schema\/person\/79becb5859fbea43defca47101daf531"},"breadcrumb":{"@id":"https:\/\/www.welovecycling.com\/se\/2021\/05\/27\/jenny-rissveds-klar-for-os-i-tokyo\/#breadcrumb"},"inLanguage":"sv-SE","potentialAction":[{"@type":"ReadAction","target":["https:\/\/www.welovecycling.com\/se\/2021\/05\/27\/jenny-rissveds-klar-for-os-i-tokyo\/"]}]},{"@type":"ImageObject","inLanguage":"sv-SE","@id":"https:\/\/www.welovecycling.com\/se\/2021\/05\/27\/jenny-rissveds-klar-for-os-i-tokyo\/#primaryimage","url":"https:\/\/d2p6e6u75xmxt8.cloudfront.net\/9\/2021\/05\/Jenny-Rissveds.jpeg","contentUrl":"https:\/\/d2p6e6u75xmxt8.cloudfront.net\/9\/2021\/05\/Jenny-Rissveds.jpeg","width":1536,"height":1024},{"@type":"BreadcrumbList","@id":"https:\/\/www.welovecycling.com\/se\/2021\/05\/27\/jenny-rissveds-klar-for-os-i-tokyo\/#breadcrumb","itemListElement":[{"@type":"ListItem","position":1,"name":"Home","item":"https:\/\/www.welovecycling.com\/se\/"},{"@type":"ListItem","position":2,"name":"Jenny Rissveds klar f\u00f6r OS i Tokyo"}]},{"@type":"WebSite","@id":"https:\/\/www.welovecycling.com\/se\/#website","url":"https:\/\/www.welovecycling.com\/se\/","name":"\u0160koda - We Love Cycling - Sweden","description":"\u0160koda We Love Cycling - Sweden","potentialAction":[{"@type":"SearchAction","target":{"@type":"EntryPoint","urlTemplate":"https:\/\/www.welovecycling.com\/se\/?s={search_term_string}"},"query-input":{"@type":"PropertyValueSpecification","valueRequired":true,"valueName":"search_term_string"}}],"inLanguage":"sv-SE"},{"@type":"Person","@id":"https:\/\/www.welovecycling.com\/se\/#\/schema\/person\/79becb5859fbea43defca47101daf531","name":"hannanaslund","image":{"@type":"ImageObject","inLanguage":"sv-SE","@id":"https:\/\/www.welovecycling.com\/se\/#\/schema\/person\/image\/","url":"https:\/\/secure.gravatar.com\/avatar\/70f66fbb00c5be679dc888b7c35bba74269f61228cb2072dcf46a746bd4bc774?s=96&d=mm&r=g","contentUrl":"https:\/\/secure.gravatar.com\/avatar\/70f66fbb00c5be679dc888b7c35bba74269f61228cb2072dcf46a746bd4bc774?s=96&d=mm&r=g","caption":"hannanaslund"},"url":"https:\/\/www.welovecycling.com\/se\/author\/hannanaslund\/"}]}},"_links":{"self":[{"href":"https:\/\/www.welovecycling.com\/se\/wp-json\/wp\/v2\/posts\/3911","targetHints":{"allow":["GET"]}}],"collection":[{"href":"https:\/\/www.welovecycling.com\/se\/wp-json\/wp\/v2\/posts"}],"about":[{"href":"https:\/\/www.welovecycling.com\/se\/wp-json\/wp\/v2\/types\/post"}],"author":[{"embeddable":true,"href":"https:\/\/www.welovecycling.com\/se\/wp-json\/wp\/v2\/users\/135"}],"replies":[{"embeddable":true,"href":"https:\/\/www.welovecycling.com\/se\/wp-json\/wp\/v2\/comments?post=3911"}],"version-history":[{"count":2,"href":"https:\/\/www.welovecycling.com\/se\/wp-json\/wp\/v2\/posts\/3911\/revisions"}],"predecessor-version":[{"id":3932,"href":"https:\/\/www.welovecycling.com\/se\/wp-json\/wp\/v2\/posts\/3911\/revisions\/3932"}],"wp:featuredmedia":[{"embeddable":true,"href":"https:\/\/www.welovecycling.com\/se\/wp-json\/wp\/v2\/media\/3914"}],"wp:attachment":[{"href":"https:\/\/www.welovecycling.com\/se\/wp-json\/wp\/v2\/media?parent=3911"}],"wp:term":[{"taxonomy":"category","embeddable":true,"href":"https:\/\/www.welovecycling.com\/se\/wp-json\/wp\/v2\/categories?post=3911"},{"taxonomy":"post_tag","embeddable":true,"href":"https:\/\/www.welovecycling.com\/se\/wp-json\/wp\/v2\/tags?post=3911"},{"taxonomy":"global-categories","embeddable":true,"href":"https:\/\/www.welovecycling.com\/se\/wp-json\/wp\/v2\/global-categories?post=3911"}],"curies":[{"name":"wp","href":"https:\/\/api.w.org\/{rel}","templated":true}]}}