{"id":3323,"date":"2021-03-18T07:54:15","date_gmt":"2021-03-18T06:54:15","guid":{"rendered":"https:\/\/www.welovecycling.com\/se\/?p=3323"},"modified":"2021-03-18T07:56:07","modified_gmt":"2021-03-18T06:56:07","slug":"skoda-cycling-team-har-en-ny-cykelpartner","status":"publish","type":"post","link":"https:\/\/www.welovecycling.com\/se\/2021\/03\/18\/skoda-cycling-team-har-en-ny-cykelpartner\/","title":{"rendered":"\u0160koda Cycling Team har en ny cykelpartner"},"content":{"rendered":"<p><b>\u0160koda:s cykelteam genomf\u00f6r ett antal f\u00f6r\u00e4ndringar under 2021. F\u00f6rst ut bland nyheterna \u00e4r en ny cykelpartner till laget, schweiziska BMC, som kommer att leverera cyklar till hela teamet under s\u00e4songen.<\/b><\/p>\n<p><span style=\"font-weight: 400;\">BMC har en l\u00e5ng och stolt historia av att designa och producera cyklar sedan 1986. De r\u00e4knas idag som ett av de mest innovativa och progressiva cykelm\u00e4rkena p\u00e5 marknaden. De schweiziska cyklarna har sk\u00f6rdat vinster p\u00e5 bland annat VM, OS, Tour de France (med Cadel Evans) och med tv\u00e5 lag p\u00e5 World Touren under 2021\u20132023 med AG2R och Team Qhubeka \u2013 Assos.<\/span><\/p>\n<p><span style=\"font-weight: 400;\">\u2013\u00a0BMC \u00e4r otroligt stolta \u00f6ver att vara partner till \u0160koda Cycling Team fram mot Sveriges st\u00f6rsta cykelfest \u2013 V\u00e4tternrundan, s\u00e4ger Glenn Thejl, ansvarig f\u00f6r BMC i Sverige.\u00a0<\/span><\/p>\n<p><span style=\"font-weight: 400;\">\u2013\u00a0Vi ser teamet som en stark partner till BMC och att de kommer bidra med r\u00e4tt kunskap till BMC:s utveckling av cyklar under de kommande \u00e5ren, forts\u00e4tter Glenn.\u00a0<\/span><\/p>\n<p><span style=\"font-weight: 400;\">BMC Roadmachine 01 heter den cykel \u0160koda Cycling Team ska k\u00f6ra V\u00e4tternrundan p\u00e5 2021. En cykel som BMC har tagit fram precis f\u00f6r en utmaning som V\u00e4ttern, med den perfekta kombinationen av styvhet, aerodynamik och komfort.\u00a0<\/span><\/p>\n<p><span style=\"font-weight: 400;\">\u2013\u00a0Vi str\u00e4var st\u00e4ndigt efter att ge v\u00e5ra cyklister de b\u00e4sta m\u00f6jliga f\u00f6ruts\u00e4ttningarna, och med BMC som cykelpartner f\u00e5r vi ett l\u00e5ngsiktigt och starkt samarbete som vi \u00e4r \u00f6vertygade kommer gynna b\u00e5de v\u00e5ra cyklister och BMC mycket, s\u00e4ger Erik Leonsson, teamansvarig f\u00f6r \u0160koda Cycling Team.<\/span><\/p>\n<figure id=\"attachment_3326\" aria-describedby=\"caption-attachment-3326\" style=\"width: 1024px\" class=\"wp-caption alignleft\"><img loading=\"lazy\" decoding=\"async\" class=\"wp-image-3326 size-large\" src=\"https:\/\/d2p6e6u75xmxt8.cloudfront.net\/9\/2021\/03\/BMC_SCT_teambike2021-1024x576.png\" alt=\"\" width=\"1024\" height=\"576\" srcset=\"https:\/\/d2p6e6u75xmxt8.cloudfront.net\/9\/2021\/03\/BMC_SCT_teambike2021-1024x576.png 1024w, https:\/\/d2p6e6u75xmxt8.cloudfront.net\/9\/2021\/03\/BMC_SCT_teambike2021-300x169.png 300w, https:\/\/d2p6e6u75xmxt8.cloudfront.net\/9\/2021\/03\/BMC_SCT_teambike2021-768x432.png 768w, https:\/\/d2p6e6u75xmxt8.cloudfront.net\/9\/2021\/03\/BMC_SCT_teambike2021-1536x864.png 1536w, https:\/\/d2p6e6u75xmxt8.cloudfront.net\/9\/2021\/03\/BMC_SCT_teambike2021.png 1920w\" sizes=\"auto, (max-width: 1024px) 100vw, 1024px\" \/><figcaption id=\"caption-attachment-3326\" class=\"wp-caption-text\">Teamcykeln 2021 \u2013\u00a0BMC Roadmachine 01<\/figcaption><\/figure>\n","protected":false},"excerpt":{"rendered":"<p>\u0160koda:s cykelteam genomf\u00f6r ett antal f\u00f6r\u00e4ndringar under 2021. F\u00f6rst ut bland nyheterna \u00e4r en ny cykelpartner till laget, schweiziska BMC, [&hellip;]<\/p>\n","protected":false},"author":52,"featured_media":3324,"comment_status":"open","ping_status":"open","sticky":false,"template":"","format":"standard","meta":{"footnotes":""},"categories":[7,65],"tags":[],"global-categories":[36],"class_list":["post-3323","post","type-post","status-publish","format-standard","has-post-thumbnail","hentry","category-cyclingteam","category-vatternrundan","global-categories-cycling"],"yoast_head":"<!-- This site is optimized with the Yoast SEO Premium plugin v25.3 (Yoast SEO v25.9) - https:\/\/yoast.com\/wordpress\/plugins\/seo\/ -->\n<title>\u0160koda Cycling Team har en ny cykelpartner - \u0160koda - We Love Cycling - Sweden<\/title>\n<meta name=\"robots\" content=\"index, follow, max-snippet:-1, max-image-preview:large, max-video-preview:-1\" \/>\n<link rel=\"canonical\" href=\"https:\/\/www.welovecycling.com\/se\/2021\/03\/18\/skoda-cycling-team-har-en-ny-cykelpartner\/\" \/>\n<meta property=\"og:locale\" content=\"sv_SE\" \/>\n<meta property=\"og:type\" content=\"article\" \/>\n<meta property=\"og:title\" content=\"\u0160koda Cycling Team har en ny cykelpartner\" \/>\n<meta property=\"og:description\" content=\"\u0160koda:s cykelteam genomf\u00f6r ett antal f\u00f6r\u00e4ndringar under 2021. F\u00f6rst ut bland nyheterna \u00e4r en ny cykelpartner till laget, schweiziska BMC, [&hellip;]\" \/>\n<meta property=\"og:url\" content=\"https:\/\/www.welovecycling.com\/se\/2021\/03\/18\/skoda-cycling-team-har-en-ny-cykelpartner\/\" \/>\n<meta property=\"og:site_name\" content=\"\u0160koda - We Love Cycling - Sweden\" \/>\n<meta property=\"article:published_time\" content=\"2021-03-18T06:54:15+00:00\" \/>\n<meta property=\"article:modified_time\" content=\"2021-03-18T06:56:07+00:00\" \/>\n<meta property=\"og:image\" content=\"https:\/\/d2p6e6u75xmxt8.cloudfront.net\/9\/2021\/03\/BMC_header.png\" \/>\n\t<meta property=\"og:image:width\" content=\"1800\" \/>\n\t<meta property=\"og:image:height\" content=\"800\" \/>\n\t<meta property=\"og:image:type\" content=\"image\/png\" \/>\n<meta name=\"author\" content=\"erikleonsson\" \/>\n<meta name=\"twitter:card\" content=\"summary_large_image\" \/>\n<meta name=\"twitter:label1\" content=\"Written by\" \/>\n\t<meta name=\"twitter:data1\" content=\"erikleonsson\" \/>\n\t<meta name=\"twitter:label2\" content=\"Est. reading time\" \/>\n\t<meta name=\"twitter:data2\" content=\"1 minute\" \/>\n<script type=\"application\/ld+json\" class=\"yoast-schema-graph\">{\"@context\":\"https:\/\/schema.org\",\"@graph\":[{\"@type\":\"WebPage\",\"@id\":\"https:\/\/www.welovecycling.com\/se\/2021\/03\/18\/skoda-cycling-team-har-en-ny-cykelpartner\/\",\"url\":\"https:\/\/www.welovecycling.com\/se\/2021\/03\/18\/skoda-cycling-team-har-en-ny-cykelpartner\/\",\"name\":\"\u0160koda Cycling Team har en ny cykelpartner - \u0160koda - We Love Cycling - Sweden\",\"isPartOf\":{\"@id\":\"https:\/\/www.welovecycling.com\/se\/#website\"},\"primaryImageOfPage\":{\"@id\":\"https:\/\/www.welovecycling.com\/se\/2021\/03\/18\/skoda-cycling-team-har-en-ny-cykelpartner\/#primaryimage\"},\"image\":{\"@id\":\"https:\/\/www.welovecycling.com\/se\/2021\/03\/18\/skoda-cycling-team-har-en-ny-cykelpartner\/#primaryimage\"},\"thumbnailUrl\":\"https:\/\/d2p6e6u75xmxt8.cloudfront.net\/9\/2021\/03\/BMC_header.png\",\"datePublished\":\"2021-03-18T06:54:15+00:00\",\"dateModified\":\"2021-03-18T06:56:07+00:00\",\"author\":{\"@id\":\"https:\/\/www.welovecycling.com\/se\/#\/schema\/person\/037f34ad5d6e77accab8a3eff6ad7a0c\"},\"breadcrumb\":{\"@id\":\"https:\/\/www.welovecycling.com\/se\/2021\/03\/18\/skoda-cycling-team-har-en-ny-cykelpartner\/#breadcrumb\"},\"inLanguage\":\"sv-SE\",\"potentialAction\":[{\"@type\":\"ReadAction\",\"target\":[\"https:\/\/www.welovecycling.com\/se\/2021\/03\/18\/skoda-cycling-team-har-en-ny-cykelpartner\/\"]}]},{\"@type\":\"ImageObject\",\"inLanguage\":\"sv-SE\",\"@id\":\"https:\/\/www.welovecycling.com\/se\/2021\/03\/18\/skoda-cycling-team-har-en-ny-cykelpartner\/#primaryimage\",\"url\":\"https:\/\/d2p6e6u75xmxt8.cloudfront.net\/9\/2021\/03\/BMC_header.png\",\"contentUrl\":\"https:\/\/d2p6e6u75xmxt8.cloudfront.net\/9\/2021\/03\/BMC_header.png\",\"width\":1800,\"height\":800,\"caption\":\"BMC ny partner till SKODA Cycling Team\"},{\"@type\":\"BreadcrumbList\",\"@id\":\"https:\/\/www.welovecycling.com\/se\/2021\/03\/18\/skoda-cycling-team-har-en-ny-cykelpartner\/#breadcrumb\",\"itemListElement\":[{\"@type\":\"ListItem\",\"position\":1,\"name\":\"Home\",\"item\":\"https:\/\/www.welovecycling.com\/se\/\"},{\"@type\":\"ListItem\",\"position\":2,\"name\":\"\u0160koda Cycling Team har en ny cykelpartner\"}]},{\"@type\":\"WebSite\",\"@id\":\"https:\/\/www.welovecycling.com\/se\/#website\",\"url\":\"https:\/\/www.welovecycling.com\/se\/\",\"name\":\"\u0160koda - We Love Cycling - Sweden\",\"description\":\"\u0160koda We Love Cycling - Sweden\",\"potentialAction\":[{\"@type\":\"SearchAction\",\"target\":{\"@type\":\"EntryPoint\",\"urlTemplate\":\"https:\/\/www.welovecycling.com\/se\/?s={search_term_string}\"},\"query-input\":{\"@type\":\"PropertyValueSpecification\",\"valueRequired\":true,\"valueName\":\"search_term_string\"}}],\"inLanguage\":\"sv-SE\"},{\"@type\":\"Person\",\"@id\":\"https:\/\/www.welovecycling.com\/se\/#\/schema\/person\/037f34ad5d6e77accab8a3eff6ad7a0c\",\"name\":\"erikleonsson\",\"image\":{\"@type\":\"ImageObject\",\"inLanguage\":\"sv-SE\",\"@id\":\"https:\/\/www.welovecycling.com\/se\/#\/schema\/person\/image\/\",\"url\":\"https:\/\/secure.gravatar.com\/avatar\/788a593b0a657d6864c271709722f9cd586caa5a645e77f71fe625396b02677c?s=96&d=mm&r=g\",\"contentUrl\":\"https:\/\/secure.gravatar.com\/avatar\/788a593b0a657d6864c271709722f9cd586caa5a645e77f71fe625396b02677c?s=96&d=mm&r=g\",\"caption\":\"erikleonsson\"},\"url\":\"https:\/\/www.welovecycling.com\/se\/author\/erikleonsson\/\"}]}<\/script>\n<!-- \/ Yoast SEO Premium plugin. -->","yoast_head_json":{"title":"\u0160koda Cycling Team har en ny cykelpartner - \u0160koda - We Love Cycling - Sweden","robots":{"index":"index","follow":"follow","max-snippet":"max-snippet:-1","max-image-preview":"max-image-preview:large","max-video-preview":"max-video-preview:-1"},"canonical":"https:\/\/www.welovecycling.com\/se\/2021\/03\/18\/skoda-cycling-team-har-en-ny-cykelpartner\/","og_locale":"sv_SE","og_type":"article","og_title":"\u0160koda Cycling Team har en ny cykelpartner","og_description":"\u0160koda:s cykelteam genomf\u00f6r ett antal f\u00f6r\u00e4ndringar under 2021. F\u00f6rst ut bland nyheterna \u00e4r en ny cykelpartner till laget, schweiziska BMC, [&hellip;]","og_url":"https:\/\/www.welovecycling.com\/se\/2021\/03\/18\/skoda-cycling-team-har-en-ny-cykelpartner\/","og_site_name":"\u0160koda - We Love Cycling - Sweden","article_published_time":"2021-03-18T06:54:15+00:00","article_modified_time":"2021-03-18T06:56:07+00:00","og_image":[{"width":1800,"height":800,"url":"https:\/\/d2p6e6u75xmxt8.cloudfront.net\/9\/2021\/03\/BMC_header.png","type":"image\/png"}],"author":"erikleonsson","twitter_card":"summary_large_image","twitter_misc":{"Written by":"erikleonsson","Est. reading time":"1 minute"},"schema":{"@context":"https:\/\/schema.org","@graph":[{"@type":"WebPage","@id":"https:\/\/www.welovecycling.com\/se\/2021\/03\/18\/skoda-cycling-team-har-en-ny-cykelpartner\/","url":"https:\/\/www.welovecycling.com\/se\/2021\/03\/18\/skoda-cycling-team-har-en-ny-cykelpartner\/","name":"\u0160koda Cycling Team har en ny cykelpartner - \u0160koda - We Love Cycling - Sweden","isPartOf":{"@id":"https:\/\/www.welovecycling.com\/se\/#website"},"primaryImageOfPage":{"@id":"https:\/\/www.welovecycling.com\/se\/2021\/03\/18\/skoda-cycling-team-har-en-ny-cykelpartner\/#primaryimage"},"image":{"@id":"https:\/\/www.welovecycling.com\/se\/2021\/03\/18\/skoda-cycling-team-har-en-ny-cykelpartner\/#primaryimage"},"thumbnailUrl":"https:\/\/d2p6e6u75xmxt8.cloudfront.net\/9\/2021\/03\/BMC_header.png","datePublished":"2021-03-18T06:54:15+00:00","dateModified":"2021-03-18T06:56:07+00:00","author":{"@id":"https:\/\/www.welovecycling.com\/se\/#\/schema\/person\/037f34ad5d6e77accab8a3eff6ad7a0c"},"breadcrumb":{"@id":"https:\/\/www.welovecycling.com\/se\/2021\/03\/18\/skoda-cycling-team-har-en-ny-cykelpartner\/#breadcrumb"},"inLanguage":"sv-SE","potentialAction":[{"@type":"ReadAction","target":["https:\/\/www.welovecycling.com\/se\/2021\/03\/18\/skoda-cycling-team-har-en-ny-cykelpartner\/"]}]},{"@type":"ImageObject","inLanguage":"sv-SE","@id":"https:\/\/www.welovecycling.com\/se\/2021\/03\/18\/skoda-cycling-team-har-en-ny-cykelpartner\/#primaryimage","url":"https:\/\/d2p6e6u75xmxt8.cloudfront.net\/9\/2021\/03\/BMC_header.png","contentUrl":"https:\/\/d2p6e6u75xmxt8.cloudfront.net\/9\/2021\/03\/BMC_header.png","width":1800,"height":800,"caption":"BMC ny partner till SKODA Cycling Team"},{"@type":"BreadcrumbList","@id":"https:\/\/www.welovecycling.com\/se\/2021\/03\/18\/skoda-cycling-team-har-en-ny-cykelpartner\/#breadcrumb","itemListElement":[{"@type":"ListItem","position":1,"name":"Home","item":"https:\/\/www.welovecycling.com\/se\/"},{"@type":"ListItem","position":2,"name":"\u0160koda Cycling Team har en ny cykelpartner"}]},{"@type":"WebSite","@id":"https:\/\/www.welovecycling.com\/se\/#website","url":"https:\/\/www.welovecycling.com\/se\/","name":"\u0160koda - We Love Cycling - Sweden","description":"\u0160koda We Love Cycling - Sweden","potentialAction":[{"@type":"SearchAction","target":{"@type":"EntryPoint","urlTemplate":"https:\/\/www.welovecycling.com\/se\/?s={search_term_string}"},"query-input":{"@type":"PropertyValueSpecification","valueRequired":true,"valueName":"search_term_string"}}],"inLanguage":"sv-SE"},{"@type":"Person","@id":"https:\/\/www.welovecycling.com\/se\/#\/schema\/person\/037f34ad5d6e77accab8a3eff6ad7a0c","name":"erikleonsson","image":{"@type":"ImageObject","inLanguage":"sv-SE","@id":"https:\/\/www.welovecycling.com\/se\/#\/schema\/person\/image\/","url":"https:\/\/secure.gravatar.com\/avatar\/788a593b0a657d6864c271709722f9cd586caa5a645e77f71fe625396b02677c?s=96&d=mm&r=g","contentUrl":"https:\/\/secure.gravatar.com\/avatar\/788a593b0a657d6864c271709722f9cd586caa5a645e77f71fe625396b02677c?s=96&d=mm&r=g","caption":"erikleonsson"},"url":"https:\/\/www.welovecycling.com\/se\/author\/erikleonsson\/"}]}},"_links":{"self":[{"href":"https:\/\/www.welovecycling.com\/se\/wp-json\/wp\/v2\/posts\/3323","targetHints":{"allow":["GET"]}}],"collection":[{"href":"https:\/\/www.welovecycling.com\/se\/wp-json\/wp\/v2\/posts"}],"about":[{"href":"https:\/\/www.welovecycling.com\/se\/wp-json\/wp\/v2\/types\/post"}],"author":[{"embeddable":true,"href":"https:\/\/www.welovecycling.com\/se\/wp-json\/wp\/v2\/users\/52"}],"replies":[{"embeddable":true,"href":"https:\/\/www.welovecycling.com\/se\/wp-json\/wp\/v2\/comments?post=3323"}],"version-history":[{"count":2,"href":"https:\/\/www.welovecycling.com\/se\/wp-json\/wp\/v2\/posts\/3323\/revisions"}],"predecessor-version":[{"id":3328,"href":"https:\/\/www.welovecycling.com\/se\/wp-json\/wp\/v2\/posts\/3323\/revisions\/3328"}],"wp:featuredmedia":[{"embeddable":true,"href":"https:\/\/www.welovecycling.com\/se\/wp-json\/wp\/v2\/media\/3324"}],"wp:attachment":[{"href":"https:\/\/www.welovecycling.com\/se\/wp-json\/wp\/v2\/media?parent=3323"}],"wp:term":[{"taxonomy":"category","embeddable":true,"href":"https:\/\/www.welovecycling.com\/se\/wp-json\/wp\/v2\/categories?post=3323"},{"taxonomy":"post_tag","embeddable":true,"href":"https:\/\/www.welovecycling.com\/se\/wp-json\/wp\/v2\/tags?post=3323"},{"taxonomy":"global-categories","embeddable":true,"href":"https:\/\/www.welovecycling.com\/se\/wp-json\/wp\/v2\/global-categories?post=3323"}],"curies":[{"name":"wp","href":"https:\/\/api.w.org\/{rel}","templated":true}]}}