{"id":3295,"date":"2021-03-15T10:50:35","date_gmt":"2021-03-15T09:50:35","guid":{"rendered":"https:\/\/www.welovecycling.com\/se\/?p=3295"},"modified":"2021-03-15T11:37:38","modified_gmt":"2021-03-15T10:37:38","slug":"sweden-3-days-tavling-pa-ikonisk-hoghjuling-i-sodra-skane","status":"publish","type":"post","link":"https:\/\/www.welovecycling.com\/se\/2021\/03\/15\/sweden-3-days-tavling-pa-ikonisk-hoghjuling-i-sodra-skane\/","title":{"rendered":"Sweden 3 days \u2013 t\u00e4vling p\u00e5 ikonisk h\u00f6ghjuling i Sk\u00e5ne"},"content":{"rendered":"<p><strong>F\u00f6r f\u00f6rsta g\u00e5ngen i modern tid arrangeras en h\u00f6ghjulingst\u00e4vling i Sverige. Den 2-4 juli bjuder \u201dSweden 3 days\u201d in till en helg med t\u00e4vlingar runt om i s\u00f6dra Sk\u00e5ne. <\/strong><strong>\u00a0<\/strong><\/p>\n<p>Den ikoniska h\u00f6ghjulingen fick se sig utkonkurrerad av den moderna cykeln i slutet av 1800-talet. Nu upplever modellen en ren\u00e4ssans n\u00e4r den \u00e5ter tillverkas \u2013 bland annat i svenska Tomelilla. I sommar arrangerar den svenska organisationen SWEDEN 3 DAYS ett flerdagarsevent i Ystad, och utlovar fartfyllda, sp\u00e4nnande, r\u00e4ttvisa och s\u00e4kra lopp. Sj\u00e4lvklart ska t\u00e4vlingarna anpassas efter r\u00e5dande pandemi, s\u00e4ger Per-Olof Kippel som \u00e4r ansvarig f\u00f6r arrangemanget.<\/p>\n<blockquote><p>H\u00f6ghjulingar ska bli sommarens snackis!<\/p><\/blockquote>\n<p>\u2013 Os\u00e4kerheten om vilka restriktioner som i sommar kommer att g\u00e4lla kring folksamlingar g\u00f6r att vi nu, i detta skede, t\u00e4nker bort publik p\u00e5 plats och fokuserar fullt ut p\u00e5 t\u00e4vlingen. Etapperna kommer att lives\u00e4ndas, och tusentals \u00e5sk\u00e5dare p\u00e5 plats kan ers\u00e4ttas av hundratusentals hemmatittare v\u00e4rlden \u00f6ver. Vi v\u00e4nder det negativa till n\u00e5got positivt. H\u00f6ghjulingar ska bli sommarens snackis!<\/p>\n<p>De cirka 30 deltagarna genomf\u00f6r fyra t\u00e4vlingar p\u00e5 tre dagar, med hotell Ystad Saltsj\u00f6bad som bas. Fredagen inleds med ett 10km l\u00e5ngt individuellt tempolopp p\u00e5 avst\u00e4ngd landsv\u00e4g, f\u00f6ljt av ett varvlopp i Lund under kv\u00e4llen. P\u00e5 l\u00f6rdagen \u00e4r det ist\u00e4llet Ystad som st\u00e5r v\u00e4rd f\u00f6r varvlopp och under s\u00f6ndagen avslutas eventet med ett tv\u00e5 timmars race p\u00e5 Bj\u00f6rkabasen.<\/p>\n<h3><strong><a href=\"https:\/\/www.sweden3days.se\/\">L\u00e4s mer om t\u00e4vlingen och hur du anm\u00e4ler dig<\/a><\/strong><\/h3>\n<p><iframe loading=\"lazy\" src=\"https:\/\/www.youtube-nocookie.com\/embed\/Z01ANKl5R-8\" width=\"728\" height=\"410\" frameborder=\"0\" allowfullscreen=\"allowfullscreen\"><\/iframe><\/p>\n<h4><strong>Vad \u00e4r en h\u00f6ghjuling? <\/strong><\/h4>\n<p>En h\u00f6ghjuling \u00e4r den typ av cykel som anv\u00e4ndes omkring \u00e5r 1880, med ett stort framhjul p\u00e5 cirka 1,5 meter i diameter, och ett betydligt mindre bakhjul som fungerar som st\u00f6dhjul. Den karakt\u00e4ristiska cykeln saknar b\u00e5de v\u00e4xlar, bromsar och luft i d\u00e4cken. Pedalerna sitter direkt p\u00e5 framhjulsaxeln utan utv\u00e4xling. Den ikoniska modellen konkurrerades snabbt ut av den moderna cykeln (den s k \u201ds\u00e4kerhetscykeln\u201d) n\u00e4r denna introducerades omkring \u00e5r 1890, men harp\u00e5 senare \u00e5r upplevt en ren\u00e4ssans n\u00e4r cykeltypen nu \u00e5ter tillverkas.<\/p>\n<figure id=\"attachment_3297\" aria-describedby=\"caption-attachment-3297\" style=\"width: 1024px\" class=\"wp-caption alignnone\"><a href=\"https:\/\/d2p6e6u75xmxt8.cloudfront.net\/9\/2021\/03\/photojensnordstr-m-1_orig.jpeg\"><img loading=\"lazy\" decoding=\"async\" class=\"wp-image-3297 size-large\" src=\"https:\/\/d2p6e6u75xmxt8.cloudfront.net\/9\/2021\/03\/photojensnordstr-m-1_orig-1024x731.jpeg\" alt=\"Sweden 3 days\" width=\"1024\" height=\"731\" srcset=\"https:\/\/d2p6e6u75xmxt8.cloudfront.net\/9\/2021\/03\/photojensnordstr-m-1_orig-1024x731.jpeg 1024w, https:\/\/d2p6e6u75xmxt8.cloudfront.net\/9\/2021\/03\/photojensnordstr-m-1_orig-300x214.jpeg 300w, https:\/\/d2p6e6u75xmxt8.cloudfront.net\/9\/2021\/03\/photojensnordstr-m-1_orig-768x548.jpeg 768w, https:\/\/d2p6e6u75xmxt8.cloudfront.net\/9\/2021\/03\/photojensnordstr-m-1_orig.jpeg 1100w\" sizes=\"auto, (max-width: 1024px) 100vw, 1024px\" \/><\/a><figcaption id=\"caption-attachment-3297\" class=\"wp-caption-text\"><br \/>Att cykla h\u00f6ghjuling \u00e4r en balansakt 1,5 meter ovan mark. En cykelupplevelse med utsikt som bonus!<\/figcaption><\/figure>\n","protected":false},"excerpt":{"rendered":"<p>F\u00f6r f\u00f6rsta g\u00e5ngen i modern tid arrangeras en h\u00f6ghjulingst\u00e4vling i Sverige. Den 2-4 juli bjuder \u201dSweden 3 days\u201d in till [&hellip;]<\/p>\n","protected":false},"author":135,"featured_media":3309,"comment_status":"open","ping_status":"open","sticky":false,"template":"","format":"standard","meta":{"footnotes":""},"categories":[5],"tags":[],"global-categories":[36],"class_list":["post-3295","post","type-post","status-publish","format-standard","has-post-thumbnail","hentry","category-nyheter","global-categories-cycling"],"yoast_head":"<!-- This site is optimized with the Yoast SEO Premium plugin v25.3 (Yoast SEO v25.9) - https:\/\/yoast.com\/wordpress\/plugins\/seo\/ -->\n<title>Sweden 3 days \u2013 t\u00e4vling p\u00e5 ikonisk h\u00f6ghjuling i Sk\u00e5ne - \u0160koda - We Love Cycling - Sweden<\/title>\n<meta name=\"robots\" content=\"index, follow, max-snippet:-1, max-image-preview:large, max-video-preview:-1\" \/>\n<link rel=\"canonical\" href=\"https:\/\/www.welovecycling.com\/se\/2021\/03\/15\/sweden-3-days-tavling-pa-ikonisk-hoghjuling-i-sodra-skane\/\" \/>\n<meta property=\"og:locale\" content=\"sv_SE\" \/>\n<meta property=\"og:type\" content=\"article\" \/>\n<meta property=\"og:title\" content=\"Sweden 3 days \u2013 t\u00e4vling p\u00e5 ikonisk h\u00f6ghjuling i Sk\u00e5ne\" \/>\n<meta property=\"og:description\" content=\"F\u00f6r f\u00f6rsta g\u00e5ngen i modern tid arrangeras en h\u00f6ghjulingst\u00e4vling i Sverige. Den 2-4 juli bjuder \u201dSweden 3 days\u201d in till [&hellip;]\" \/>\n<meta property=\"og:url\" content=\"https:\/\/www.welovecycling.com\/se\/2021\/03\/15\/sweden-3-days-tavling-pa-ikonisk-hoghjuling-i-sodra-skane\/\" \/>\n<meta property=\"og:site_name\" content=\"\u0160koda - We Love Cycling - Sweden\" \/>\n<meta property=\"article:published_time\" content=\"2021-03-15T09:50:35+00:00\" \/>\n<meta property=\"article:modified_time\" content=\"2021-03-15T10:37:38+00:00\" \/>\n<meta property=\"og:image\" content=\"https:\/\/d2p6e6u75xmxt8.cloudfront.net\/9\/2021\/03\/Sweden-3-days_bakgrund-med-logo_ny.jpeg\" \/>\n\t<meta property=\"og:image:width\" content=\"1100\" \/>\n\t<meta property=\"og:image:height\" content=\"600\" \/>\n\t<meta property=\"og:image:type\" content=\"image\/jpeg\" \/>\n<meta name=\"author\" content=\"hannanaslund\" \/>\n<meta name=\"twitter:card\" content=\"summary_large_image\" \/>\n<meta name=\"twitter:label1\" content=\"Written by\" \/>\n\t<meta name=\"twitter:data1\" content=\"hannanaslund\" \/>\n\t<meta name=\"twitter:label2\" content=\"Est. reading time\" \/>\n\t<meta name=\"twitter:data2\" content=\"2 minutes\" \/>\n<script type=\"application\/ld+json\" class=\"yoast-schema-graph\">{\"@context\":\"https:\/\/schema.org\",\"@graph\":[{\"@type\":\"WebPage\",\"@id\":\"https:\/\/www.welovecycling.com\/se\/2021\/03\/15\/sweden-3-days-tavling-pa-ikonisk-hoghjuling-i-sodra-skane\/\",\"url\":\"https:\/\/www.welovecycling.com\/se\/2021\/03\/15\/sweden-3-days-tavling-pa-ikonisk-hoghjuling-i-sodra-skane\/\",\"name\":\"Sweden 3 days \u2013 t\u00e4vling p\u00e5 ikonisk h\u00f6ghjuling i Sk\u00e5ne - \u0160koda - We Love Cycling - Sweden\",\"isPartOf\":{\"@id\":\"https:\/\/www.welovecycling.com\/se\/#website\"},\"primaryImageOfPage\":{\"@id\":\"https:\/\/www.welovecycling.com\/se\/2021\/03\/15\/sweden-3-days-tavling-pa-ikonisk-hoghjuling-i-sodra-skane\/#primaryimage\"},\"image\":{\"@id\":\"https:\/\/www.welovecycling.com\/se\/2021\/03\/15\/sweden-3-days-tavling-pa-ikonisk-hoghjuling-i-sodra-skane\/#primaryimage\"},\"thumbnailUrl\":\"https:\/\/d2p6e6u75xmxt8.cloudfront.net\/9\/2021\/03\/Sweden-3-days_bakgrund-med-logo_ny.jpeg\",\"datePublished\":\"2021-03-15T09:50:35+00:00\",\"dateModified\":\"2021-03-15T10:37:38+00:00\",\"author\":{\"@id\":\"https:\/\/www.welovecycling.com\/se\/#\/schema\/person\/79becb5859fbea43defca47101daf531\"},\"breadcrumb\":{\"@id\":\"https:\/\/www.welovecycling.com\/se\/2021\/03\/15\/sweden-3-days-tavling-pa-ikonisk-hoghjuling-i-sodra-skane\/#breadcrumb\"},\"inLanguage\":\"sv-SE\",\"potentialAction\":[{\"@type\":\"ReadAction\",\"target\":[\"https:\/\/www.welovecycling.com\/se\/2021\/03\/15\/sweden-3-days-tavling-pa-ikonisk-hoghjuling-i-sodra-skane\/\"]}]},{\"@type\":\"ImageObject\",\"inLanguage\":\"sv-SE\",\"@id\":\"https:\/\/www.welovecycling.com\/se\/2021\/03\/15\/sweden-3-days-tavling-pa-ikonisk-hoghjuling-i-sodra-skane\/#primaryimage\",\"url\":\"https:\/\/d2p6e6u75xmxt8.cloudfront.net\/9\/2021\/03\/Sweden-3-days_bakgrund-med-logo_ny.jpeg\",\"contentUrl\":\"https:\/\/d2p6e6u75xmxt8.cloudfront.net\/9\/2021\/03\/Sweden-3-days_bakgrund-med-logo_ny.jpeg\",\"width\":1100,\"height\":600},{\"@type\":\"BreadcrumbList\",\"@id\":\"https:\/\/www.welovecycling.com\/se\/2021\/03\/15\/sweden-3-days-tavling-pa-ikonisk-hoghjuling-i-sodra-skane\/#breadcrumb\",\"itemListElement\":[{\"@type\":\"ListItem\",\"position\":1,\"name\":\"Home\",\"item\":\"https:\/\/www.welovecycling.com\/se\/\"},{\"@type\":\"ListItem\",\"position\":2,\"name\":\"Sweden 3 days \u2013 t\u00e4vling p\u00e5 ikonisk h\u00f6ghjuling i Sk\u00e5ne\"}]},{\"@type\":\"WebSite\",\"@id\":\"https:\/\/www.welovecycling.com\/se\/#website\",\"url\":\"https:\/\/www.welovecycling.com\/se\/\",\"name\":\"\u0160koda - We Love Cycling - Sweden\",\"description\":\"\u0160koda We Love Cycling - Sweden\",\"potentialAction\":[{\"@type\":\"SearchAction\",\"target\":{\"@type\":\"EntryPoint\",\"urlTemplate\":\"https:\/\/www.welovecycling.com\/se\/?s={search_term_string}\"},\"query-input\":{\"@type\":\"PropertyValueSpecification\",\"valueRequired\":true,\"valueName\":\"search_term_string\"}}],\"inLanguage\":\"sv-SE\"},{\"@type\":\"Person\",\"@id\":\"https:\/\/www.welovecycling.com\/se\/#\/schema\/person\/79becb5859fbea43defca47101daf531\",\"name\":\"hannanaslund\",\"image\":{\"@type\":\"ImageObject\",\"inLanguage\":\"sv-SE\",\"@id\":\"https:\/\/www.welovecycling.com\/se\/#\/schema\/person\/image\/\",\"url\":\"https:\/\/secure.gravatar.com\/avatar\/70f66fbb00c5be679dc888b7c35bba74269f61228cb2072dcf46a746bd4bc774?s=96&d=mm&r=g\",\"contentUrl\":\"https:\/\/secure.gravatar.com\/avatar\/70f66fbb00c5be679dc888b7c35bba74269f61228cb2072dcf46a746bd4bc774?s=96&d=mm&r=g\",\"caption\":\"hannanaslund\"},\"url\":\"https:\/\/www.welovecycling.com\/se\/author\/hannanaslund\/\"}]}<\/script>\n<!-- \/ Yoast SEO Premium plugin. -->","yoast_head_json":{"title":"Sweden 3 days \u2013 t\u00e4vling p\u00e5 ikonisk h\u00f6ghjuling i Sk\u00e5ne - \u0160koda - We Love Cycling - Sweden","robots":{"index":"index","follow":"follow","max-snippet":"max-snippet:-1","max-image-preview":"max-image-preview:large","max-video-preview":"max-video-preview:-1"},"canonical":"https:\/\/www.welovecycling.com\/se\/2021\/03\/15\/sweden-3-days-tavling-pa-ikonisk-hoghjuling-i-sodra-skane\/","og_locale":"sv_SE","og_type":"article","og_title":"Sweden 3 days \u2013 t\u00e4vling p\u00e5 ikonisk h\u00f6ghjuling i Sk\u00e5ne","og_description":"F\u00f6r f\u00f6rsta g\u00e5ngen i modern tid arrangeras en h\u00f6ghjulingst\u00e4vling i Sverige. Den 2-4 juli bjuder \u201dSweden 3 days\u201d in till [&hellip;]","og_url":"https:\/\/www.welovecycling.com\/se\/2021\/03\/15\/sweden-3-days-tavling-pa-ikonisk-hoghjuling-i-sodra-skane\/","og_site_name":"\u0160koda - We Love Cycling - Sweden","article_published_time":"2021-03-15T09:50:35+00:00","article_modified_time":"2021-03-15T10:37:38+00:00","og_image":[{"width":1100,"height":600,"url":"https:\/\/d2p6e6u75xmxt8.cloudfront.net\/9\/2021\/03\/Sweden-3-days_bakgrund-med-logo_ny.jpeg","type":"image\/jpeg"}],"author":"hannanaslund","twitter_card":"summary_large_image","twitter_misc":{"Written by":"hannanaslund","Est. reading time":"2 minutes"},"schema":{"@context":"https:\/\/schema.org","@graph":[{"@type":"WebPage","@id":"https:\/\/www.welovecycling.com\/se\/2021\/03\/15\/sweden-3-days-tavling-pa-ikonisk-hoghjuling-i-sodra-skane\/","url":"https:\/\/www.welovecycling.com\/se\/2021\/03\/15\/sweden-3-days-tavling-pa-ikonisk-hoghjuling-i-sodra-skane\/","name":"Sweden 3 days \u2013 t\u00e4vling p\u00e5 ikonisk h\u00f6ghjuling i Sk\u00e5ne - \u0160koda - We Love Cycling - Sweden","isPartOf":{"@id":"https:\/\/www.welovecycling.com\/se\/#website"},"primaryImageOfPage":{"@id":"https:\/\/www.welovecycling.com\/se\/2021\/03\/15\/sweden-3-days-tavling-pa-ikonisk-hoghjuling-i-sodra-skane\/#primaryimage"},"image":{"@id":"https:\/\/www.welovecycling.com\/se\/2021\/03\/15\/sweden-3-days-tavling-pa-ikonisk-hoghjuling-i-sodra-skane\/#primaryimage"},"thumbnailUrl":"https:\/\/d2p6e6u75xmxt8.cloudfront.net\/9\/2021\/03\/Sweden-3-days_bakgrund-med-logo_ny.jpeg","datePublished":"2021-03-15T09:50:35+00:00","dateModified":"2021-03-15T10:37:38+00:00","author":{"@id":"https:\/\/www.welovecycling.com\/se\/#\/schema\/person\/79becb5859fbea43defca47101daf531"},"breadcrumb":{"@id":"https:\/\/www.welovecycling.com\/se\/2021\/03\/15\/sweden-3-days-tavling-pa-ikonisk-hoghjuling-i-sodra-skane\/#breadcrumb"},"inLanguage":"sv-SE","potentialAction":[{"@type":"ReadAction","target":["https:\/\/www.welovecycling.com\/se\/2021\/03\/15\/sweden-3-days-tavling-pa-ikonisk-hoghjuling-i-sodra-skane\/"]}]},{"@type":"ImageObject","inLanguage":"sv-SE","@id":"https:\/\/www.welovecycling.com\/se\/2021\/03\/15\/sweden-3-days-tavling-pa-ikonisk-hoghjuling-i-sodra-skane\/#primaryimage","url":"https:\/\/d2p6e6u75xmxt8.cloudfront.net\/9\/2021\/03\/Sweden-3-days_bakgrund-med-logo_ny.jpeg","contentUrl":"https:\/\/d2p6e6u75xmxt8.cloudfront.net\/9\/2021\/03\/Sweden-3-days_bakgrund-med-logo_ny.jpeg","width":1100,"height":600},{"@type":"BreadcrumbList","@id":"https:\/\/www.welovecycling.com\/se\/2021\/03\/15\/sweden-3-days-tavling-pa-ikonisk-hoghjuling-i-sodra-skane\/#breadcrumb","itemListElement":[{"@type":"ListItem","position":1,"name":"Home","item":"https:\/\/www.welovecycling.com\/se\/"},{"@type":"ListItem","position":2,"name":"Sweden 3 days \u2013 t\u00e4vling p\u00e5 ikonisk h\u00f6ghjuling i Sk\u00e5ne"}]},{"@type":"WebSite","@id":"https:\/\/www.welovecycling.com\/se\/#website","url":"https:\/\/www.welovecycling.com\/se\/","name":"\u0160koda - We Love Cycling - Sweden","description":"\u0160koda We Love Cycling - Sweden","potentialAction":[{"@type":"SearchAction","target":{"@type":"EntryPoint","urlTemplate":"https:\/\/www.welovecycling.com\/se\/?s={search_term_string}"},"query-input":{"@type":"PropertyValueSpecification","valueRequired":true,"valueName":"search_term_string"}}],"inLanguage":"sv-SE"},{"@type":"Person","@id":"https:\/\/www.welovecycling.com\/se\/#\/schema\/person\/79becb5859fbea43defca47101daf531","name":"hannanaslund","image":{"@type":"ImageObject","inLanguage":"sv-SE","@id":"https:\/\/www.welovecycling.com\/se\/#\/schema\/person\/image\/","url":"https:\/\/secure.gravatar.com\/avatar\/70f66fbb00c5be679dc888b7c35bba74269f61228cb2072dcf46a746bd4bc774?s=96&d=mm&r=g","contentUrl":"https:\/\/secure.gravatar.com\/avatar\/70f66fbb00c5be679dc888b7c35bba74269f61228cb2072dcf46a746bd4bc774?s=96&d=mm&r=g","caption":"hannanaslund"},"url":"https:\/\/www.welovecycling.com\/se\/author\/hannanaslund\/"}]}},"_links":{"self":[{"href":"https:\/\/www.welovecycling.com\/se\/wp-json\/wp\/v2\/posts\/3295","targetHints":{"allow":["GET"]}}],"collection":[{"href":"https:\/\/www.welovecycling.com\/se\/wp-json\/wp\/v2\/posts"}],"about":[{"href":"https:\/\/www.welovecycling.com\/se\/wp-json\/wp\/v2\/types\/post"}],"author":[{"embeddable":true,"href":"https:\/\/www.welovecycling.com\/se\/wp-json\/wp\/v2\/users\/135"}],"replies":[{"embeddable":true,"href":"https:\/\/www.welovecycling.com\/se\/wp-json\/wp\/v2\/comments?post=3295"}],"version-history":[{"count":2,"href":"https:\/\/www.welovecycling.com\/se\/wp-json\/wp\/v2\/posts\/3295\/revisions"}],"predecessor-version":[{"id":3318,"href":"https:\/\/www.welovecycling.com\/se\/wp-json\/wp\/v2\/posts\/3295\/revisions\/3318"}],"wp:featuredmedia":[{"embeddable":true,"href":"https:\/\/www.welovecycling.com\/se\/wp-json\/wp\/v2\/media\/3309"}],"wp:attachment":[{"href":"https:\/\/www.welovecycling.com\/se\/wp-json\/wp\/v2\/media?parent=3295"}],"wp:term":[{"taxonomy":"category","embeddable":true,"href":"https:\/\/www.welovecycling.com\/se\/wp-json\/wp\/v2\/categories?post=3295"},{"taxonomy":"post_tag","embeddable":true,"href":"https:\/\/www.welovecycling.com\/se\/wp-json\/wp\/v2\/tags?post=3295"},{"taxonomy":"global-categories","embeddable":true,"href":"https:\/\/www.welovecycling.com\/se\/wp-json\/wp\/v2\/global-categories?post=3295"}],"curies":[{"name":"wp","href":"https:\/\/api.w.org\/{rel}","templated":true}]}}