{"id":3247,"date":"2021-02-09T15:47:55","date_gmt":"2021-02-09T14:47:55","guid":{"rendered":"https:\/\/www.welovecycling.com\/se\/?p=3247"},"modified":"2021-02-18T17:10:04","modified_gmt":"2021-02-18T16:10:04","slug":"adelina-millberg-ar-arets-hjalpryttare-2021","status":"publish","type":"post","link":"https:\/\/www.welovecycling.com\/se\/2021\/02\/09\/adelina-millberg-ar-arets-hjalpryttare-2021\/","title":{"rendered":"Adelina Millberg \u00e4r \u00c5rets Hj\u00e4lpryttare"},"content":{"rendered":"<p><strong><br \/>\nUtm\u00e4rkelsen \u00c5rets hj\u00e4lpryttare ska lyfta en person som st\u00e5tt i pandemins frontlinje \u2013 en m\u00e4nniska som brinner f\u00f6r att hj\u00e4lpa andra, men ocks\u00e5 f\u00f6r cykling. V\u00e5r hj\u00e4lte tar plats i \u0160koda Cycling Team 2021, och vinnaren \u00e4r &#8211; Adelina Millberg fr\u00e5n Link\u00f6ping.<\/strong><\/p>\n<p>Pandemin \u00e4r l\u00e5ngt ifr\u00e5n \u00f6ver, men vi ville blicka fram\u00e5t och fokusera p\u00e5 n\u00e5got hoppfullt. Vi best\u00e4mde oss f\u00f6r att erbjuda en extraplats i laget till en hj\u00e4lte &#8211; en person som axlat ett extra stort ansvar n\u00e4r sv\u00e5ra tider har kr\u00e4vt det. Vi s\u00f6kte n\u00e5gon som st\u00e5tt i sjukv\u00e5rdens frontlinje, engagerat sig ideellt, riskerat sin egen h\u00e4lsa f\u00f6r andra eller str\u00e4ckt ut en hj\u00e4lpande hand till en granne. En m\u00e4nniska som brinner f\u00f6r att hj\u00e4lpa andra \u2013 men ocks\u00e5 f\u00f6r cykling.<\/p>\n<p>Nu har vi hittat v\u00e5r hj\u00e4lte och 16:e lagmedlem. V\u00e4lkommen till \u0160koda Cycling Team, Adelina!<\/p>\n<h3><strong><br \/>\n\u00c5RETS HJ\u00c4LPRYTTARE 2021: ADELINA MILLBERG, 24 \u00c5R, LINK\u00d6PING<\/strong><\/h3>\n<p>Juryns motivering:<\/p>\n<blockquote>\n<h5>Som biomedicinsk analytiker fyller hon en viktig roll f\u00f6r att l\u00e4karna ska kunna tills\u00e4tta r\u00e4tt behandling, och v\u00e5ren 2020 arbetade Adelina outtr\u00f6ttligt med sv\u00e5rt sjuka covid-patienter. \u00c5terh\u00e4mtningen fann hon i cyklingen &#8211; en sport som p\u00e5 kort tid \u00f6verg\u00e5tt till passion, och d\u00e4r hon uppvisat stor talang, fysisk potential och tr\u00e4ningsvilja. Adelina \u00e4r en lojal hj\u00e4lpryttare f\u00f6r b\u00e5de sv\u00e5rt sjuka, sina lagkompisar i CK Hymer och m\u00e4nniskor i sin n\u00e4rhet. En verklighetens hj\u00e4lte helt enkelt.!<\/h5>\n<\/blockquote>\n<h3><strong><br \/>\n\u00d6verraskning p\u00e5 Link\u00f6pings Universitetssjukhus<\/strong><\/h3>\n<p>Adelinas sambo Erik Bengtsson hade nominerat Adelina tillika hans \u201dabsolut b\u00e4sta v\u00e4n\u201d, s\u00e5 vi tog med oss Erik och Adelinas blivande fadder i laget \u2013 Johanna Palmqvist \u2013 f\u00f6r att \u00f6verraska Adelina p\u00e5 Link\u00f6pings Universitetssjukhus d\u00e4r hon jobbar.<\/p>\n<p><iframe loading=\"lazy\" title=\"&amp;Aring;rets hj\u00e4lpryttare 2021\" src=\"https:\/\/player.vimeo.com\/video\/510234624?badge=0&amp;autopause=0&amp;player_id=0&amp;app_id=58479\" width=\"640\" height=\"360\" frameborder=\"0\" allowfullscreen=\"allowfullscreen\"><\/iframe><\/p>\n<p><strong>Grattis Adelina! Vad betyder utm\u00e4rkelsen och att f\u00e5 en plats i <\/strong><strong>\u0160koda\u00a0Cycling Team<\/strong><strong>?<br \/>\n<\/strong>&#8211; Det k\u00e4nns otroligt kul, och jag k\u00e4nner mig v\u00e4ldigt hedrad att bli utsedd till \u00e5rets hj\u00e4lpryttare. Jag ser verkligen fram emot att cykla med alla grymma cyklister i laget!<\/p>\n<p><strong>Hur och varf\u00f6r fastnade du f\u00f6r cykling?<br \/>\n<\/strong>&#8211; F\u00f6r att jag \u00e4lskar k\u00e4nslan av att f\u00e5 komma ut i naturen, uppt\u00e4cka nya platser och att det \u00e4r en v\u00e4ldigt social sport. Jag b\u00f6rjade cykla sommaren 2017 under en semester i Varberg. Mamma hade k\u00f6pt en racer f\u00f6r att kunna cykla tillsammans med pappa som har cyklat i flera \u00e5r. Jag testade och tyckte det var v\u00e4ldigt kul, s\u00e5 direkt n\u00e4r vi kom hem k\u00f6pte jag min egen cykel! Sen har intresset bara v\u00e4xt f\u00f6r varje s\u00e4song.<\/p>\n<p><strong>Hur tr\u00e4nar du f\u00f6r V\u00e4tternrundan?<br \/>\n<\/strong>&#8211; Just nu tr\u00e4nar jag fem pass i veckan, mestadels p\u00e5 trainern i l\u00e4genheten men ocks\u00e5 en del l\u00e4ngdskid\u00e5kning. Jag har inget strukturerat tr\u00e4ningsschema, men f\u00f6rs\u00f6ker sj\u00e4lv ha en plan f\u00f6r tr\u00e4ningen varje vecka.<\/p>\n<p><strong>Vilka \u00e4r dina m\u00e5l f\u00f6r s\u00e4songen?<br \/>\n<\/strong>&#8211; Mina m\u00e5l \u00e4r s\u00e5klart att cykla V\u00e4tternrundan, men \u00e4ven att b\u00f6rja t\u00e4vla med CK Hymers damelitlag, som jag nu ing\u00e5r i.<\/p>\n<p>Som cyklist i \u0160koda Cycling Team f\u00e5r Adelina f\u00f6ljande:<\/p>\n<p>\u2013 Hj\u00e4lm och glas\u00f6gon fr\u00e5n POC<br \/>\n\u2013 Cykeldator fr\u00e5n Garmin<br \/>\n\u2013 Team-kit fr\u00e5n Verge<br \/>\n\u2013 Professionel tr\u00e4nare<br \/>\n\u2013 Energi fr\u00e5n Maurten<br \/>\n\u2013 Tr\u00e4ningsprogram &amp; fystest<br \/>\n\u2013 Tr\u00e4ningsl\u00e4ger<br \/>\n\u2013 V\u00e4tternrundan 2021<br \/>\n\u2013 Cykelkompisar f\u00f6r livet<\/p>\n<p><a href=\"https:\/\/www.welovecycling.com\/se\/skoda-cycling-team\/\">L\u00e4s mer om \u0160koda Cycling Team hur du ans\u00f6ker till laget inf\u00f6r 2022<\/a><\/p>\n<figure id=\"attachment_3255\" aria-describedby=\"caption-attachment-3255\" style=\"width: 600px\" class=\"wp-caption alignnone\"><img loading=\"lazy\" decoding=\"async\" class=\"wp-image-3255 size-full\" src=\"https:\/\/d2p6e6u75xmxt8.cloudfront.net\/9\/2021\/02\/Adelina-cykel.png\" alt=\"\" width=\"600\" height=\"600\" srcset=\"https:\/\/d2p6e6u75xmxt8.cloudfront.net\/9\/2021\/02\/Adelina-cykel.png 600w, https:\/\/d2p6e6u75xmxt8.cloudfront.net\/9\/2021\/02\/Adelina-cykel-300x300.png 300w, https:\/\/d2p6e6u75xmxt8.cloudfront.net\/9\/2021\/02\/Adelina-cykel-150x150.png 150w\" sizes=\"auto, (max-width: 600px) 100vw, 600px\" \/><figcaption id=\"caption-attachment-3255\" class=\"wp-caption-text\">24-\u00e5riga Adelina b\u00f6rjade cykla \u00e5r 2017 och har p\u00e5 kort tid blivit en stark cyklist. Idag tr\u00e4nar och t\u00e4vlar hon med damlaget CK Hymer i Link\u00f6ping.<\/figcaption><\/figure>\n","protected":false},"excerpt":{"rendered":"<p>Utm\u00e4rkelsen \u00c5rets hj\u00e4lpryttare ska lyfta en person som st\u00e5tt i pandemins frontlinje \u2013 en m\u00e4nniska som brinner f\u00f6r att hj\u00e4lpa [&hellip;]<\/p>\n","protected":false},"author":27,"featured_media":3254,"comment_status":"open","ping_status":"open","sticky":false,"template":"","format":"standard","meta":{"footnotes":""},"categories":[5,7],"tags":[],"global-categories":[36],"class_list":["post-3247","post","type-post","status-publish","format-standard","has-post-thumbnail","hentry","category-nyheter","category-cyclingteam","global-categories-cycling"],"yoast_head":"<!-- This site is optimized with the Yoast SEO Premium plugin v25.3 (Yoast SEO v25.9) - https:\/\/yoast.com\/wordpress\/plugins\/seo\/ -->\n<title>Adelina Millberg \u00e4r \u00c5rets Hj\u00e4lpryttare - \u0160koda - We Love Cycling - Sweden<\/title>\n<meta name=\"robots\" content=\"index, follow, max-snippet:-1, max-image-preview:large, max-video-preview:-1\" \/>\n<link rel=\"canonical\" href=\"https:\/\/www.welovecycling.com\/se\/2021\/02\/09\/adelina-millberg-ar-arets-hjalpryttare-2021\/\" \/>\n<meta property=\"og:locale\" content=\"sv_SE\" \/>\n<meta property=\"og:type\" content=\"article\" \/>\n<meta property=\"og:title\" content=\"Adelina Millberg \u00e4r \u00c5rets Hj\u00e4lpryttare\" \/>\n<meta property=\"og:description\" content=\"Utm\u00e4rkelsen \u00c5rets hj\u00e4lpryttare ska lyfta en person som st\u00e5tt i pandemins frontlinje \u2013 en m\u00e4nniska som brinner f\u00f6r att hj\u00e4lpa [&hellip;]\" \/>\n<meta property=\"og:url\" content=\"https:\/\/www.welovecycling.com\/se\/2021\/02\/09\/adelina-millberg-ar-arets-hjalpryttare-2021\/\" \/>\n<meta property=\"og:site_name\" content=\"\u0160koda - We Love Cycling - Sweden\" \/>\n<meta property=\"article:published_time\" content=\"2021-02-09T14:47:55+00:00\" \/>\n<meta property=\"article:modified_time\" content=\"2021-02-18T16:10:04+00:00\" \/>\n<meta property=\"og:image\" content=\"https:\/\/d2p6e6u75xmxt8.cloudfront.net\/9\/2021\/02\/Adelina_1280px-1.jpg\" \/>\n\t<meta property=\"og:image:width\" content=\"1280\" \/>\n\t<meta property=\"og:image:height\" content=\"720\" \/>\n\t<meta property=\"og:image:type\" content=\"image\/jpeg\" \/>\n<meta name=\"author\" content=\"jakubstepanek\" \/>\n<meta name=\"twitter:card\" content=\"summary_large_image\" \/>\n<meta name=\"twitter:label1\" content=\"Written by\" \/>\n\t<meta name=\"twitter:data1\" content=\"jakubstepanek\" \/>\n\t<meta name=\"twitter:label2\" content=\"Est. reading time\" \/>\n\t<meta name=\"twitter:data2\" content=\"3 minutes\" \/>\n<script type=\"application\/ld+json\" class=\"yoast-schema-graph\">{\"@context\":\"https:\/\/schema.org\",\"@graph\":[{\"@type\":\"WebPage\",\"@id\":\"https:\/\/www.welovecycling.com\/se\/2021\/02\/09\/adelina-millberg-ar-arets-hjalpryttare-2021\/\",\"url\":\"https:\/\/www.welovecycling.com\/se\/2021\/02\/09\/adelina-millberg-ar-arets-hjalpryttare-2021\/\",\"name\":\"Adelina Millberg \u00e4r \u00c5rets Hj\u00e4lpryttare - \u0160koda - We Love Cycling - Sweden\",\"isPartOf\":{\"@id\":\"https:\/\/www.welovecycling.com\/se\/#website\"},\"primaryImageOfPage\":{\"@id\":\"https:\/\/www.welovecycling.com\/se\/2021\/02\/09\/adelina-millberg-ar-arets-hjalpryttare-2021\/#primaryimage\"},\"image\":{\"@id\":\"https:\/\/www.welovecycling.com\/se\/2021\/02\/09\/adelina-millberg-ar-arets-hjalpryttare-2021\/#primaryimage\"},\"thumbnailUrl\":\"https:\/\/d2p6e6u75xmxt8.cloudfront.net\/9\/2021\/02\/Adelina_1280px-1.jpg\",\"datePublished\":\"2021-02-09T14:47:55+00:00\",\"dateModified\":\"2021-02-18T16:10:04+00:00\",\"author\":{\"@id\":\"https:\/\/www.welovecycling.com\/se\/#\/schema\/person\/d42ede5c64c67b5db7ea181a1a82b2d5\"},\"breadcrumb\":{\"@id\":\"https:\/\/www.welovecycling.com\/se\/2021\/02\/09\/adelina-millberg-ar-arets-hjalpryttare-2021\/#breadcrumb\"},\"inLanguage\":\"sv-SE\",\"potentialAction\":[{\"@type\":\"ReadAction\",\"target\":[\"https:\/\/www.welovecycling.com\/se\/2021\/02\/09\/adelina-millberg-ar-arets-hjalpryttare-2021\/\"]}]},{\"@type\":\"ImageObject\",\"inLanguage\":\"sv-SE\",\"@id\":\"https:\/\/www.welovecycling.com\/se\/2021\/02\/09\/adelina-millberg-ar-arets-hjalpryttare-2021\/#primaryimage\",\"url\":\"https:\/\/d2p6e6u75xmxt8.cloudfront.net\/9\/2021\/02\/Adelina_1280px-1.jpg\",\"contentUrl\":\"https:\/\/d2p6e6u75xmxt8.cloudfront.net\/9\/2021\/02\/Adelina_1280px-1.jpg\",\"width\":1280,\"height\":720,\"caption\":\"Adelina Millberg - \u00c5rets hj\u00e4lpryttare\"},{\"@type\":\"BreadcrumbList\",\"@id\":\"https:\/\/www.welovecycling.com\/se\/2021\/02\/09\/adelina-millberg-ar-arets-hjalpryttare-2021\/#breadcrumb\",\"itemListElement\":[{\"@type\":\"ListItem\",\"position\":1,\"name\":\"Home\",\"item\":\"https:\/\/www.welovecycling.com\/se\/\"},{\"@type\":\"ListItem\",\"position\":2,\"name\":\"Adelina Millberg \u00e4r \u00c5rets Hj\u00e4lpryttare\"}]},{\"@type\":\"WebSite\",\"@id\":\"https:\/\/www.welovecycling.com\/se\/#website\",\"url\":\"https:\/\/www.welovecycling.com\/se\/\",\"name\":\"\u0160koda - We Love Cycling - Sweden\",\"description\":\"\u0160koda We Love Cycling - Sweden\",\"potentialAction\":[{\"@type\":\"SearchAction\",\"target\":{\"@type\":\"EntryPoint\",\"urlTemplate\":\"https:\/\/www.welovecycling.com\/se\/?s={search_term_string}\"},\"query-input\":{\"@type\":\"PropertyValueSpecification\",\"valueRequired\":true,\"valueName\":\"search_term_string\"}}],\"inLanguage\":\"sv-SE\"},{\"@type\":\"Person\",\"@id\":\"https:\/\/www.welovecycling.com\/se\/#\/schema\/person\/d42ede5c64c67b5db7ea181a1a82b2d5\",\"name\":\"jakubstepanek\",\"image\":{\"@type\":\"ImageObject\",\"inLanguage\":\"sv-SE\",\"@id\":\"https:\/\/www.welovecycling.com\/se\/#\/schema\/person\/image\/\",\"url\":\"https:\/\/secure.gravatar.com\/avatar\/6088ff8a87539139d91121309dad6f7aee973467a9fee79888aeb2a7f7dc88a2?s=96&d=mm&r=g\",\"contentUrl\":\"https:\/\/secure.gravatar.com\/avatar\/6088ff8a87539139d91121309dad6f7aee973467a9fee79888aeb2a7f7dc88a2?s=96&d=mm&r=g\",\"caption\":\"jakubstepanek\"},\"url\":\"https:\/\/www.welovecycling.com\/se\/author\/jakubstepanek\/\"}]}<\/script>\n<!-- \/ Yoast SEO Premium plugin. -->","yoast_head_json":{"title":"Adelina Millberg \u00e4r \u00c5rets Hj\u00e4lpryttare - \u0160koda - We Love Cycling - Sweden","robots":{"index":"index","follow":"follow","max-snippet":"max-snippet:-1","max-image-preview":"max-image-preview:large","max-video-preview":"max-video-preview:-1"},"canonical":"https:\/\/www.welovecycling.com\/se\/2021\/02\/09\/adelina-millberg-ar-arets-hjalpryttare-2021\/","og_locale":"sv_SE","og_type":"article","og_title":"Adelina Millberg \u00e4r \u00c5rets Hj\u00e4lpryttare","og_description":"Utm\u00e4rkelsen \u00c5rets hj\u00e4lpryttare ska lyfta en person som st\u00e5tt i pandemins frontlinje \u2013 en m\u00e4nniska som brinner f\u00f6r att hj\u00e4lpa [&hellip;]","og_url":"https:\/\/www.welovecycling.com\/se\/2021\/02\/09\/adelina-millberg-ar-arets-hjalpryttare-2021\/","og_site_name":"\u0160koda - We Love Cycling - Sweden","article_published_time":"2021-02-09T14:47:55+00:00","article_modified_time":"2021-02-18T16:10:04+00:00","og_image":[{"width":1280,"height":720,"url":"https:\/\/d2p6e6u75xmxt8.cloudfront.net\/9\/2021\/02\/Adelina_1280px-1.jpg","type":"image\/jpeg"}],"author":"jakubstepanek","twitter_card":"summary_large_image","twitter_misc":{"Written by":"jakubstepanek","Est. reading time":"3 minutes"},"schema":{"@context":"https:\/\/schema.org","@graph":[{"@type":"WebPage","@id":"https:\/\/www.welovecycling.com\/se\/2021\/02\/09\/adelina-millberg-ar-arets-hjalpryttare-2021\/","url":"https:\/\/www.welovecycling.com\/se\/2021\/02\/09\/adelina-millberg-ar-arets-hjalpryttare-2021\/","name":"Adelina Millberg \u00e4r \u00c5rets Hj\u00e4lpryttare - \u0160koda - We Love Cycling - Sweden","isPartOf":{"@id":"https:\/\/www.welovecycling.com\/se\/#website"},"primaryImageOfPage":{"@id":"https:\/\/www.welovecycling.com\/se\/2021\/02\/09\/adelina-millberg-ar-arets-hjalpryttare-2021\/#primaryimage"},"image":{"@id":"https:\/\/www.welovecycling.com\/se\/2021\/02\/09\/adelina-millberg-ar-arets-hjalpryttare-2021\/#primaryimage"},"thumbnailUrl":"https:\/\/d2p6e6u75xmxt8.cloudfront.net\/9\/2021\/02\/Adelina_1280px-1.jpg","datePublished":"2021-02-09T14:47:55+00:00","dateModified":"2021-02-18T16:10:04+00:00","author":{"@id":"https:\/\/www.welovecycling.com\/se\/#\/schema\/person\/d42ede5c64c67b5db7ea181a1a82b2d5"},"breadcrumb":{"@id":"https:\/\/www.welovecycling.com\/se\/2021\/02\/09\/adelina-millberg-ar-arets-hjalpryttare-2021\/#breadcrumb"},"inLanguage":"sv-SE","potentialAction":[{"@type":"ReadAction","target":["https:\/\/www.welovecycling.com\/se\/2021\/02\/09\/adelina-millberg-ar-arets-hjalpryttare-2021\/"]}]},{"@type":"ImageObject","inLanguage":"sv-SE","@id":"https:\/\/www.welovecycling.com\/se\/2021\/02\/09\/adelina-millberg-ar-arets-hjalpryttare-2021\/#primaryimage","url":"https:\/\/d2p6e6u75xmxt8.cloudfront.net\/9\/2021\/02\/Adelina_1280px-1.jpg","contentUrl":"https:\/\/d2p6e6u75xmxt8.cloudfront.net\/9\/2021\/02\/Adelina_1280px-1.jpg","width":1280,"height":720,"caption":"Adelina Millberg - \u00c5rets hj\u00e4lpryttare"},{"@type":"BreadcrumbList","@id":"https:\/\/www.welovecycling.com\/se\/2021\/02\/09\/adelina-millberg-ar-arets-hjalpryttare-2021\/#breadcrumb","itemListElement":[{"@type":"ListItem","position":1,"name":"Home","item":"https:\/\/www.welovecycling.com\/se\/"},{"@type":"ListItem","position":2,"name":"Adelina Millberg \u00e4r \u00c5rets Hj\u00e4lpryttare"}]},{"@type":"WebSite","@id":"https:\/\/www.welovecycling.com\/se\/#website","url":"https:\/\/www.welovecycling.com\/se\/","name":"\u0160koda - We Love Cycling - Sweden","description":"\u0160koda We Love Cycling - Sweden","potentialAction":[{"@type":"SearchAction","target":{"@type":"EntryPoint","urlTemplate":"https:\/\/www.welovecycling.com\/se\/?s={search_term_string}"},"query-input":{"@type":"PropertyValueSpecification","valueRequired":true,"valueName":"search_term_string"}}],"inLanguage":"sv-SE"},{"@type":"Person","@id":"https:\/\/www.welovecycling.com\/se\/#\/schema\/person\/d42ede5c64c67b5db7ea181a1a82b2d5","name":"jakubstepanek","image":{"@type":"ImageObject","inLanguage":"sv-SE","@id":"https:\/\/www.welovecycling.com\/se\/#\/schema\/person\/image\/","url":"https:\/\/secure.gravatar.com\/avatar\/6088ff8a87539139d91121309dad6f7aee973467a9fee79888aeb2a7f7dc88a2?s=96&d=mm&r=g","contentUrl":"https:\/\/secure.gravatar.com\/avatar\/6088ff8a87539139d91121309dad6f7aee973467a9fee79888aeb2a7f7dc88a2?s=96&d=mm&r=g","caption":"jakubstepanek"},"url":"https:\/\/www.welovecycling.com\/se\/author\/jakubstepanek\/"}]}},"_links":{"self":[{"href":"https:\/\/www.welovecycling.com\/se\/wp-json\/wp\/v2\/posts\/3247","targetHints":{"allow":["GET"]}}],"collection":[{"href":"https:\/\/www.welovecycling.com\/se\/wp-json\/wp\/v2\/posts"}],"about":[{"href":"https:\/\/www.welovecycling.com\/se\/wp-json\/wp\/v2\/types\/post"}],"author":[{"embeddable":true,"href":"https:\/\/www.welovecycling.com\/se\/wp-json\/wp\/v2\/users\/27"}],"replies":[{"embeddable":true,"href":"https:\/\/www.welovecycling.com\/se\/wp-json\/wp\/v2\/comments?post=3247"}],"version-history":[{"count":2,"href":"https:\/\/www.welovecycling.com\/se\/wp-json\/wp\/v2\/posts\/3247\/revisions"}],"predecessor-version":[{"id":3276,"href":"https:\/\/www.welovecycling.com\/se\/wp-json\/wp\/v2\/posts\/3247\/revisions\/3276"}],"wp:featuredmedia":[{"embeddable":true,"href":"https:\/\/www.welovecycling.com\/se\/wp-json\/wp\/v2\/media\/3254"}],"wp:attachment":[{"href":"https:\/\/www.welovecycling.com\/se\/wp-json\/wp\/v2\/media?parent=3247"}],"wp:term":[{"taxonomy":"category","embeddable":true,"href":"https:\/\/www.welovecycling.com\/se\/wp-json\/wp\/v2\/categories?post=3247"},{"taxonomy":"post_tag","embeddable":true,"href":"https:\/\/www.welovecycling.com\/se\/wp-json\/wp\/v2\/tags?post=3247"},{"taxonomy":"global-categories","embeddable":true,"href":"https:\/\/www.welovecycling.com\/se\/wp-json\/wp\/v2\/global-categories?post=3247"}],"curies":[{"name":"wp","href":"https:\/\/api.w.org\/{rel}","templated":true}]}}