{"id":3136,"date":"2021-01-25T16:15:35","date_gmt":"2021-01-25T15:15:35","guid":{"rendered":"https:\/\/www.welovecycling.com\/se\/?p=3136"},"modified":"2021-01-25T16:16:20","modified_gmt":"2021-01-25T15:16:20","slug":"sundsvall-investerar-20-miljoner-i-mtb-leder-pa-sodra-berget","status":"publish","type":"post","link":"https:\/\/www.welovecycling.com\/se\/2021\/01\/25\/sundsvall-investerar-20-miljoner-i-mtb-leder-pa-sodra-berget\/","title":{"rendered":"Sundsvall satsar 20 miljoner i MTB-leder p\u00e5 S\u00f6dra Berget"},"content":{"rendered":"<p><strong>Det r\u00e5der kappl\u00f6pning inom svensk upplevelseturism, och cykel \u00e4r ett av de omr\u00e5den d\u00e4r kommunerna satsar stort. Nu investerar Sundsvall 20 miljoner i mountainbike-leder p\u00e5 S\u00f6dra Berget, och Sverige f\u00e5r en ny cykeldestination p\u00e5 kartan. \u00a0<\/strong><\/p>\n<p>Projektet Dynamo Sundsvall ska utveckla S\u00f6dra Berget Friluftsomr\u00e5de till en attraktiv cykeldestination, med mountainbikeleder f\u00f6r alla smaker. En cykelarena till en prislapp av 20 miljoner planeras st\u00e5 f\u00e4rdig 2023, och finansieras av Region V\u00e4sternorrland, Sundsvalls kommun och ett 20-tal f\u00f6reningar och f\u00f6retag. En av de st\u00f6rsta satsningarna i svensk cykelhistoria.<\/p>\n<p>Den nya arenan ska erbjuda b\u00e5de en utsiktsled, motionssp\u00e5r, flow-leder, enduroleder och en XCO-bana \u2013 den typ av t\u00e4vlingsbana som anv\u00e4nds i olympiska sammanhang. Dessutom planeras en dedikerad yta f\u00f6r tekniktr\u00e4ning, med byggda hinder och asfalterade\u00a0\u201dPumptracks\u201d.<\/p>\n<figure id=\"attachment_3138\" aria-describedby=\"caption-attachment-3138\" style=\"width: 749px\" class=\"wp-caption alignnone\"><a href=\"https:\/\/d2p6e6u75xmxt8.cloudfront.net\/9\/2021\/01\/masterplan-for-dynamo-sundsvall-word_compressed.jpg\"><img loading=\"lazy\" decoding=\"async\" class=\"size-full wp-image-3138\" src=\"https:\/\/d2p6e6u75xmxt8.cloudfront.net\/9\/2021\/01\/masterplan-for-dynamo-sundsvall-word_compressed.jpg\" alt=\"\" width=\"749\" height=\"523\" srcset=\"https:\/\/d2p6e6u75xmxt8.cloudfront.net\/9\/2021\/01\/masterplan-for-dynamo-sundsvall-word_compressed.jpg 749w, https:\/\/d2p6e6u75xmxt8.cloudfront.net\/9\/2021\/01\/masterplan-for-dynamo-sundsvall-word_compressed-300x209.jpg 300w\" sizes=\"auto, (max-width: 749px) 100vw, 749px\" \/><\/a><figcaption id=\"caption-attachment-3138\" class=\"wp-caption-text\">Skissen \u00f6ver ledn\u00e4tet i projektet &#8221;Dynamo Sundsvall&#8221;, som dock \u00e4r ett arbetsnamn. Vad arenan ska heta \u00e4r \u00e4nnu oklart.<\/figcaption><\/figure>\n<p>Hela konceptet kommer att knytas ihop med S:t Olavsleden, och den nyligen \u00f6ppnade Downhillbanan i Sundsvalls slalombacke. N\u00e4rheten till cykeldestinationerna\u00a0J\u00e4rvs\u00f6 och \u00c5re bed\u00f6ms vara till f\u00f6rdel f\u00f6r Dynamoprojektet, och erfarenheterna fr\u00e5n norska Trysil d\u00e4r antalet cykeldagar \u00f6kade fr\u00e5n 25\u00a0000 till 53\u00a0000 mellan \u00e5r 2016 och 2018, visar att konceptet har stor potential.<\/p>\n<p>Bandesigner och ansvarig f\u00f6r projektering av cykelarenan \u00e4r <a href=\"https:\/\/swedenmountainbike.se\/\" target=\"_blank\" rel=\"noopener noreferrer\">Sweden Mountainbike<\/a>, som bland annat ritat och byggt MTB-arenor i Torsby, Falun och Sigtuna. Sweden Mountainbike leder ocks\u00e5 arbetet n\u00e4r projektet g\u00e5r in i byggfas under 2021.<\/p>\n<p><u><a href=\"https:\/\/www.facebook.com\/DynamoSundsvall-100234061654459\/\" target=\"_blank\" rel=\"noopener noreferrer\">F\u00f6lj projektets utveckling p\u00e5 Dynamo Sundsvalls Facebook-sida<\/a><br \/>\n<\/u><\/p>\n<p><u><a href=\"https:\/\/naringslivsbolaget.se\/dynamo-sundsvall\/\" target=\"_blank\" rel=\"noopener noreferrer\">L\u00e4s mer om Dynamo Sundsvall<\/a><br \/>\n<\/u><u><\/u><\/p>\n","protected":false},"excerpt":{"rendered":"<p>Det r\u00e5der kappl\u00f6pning inom svensk upplevelseturism, och cykel \u00e4r ett av de omr\u00e5den d\u00e4r kommunerna satsar stort. Nu investerar Sundsvall [&hellip;]<\/p>\n","protected":false},"author":135,"featured_media":3137,"comment_status":"open","ping_status":"open","sticky":false,"template":"","format":"standard","meta":{"footnotes":""},"categories":[5],"tags":[],"global-categories":[36],"class_list":["post-3136","post","type-post","status-publish","format-standard","has-post-thumbnail","hentry","category-nyheter","global-categories-cycling"],"yoast_head":"<!-- This site is optimized with the Yoast SEO Premium plugin v25.3 (Yoast SEO v25.9) - https:\/\/yoast.com\/wordpress\/plugins\/seo\/ -->\n<title>Sundsvall satsar 20 miljoner i MTB-leder p\u00e5 S\u00f6dra Berget - \u0160koda - We Love Cycling - Sweden<\/title>\n<meta name=\"robots\" content=\"index, follow, max-snippet:-1, max-image-preview:large, max-video-preview:-1\" \/>\n<link rel=\"canonical\" href=\"https:\/\/www.welovecycling.com\/se\/2021\/01\/25\/sundsvall-investerar-20-miljoner-i-mtb-leder-pa-sodra-berget\/\" \/>\n<meta property=\"og:locale\" content=\"sv_SE\" \/>\n<meta property=\"og:type\" content=\"article\" \/>\n<meta property=\"og:title\" content=\"Sundsvall satsar 20 miljoner i MTB-leder p\u00e5 S\u00f6dra Berget\" \/>\n<meta property=\"og:description\" content=\"Det r\u00e5der kappl\u00f6pning inom svensk upplevelseturism, och cykel \u00e4r ett av de omr\u00e5den d\u00e4r kommunerna satsar stort. Nu investerar Sundsvall [&hellip;]\" \/>\n<meta property=\"og:url\" content=\"https:\/\/www.welovecycling.com\/se\/2021\/01\/25\/sundsvall-investerar-20-miljoner-i-mtb-leder-pa-sodra-berget\/\" \/>\n<meta property=\"og:site_name\" content=\"\u0160koda - We Love Cycling - Sweden\" \/>\n<meta property=\"article:published_time\" content=\"2021-01-25T15:15:35+00:00\" \/>\n<meta property=\"article:modified_time\" content=\"2021-01-25T15:16:20+00:00\" \/>\n<meta property=\"og:image\" content=\"https:\/\/d2p6e6u75xmxt8.cloudfront.net\/9\/2021\/01\/Dynamo-Sundsvall_.jpg\" \/>\n\t<meta property=\"og:image:width\" content=\"1310\" \/>\n\t<meta property=\"og:image:height\" content=\"888\" \/>\n\t<meta property=\"og:image:type\" content=\"image\/jpeg\" \/>\n<meta name=\"author\" content=\"hannanaslund\" \/>\n<meta name=\"twitter:card\" content=\"summary_large_image\" \/>\n<meta name=\"twitter:label1\" content=\"Written by\" \/>\n\t<meta name=\"twitter:data1\" content=\"hannanaslund\" \/>\n\t<meta name=\"twitter:label2\" content=\"Est. reading time\" \/>\n\t<meta name=\"twitter:data2\" content=\"1 minute\" \/>\n<script type=\"application\/ld+json\" class=\"yoast-schema-graph\">{\"@context\":\"https:\/\/schema.org\",\"@graph\":[{\"@type\":\"WebPage\",\"@id\":\"https:\/\/www.welovecycling.com\/se\/2021\/01\/25\/sundsvall-investerar-20-miljoner-i-mtb-leder-pa-sodra-berget\/\",\"url\":\"https:\/\/www.welovecycling.com\/se\/2021\/01\/25\/sundsvall-investerar-20-miljoner-i-mtb-leder-pa-sodra-berget\/\",\"name\":\"Sundsvall satsar 20 miljoner i MTB-leder p\u00e5 S\u00f6dra Berget - \u0160koda - We Love Cycling - Sweden\",\"isPartOf\":{\"@id\":\"https:\/\/www.welovecycling.com\/se\/#website\"},\"primaryImageOfPage\":{\"@id\":\"https:\/\/www.welovecycling.com\/se\/2021\/01\/25\/sundsvall-investerar-20-miljoner-i-mtb-leder-pa-sodra-berget\/#primaryimage\"},\"image\":{\"@id\":\"https:\/\/www.welovecycling.com\/se\/2021\/01\/25\/sundsvall-investerar-20-miljoner-i-mtb-leder-pa-sodra-berget\/#primaryimage\"},\"thumbnailUrl\":\"https:\/\/d2p6e6u75xmxt8.cloudfront.net\/9\/2021\/01\/Dynamo-Sundsvall_.jpg\",\"datePublished\":\"2021-01-25T15:15:35+00:00\",\"dateModified\":\"2021-01-25T15:16:20+00:00\",\"author\":{\"@id\":\"https:\/\/www.welovecycling.com\/se\/#\/schema\/person\/79becb5859fbea43defca47101daf531\"},\"breadcrumb\":{\"@id\":\"https:\/\/www.welovecycling.com\/se\/2021\/01\/25\/sundsvall-investerar-20-miljoner-i-mtb-leder-pa-sodra-berget\/#breadcrumb\"},\"inLanguage\":\"sv-SE\",\"potentialAction\":[{\"@type\":\"ReadAction\",\"target\":[\"https:\/\/www.welovecycling.com\/se\/2021\/01\/25\/sundsvall-investerar-20-miljoner-i-mtb-leder-pa-sodra-berget\/\"]}]},{\"@type\":\"ImageObject\",\"inLanguage\":\"sv-SE\",\"@id\":\"https:\/\/www.welovecycling.com\/se\/2021\/01\/25\/sundsvall-investerar-20-miljoner-i-mtb-leder-pa-sodra-berget\/#primaryimage\",\"url\":\"https:\/\/d2p6e6u75xmxt8.cloudfront.net\/9\/2021\/01\/Dynamo-Sundsvall_.jpg\",\"contentUrl\":\"https:\/\/d2p6e6u75xmxt8.cloudfront.net\/9\/2021\/01\/Dynamo-Sundsvall_.jpg\",\"width\":1310,\"height\":888},{\"@type\":\"BreadcrumbList\",\"@id\":\"https:\/\/www.welovecycling.com\/se\/2021\/01\/25\/sundsvall-investerar-20-miljoner-i-mtb-leder-pa-sodra-berget\/#breadcrumb\",\"itemListElement\":[{\"@type\":\"ListItem\",\"position\":1,\"name\":\"Home\",\"item\":\"https:\/\/www.welovecycling.com\/se\/\"},{\"@type\":\"ListItem\",\"position\":2,\"name\":\"Sundsvall satsar 20 miljoner i MTB-leder p\u00e5 S\u00f6dra Berget\"}]},{\"@type\":\"WebSite\",\"@id\":\"https:\/\/www.welovecycling.com\/se\/#website\",\"url\":\"https:\/\/www.welovecycling.com\/se\/\",\"name\":\"\u0160koda - We Love Cycling - Sweden\",\"description\":\"\u0160koda We Love Cycling - Sweden\",\"potentialAction\":[{\"@type\":\"SearchAction\",\"target\":{\"@type\":\"EntryPoint\",\"urlTemplate\":\"https:\/\/www.welovecycling.com\/se\/?s={search_term_string}\"},\"query-input\":{\"@type\":\"PropertyValueSpecification\",\"valueRequired\":true,\"valueName\":\"search_term_string\"}}],\"inLanguage\":\"sv-SE\"},{\"@type\":\"Person\",\"@id\":\"https:\/\/www.welovecycling.com\/se\/#\/schema\/person\/79becb5859fbea43defca47101daf531\",\"name\":\"hannanaslund\",\"image\":{\"@type\":\"ImageObject\",\"inLanguage\":\"sv-SE\",\"@id\":\"https:\/\/www.welovecycling.com\/se\/#\/schema\/person\/image\/\",\"url\":\"https:\/\/secure.gravatar.com\/avatar\/70f66fbb00c5be679dc888b7c35bba74269f61228cb2072dcf46a746bd4bc774?s=96&d=mm&r=g\",\"contentUrl\":\"https:\/\/secure.gravatar.com\/avatar\/70f66fbb00c5be679dc888b7c35bba74269f61228cb2072dcf46a746bd4bc774?s=96&d=mm&r=g\",\"caption\":\"hannanaslund\"},\"url\":\"https:\/\/www.welovecycling.com\/se\/author\/hannanaslund\/\"}]}<\/script>\n<!-- \/ Yoast SEO Premium plugin. -->","yoast_head_json":{"title":"Sundsvall satsar 20 miljoner i MTB-leder p\u00e5 S\u00f6dra Berget - \u0160koda - We Love Cycling - Sweden","robots":{"index":"index","follow":"follow","max-snippet":"max-snippet:-1","max-image-preview":"max-image-preview:large","max-video-preview":"max-video-preview:-1"},"canonical":"https:\/\/www.welovecycling.com\/se\/2021\/01\/25\/sundsvall-investerar-20-miljoner-i-mtb-leder-pa-sodra-berget\/","og_locale":"sv_SE","og_type":"article","og_title":"Sundsvall satsar 20 miljoner i MTB-leder p\u00e5 S\u00f6dra Berget","og_description":"Det r\u00e5der kappl\u00f6pning inom svensk upplevelseturism, och cykel \u00e4r ett av de omr\u00e5den d\u00e4r kommunerna satsar stort. Nu investerar Sundsvall [&hellip;]","og_url":"https:\/\/www.welovecycling.com\/se\/2021\/01\/25\/sundsvall-investerar-20-miljoner-i-mtb-leder-pa-sodra-berget\/","og_site_name":"\u0160koda - We Love Cycling - Sweden","article_published_time":"2021-01-25T15:15:35+00:00","article_modified_time":"2021-01-25T15:16:20+00:00","og_image":[{"width":1310,"height":888,"url":"https:\/\/d2p6e6u75xmxt8.cloudfront.net\/9\/2021\/01\/Dynamo-Sundsvall_.jpg","type":"image\/jpeg"}],"author":"hannanaslund","twitter_card":"summary_large_image","twitter_misc":{"Written by":"hannanaslund","Est. reading time":"1 minute"},"schema":{"@context":"https:\/\/schema.org","@graph":[{"@type":"WebPage","@id":"https:\/\/www.welovecycling.com\/se\/2021\/01\/25\/sundsvall-investerar-20-miljoner-i-mtb-leder-pa-sodra-berget\/","url":"https:\/\/www.welovecycling.com\/se\/2021\/01\/25\/sundsvall-investerar-20-miljoner-i-mtb-leder-pa-sodra-berget\/","name":"Sundsvall satsar 20 miljoner i MTB-leder p\u00e5 S\u00f6dra Berget - \u0160koda - We Love Cycling - Sweden","isPartOf":{"@id":"https:\/\/www.welovecycling.com\/se\/#website"},"primaryImageOfPage":{"@id":"https:\/\/www.welovecycling.com\/se\/2021\/01\/25\/sundsvall-investerar-20-miljoner-i-mtb-leder-pa-sodra-berget\/#primaryimage"},"image":{"@id":"https:\/\/www.welovecycling.com\/se\/2021\/01\/25\/sundsvall-investerar-20-miljoner-i-mtb-leder-pa-sodra-berget\/#primaryimage"},"thumbnailUrl":"https:\/\/d2p6e6u75xmxt8.cloudfront.net\/9\/2021\/01\/Dynamo-Sundsvall_.jpg","datePublished":"2021-01-25T15:15:35+00:00","dateModified":"2021-01-25T15:16:20+00:00","author":{"@id":"https:\/\/www.welovecycling.com\/se\/#\/schema\/person\/79becb5859fbea43defca47101daf531"},"breadcrumb":{"@id":"https:\/\/www.welovecycling.com\/se\/2021\/01\/25\/sundsvall-investerar-20-miljoner-i-mtb-leder-pa-sodra-berget\/#breadcrumb"},"inLanguage":"sv-SE","potentialAction":[{"@type":"ReadAction","target":["https:\/\/www.welovecycling.com\/se\/2021\/01\/25\/sundsvall-investerar-20-miljoner-i-mtb-leder-pa-sodra-berget\/"]}]},{"@type":"ImageObject","inLanguage":"sv-SE","@id":"https:\/\/www.welovecycling.com\/se\/2021\/01\/25\/sundsvall-investerar-20-miljoner-i-mtb-leder-pa-sodra-berget\/#primaryimage","url":"https:\/\/d2p6e6u75xmxt8.cloudfront.net\/9\/2021\/01\/Dynamo-Sundsvall_.jpg","contentUrl":"https:\/\/d2p6e6u75xmxt8.cloudfront.net\/9\/2021\/01\/Dynamo-Sundsvall_.jpg","width":1310,"height":888},{"@type":"BreadcrumbList","@id":"https:\/\/www.welovecycling.com\/se\/2021\/01\/25\/sundsvall-investerar-20-miljoner-i-mtb-leder-pa-sodra-berget\/#breadcrumb","itemListElement":[{"@type":"ListItem","position":1,"name":"Home","item":"https:\/\/www.welovecycling.com\/se\/"},{"@type":"ListItem","position":2,"name":"Sundsvall satsar 20 miljoner i MTB-leder p\u00e5 S\u00f6dra Berget"}]},{"@type":"WebSite","@id":"https:\/\/www.welovecycling.com\/se\/#website","url":"https:\/\/www.welovecycling.com\/se\/","name":"\u0160koda - We Love Cycling - Sweden","description":"\u0160koda We Love Cycling - Sweden","potentialAction":[{"@type":"SearchAction","target":{"@type":"EntryPoint","urlTemplate":"https:\/\/www.welovecycling.com\/se\/?s={search_term_string}"},"query-input":{"@type":"PropertyValueSpecification","valueRequired":true,"valueName":"search_term_string"}}],"inLanguage":"sv-SE"},{"@type":"Person","@id":"https:\/\/www.welovecycling.com\/se\/#\/schema\/person\/79becb5859fbea43defca47101daf531","name":"hannanaslund","image":{"@type":"ImageObject","inLanguage":"sv-SE","@id":"https:\/\/www.welovecycling.com\/se\/#\/schema\/person\/image\/","url":"https:\/\/secure.gravatar.com\/avatar\/70f66fbb00c5be679dc888b7c35bba74269f61228cb2072dcf46a746bd4bc774?s=96&d=mm&r=g","contentUrl":"https:\/\/secure.gravatar.com\/avatar\/70f66fbb00c5be679dc888b7c35bba74269f61228cb2072dcf46a746bd4bc774?s=96&d=mm&r=g","caption":"hannanaslund"},"url":"https:\/\/www.welovecycling.com\/se\/author\/hannanaslund\/"}]}},"_links":{"self":[{"href":"https:\/\/www.welovecycling.com\/se\/wp-json\/wp\/v2\/posts\/3136","targetHints":{"allow":["GET"]}}],"collection":[{"href":"https:\/\/www.welovecycling.com\/se\/wp-json\/wp\/v2\/posts"}],"about":[{"href":"https:\/\/www.welovecycling.com\/se\/wp-json\/wp\/v2\/types\/post"}],"author":[{"embeddable":true,"href":"https:\/\/www.welovecycling.com\/se\/wp-json\/wp\/v2\/users\/135"}],"replies":[{"embeddable":true,"href":"https:\/\/www.welovecycling.com\/se\/wp-json\/wp\/v2\/comments?post=3136"}],"version-history":[{"count":2,"href":"https:\/\/www.welovecycling.com\/se\/wp-json\/wp\/v2\/posts\/3136\/revisions"}],"predecessor-version":[{"id":3141,"href":"https:\/\/www.welovecycling.com\/se\/wp-json\/wp\/v2\/posts\/3136\/revisions\/3141"}],"wp:featuredmedia":[{"embeddable":true,"href":"https:\/\/www.welovecycling.com\/se\/wp-json\/wp\/v2\/media\/3137"}],"wp:attachment":[{"href":"https:\/\/www.welovecycling.com\/se\/wp-json\/wp\/v2\/media?parent=3136"}],"wp:term":[{"taxonomy":"category","embeddable":true,"href":"https:\/\/www.welovecycling.com\/se\/wp-json\/wp\/v2\/categories?post=3136"},{"taxonomy":"post_tag","embeddable":true,"href":"https:\/\/www.welovecycling.com\/se\/wp-json\/wp\/v2\/tags?post=3136"},{"taxonomy":"global-categories","embeddable":true,"href":"https:\/\/www.welovecycling.com\/se\/wp-json\/wp\/v2\/global-categories?post=3136"}],"curies":[{"name":"wp","href":"https:\/\/api.w.org\/{rel}","templated":true}]}}