{"id":312,"date":"2017-11-24T14:07:18","date_gmt":"2017-11-24T13:07:18","guid":{"rendered":"https:\/\/www.welovecycling.com\/se\/?p=312"},"modified":"2017-11-28T14:16:30","modified_gmt":"2017-11-28T13:16:30","slug":"sa-gick-det-skoda-cycling-team-2017","status":"publish","type":"post","link":"https:\/\/www.welovecycling.com\/se\/2017\/11\/24\/sa-gick-det-skoda-cycling-team-2017\/","title":{"rendered":"S\u00e5 gick det f\u00f6r \u0160koda Cycling Team 2017"},"content":{"rendered":"<p>Ett minne f\u00f6r livet &#8211; 2017 \u00e5rs V\u00e4tternrunda bj\u00f6d inte bara p\u00e5 de b\u00e4sta cykelf\u00f6rh\u00e5llanden p\u00e5 m\u00e5nga \u00e5r, \u0160koda Cycling Team satte dessutom en rekordbra tid tack vare solsken och ett v\u00e4l sammansvetsat lag.<\/p>\n<lite-youtube videoid=v44AArgpZPM params=\"enablejsapi=1\" style=\"background-image: url('https:\/\/i.ytimg.com\/vi_webp\/v44AArgpZPM\/maxresdefault.webp');\"><\/lite-youtube>\n","protected":false},"excerpt":{"rendered":"<p>Ett minne f\u00f6r livet &#8211; 2017 \u00e5rs V\u00e4tternrunda bj\u00f6d inte bara p\u00e5 de b\u00e4sta cykelf\u00f6rh\u00e5llanden p\u00e5 m\u00e5nga \u00e5r, \u0160koda Cycling [&hellip;]<\/p>\n","protected":false},"author":53,"featured_media":316,"comment_status":"open","ping_status":"open","sticky":false,"template":"","format":"video","meta":{"footnotes":""},"categories":[5,30,6],"tags":[],"global-categories":[],"class_list":["post-312","post","type-post","status-publish","format-video","has-post-thumbnail","hentry","category-nyheter","category-cyclingteam17","category-video","post_format-post-format-video"],"yoast_head":"<!-- This site is optimized with the Yoast SEO Premium plugin v25.3 (Yoast SEO v25.9) - https:\/\/yoast.com\/wordpress\/plugins\/seo\/ -->\n<title>S\u00e5 gick det f\u00f6r \u0160koda Cycling Team 2017 - \u0160koda - We Love Cycling - Sweden<\/title>\n<meta name=\"robots\" content=\"index, follow, max-snippet:-1, max-image-preview:large, max-video-preview:-1\" \/>\n<link rel=\"canonical\" href=\"https:\/\/www.welovecycling.com\/se\/2017\/11\/24\/sa-gick-det-skoda-cycling-team-2017\/\" \/>\n<meta property=\"og:locale\" content=\"sv_SE\" \/>\n<meta property=\"og:type\" content=\"article\" \/>\n<meta property=\"og:title\" content=\"S\u00e5 gick det f\u00f6r \u0160koda Cycling Team 2017\" \/>\n<meta property=\"og:description\" content=\"Ett minne f\u00f6r livet &#8211; 2017 \u00e5rs V\u00e4tternrunda bj\u00f6d inte bara p\u00e5 de b\u00e4sta cykelf\u00f6rh\u00e5llanden p\u00e5 m\u00e5nga \u00e5r, \u0160koda Cycling [&hellip;]\" \/>\n<meta property=\"og:url\" content=\"https:\/\/www.welovecycling.com\/se\/2017\/11\/24\/sa-gick-det-skoda-cycling-team-2017\/\" \/>\n<meta property=\"og:site_name\" content=\"\u0160koda - We Love Cycling - Sweden\" \/>\n<meta property=\"article:published_time\" content=\"2017-11-24T13:07:18+00:00\" \/>\n<meta property=\"article:modified_time\" content=\"2017-11-28T13:16:30+00:00\" \/>\n<meta property=\"og:image\" content=\"https:\/\/d2p6e6u75xmxt8.cloudfront.net\/9\/2017\/11\/Skoda-Cycling-Team-Photo-by-Valentin-Baat-4020-copy.jpg\" \/>\n\t<meta property=\"og:image:width\" content=\"1200\" \/>\n\t<meta property=\"og:image:height\" content=\"800\" \/>\n\t<meta property=\"og:image:type\" content=\"image\/jpeg\" \/>\n<meta name=\"author\" content=\"Erik Gustafsson\" \/>\n<meta name=\"twitter:card\" content=\"summary_large_image\" \/>\n<meta name=\"twitter:label1\" content=\"Written by\" \/>\n\t<meta name=\"twitter:data1\" content=\"Erik Gustafsson\" \/>\n\t<meta name=\"twitter:label2\" content=\"Est. watching time\" \/>\n\t<meta name=\"twitter:data2\" content=\"1:37\" \/>\n<script type=\"application\/ld+json\" class=\"yoast-schema-graph\">{\"@context\":\"https:\/\/schema.org\",\"@graph\":[{\"@type\":\"WebPage\",\"@id\":\"https:\/\/www.welovecycling.com\/se\/2017\/11\/24\/sa-gick-det-skoda-cycling-team-2017\/\",\"url\":\"https:\/\/www.welovecycling.com\/se\/2017\/11\/24\/sa-gick-det-skoda-cycling-team-2017\/\",\"name\":\"S\u00e5 gick det f\u00f6r \u0160koda Cycling Team 2017 - \u0160koda - We Love Cycling - Sweden\",\"isPartOf\":{\"@id\":\"https:\/\/www.welovecycling.com\/se\/#website\"},\"primaryImageOfPage\":{\"@id\":\"https:\/\/www.welovecycling.com\/se\/2017\/11\/24\/sa-gick-det-skoda-cycling-team-2017\/#primaryimage\"},\"image\":{\"@id\":\"https:\/\/www.welovecycling.com\/se\/2017\/11\/24\/sa-gick-det-skoda-cycling-team-2017\/#primaryimage\"},\"thumbnailUrl\":\"https:\/\/d2p6e6u75xmxt8.cloudfront.net\/9\/2017\/11\/Skoda-Cycling-Team-Photo-by-Valentin-Baat-4020-copy.jpg\",\"datePublished\":\"2017-11-24T13:07:18+00:00\",\"dateModified\":\"2017-11-28T13:16:30+00:00\",\"author\":{\"@id\":\"https:\/\/www.welovecycling.com\/se\/#\/schema\/person\/8f0cc3de43d64a5012d5b3c08488d14e\"},\"breadcrumb\":{\"@id\":\"https:\/\/www.welovecycling.com\/se\/2017\/11\/24\/sa-gick-det-skoda-cycling-team-2017\/#breadcrumb\"},\"inLanguage\":\"sv-SE\",\"potentialAction\":[{\"@type\":\"ReadAction\",\"target\":[\"https:\/\/www.welovecycling.com\/se\/2017\/11\/24\/sa-gick-det-skoda-cycling-team-2017\/\"]}]},{\"@type\":\"ImageObject\",\"inLanguage\":\"sv-SE\",\"@id\":\"https:\/\/www.welovecycling.com\/se\/2017\/11\/24\/sa-gick-det-skoda-cycling-team-2017\/#primaryimage\",\"url\":\"https:\/\/d2p6e6u75xmxt8.cloudfront.net\/9\/2017\/11\/Skoda-Cycling-Team-Photo-by-Valentin-Baat-4020-copy.jpg\",\"contentUrl\":\"https:\/\/d2p6e6u75xmxt8.cloudfront.net\/9\/2017\/11\/Skoda-Cycling-Team-Photo-by-Valentin-Baat-4020-copy.jpg\",\"width\":1200,\"height\":800,\"caption\":\"Foto: Valentin Baat\"},{\"@type\":\"BreadcrumbList\",\"@id\":\"https:\/\/www.welovecycling.com\/se\/2017\/11\/24\/sa-gick-det-skoda-cycling-team-2017\/#breadcrumb\",\"itemListElement\":[{\"@type\":\"ListItem\",\"position\":1,\"name\":\"Home\",\"item\":\"https:\/\/www.welovecycling.com\/se\/\"},{\"@type\":\"ListItem\",\"position\":2,\"name\":\"S\u00e5 gick det f\u00f6r \u0160koda Cycling Team 2017\"}]},{\"@type\":\"WebSite\",\"@id\":\"https:\/\/www.welovecycling.com\/se\/#website\",\"url\":\"https:\/\/www.welovecycling.com\/se\/\",\"name\":\"\u0160koda - We Love Cycling - Sweden\",\"description\":\"\u0160koda We Love Cycling - Sweden\",\"potentialAction\":[{\"@type\":\"SearchAction\",\"target\":{\"@type\":\"EntryPoint\",\"urlTemplate\":\"https:\/\/www.welovecycling.com\/se\/?s={search_term_string}\"},\"query-input\":{\"@type\":\"PropertyValueSpecification\",\"valueRequired\":true,\"valueName\":\"search_term_string\"}}],\"inLanguage\":\"sv-SE\"},{\"@type\":\"Person\",\"@id\":\"https:\/\/www.welovecycling.com\/se\/#\/schema\/person\/8f0cc3de43d64a5012d5b3c08488d14e\",\"name\":\"Erik Gustafsson\",\"image\":{\"@type\":\"ImageObject\",\"inLanguage\":\"sv-SE\",\"@id\":\"https:\/\/www.welovecycling.com\/se\/#\/schema\/person\/image\/\",\"url\":\"https:\/\/secure.gravatar.com\/avatar\/2e023b4a4d6bb21669866895d82623f61418c7c04fbd5e7d97c9eeee5e279e27?s=96&d=mm&r=g\",\"contentUrl\":\"https:\/\/secure.gravatar.com\/avatar\/2e023b4a4d6bb21669866895d82623f61418c7c04fbd5e7d97c9eeee5e279e27?s=96&d=mm&r=g\",\"caption\":\"Erik Gustafsson\"},\"url\":\"https:\/\/www.welovecycling.com\/se\/author\/erikgustafsson\/\"}]}<\/script>\n<!-- \/ Yoast SEO Premium plugin. -->","yoast_head_json":{"title":"S\u00e5 gick det f\u00f6r \u0160koda Cycling Team 2017 - \u0160koda - We Love Cycling - Sweden","robots":{"index":"index","follow":"follow","max-snippet":"max-snippet:-1","max-image-preview":"max-image-preview:large","max-video-preview":"max-video-preview:-1"},"canonical":"https:\/\/www.welovecycling.com\/se\/2017\/11\/24\/sa-gick-det-skoda-cycling-team-2017\/","og_locale":"sv_SE","og_type":"article","og_title":"S\u00e5 gick det f\u00f6r \u0160koda Cycling Team 2017","og_description":"Ett minne f\u00f6r livet &#8211; 2017 \u00e5rs V\u00e4tternrunda bj\u00f6d inte bara p\u00e5 de b\u00e4sta cykelf\u00f6rh\u00e5llanden p\u00e5 m\u00e5nga \u00e5r, \u0160koda Cycling [&hellip;]","og_url":"https:\/\/www.welovecycling.com\/se\/2017\/11\/24\/sa-gick-det-skoda-cycling-team-2017\/","og_site_name":"\u0160koda - We Love Cycling - Sweden","article_published_time":"2017-11-24T13:07:18+00:00","article_modified_time":"2017-11-28T13:16:30+00:00","og_image":[{"width":1200,"height":800,"url":"https:\/\/d2p6e6u75xmxt8.cloudfront.net\/9\/2017\/11\/Skoda-Cycling-Team-Photo-by-Valentin-Baat-4020-copy.jpg","type":"image\/jpeg"}],"author":"Erik Gustafsson","twitter_card":"summary_large_image","twitter_misc":{"Written by":"Erik Gustafsson","Est. watching time":"1:37"},"schema":{"@context":"https:\/\/schema.org","@graph":[{"@type":"WebPage","@id":"https:\/\/www.welovecycling.com\/se\/2017\/11\/24\/sa-gick-det-skoda-cycling-team-2017\/","url":"https:\/\/www.welovecycling.com\/se\/2017\/11\/24\/sa-gick-det-skoda-cycling-team-2017\/","name":"S\u00e5 gick det f\u00f6r \u0160koda Cycling Team 2017 - \u0160koda - We Love Cycling - Sweden","isPartOf":{"@id":"https:\/\/www.welovecycling.com\/se\/#website"},"primaryImageOfPage":{"@id":"https:\/\/www.welovecycling.com\/se\/2017\/11\/24\/sa-gick-det-skoda-cycling-team-2017\/#primaryimage"},"image":{"@id":"https:\/\/www.welovecycling.com\/se\/2017\/11\/24\/sa-gick-det-skoda-cycling-team-2017\/#primaryimage"},"thumbnailUrl":"https:\/\/d2p6e6u75xmxt8.cloudfront.net\/9\/2017\/11\/Skoda-Cycling-Team-Photo-by-Valentin-Baat-4020-copy.jpg","datePublished":"2017-11-24T13:07:18+00:00","dateModified":"2017-11-28T13:16:30+00:00","author":{"@id":"https:\/\/www.welovecycling.com\/se\/#\/schema\/person\/8f0cc3de43d64a5012d5b3c08488d14e"},"breadcrumb":{"@id":"https:\/\/www.welovecycling.com\/se\/2017\/11\/24\/sa-gick-det-skoda-cycling-team-2017\/#breadcrumb"},"inLanguage":"sv-SE","potentialAction":[{"@type":"ReadAction","target":["https:\/\/www.welovecycling.com\/se\/2017\/11\/24\/sa-gick-det-skoda-cycling-team-2017\/"]}]},{"@type":"ImageObject","inLanguage":"sv-SE","@id":"https:\/\/www.welovecycling.com\/se\/2017\/11\/24\/sa-gick-det-skoda-cycling-team-2017\/#primaryimage","url":"https:\/\/d2p6e6u75xmxt8.cloudfront.net\/9\/2017\/11\/Skoda-Cycling-Team-Photo-by-Valentin-Baat-4020-copy.jpg","contentUrl":"https:\/\/d2p6e6u75xmxt8.cloudfront.net\/9\/2017\/11\/Skoda-Cycling-Team-Photo-by-Valentin-Baat-4020-copy.jpg","width":1200,"height":800,"caption":"Foto: Valentin Baat"},{"@type":"BreadcrumbList","@id":"https:\/\/www.welovecycling.com\/se\/2017\/11\/24\/sa-gick-det-skoda-cycling-team-2017\/#breadcrumb","itemListElement":[{"@type":"ListItem","position":1,"name":"Home","item":"https:\/\/www.welovecycling.com\/se\/"},{"@type":"ListItem","position":2,"name":"S\u00e5 gick det f\u00f6r \u0160koda Cycling Team 2017"}]},{"@type":"WebSite","@id":"https:\/\/www.welovecycling.com\/se\/#website","url":"https:\/\/www.welovecycling.com\/se\/","name":"\u0160koda - We Love Cycling - Sweden","description":"\u0160koda We Love Cycling - Sweden","potentialAction":[{"@type":"SearchAction","target":{"@type":"EntryPoint","urlTemplate":"https:\/\/www.welovecycling.com\/se\/?s={search_term_string}"},"query-input":{"@type":"PropertyValueSpecification","valueRequired":true,"valueName":"search_term_string"}}],"inLanguage":"sv-SE"},{"@type":"Person","@id":"https:\/\/www.welovecycling.com\/se\/#\/schema\/person\/8f0cc3de43d64a5012d5b3c08488d14e","name":"Erik Gustafsson","image":{"@type":"ImageObject","inLanguage":"sv-SE","@id":"https:\/\/www.welovecycling.com\/se\/#\/schema\/person\/image\/","url":"https:\/\/secure.gravatar.com\/avatar\/2e023b4a4d6bb21669866895d82623f61418c7c04fbd5e7d97c9eeee5e279e27?s=96&d=mm&r=g","contentUrl":"https:\/\/secure.gravatar.com\/avatar\/2e023b4a4d6bb21669866895d82623f61418c7c04fbd5e7d97c9eeee5e279e27?s=96&d=mm&r=g","caption":"Erik Gustafsson"},"url":"https:\/\/www.welovecycling.com\/se\/author\/erikgustafsson\/"}]}},"_links":{"self":[{"href":"https:\/\/www.welovecycling.com\/se\/wp-json\/wp\/v2\/posts\/312","targetHints":{"allow":["GET"]}}],"collection":[{"href":"https:\/\/www.welovecycling.com\/se\/wp-json\/wp\/v2\/posts"}],"about":[{"href":"https:\/\/www.welovecycling.com\/se\/wp-json\/wp\/v2\/types\/post"}],"author":[{"embeddable":true,"href":"https:\/\/www.welovecycling.com\/se\/wp-json\/wp\/v2\/users\/53"}],"replies":[{"embeddable":true,"href":"https:\/\/www.welovecycling.com\/se\/wp-json\/wp\/v2\/comments?post=312"}],"version-history":[{"count":2,"href":"https:\/\/www.welovecycling.com\/se\/wp-json\/wp\/v2\/posts\/312\/revisions"}],"predecessor-version":[{"id":317,"href":"https:\/\/www.welovecycling.com\/se\/wp-json\/wp\/v2\/posts\/312\/revisions\/317"}],"wp:featuredmedia":[{"embeddable":true,"href":"https:\/\/www.welovecycling.com\/se\/wp-json\/wp\/v2\/media\/316"}],"wp:attachment":[{"href":"https:\/\/www.welovecycling.com\/se\/wp-json\/wp\/v2\/media?parent=312"}],"wp:term":[{"taxonomy":"category","embeddable":true,"href":"https:\/\/www.welovecycling.com\/se\/wp-json\/wp\/v2\/categories?post=312"},{"taxonomy":"post_tag","embeddable":true,"href":"https:\/\/www.welovecycling.com\/se\/wp-json\/wp\/v2\/tags?post=312"},{"taxonomy":"global-categories","embeddable":true,"href":"https:\/\/www.welovecycling.com\/se\/wp-json\/wp\/v2\/global-categories?post=312"}],"curies":[{"name":"wp","href":"https:\/\/api.w.org\/{rel}","templated":true}]}}