{"id":3112,"date":"2021-01-14T17:10:32","date_gmt":"2021-01-14T16:10:32","guid":{"rendered":"https:\/\/www.welovecycling.com\/se\/?p=3112"},"modified":"2021-01-14T17:13:15","modified_gmt":"2021-01-14T16:13:15","slug":"over-1000-cyklister-i-forsta-deltavlingen-av-virtuella-swe-cup","status":"publish","type":"post","link":"https:\/\/www.welovecycling.com\/se\/2021\/01\/14\/over-1000-cyklister-i-forsta-deltavlingen-av-virtuella-swe-cup\/","title":{"rendered":"\u00d6ver 1000 deltagare i f\u00f6rsta omg\u00e5ngen av SWE Cup"},"content":{"rendered":"<p><strong>Intresset f\u00f6r E-cycling v\u00e4xer snabbt, och deltagarantalet i \u00e5rets f\u00f6rsta omg\u00e5ng av Swe Cup var inte ov\u00e4ntat rekordstort. 980 herrar och 150 damer stod p\u00e5 startlinjen f\u00f6r att g\u00f6ra upp &#8211; p\u00e5 n\u00e4tet.<\/strong><\/p>\n<p>T\u00e4vlingsabstinensen \u00e4r stor efter en i princip helt inst\u00e4lld s\u00e4song 2020. Samtidigt har den virtuella plattformen Zwift blivit det nya svarta inom grundtr\u00e4ning, och ett b\u00e5de motiverande och bekv\u00e4mt alternativ till frusna fingrar och ishalka. Eller \u00e5tminstone ett komplement, f\u00f6r visst l\u00e4r utomhuscykling \u00e5ret runt fortsatt ge dig b\u00e4ttre teknik och k\u00e4nsla &#8211; och kanske mer respekt hos cykelpolarna. L\u00e5t oss s\u00e4ga att de tv\u00e5 v\u00e4garna kompletterar varandra.<\/p>\n<p>\u00c5rets SweCup i E-cycling best\u00e5r av 10 omg\u00e5ngar, och varje delt\u00e4vling s\u00e4nds live med kommentatorerna Conny Bj\u00f6rnehall och Anders Ekh. <a href=\"https:\/\/www.youtube.com\/watch?v=BnC0i4mkd_M&amp;t=6646s&amp;ab_channel=Swecycling\" target=\"_blank\" rel=\"noopener noreferrer\">Se s\u00e4ndningen fr\u00e5n SWE Cup #1 h\u00e4r.\u00a0<\/a><\/p>\n<p>S\u00e5h\u00e4r sammanfattar SCF den f\u00f6rsta delt\u00e4vlingen:<\/p>\n<p><strong>RACERAPPORT: SCF SWE CUP #1<\/strong><\/p>\n<p>F\u00f6rsta racet gick i trevliga Frankrike och p\u00e5 en ganska platt bana med tv\u00e5 mindre backar. Det gjorde att det var snabba lopp och sv\u00e5rt att g\u00f6ra utbrytningar. Banan var dock lite l\u00e4ngre \u00e4n vanligt (40 km) s\u00e5 det blev en h\u00e4rlig utmaning \u00e4nd\u00e5 f\u00f6r dom cyklister\u00a0som kom till start. P\u00e5 herrsidan s\u00e5 blev det en ganska stor klunga som f\u00f6ljdes under loppet. N\u00e5gra attacker fr\u00e5n Samuel Br\u00e4nnlund och Rickard Larsen satte f\u00e4rg p\u00e5 loppet. Det stod dock tydligt att det skulle bli en spurtstrid med m\u00e5nga inblandade cyklister. Till sist s\u00e5 kunde den erfarne Zwiftaren Samuel knipa segern i den f\u00f6rsta t\u00e4vlingen.<\/p>\n<p>P\u00e5 damsidan s\u00e5 var det en mindre klunga som direkt stack iv\u00e4g och som visade att man ville g\u00f6ra upp om segern i detta lopp. Vi dom f\u00f6rsta mindre backarna s\u00e5 satte Nellie Larsson fart och visade styrka. Denna utbrytning f\u00e5ngades dock upp av dom erfarna Zwiftarna Marlene Bj\u00e4rehed och Malin K\u00e5gstr\u00f6m som f\u00f6ljde efter. Det blev till slut en klunga p\u00e5 sju stycken som gjorde upp om segern och det var en knivskarp spurt som resulterade i seger f\u00f6r Marlene Bj\u00e4rehed.<\/p>\n<p><strong>Resultat SCF SWE Cup #1 \u2013 11 januari 2020<\/strong><\/p>\n<p>Herrar:\u00a0<a href=\"https:\/\/www.zwiftpower.com\/events.php?zid=1484836\">https:\/\/www.zwiftpower.com\/events.php?zid=1484836<\/a><\/p>\n<p>Damer:\u00a0<a href=\"https:\/\/www.zwiftpower.com\/events.php?zid=1484857\">https:\/\/www.zwiftpower.com\/events.php?zid=1484857<\/a><\/p>\n","protected":false},"excerpt":{"rendered":"<p>Intresset f\u00f6r E-cycling v\u00e4xer snabbt, och deltagarantalet i \u00e5rets f\u00f6rsta omg\u00e5ng av Swe Cup var inte ov\u00e4ntat rekordstort. 980 herrar [&hellip;]<\/p>\n","protected":false},"author":135,"featured_media":3113,"comment_status":"open","ping_status":"open","sticky":false,"template":"","format":"standard","meta":{"footnotes":""},"categories":[71,5,68],"tags":[],"global-categories":[36],"class_list":["post-3112","post","type-post","status-publish","format-standard","has-post-thumbnail","hentry","category-e-cycling","category-nyheter","category-tavling","global-categories-cycling"],"yoast_head":"<!-- This site is optimized with the Yoast SEO Premium plugin v25.3 (Yoast SEO v25.9) - https:\/\/yoast.com\/wordpress\/plugins\/seo\/ -->\n<title>\u00d6ver 1000 deltagare i f\u00f6rsta omg\u00e5ngen av SWE Cup - \u0160koda - We Love Cycling - Sweden<\/title>\n<meta name=\"robots\" content=\"index, follow, max-snippet:-1, max-image-preview:large, max-video-preview:-1\" \/>\n<link rel=\"canonical\" href=\"https:\/\/www.welovecycling.com\/se\/2021\/01\/14\/over-1000-cyklister-i-forsta-deltavlingen-av-virtuella-swe-cup\/\" \/>\n<meta property=\"og:locale\" content=\"sv_SE\" \/>\n<meta property=\"og:type\" content=\"article\" \/>\n<meta property=\"og:title\" content=\"\u00d6ver 1000 deltagare i f\u00f6rsta omg\u00e5ngen av SWE Cup\" \/>\n<meta property=\"og:description\" content=\"Intresset f\u00f6r E-cycling v\u00e4xer snabbt, och deltagarantalet i \u00e5rets f\u00f6rsta omg\u00e5ng av Swe Cup var inte ov\u00e4ntat rekordstort. 980 herrar [&hellip;]\" \/>\n<meta property=\"og:url\" content=\"https:\/\/www.welovecycling.com\/se\/2021\/01\/14\/over-1000-cyklister-i-forsta-deltavlingen-av-virtuella-swe-cup\/\" \/>\n<meta property=\"og:site_name\" content=\"\u0160koda - We Love Cycling - Sweden\" \/>\n<meta property=\"article:published_time\" content=\"2021-01-14T16:10:32+00:00\" \/>\n<meta property=\"article:modified_time\" content=\"2021-01-14T16:13:15+00:00\" \/>\n<meta property=\"og:image\" content=\"https:\/\/d2p6e6u75xmxt8.cloudfront.net\/9\/2021\/01\/Skarmavbild-2021-01-14-kl.-17.05.03-1024x578.png\" \/>\n\t<meta property=\"og:image:width\" content=\"1024\" \/>\n\t<meta property=\"og:image:height\" content=\"578\" \/>\n\t<meta property=\"og:image:type\" content=\"image\/png\" \/>\n<meta name=\"author\" content=\"hannanaslund\" \/>\n<meta name=\"twitter:card\" content=\"summary_large_image\" \/>\n<meta name=\"twitter:label1\" content=\"Written by\" \/>\n\t<meta name=\"twitter:data1\" content=\"hannanaslund\" \/>\n\t<meta name=\"twitter:label2\" content=\"Est. reading time\" \/>\n\t<meta name=\"twitter:data2\" content=\"2 minutes\" \/>\n<script type=\"application\/ld+json\" class=\"yoast-schema-graph\">{\"@context\":\"https:\/\/schema.org\",\"@graph\":[{\"@type\":\"WebPage\",\"@id\":\"https:\/\/www.welovecycling.com\/se\/2021\/01\/14\/over-1000-cyklister-i-forsta-deltavlingen-av-virtuella-swe-cup\/\",\"url\":\"https:\/\/www.welovecycling.com\/se\/2021\/01\/14\/over-1000-cyklister-i-forsta-deltavlingen-av-virtuella-swe-cup\/\",\"name\":\"\u00d6ver 1000 deltagare i f\u00f6rsta omg\u00e5ngen av SWE Cup - \u0160koda - We Love Cycling - Sweden\",\"isPartOf\":{\"@id\":\"https:\/\/www.welovecycling.com\/se\/#website\"},\"primaryImageOfPage\":{\"@id\":\"https:\/\/www.welovecycling.com\/se\/2021\/01\/14\/over-1000-cyklister-i-forsta-deltavlingen-av-virtuella-swe-cup\/#primaryimage\"},\"image\":{\"@id\":\"https:\/\/www.welovecycling.com\/se\/2021\/01\/14\/over-1000-cyklister-i-forsta-deltavlingen-av-virtuella-swe-cup\/#primaryimage\"},\"thumbnailUrl\":\"https:\/\/d2p6e6u75xmxt8.cloudfront.net\/9\/2021\/01\/Skarmavbild-2021-01-14-kl.-17.05.03.png\",\"datePublished\":\"2021-01-14T16:10:32+00:00\",\"dateModified\":\"2021-01-14T16:13:15+00:00\",\"author\":{\"@id\":\"https:\/\/www.welovecycling.com\/se\/#\/schema\/person\/79becb5859fbea43defca47101daf531\"},\"breadcrumb\":{\"@id\":\"https:\/\/www.welovecycling.com\/se\/2021\/01\/14\/over-1000-cyklister-i-forsta-deltavlingen-av-virtuella-swe-cup\/#breadcrumb\"},\"inLanguage\":\"sv-SE\",\"potentialAction\":[{\"@type\":\"ReadAction\",\"target\":[\"https:\/\/www.welovecycling.com\/se\/2021\/01\/14\/over-1000-cyklister-i-forsta-deltavlingen-av-virtuella-swe-cup\/\"]}]},{\"@type\":\"ImageObject\",\"inLanguage\":\"sv-SE\",\"@id\":\"https:\/\/www.welovecycling.com\/se\/2021\/01\/14\/over-1000-cyklister-i-forsta-deltavlingen-av-virtuella-swe-cup\/#primaryimage\",\"url\":\"https:\/\/d2p6e6u75xmxt8.cloudfront.net\/9\/2021\/01\/Skarmavbild-2021-01-14-kl.-17.05.03.png\",\"contentUrl\":\"https:\/\/d2p6e6u75xmxt8.cloudfront.net\/9\/2021\/01\/Skarmavbild-2021-01-14-kl.-17.05.03.png\",\"width\":2880,\"height\":1626},{\"@type\":\"BreadcrumbList\",\"@id\":\"https:\/\/www.welovecycling.com\/se\/2021\/01\/14\/over-1000-cyklister-i-forsta-deltavlingen-av-virtuella-swe-cup\/#breadcrumb\",\"itemListElement\":[{\"@type\":\"ListItem\",\"position\":1,\"name\":\"Home\",\"item\":\"https:\/\/www.welovecycling.com\/se\/\"},{\"@type\":\"ListItem\",\"position\":2,\"name\":\"\u00d6ver 1000 deltagare i f\u00f6rsta omg\u00e5ngen av SWE Cup\"}]},{\"@type\":\"WebSite\",\"@id\":\"https:\/\/www.welovecycling.com\/se\/#website\",\"url\":\"https:\/\/www.welovecycling.com\/se\/\",\"name\":\"\u0160koda - We Love Cycling - Sweden\",\"description\":\"\u0160koda We Love Cycling - Sweden\",\"potentialAction\":[{\"@type\":\"SearchAction\",\"target\":{\"@type\":\"EntryPoint\",\"urlTemplate\":\"https:\/\/www.welovecycling.com\/se\/?s={search_term_string}\"},\"query-input\":{\"@type\":\"PropertyValueSpecification\",\"valueRequired\":true,\"valueName\":\"search_term_string\"}}],\"inLanguage\":\"sv-SE\"},{\"@type\":\"Person\",\"@id\":\"https:\/\/www.welovecycling.com\/se\/#\/schema\/person\/79becb5859fbea43defca47101daf531\",\"name\":\"hannanaslund\",\"image\":{\"@type\":\"ImageObject\",\"inLanguage\":\"sv-SE\",\"@id\":\"https:\/\/www.welovecycling.com\/se\/#\/schema\/person\/image\/\",\"url\":\"https:\/\/secure.gravatar.com\/avatar\/70f66fbb00c5be679dc888b7c35bba74269f61228cb2072dcf46a746bd4bc774?s=96&d=mm&r=g\",\"contentUrl\":\"https:\/\/secure.gravatar.com\/avatar\/70f66fbb00c5be679dc888b7c35bba74269f61228cb2072dcf46a746bd4bc774?s=96&d=mm&r=g\",\"caption\":\"hannanaslund\"},\"url\":\"https:\/\/www.welovecycling.com\/se\/author\/hannanaslund\/\"}]}<\/script>\n<!-- \/ Yoast SEO Premium plugin. -->","yoast_head_json":{"title":"\u00d6ver 1000 deltagare i f\u00f6rsta omg\u00e5ngen av SWE Cup - \u0160koda - We Love Cycling - Sweden","robots":{"index":"index","follow":"follow","max-snippet":"max-snippet:-1","max-image-preview":"max-image-preview:large","max-video-preview":"max-video-preview:-1"},"canonical":"https:\/\/www.welovecycling.com\/se\/2021\/01\/14\/over-1000-cyklister-i-forsta-deltavlingen-av-virtuella-swe-cup\/","og_locale":"sv_SE","og_type":"article","og_title":"\u00d6ver 1000 deltagare i f\u00f6rsta omg\u00e5ngen av SWE Cup","og_description":"Intresset f\u00f6r E-cycling v\u00e4xer snabbt, och deltagarantalet i \u00e5rets f\u00f6rsta omg\u00e5ng av Swe Cup var inte ov\u00e4ntat rekordstort. 980 herrar [&hellip;]","og_url":"https:\/\/www.welovecycling.com\/se\/2021\/01\/14\/over-1000-cyklister-i-forsta-deltavlingen-av-virtuella-swe-cup\/","og_site_name":"\u0160koda - We Love Cycling - Sweden","article_published_time":"2021-01-14T16:10:32+00:00","article_modified_time":"2021-01-14T16:13:15+00:00","og_image":[{"width":1024,"height":578,"url":"https:\/\/d2p6e6u75xmxt8.cloudfront.net\/9\/2021\/01\/Skarmavbild-2021-01-14-kl.-17.05.03-1024x578.png","type":"image\/png"}],"author":"hannanaslund","twitter_card":"summary_large_image","twitter_misc":{"Written by":"hannanaslund","Est. reading time":"2 minutes"},"schema":{"@context":"https:\/\/schema.org","@graph":[{"@type":"WebPage","@id":"https:\/\/www.welovecycling.com\/se\/2021\/01\/14\/over-1000-cyklister-i-forsta-deltavlingen-av-virtuella-swe-cup\/","url":"https:\/\/www.welovecycling.com\/se\/2021\/01\/14\/over-1000-cyklister-i-forsta-deltavlingen-av-virtuella-swe-cup\/","name":"\u00d6ver 1000 deltagare i f\u00f6rsta omg\u00e5ngen av SWE Cup - \u0160koda - We Love Cycling - Sweden","isPartOf":{"@id":"https:\/\/www.welovecycling.com\/se\/#website"},"primaryImageOfPage":{"@id":"https:\/\/www.welovecycling.com\/se\/2021\/01\/14\/over-1000-cyklister-i-forsta-deltavlingen-av-virtuella-swe-cup\/#primaryimage"},"image":{"@id":"https:\/\/www.welovecycling.com\/se\/2021\/01\/14\/over-1000-cyklister-i-forsta-deltavlingen-av-virtuella-swe-cup\/#primaryimage"},"thumbnailUrl":"https:\/\/d2p6e6u75xmxt8.cloudfront.net\/9\/2021\/01\/Skarmavbild-2021-01-14-kl.-17.05.03.png","datePublished":"2021-01-14T16:10:32+00:00","dateModified":"2021-01-14T16:13:15+00:00","author":{"@id":"https:\/\/www.welovecycling.com\/se\/#\/schema\/person\/79becb5859fbea43defca47101daf531"},"breadcrumb":{"@id":"https:\/\/www.welovecycling.com\/se\/2021\/01\/14\/over-1000-cyklister-i-forsta-deltavlingen-av-virtuella-swe-cup\/#breadcrumb"},"inLanguage":"sv-SE","potentialAction":[{"@type":"ReadAction","target":["https:\/\/www.welovecycling.com\/se\/2021\/01\/14\/over-1000-cyklister-i-forsta-deltavlingen-av-virtuella-swe-cup\/"]}]},{"@type":"ImageObject","inLanguage":"sv-SE","@id":"https:\/\/www.welovecycling.com\/se\/2021\/01\/14\/over-1000-cyklister-i-forsta-deltavlingen-av-virtuella-swe-cup\/#primaryimage","url":"https:\/\/d2p6e6u75xmxt8.cloudfront.net\/9\/2021\/01\/Skarmavbild-2021-01-14-kl.-17.05.03.png","contentUrl":"https:\/\/d2p6e6u75xmxt8.cloudfront.net\/9\/2021\/01\/Skarmavbild-2021-01-14-kl.-17.05.03.png","width":2880,"height":1626},{"@type":"BreadcrumbList","@id":"https:\/\/www.welovecycling.com\/se\/2021\/01\/14\/over-1000-cyklister-i-forsta-deltavlingen-av-virtuella-swe-cup\/#breadcrumb","itemListElement":[{"@type":"ListItem","position":1,"name":"Home","item":"https:\/\/www.welovecycling.com\/se\/"},{"@type":"ListItem","position":2,"name":"\u00d6ver 1000 deltagare i f\u00f6rsta omg\u00e5ngen av SWE Cup"}]},{"@type":"WebSite","@id":"https:\/\/www.welovecycling.com\/se\/#website","url":"https:\/\/www.welovecycling.com\/se\/","name":"\u0160koda - We Love Cycling - Sweden","description":"\u0160koda We Love Cycling - Sweden","potentialAction":[{"@type":"SearchAction","target":{"@type":"EntryPoint","urlTemplate":"https:\/\/www.welovecycling.com\/se\/?s={search_term_string}"},"query-input":{"@type":"PropertyValueSpecification","valueRequired":true,"valueName":"search_term_string"}}],"inLanguage":"sv-SE"},{"@type":"Person","@id":"https:\/\/www.welovecycling.com\/se\/#\/schema\/person\/79becb5859fbea43defca47101daf531","name":"hannanaslund","image":{"@type":"ImageObject","inLanguage":"sv-SE","@id":"https:\/\/www.welovecycling.com\/se\/#\/schema\/person\/image\/","url":"https:\/\/secure.gravatar.com\/avatar\/70f66fbb00c5be679dc888b7c35bba74269f61228cb2072dcf46a746bd4bc774?s=96&d=mm&r=g","contentUrl":"https:\/\/secure.gravatar.com\/avatar\/70f66fbb00c5be679dc888b7c35bba74269f61228cb2072dcf46a746bd4bc774?s=96&d=mm&r=g","caption":"hannanaslund"},"url":"https:\/\/www.welovecycling.com\/se\/author\/hannanaslund\/"}]}},"_links":{"self":[{"href":"https:\/\/www.welovecycling.com\/se\/wp-json\/wp\/v2\/posts\/3112","targetHints":{"allow":["GET"]}}],"collection":[{"href":"https:\/\/www.welovecycling.com\/se\/wp-json\/wp\/v2\/posts"}],"about":[{"href":"https:\/\/www.welovecycling.com\/se\/wp-json\/wp\/v2\/types\/post"}],"author":[{"embeddable":true,"href":"https:\/\/www.welovecycling.com\/se\/wp-json\/wp\/v2\/users\/135"}],"replies":[{"embeddable":true,"href":"https:\/\/www.welovecycling.com\/se\/wp-json\/wp\/v2\/comments?post=3112"}],"version-history":[{"count":2,"href":"https:\/\/www.welovecycling.com\/se\/wp-json\/wp\/v2\/posts\/3112\/revisions"}],"predecessor-version":[{"id":3118,"href":"https:\/\/www.welovecycling.com\/se\/wp-json\/wp\/v2\/posts\/3112\/revisions\/3118"}],"wp:featuredmedia":[{"embeddable":true,"href":"https:\/\/www.welovecycling.com\/se\/wp-json\/wp\/v2\/media\/3113"}],"wp:attachment":[{"href":"https:\/\/www.welovecycling.com\/se\/wp-json\/wp\/v2\/media?parent=3112"}],"wp:term":[{"taxonomy":"category","embeddable":true,"href":"https:\/\/www.welovecycling.com\/se\/wp-json\/wp\/v2\/categories?post=3112"},{"taxonomy":"post_tag","embeddable":true,"href":"https:\/\/www.welovecycling.com\/se\/wp-json\/wp\/v2\/tags?post=3112"},{"taxonomy":"global-categories","embeddable":true,"href":"https:\/\/www.welovecycling.com\/se\/wp-json\/wp\/v2\/global-categories?post=3112"}],"curies":[{"name":"wp","href":"https:\/\/api.w.org\/{rel}","templated":true}]}}