{"id":3089,"date":"2021-01-07T11:34:26","date_gmt":"2021-01-07T10:34:26","guid":{"rendered":"https:\/\/www.welovecycling.com\/se\/?p=3089"},"modified":"2021-01-11T09:58:10","modified_gmt":"2021-01-11T08:58:10","slug":"5-exempel-pa-hur-var-cykelcommmunity-starktes-under-2020","status":"publish","type":"post","link":"https:\/\/www.welovecycling.com\/se\/2021\/01\/07\/5-exempel-pa-hur-var-cykelcommmunity-starktes-under-2020\/","title":{"rendered":"5 exempel p\u00e5 hur v\u00e5r cykelcommmunity st\u00e4rktes under 2020"},"content":{"rendered":"<p><strong>Ett \u00e5r av ofrivillig berg- och dalbana \u00e4r till \u00e4nda. N\u00e4r vi ser tillbaka p\u00e5 2020 k\u00e4nner m\u00e5nga f\u00f6rvirring \u00f6ver hur mycket (och lite) som h\u00e4nt sedan vi optimistiskt ringde in \u00e5ret. Vi \u00e4r fortsatt mitt i Covid-19 pandemin, som medf\u00f6rt sorg, \u00e5ngest, ensamhet och f\u00f6rlusten av ett s\u00e4tt att leva som vi tog f\u00f6rgivet. Men \u00e4ven i m\u00f6rker finns ljuspunkter. Vad g\u00e4ller cykling r\u00e5der inget tvivel om att v\u00e5r community st\u00e4rkts under 2020, n\u00e4r vi hittat nya kreativa och inspirerande s\u00e4tt att samlas kring v\u00e5r passion. <\/strong><\/p>\n<p><!--more--><\/p>\n<p>Fler \u00e4n n\u00e5gonsin har hittat till cyklingen under 2020, och m\u00e5nga cyklister uttrycker djup tacksamhet inf\u00f6r den frihet sporten tillf\u00f6r deras liv. Det \u00e4r v\u00e4rt att fira! H\u00e4r \u00e4r n\u00e5gra exempel p\u00e5 hur v\u00e5r globala cykelcommunity visat solidaritet och styrka i utmanande och os\u00e4kra tider.<\/p>\n<h2><strong><em>Online-plattformar m\u00f6jliggjorde gruppcykling p\u00e5 avst\u00e5nd<\/em><\/strong><\/h2>\n<figure id=\"attachment_3094\" aria-describedby=\"caption-attachment-3094\" style=\"width: 1024px\" class=\"wp-caption alignnone\"><a href=\"https:\/\/d2p6e6u75xmxt8.cloudfront.net\/2\/2019\/11\/Friends-MTB-profimedia-0281706401.jpg\"><img loading=\"lazy\" decoding=\"async\" class=\"size-large wp-image-3094\" src=\"https:\/\/d2p6e6u75xmxt8.cloudfront.net\/9\/2021\/01\/Friends-MTB-profimedia-0281706401-1024x681.jpg\" alt=\"Friends Cycling\" width=\"1024\" height=\"681\" srcset=\"https:\/\/d2p6e6u75xmxt8.cloudfront.net\/9\/2021\/01\/Friends-MTB-profimedia-0281706401-1024x681.jpg 1024w, https:\/\/d2p6e6u75xmxt8.cloudfront.net\/9\/2021\/01\/Friends-MTB-profimedia-0281706401-300x199.jpg 300w, https:\/\/d2p6e6u75xmxt8.cloudfront.net\/9\/2021\/01\/Friends-MTB-profimedia-0281706401-768x511.jpg 768w, https:\/\/d2p6e6u75xmxt8.cloudfront.net\/9\/2021\/01\/Friends-MTB-profimedia-0281706401-272x182.jpg 272w, https:\/\/d2p6e6u75xmxt8.cloudfront.net\/9\/2021\/01\/Friends-MTB-profimedia-0281706401.jpg 1250w\" sizes=\"auto, (max-width: 1024px) 100vw, 1024px\" \/><\/a><figcaption id=\"caption-attachment-3094\" class=\"wp-caption-text\">Kan vi inte hetsa varandra i skogen kan vi alltid g\u00f6ra det online!\u00a0 \u00a9 Alamy \/ Alamy \/ Profimedia<\/figcaption><\/figure>\n<p>Begreppet \u201dSocial distansering\u201d, n\u00e5got de flesta av oss aldrig uttalat f\u00f6re mars 2020, blev snabbt en grundbult i v\u00e5ra liv och relationer. En frustrerande och ensam tillvaro blev verklighet f\u00f6r m\u00e5nga, samtidigt som m\u00e4nniskor skred till verket och bevisade hur motst\u00e5ndskraftiga och anpassningsbara vi faktiskt \u00e4r.<\/p>\n<p>S\u00e5dana exempel p\u00e5 okuvlig mentalitet var <a href=\"https:\/\/www.facebook.com\/swedish.zwifters\" target=\"_blank\" rel=\"noopener noreferrer\">Swedish Zwift Riders<\/a>, <a href=\"https:\/\/www.facebook.com\/groups\/215255319880702\" target=\"_blank\" rel=\"noopener noreferrer\">Social Distance Cycling Club<\/a>, och liknande online-n\u00e4tverk som skapades eller v\u00e4xte snabbt under v\u00e5ren. S\u00e5 snart vi uppmanades att h\u00e5lla social distans levde dessa grupper upp i en ambition att fylla tomrummet och signalera till folk att de inte \u00e4r ensamma. F\u00f6r dig som inte hittat till dessa forum \u00e4nnu \u2013 det \u00e4r inte f\u00f6rsent! Vi rekommenderar dem varmt, d\u00e5 de ger l\u00e4ttillg\u00e4nglig inspiration, humor och support. Sj\u00e4lva arenan f\u00f6r online-cyklingen stavas f\u00f6rst\u00e5s Zwift.<\/p>\n<h2><strong><em>Cykelsporten erk\u00e4nde sitt m\u00e5ngfaldsproblem och lovade b\u00e4ttring<\/em><\/strong><\/h2>\n<p>Ut\u00f6ver pandemin f\u00f6rde \u00e5r 2020 med sig ytterligare h\u00e4ndelser som skulle forma v\u00e5r omv\u00e4rld. Det d\u00f6dliga polisv\u00e5ldet mot Geogle Floyd och de efterf\u00f6ljande upproren gav f\u00f6ljdeffekter f\u00f6r stora delar av samh\u00e4llet \u2013 cykelsporten inkluderad. Som svar p\u00e5 de tragiska h\u00e4ndelserna steg lag, organisationer och styrande branschorgan fram f\u00f6r att st\u00f6tta Black Lives-r\u00f6relsen och jobba f\u00f6r social j\u00e4mlikhet inom cyklingen.<\/p>\n<p>Initiativ s\u00e5som cykelburna demonstrationer enade tusentals cyklister i solidaritet, och tunga organisationer som USA Cycling och Trek Bikes skapade skriftliga l\u00f6ften om j\u00e4mlikhet. Vi s\u00e5g en \u00f6kning av f\u00f6rb\u00e4ttrings\u00e5tg\u00e4rder i branschen, med krav p\u00e5 att anst\u00e4llda genomg\u00e5r utbildning i m\u00e5ngfald och inkludering. The Black Cyclists Network skapades f\u00f6r att uppmuntra personer med minoritetsbakgrund att engagera sig i cykling.<\/p>\n<div class=\"embed-controller-wrapper\">\n<blockquote class=\"twitter-tweet\" data-width=\"500\" data-dnt=\"true\">\n<p lang=\"en\" dir=\"ltr\">We created BCN to challenge the status quo and show riders that look like us, that there is a community for them. This project is going to amplify the excellent work we have been doing.<\/p>\n<p>Every Little Helps \ud83d\udda4\u270a\ud83c\udfff<\/p>\n<p>Support the Black Cyclists Network Race Team <a href=\"https:\/\/t.co\/4kTxw6JB2m\">https:\/\/t.co\/4kTxw6JB2m<\/a><\/p>\n<p>&mdash; Black Cyclists Network (@BCNtweet) <a href=\"https:\/\/twitter.com\/BCNtweet\/status\/1273316261456482304?ref_src=twsrc%5Etfw\">June 17, 2020<\/a><\/p><\/blockquote>\n<p><script async data-src=\"https:\/\/platform.twitter.com\/widgets.js\" charset=\"utf-8\"><\/script><\/div>\n<h2><strong><em>Folk cyklade f\u00f6r att st\u00f6tta m\u00e4nniskor i pandemins frontlinje <\/em><\/strong><\/h2>\n<p>F\u00f6rutom att visa solidaritet f\u00f6r rasj\u00e4mlikhet hittade m\u00e5nga cyklister kreativa s\u00e4tt att samla in pengar f\u00f6r pandemins k\u00e4mpar genom att helt enkelt cykla. G\u00e4rna extrema m\u00e4ngder. 2018 \u00e5rs Tour de France-vinnare Geraint Thomas tog ett tidigt initiativ n\u00e4r han kopplade upp sig mot Zwift fr\u00e5n sin inomhuscykel och cyklade 12 timmar per dag &#8211; tre dagar i f\u00f6ljd. Syftet var att st\u00f6tta Storbritanniens offentliga sjukv\u00e5rdsorganisation NHS, och Thomas bj\u00f6d in fler att ansluta. En av m\u00e5nga som tog sig an den tuffa utmaningen var 12-\u00e5riga Mak Larkin, som lyckades matcha de 36 timmarna p\u00e5 trainer, och ensam samlade in \u00f6ver 4700 Euro till NHS.<\/p>\n<p>Zwift agerade snabbt p\u00e5 virusets utbrott och organiserade en serie av v\u00e4lg\u00f6renhetsevent i maj, som en del av deras \u201dTour for All\u201d. Pengarna som samlades in gick till L\u00e4kare utan gr\u00e4nsers krisfond f\u00f6r Covid-19. Organisationer s\u00e5som <a href=\"https:\/\/www.welovecycling.com\/wide\/2017\/01\/18\/bike-project-cycling-changing-lives-refugees-london\/\" target=\"_blank\" rel=\"noopener noreferrer\">The Bike Project<\/a> genomf\u00f6rde insatser f\u00f6r att leverera cyklar till flyktingar, f\u00f6r m\u00f6jlighet till s\u00e4krare transport \u00e4n i kollektivtrafiken. Detta \u00e4r bara n\u00e5gra av hundratals exempel p\u00e5 hur m\u00e4nniskor anv\u00e4nt sina cyklar f\u00f6r att mildra pandemins framfart, och visat att v\u00e5r globala cykelcommunity \u00e4r starkare \u00e4n elaka virus.<\/p>\n<div class=\"embed-controller-wrapper\">\n<blockquote class=\"twitter-tweet\" data-width=\"500\" data-dnt=\"true\">\n<p lang=\"en\" dir=\"ltr\">The <a href=\"https:\/\/twitter.com\/hashtag\/GiftOfABike?src=hash&amp;ref_src=twsrc%5Etfw\">#GiftOfABike<\/a> is more than just transport. It allows refugees like Maureen to feel freedom, joy &amp; liberty. <\/p>\n<p>This Xmas, can you help us gift more bikes to more refugees? Every penny will be doubled in our match giving campaign. <\/p>\n<p>Donate here to help: <a href=\"https:\/\/t.co\/BMZhdqskvN\">https:\/\/t.co\/BMZhdqskvN<\/a> <a href=\"https:\/\/t.co\/nNCVcgiJ2z\">pic.twitter.com\/nNCVcgiJ2z<\/a><\/p>\n<p>&mdash; The Bike Project \ud83e\udde1 (@The_BikeProject) <a href=\"https:\/\/twitter.com\/The_BikeProject\/status\/1330882817417506816?ref_src=twsrc%5Etfw\">November 23, 2020<\/a><\/p><\/blockquote>\n<p><script async data-src=\"https:\/\/platform.twitter.com\/widgets.js\" charset=\"utf-8\"><\/script><\/div>\n<h2><strong><em>Vi pratade om mental h\u00e4lsa och hur den kan f\u00f6rb\u00e4ttras <\/em><\/strong><\/h2>\n<p>M\u00e5nga av v\u00e4lg\u00f6renhetsinitiativen betonade ocks\u00e5 cyklingens betydelse g\u00e4ller att uppr\u00e4tth\u00e5lla en god mental h\u00e4lsa. De restriktioner som inf\u00f6rdes med anledning av pandemin innebar att m\u00e5nga av v\u00e5ra vanliga metoder f\u00f6r att hantera stress och h\u00f6ja hum\u00f6ret, s\u00e5som sociala aktiviteter och gym\/idrottsf\u00f6reningar, blev otillg\u00e4ngliga. L\u00e4gg d\u00e4rtill isolering och orosk\u00e4nslor. M\u00e5nga reflekterade \u00f6ver kopplingen mellan cykling och mental h\u00e4lsa, och k\u00e4nde behov av att dela insikten och p\u00e5 s\u00e5 s\u00e4tt inspirera andra att m\u00e5 b\u00e4ttre.<\/p>\n<p><a href=\"https:\/\/www.bikeradar.com\/news\/coronavirus-cycling-mental-health\/\" target=\"_blank\" rel=\"noopener noreferrer\">En unders\u00f6kning<\/a> p\u00e5 uppdrag av BikeRadar och CALM visade exempelvis att 87 procent av cyklisterna hade cyklat f\u00f6r att \u00f6ka sitt v\u00e4lm\u00e5ende i karant\u00e4nperioder. \u00d6ver en tredjedel av deltagarna erk\u00e4nde att de upplevt psykisk oh\u00e4lsa sedan karant\u00e4nen inleddes, men n\u00e4stan nio av tio var \u00f6verens om att cyklingen haft positiv inverkan p\u00e5 deras m\u00e5ende och f\u00f6rm\u00e5ga att anpassa sig till det r\u00e5dandet l\u00e4get.<\/p>\n<figure id=\"attachment_2673\" aria-describedby=\"caption-attachment-2673\" style=\"width: 1634px\" class=\"wp-caption alignnone\"><img loading=\"lazy\" decoding=\"async\" class=\"wp-image-2673 size-full\" src=\"https:\/\/d2p6e6u75xmxt8.cloudfront.net\/9\/2020\/06\/Agnesmaltesdotter-3149-e1610016492193.jpg\" alt=\"\" width=\"1634\" height=\"1083\" \/><figcaption id=\"caption-attachment-2673\" class=\"wp-caption-text\">Nio av tio \u00e4r \u00f6verens om att cykling har en positiv inverkan p\u00e5 v\u00e5r mentala h\u00e4lsa.\u00a0\u00a9Agnes Maltesdotter<\/figcaption><\/figure>\n<h2><strong><em>St\u00e4der och politiker b\u00f6rjade lyssna till cyklisternas behov<\/em><\/strong><\/h2>\n<p>Oavsett om avsikten var mental h\u00e4lsa, tr\u00e4ning, transport eller n\u00f6je har m\u00e4nniskor cyklat som tokar under 2020. Cykelbranschen gjorde ett ordentligt tillv\u00e4xt\u00e5r, med rekordf\u00f6rs\u00e4ljning hos b\u00e5de butiker och e-handlare. \u00c4ven om utvecklingen k\u00e4nns logisk f\u00f6r oss redan fr\u00e4lsta var det positivt \u00f6verraskande att kommunledningar och rikspolitiker noterade cykeltrenden. Sakta men s\u00e4kert initierades \u00e5tg\u00e4rder och utredningar som ska g\u00f6ra v\u00e5ra st\u00e4der mer v\u00e4lkomnande f\u00f6r tv\u00e5hjuliga resen\u00e4rer.<\/p>\n<p>St\u00e4der runtom i v\u00e4rlden, fr\u00e5n Bryssel till Mexico City, investerade kraftigt i cykelv\u00e4nlig infrastruktur, med fler cykelbanor och s\u00e4nkta hastighetsgr\u00e4nser. Frankrike lovade sina inv\u00e5nare 50 euro i bidrag f\u00f6r cykelservice, s\u00e5 att de \u00e4r redo att anv\u00e4nda cykeln som transportmedel n\u00e4r karant\u00e4nen \u00e4r \u00f6ver. Vi verkar helt enkelt \u00f6verens om att cyklar \u00e4r bra f\u00f6r alla. L\u00e5t oss hoppas att den attityden f\u00f6ljer med oss hela 2021!<\/p>\n","protected":false},"excerpt":{"rendered":"<p>Ett \u00e5r av ofrivillig berg- och dalbana \u00e4r till \u00e4nda. N\u00e4r vi ser tillbaka p\u00e5 2020 k\u00e4nner m\u00e5nga f\u00f6rvirring \u00f6ver [&hellip;]<\/p>\n","protected":false},"author":135,"featured_media":3109,"comment_status":"open","ping_status":"open","sticky":false,"template":"","format":"standard","meta":{"footnotes":""},"categories":[5],"tags":[],"global-categories":[],"class_list":["post-3089","post","type-post","status-publish","format-standard","has-post-thumbnail","hentry","category-nyheter"],"yoast_head":"<!-- This site is optimized with the Yoast SEO Premium plugin v25.3 (Yoast SEO v25.9) - https:\/\/yoast.com\/wordpress\/plugins\/seo\/ -->\n<title>5 exempel p\u00e5 hur v\u00e5r cykelcommmunity st\u00e4rktes under 2020 - We Love Cycling<\/title>\n<meta name=\"description\" content=\"H\u00e4r \u00e4r n\u00e5gra exempel p\u00e5 hur v\u00e5r globala cykelcommunity visat solidaritet och styrka i utmanande och os\u00e4kra tider.\" \/>\n<meta name=\"robots\" content=\"index, follow, max-snippet:-1, max-image-preview:large, max-video-preview:-1\" \/>\n<link rel=\"canonical\" href=\"https:\/\/www.welovecycling.com\/se\/2021\/01\/07\/5-exempel-pa-hur-var-cykelcommmunity-starktes-under-2020\/\" \/>\n<meta property=\"og:locale\" content=\"sv_SE\" \/>\n<meta property=\"og:type\" content=\"article\" \/>\n<meta property=\"og:title\" content=\"5 exempel p\u00e5 hur v\u00e5r cykelcommmunity st\u00e4rktes under 2020\" \/>\n<meta property=\"og:description\" content=\"H\u00e4r \u00e4r n\u00e5gra exempel p\u00e5 hur v\u00e5r globala cykelcommunity visat solidaritet och styrka i utmanande och os\u00e4kra tider.\" \/>\n<meta property=\"og:url\" content=\"https:\/\/www.welovecycling.com\/se\/2021\/01\/07\/5-exempel-pa-hur-var-cykelcommmunity-starktes-under-2020\/\" \/>\n<meta property=\"og:site_name\" content=\"\u0160koda - We Love Cycling - Sweden\" \/>\n<meta property=\"article:published_time\" content=\"2021-01-07T10:34:26+00:00\" \/>\n<meta property=\"article:modified_time\" content=\"2021-01-11T08:58:10+00:00\" \/>\n<meta property=\"og:image\" content=\"https:\/\/d2p6e6u75xmxt8.cloudfront.net\/9\/2021\/01\/Cykelcommunity-7.jpg\" \/>\n\t<meta property=\"og:image:width\" content=\"1600\" \/>\n\t<meta property=\"og:image:height\" content=\"1067\" \/>\n\t<meta property=\"og:image:type\" content=\"image\/jpeg\" \/>\n<meta name=\"author\" content=\"hannanaslund\" \/>\n<meta name=\"twitter:card\" content=\"summary_large_image\" \/>\n<meta name=\"twitter:label1\" content=\"Written by\" \/>\n\t<meta name=\"twitter:data1\" content=\"Megan Flottorp\" \/>\n\t<meta name=\"twitter:label2\" content=\"Est. reading time\" \/>\n\t<meta name=\"twitter:data2\" content=\"7\" \/>\n<script type=\"application\/ld+json\" class=\"yoast-schema-graph\">{\"@context\":\"https:\/\/schema.org\",\"@graph\":[{\"@type\":\"WebPage\",\"@id\":\"https:\/\/www.welovecycling.com\/se\/2021\/01\/07\/5-exempel-pa-hur-var-cykelcommmunity-starktes-under-2020\/\",\"url\":\"https:\/\/www.welovecycling.com\/se\/2021\/01\/07\/5-exempel-pa-hur-var-cykelcommmunity-starktes-under-2020\/\",\"name\":\"5 exempel p\u00e5 hur v\u00e5r cykelcommmunity st\u00e4rktes under 2020 - We Love Cycling\",\"isPartOf\":{\"@id\":\"https:\/\/www.welovecycling.com\/se\/#website\"},\"primaryImageOfPage\":{\"@id\":\"https:\/\/www.welovecycling.com\/se\/2021\/01\/07\/5-exempel-pa-hur-var-cykelcommmunity-starktes-under-2020\/#primaryimage\"},\"image\":{\"@id\":\"https:\/\/www.welovecycling.com\/se\/2021\/01\/07\/5-exempel-pa-hur-var-cykelcommmunity-starktes-under-2020\/#primaryimage\"},\"thumbnailUrl\":\"https:\/\/d2p6e6u75xmxt8.cloudfront.net\/9\/2021\/01\/Cykelcommunity-7.jpg\",\"datePublished\":\"2021-01-07T10:34:26+00:00\",\"dateModified\":\"2021-01-11T08:58:10+00:00\",\"author\":{\"@id\":\"https:\/\/www.welovecycling.com\/se\/#\/schema\/person\/79becb5859fbea43defca47101daf531\"},\"description\":\"H\u00e4r \u00e4r n\u00e5gra exempel p\u00e5 hur v\u00e5r globala cykelcommunity visat solidaritet och styrka i utmanande och os\u00e4kra tider.\",\"breadcrumb\":{\"@id\":\"https:\/\/www.welovecycling.com\/se\/2021\/01\/07\/5-exempel-pa-hur-var-cykelcommmunity-starktes-under-2020\/#breadcrumb\"},\"inLanguage\":\"sv-SE\",\"potentialAction\":[{\"@type\":\"ReadAction\",\"target\":[\"https:\/\/www.welovecycling.com\/se\/2021\/01\/07\/5-exempel-pa-hur-var-cykelcommmunity-starktes-under-2020\/\"]}]},{\"@type\":\"ImageObject\",\"inLanguage\":\"sv-SE\",\"@id\":\"https:\/\/www.welovecycling.com\/se\/2021\/01\/07\/5-exempel-pa-hur-var-cykelcommmunity-starktes-under-2020\/#primaryimage\",\"url\":\"https:\/\/d2p6e6u75xmxt8.cloudfront.net\/9\/2021\/01\/Cykelcommunity-7.jpg\",\"contentUrl\":\"https:\/\/d2p6e6u75xmxt8.cloudfront.net\/9\/2021\/01\/Cykelcommunity-7.jpg\",\"width\":1600,\"height\":1067},{\"@type\":\"BreadcrumbList\",\"@id\":\"https:\/\/www.welovecycling.com\/se\/2021\/01\/07\/5-exempel-pa-hur-var-cykelcommmunity-starktes-under-2020\/#breadcrumb\",\"itemListElement\":[{\"@type\":\"ListItem\",\"position\":1,\"name\":\"Home\",\"item\":\"https:\/\/www.welovecycling.com\/se\/\"},{\"@type\":\"ListItem\",\"position\":2,\"name\":\"5 exempel p\u00e5 hur v\u00e5r cykelcommmunity st\u00e4rktes under 2020\"}]},{\"@type\":\"WebSite\",\"@id\":\"https:\/\/www.welovecycling.com\/se\/#website\",\"url\":\"https:\/\/www.welovecycling.com\/se\/\",\"name\":\"\u0160koda - We Love Cycling - Sweden\",\"description\":\"\u0160koda We Love Cycling - Sweden\",\"potentialAction\":[{\"@type\":\"SearchAction\",\"target\":{\"@type\":\"EntryPoint\",\"urlTemplate\":\"https:\/\/www.welovecycling.com\/se\/?s={search_term_string}\"},\"query-input\":{\"@type\":\"PropertyValueSpecification\",\"valueRequired\":true,\"valueName\":\"search_term_string\"}}],\"inLanguage\":\"sv-SE\"},{\"@type\":\"Person\",\"@id\":\"https:\/\/www.welovecycling.com\/se\/#\/schema\/person\/79becb5859fbea43defca47101daf531\",\"name\":\"hannanaslund\",\"image\":{\"@type\":\"ImageObject\",\"inLanguage\":\"sv-SE\",\"@id\":\"https:\/\/www.welovecycling.com\/se\/#\/schema\/person\/image\/\",\"url\":\"https:\/\/secure.gravatar.com\/avatar\/70f66fbb00c5be679dc888b7c35bba74269f61228cb2072dcf46a746bd4bc774?s=96&d=mm&r=g\",\"contentUrl\":\"https:\/\/secure.gravatar.com\/avatar\/70f66fbb00c5be679dc888b7c35bba74269f61228cb2072dcf46a746bd4bc774?s=96&d=mm&r=g\",\"caption\":\"hannanaslund\"},\"url\":\"https:\/\/www.welovecycling.com\/se\/author\/hannanaslund\/\"}]}<\/script>\n<!-- \/ Yoast SEO Premium plugin. -->","yoast_head_json":{"title":"5 exempel p\u00e5 hur v\u00e5r cykelcommmunity st\u00e4rktes under 2020 - We Love Cycling","description":"H\u00e4r \u00e4r n\u00e5gra exempel p\u00e5 hur v\u00e5r globala cykelcommunity visat solidaritet och styrka i utmanande och os\u00e4kra tider.","robots":{"index":"index","follow":"follow","max-snippet":"max-snippet:-1","max-image-preview":"max-image-preview:large","max-video-preview":"max-video-preview:-1"},"canonical":"https:\/\/www.welovecycling.com\/se\/2021\/01\/07\/5-exempel-pa-hur-var-cykelcommmunity-starktes-under-2020\/","og_locale":"sv_SE","og_type":"article","og_title":"5 exempel p\u00e5 hur v\u00e5r cykelcommmunity st\u00e4rktes under 2020","og_description":"H\u00e4r \u00e4r n\u00e5gra exempel p\u00e5 hur v\u00e5r globala cykelcommunity visat solidaritet och styrka i utmanande och os\u00e4kra tider.","og_url":"https:\/\/www.welovecycling.com\/se\/2021\/01\/07\/5-exempel-pa-hur-var-cykelcommmunity-starktes-under-2020\/","og_site_name":"\u0160koda - We Love Cycling - Sweden","article_published_time":"2021-01-07T10:34:26+00:00","article_modified_time":"2021-01-11T08:58:10+00:00","og_image":[{"width":1600,"height":1067,"url":"https:\/\/d2p6e6u75xmxt8.cloudfront.net\/9\/2021\/01\/Cykelcommunity-7.jpg","type":"image\/jpeg"}],"author":"hannanaslund","twitter_card":"summary_large_image","twitter_misc":{"Written by":"Megan Flottorp","Est. reading time":"7"},"schema":{"@context":"https:\/\/schema.org","@graph":[{"@type":"WebPage","@id":"https:\/\/www.welovecycling.com\/se\/2021\/01\/07\/5-exempel-pa-hur-var-cykelcommmunity-starktes-under-2020\/","url":"https:\/\/www.welovecycling.com\/se\/2021\/01\/07\/5-exempel-pa-hur-var-cykelcommmunity-starktes-under-2020\/","name":"5 exempel p\u00e5 hur v\u00e5r cykelcommmunity st\u00e4rktes under 2020 - We Love Cycling","isPartOf":{"@id":"https:\/\/www.welovecycling.com\/se\/#website"},"primaryImageOfPage":{"@id":"https:\/\/www.welovecycling.com\/se\/2021\/01\/07\/5-exempel-pa-hur-var-cykelcommmunity-starktes-under-2020\/#primaryimage"},"image":{"@id":"https:\/\/www.welovecycling.com\/se\/2021\/01\/07\/5-exempel-pa-hur-var-cykelcommmunity-starktes-under-2020\/#primaryimage"},"thumbnailUrl":"https:\/\/d2p6e6u75xmxt8.cloudfront.net\/9\/2021\/01\/Cykelcommunity-7.jpg","datePublished":"2021-01-07T10:34:26+00:00","dateModified":"2021-01-11T08:58:10+00:00","author":{"@id":"https:\/\/www.welovecycling.com\/se\/#\/schema\/person\/79becb5859fbea43defca47101daf531"},"description":"H\u00e4r \u00e4r n\u00e5gra exempel p\u00e5 hur v\u00e5r globala cykelcommunity visat solidaritet och styrka i utmanande och os\u00e4kra tider.","breadcrumb":{"@id":"https:\/\/www.welovecycling.com\/se\/2021\/01\/07\/5-exempel-pa-hur-var-cykelcommmunity-starktes-under-2020\/#breadcrumb"},"inLanguage":"sv-SE","potentialAction":[{"@type":"ReadAction","target":["https:\/\/www.welovecycling.com\/se\/2021\/01\/07\/5-exempel-pa-hur-var-cykelcommmunity-starktes-under-2020\/"]}]},{"@type":"ImageObject","inLanguage":"sv-SE","@id":"https:\/\/www.welovecycling.com\/se\/2021\/01\/07\/5-exempel-pa-hur-var-cykelcommmunity-starktes-under-2020\/#primaryimage","url":"https:\/\/d2p6e6u75xmxt8.cloudfront.net\/9\/2021\/01\/Cykelcommunity-7.jpg","contentUrl":"https:\/\/d2p6e6u75xmxt8.cloudfront.net\/9\/2021\/01\/Cykelcommunity-7.jpg","width":1600,"height":1067},{"@type":"BreadcrumbList","@id":"https:\/\/www.welovecycling.com\/se\/2021\/01\/07\/5-exempel-pa-hur-var-cykelcommmunity-starktes-under-2020\/#breadcrumb","itemListElement":[{"@type":"ListItem","position":1,"name":"Home","item":"https:\/\/www.welovecycling.com\/se\/"},{"@type":"ListItem","position":2,"name":"5 exempel p\u00e5 hur v\u00e5r cykelcommmunity st\u00e4rktes under 2020"}]},{"@type":"WebSite","@id":"https:\/\/www.welovecycling.com\/se\/#website","url":"https:\/\/www.welovecycling.com\/se\/","name":"\u0160koda - We Love Cycling - Sweden","description":"\u0160koda We Love Cycling - Sweden","potentialAction":[{"@type":"SearchAction","target":{"@type":"EntryPoint","urlTemplate":"https:\/\/www.welovecycling.com\/se\/?s={search_term_string}"},"query-input":{"@type":"PropertyValueSpecification","valueRequired":true,"valueName":"search_term_string"}}],"inLanguage":"sv-SE"},{"@type":"Person","@id":"https:\/\/www.welovecycling.com\/se\/#\/schema\/person\/79becb5859fbea43defca47101daf531","name":"hannanaslund","image":{"@type":"ImageObject","inLanguage":"sv-SE","@id":"https:\/\/www.welovecycling.com\/se\/#\/schema\/person\/image\/","url":"https:\/\/secure.gravatar.com\/avatar\/70f66fbb00c5be679dc888b7c35bba74269f61228cb2072dcf46a746bd4bc774?s=96&d=mm&r=g","contentUrl":"https:\/\/secure.gravatar.com\/avatar\/70f66fbb00c5be679dc888b7c35bba74269f61228cb2072dcf46a746bd4bc774?s=96&d=mm&r=g","caption":"hannanaslund"},"url":"https:\/\/www.welovecycling.com\/se\/author\/hannanaslund\/"}]}},"_links":{"self":[{"href":"https:\/\/www.welovecycling.com\/se\/wp-json\/wp\/v2\/posts\/3089","targetHints":{"allow":["GET"]}}],"collection":[{"href":"https:\/\/www.welovecycling.com\/se\/wp-json\/wp\/v2\/posts"}],"about":[{"href":"https:\/\/www.welovecycling.com\/se\/wp-json\/wp\/v2\/types\/post"}],"author":[{"embeddable":true,"href":"https:\/\/www.welovecycling.com\/se\/wp-json\/wp\/v2\/users\/135"}],"replies":[{"embeddable":true,"href":"https:\/\/www.welovecycling.com\/se\/wp-json\/wp\/v2\/comments?post=3089"}],"version-history":[{"count":2,"href":"https:\/\/www.welovecycling.com\/se\/wp-json\/wp\/v2\/posts\/3089\/revisions"}],"predecessor-version":[{"id":3110,"href":"https:\/\/www.welovecycling.com\/se\/wp-json\/wp\/v2\/posts\/3089\/revisions\/3110"}],"wp:featuredmedia":[{"embeddable":true,"href":"https:\/\/www.welovecycling.com\/se\/wp-json\/wp\/v2\/media\/3109"}],"wp:attachment":[{"href":"https:\/\/www.welovecycling.com\/se\/wp-json\/wp\/v2\/media?parent=3089"}],"wp:term":[{"taxonomy":"category","embeddable":true,"href":"https:\/\/www.welovecycling.com\/se\/wp-json\/wp\/v2\/categories?post=3089"},{"taxonomy":"post_tag","embeddable":true,"href":"https:\/\/www.welovecycling.com\/se\/wp-json\/wp\/v2\/tags?post=3089"},{"taxonomy":"global-categories","embeddable":true,"href":"https:\/\/www.welovecycling.com\/se\/wp-json\/wp\/v2\/global-categories?post=3089"}],"curies":[{"name":"wp","href":"https:\/\/api.w.org\/{rel}","templated":true}]}}