{"id":3079,"date":"2020-12-28T13:39:44","date_gmt":"2020-12-28T12:39:44","guid":{"rendered":"https:\/\/www.welovecycling.com\/se\/?p=3079"},"modified":"2020-12-28T18:25:37","modified_gmt":"2020-12-28T17:25:37","slug":"skoda-sverige-ny-officiell-partner-till-scf-e-cycling-2021","status":"publish","type":"post","link":"https:\/\/www.welovecycling.com\/se\/2020\/12\/28\/skoda-sverige-ny-officiell-partner-till-scf-e-cycling-2021\/","title":{"rendered":"\u0160koda Sverige ny officiell partner till SCF E-cycling 2021"},"content":{"rendered":"<p><strong>Svenska Cykelf\u00f6rbundet v\u00e4xlar upp inom den snabbt v\u00e4xande grenen E-cycling. Tillsammans med \u0160koda Sverige, ny officiell partner till f\u00f6rbundets E-cycling, arrangeras SWE Cup, SM och ett antal sociala event inom virtuell cykling 2021. <\/strong><\/p>\n<p>\u2013 F\u00f6rbundet ser stora m\u00f6jligheter i att utveckla E-cycling, som \u00e4r en av f\u00e5 sporter som p\u00e5g\u00e5tt i princip som vanligt under pandemin. Samarbetet med \u0160koda g\u00f6r att vi f\u00e5r \u00f6kade m\u00f6jligheter att forts\u00e4tta utveckla verksamheten och locka fler till sporten, s\u00e4ger Conny Bj\u00f6rnehall, ordf\u00f6rande E-cycling p\u00e5 Svenska Cykelf\u00f6rbundet.<\/p>\n<p>Sverige ligger l\u00e5ngt fram inom E-cycling och har n\u00e5gra av v\u00e4rldens b\u00e4sta cyklister p\u00e5 b\u00e5de dam- och herrsidan. SCF arrangerar redan ett antal t\u00e4vlingar inom b\u00e5de landsv\u00e4g och MTB p\u00e5 online-plattformen Zwift, som idag har en miljon anv\u00e4ndare globalt. SWE Cup 2020 lockade 500-700 cyklister per lopp, och intresset v\u00e4ntas v\u00e4xa till 2021. En resa som det cyklande bilvarum\u00e4rket \u0160koda g\u00e4rna \u00e4r med p\u00e5.<\/p>\n<p>\u2013 \u00adVi vet att E-cycling betyder mycket f\u00f6r m\u00e5nga detta utmanande \u00e5r, och vi vill jobba f\u00f6r att fler hittar till den virtuella cyklingen. Med \u0160kodas bakgrund och engagemang inom cykel k\u00e4nns det sj\u00e4lvklart att vi \u00e4r med n\u00e4r en ny gren v\u00e4xer fram, s\u00e4ger Veronica Nilsson, Press- och sponsoransvarig p\u00e5 \u0160koda<\/p>\n<p><strong>Stark koppling till cykel<\/strong><\/p>\n<p>\u0160koda Sverige \u00e4r tidigare aktiva inom svensk cykling genom \u0160koda Cycling Team, ett initiativ d\u00e4r rutinerade cyklister bildar lag med motion\u00e4rer f\u00f6r att cykla runt V\u00e4ttern. Ut\u00f6ver V\u00e4tternrundan \u00e4r \u0160koda ocks\u00e5 huvudsponsor till Tour de France och Giro di\u2019Italia, och n\u00e4r bolaget grundades \u00e5r 1895 i Tjeckien var det inledningsvis just cyklar som tillverkades. P\u00e5 samma adress i Mlada Boleslav bygger \u0160koda idag en miljon bilar varje \u00e5r.<\/p>\n<p>\u0160koda blir officiell partner f\u00f6r Svenska Cykelf\u00f6rbundets E-cycling 2021, vilket innefattar sponsorskap f\u00f6r SWE Cup, SM och ett antal sociala event i form av virtuell gruppcykling. \u00c5rets upplaga av SWE Cup k\u00f6rs i tio omg\u00e5ngar med start den 4 januari.<\/p>\n<h3><a href=\"https:\/\/scf.se\/e-cycling\/event\/swe-cup\/\" target=\"_blank\" rel=\"noopener noreferrer\"><strong>L\u00e4s mer om SWE Cup E-cycling<\/strong><\/a><\/h3>\n<p>Har du fr\u00e5gor om samarbetet eller E-cycling? Kontakta g\u00e4rna:<\/p>\n<p><strong>Conny Bj\u00f6rnehall<br \/>\n<\/strong>Ordf\u00f6rande E-cycling<br \/>\nSvenska Cykelf\u00f6rbundet<br \/>\nTel: 070-650 88 00<br \/>\n<a href=\"mailto:conny.bjornehall@scf.se\">conny.bjornehall@scf.se<\/a><\/p>\n<p><strong>Veronica Nilsson<br \/>\n<\/strong>Press- och sponsoransvarig<br \/>\n\u0160koda Sverige<br \/>\nTel: 070-164 78 61<br \/>\n<a href=\"mailto:veronica.nilsson@skoda.se\">veronica.nilsson@skoda.se<\/a><\/p>\n","protected":false},"excerpt":{"rendered":"<p>Svenska Cykelf\u00f6rbundet v\u00e4xlar upp inom den snabbt v\u00e4xande grenen E-cycling. Tillsammans med \u0160koda Sverige, ny officiell partner till f\u00f6rbundets E-cycling, [&hellip;]<\/p>\n","protected":false},"author":1,"featured_media":3081,"comment_status":"open","ping_status":"open","sticky":false,"template":"","format":"standard","meta":{"footnotes":""},"categories":[5],"tags":[],"global-categories":[36],"class_list":["post-3079","post","type-post","status-publish","format-standard","has-post-thumbnail","hentry","category-nyheter","global-categories-cycling"],"yoast_head":"<!-- This site is optimized with the Yoast SEO Premium plugin v25.3 (Yoast SEO v25.9) - https:\/\/yoast.com\/wordpress\/plugins\/seo\/ -->\n<title>\u0160koda Sverige ny officiell partner till SCF E-cycling 2021 - \u0160koda - We Love Cycling - Sweden<\/title>\n<meta name=\"robots\" content=\"index, follow, max-snippet:-1, max-image-preview:large, max-video-preview:-1\" \/>\n<link rel=\"canonical\" href=\"https:\/\/www.welovecycling.com\/se\/2020\/12\/28\/skoda-sverige-ny-officiell-partner-till-scf-e-cycling-2021\/\" \/>\n<meta property=\"og:locale\" content=\"sv_SE\" \/>\n<meta property=\"og:type\" content=\"article\" \/>\n<meta property=\"og:title\" content=\"\u0160koda Sverige ny officiell partner till SCF E-cycling 2021\" \/>\n<meta property=\"og:description\" content=\"Svenska Cykelf\u00f6rbundet v\u00e4xlar upp inom den snabbt v\u00e4xande grenen E-cycling. Tillsammans med \u0160koda Sverige, ny officiell partner till f\u00f6rbundets E-cycling, [&hellip;]\" \/>\n<meta property=\"og:url\" content=\"https:\/\/www.welovecycling.com\/se\/2020\/12\/28\/skoda-sverige-ny-officiell-partner-till-scf-e-cycling-2021\/\" \/>\n<meta property=\"og:site_name\" content=\"\u0160koda - We Love Cycling - Sweden\" \/>\n<meta property=\"article:published_time\" content=\"2020-12-28T12:39:44+00:00\" \/>\n<meta property=\"article:modified_time\" content=\"2020-12-28T17:25:37+00:00\" \/>\n<meta property=\"og:image\" content=\"https:\/\/d2p6e6u75xmxt8.cloudfront.net\/9\/2020\/12\/UCI-ZWIFT-SWE2-scaled.jpg\" \/>\n\t<meta property=\"og:image:width\" content=\"2560\" \/>\n\t<meta property=\"og:image:height\" content=\"1440\" \/>\n\t<meta property=\"og:image:type\" content=\"image\/jpeg\" \/>\n<meta name=\"author\" content=\"WeLoveCycling\" \/>\n<meta name=\"twitter:card\" content=\"summary_large_image\" \/>\n<meta name=\"twitter:label1\" content=\"Written by\" \/>\n\t<meta name=\"twitter:data1\" content=\"WeLoveCycling\" \/>\n\t<meta name=\"twitter:label2\" content=\"Est. reading time\" \/>\n\t<meta name=\"twitter:data2\" content=\"2 minutes\" \/>\n<script type=\"application\/ld+json\" class=\"yoast-schema-graph\">{\"@context\":\"https:\/\/schema.org\",\"@graph\":[{\"@type\":\"WebPage\",\"@id\":\"https:\/\/www.welovecycling.com\/se\/2020\/12\/28\/skoda-sverige-ny-officiell-partner-till-scf-e-cycling-2021\/\",\"url\":\"https:\/\/www.welovecycling.com\/se\/2020\/12\/28\/skoda-sverige-ny-officiell-partner-till-scf-e-cycling-2021\/\",\"name\":\"\u0160koda Sverige ny officiell partner till SCF E-cycling 2021 - \u0160koda - We Love Cycling - Sweden\",\"isPartOf\":{\"@id\":\"https:\/\/www.welovecycling.com\/se\/#website\"},\"primaryImageOfPage\":{\"@id\":\"https:\/\/www.welovecycling.com\/se\/2020\/12\/28\/skoda-sverige-ny-officiell-partner-till-scf-e-cycling-2021\/#primaryimage\"},\"image\":{\"@id\":\"https:\/\/www.welovecycling.com\/se\/2020\/12\/28\/skoda-sverige-ny-officiell-partner-till-scf-e-cycling-2021\/#primaryimage\"},\"thumbnailUrl\":\"https:\/\/d2p6e6u75xmxt8.cloudfront.net\/9\/2020\/12\/UCI-ZWIFT-SWE2-scaled.jpg\",\"datePublished\":\"2020-12-28T12:39:44+00:00\",\"dateModified\":\"2020-12-28T17:25:37+00:00\",\"author\":{\"@id\":\"https:\/\/www.welovecycling.com\/se\/#\/schema\/person\/e5187c9cac8dd619ebc7b41bd73c2fd9\"},\"breadcrumb\":{\"@id\":\"https:\/\/www.welovecycling.com\/se\/2020\/12\/28\/skoda-sverige-ny-officiell-partner-till-scf-e-cycling-2021\/#breadcrumb\"},\"inLanguage\":\"sv-SE\",\"potentialAction\":[{\"@type\":\"ReadAction\",\"target\":[\"https:\/\/www.welovecycling.com\/se\/2020\/12\/28\/skoda-sverige-ny-officiell-partner-till-scf-e-cycling-2021\/\"]}]},{\"@type\":\"ImageObject\",\"inLanguage\":\"sv-SE\",\"@id\":\"https:\/\/www.welovecycling.com\/se\/2020\/12\/28\/skoda-sverige-ny-officiell-partner-till-scf-e-cycling-2021\/#primaryimage\",\"url\":\"https:\/\/d2p6e6u75xmxt8.cloudfront.net\/9\/2020\/12\/UCI-ZWIFT-SWE2-scaled.jpg\",\"contentUrl\":\"https:\/\/d2p6e6u75xmxt8.cloudfront.net\/9\/2020\/12\/UCI-ZWIFT-SWE2-scaled.jpg\",\"width\":2560,\"height\":1440},{\"@type\":\"BreadcrumbList\",\"@id\":\"https:\/\/www.welovecycling.com\/se\/2020\/12\/28\/skoda-sverige-ny-officiell-partner-till-scf-e-cycling-2021\/#breadcrumb\",\"itemListElement\":[{\"@type\":\"ListItem\",\"position\":1,\"name\":\"Home\",\"item\":\"https:\/\/www.welovecycling.com\/se\/\"},{\"@type\":\"ListItem\",\"position\":2,\"name\":\"\u0160koda Sverige ny officiell partner till SCF E-cycling 2021\"}]},{\"@type\":\"WebSite\",\"@id\":\"https:\/\/www.welovecycling.com\/se\/#website\",\"url\":\"https:\/\/www.welovecycling.com\/se\/\",\"name\":\"\u0160koda - We Love Cycling - Sweden\",\"description\":\"\u0160koda We Love Cycling - Sweden\",\"potentialAction\":[{\"@type\":\"SearchAction\",\"target\":{\"@type\":\"EntryPoint\",\"urlTemplate\":\"https:\/\/www.welovecycling.com\/se\/?s={search_term_string}\"},\"query-input\":{\"@type\":\"PropertyValueSpecification\",\"valueRequired\":true,\"valueName\":\"search_term_string\"}}],\"inLanguage\":\"sv-SE\"},{\"@type\":\"Person\",\"@id\":\"https:\/\/www.welovecycling.com\/se\/#\/schema\/person\/e5187c9cac8dd619ebc7b41bd73c2fd9\",\"name\":\"WeLoveCycling\",\"image\":{\"@type\":\"ImageObject\",\"inLanguage\":\"sv-SE\",\"@id\":\"https:\/\/www.welovecycling.com\/se\/#\/schema\/person\/image\/\",\"url\":\"https:\/\/secure.gravatar.com\/avatar\/7e1ee0ecc5e294b19ef32b9f6086e0afbb9da00c3cb0d465ba4695331f4a9187?s=96&d=mm&r=g\",\"contentUrl\":\"https:\/\/secure.gravatar.com\/avatar\/7e1ee0ecc5e294b19ef32b9f6086e0afbb9da00c3cb0d465ba4695331f4a9187?s=96&d=mm&r=g\",\"caption\":\"WeLoveCycling\"},\"url\":\"https:\/\/www.welovecycling.com\/se\/author\/lukascech\/\"}]}<\/script>\n<!-- \/ Yoast SEO Premium plugin. -->","yoast_head_json":{"title":"\u0160koda Sverige ny officiell partner till SCF E-cycling 2021 - \u0160koda - We Love Cycling - Sweden","robots":{"index":"index","follow":"follow","max-snippet":"max-snippet:-1","max-image-preview":"max-image-preview:large","max-video-preview":"max-video-preview:-1"},"canonical":"https:\/\/www.welovecycling.com\/se\/2020\/12\/28\/skoda-sverige-ny-officiell-partner-till-scf-e-cycling-2021\/","og_locale":"sv_SE","og_type":"article","og_title":"\u0160koda Sverige ny officiell partner till SCF E-cycling 2021","og_description":"Svenska Cykelf\u00f6rbundet v\u00e4xlar upp inom den snabbt v\u00e4xande grenen E-cycling. Tillsammans med \u0160koda Sverige, ny officiell partner till f\u00f6rbundets E-cycling, [&hellip;]","og_url":"https:\/\/www.welovecycling.com\/se\/2020\/12\/28\/skoda-sverige-ny-officiell-partner-till-scf-e-cycling-2021\/","og_site_name":"\u0160koda - We Love Cycling - Sweden","article_published_time":"2020-12-28T12:39:44+00:00","article_modified_time":"2020-12-28T17:25:37+00:00","og_image":[{"width":2560,"height":1440,"url":"https:\/\/d2p6e6u75xmxt8.cloudfront.net\/9\/2020\/12\/UCI-ZWIFT-SWE2-scaled.jpg","type":"image\/jpeg"}],"author":"WeLoveCycling","twitter_card":"summary_large_image","twitter_misc":{"Written by":"WeLoveCycling","Est. reading time":"2 minutes"},"schema":{"@context":"https:\/\/schema.org","@graph":[{"@type":"WebPage","@id":"https:\/\/www.welovecycling.com\/se\/2020\/12\/28\/skoda-sverige-ny-officiell-partner-till-scf-e-cycling-2021\/","url":"https:\/\/www.welovecycling.com\/se\/2020\/12\/28\/skoda-sverige-ny-officiell-partner-till-scf-e-cycling-2021\/","name":"\u0160koda Sverige ny officiell partner till SCF E-cycling 2021 - \u0160koda - We Love Cycling - Sweden","isPartOf":{"@id":"https:\/\/www.welovecycling.com\/se\/#website"},"primaryImageOfPage":{"@id":"https:\/\/www.welovecycling.com\/se\/2020\/12\/28\/skoda-sverige-ny-officiell-partner-till-scf-e-cycling-2021\/#primaryimage"},"image":{"@id":"https:\/\/www.welovecycling.com\/se\/2020\/12\/28\/skoda-sverige-ny-officiell-partner-till-scf-e-cycling-2021\/#primaryimage"},"thumbnailUrl":"https:\/\/d2p6e6u75xmxt8.cloudfront.net\/9\/2020\/12\/UCI-ZWIFT-SWE2-scaled.jpg","datePublished":"2020-12-28T12:39:44+00:00","dateModified":"2020-12-28T17:25:37+00:00","author":{"@id":"https:\/\/www.welovecycling.com\/se\/#\/schema\/person\/e5187c9cac8dd619ebc7b41bd73c2fd9"},"breadcrumb":{"@id":"https:\/\/www.welovecycling.com\/se\/2020\/12\/28\/skoda-sverige-ny-officiell-partner-till-scf-e-cycling-2021\/#breadcrumb"},"inLanguage":"sv-SE","potentialAction":[{"@type":"ReadAction","target":["https:\/\/www.welovecycling.com\/se\/2020\/12\/28\/skoda-sverige-ny-officiell-partner-till-scf-e-cycling-2021\/"]}]},{"@type":"ImageObject","inLanguage":"sv-SE","@id":"https:\/\/www.welovecycling.com\/se\/2020\/12\/28\/skoda-sverige-ny-officiell-partner-till-scf-e-cycling-2021\/#primaryimage","url":"https:\/\/d2p6e6u75xmxt8.cloudfront.net\/9\/2020\/12\/UCI-ZWIFT-SWE2-scaled.jpg","contentUrl":"https:\/\/d2p6e6u75xmxt8.cloudfront.net\/9\/2020\/12\/UCI-ZWIFT-SWE2-scaled.jpg","width":2560,"height":1440},{"@type":"BreadcrumbList","@id":"https:\/\/www.welovecycling.com\/se\/2020\/12\/28\/skoda-sverige-ny-officiell-partner-till-scf-e-cycling-2021\/#breadcrumb","itemListElement":[{"@type":"ListItem","position":1,"name":"Home","item":"https:\/\/www.welovecycling.com\/se\/"},{"@type":"ListItem","position":2,"name":"\u0160koda Sverige ny officiell partner till SCF E-cycling 2021"}]},{"@type":"WebSite","@id":"https:\/\/www.welovecycling.com\/se\/#website","url":"https:\/\/www.welovecycling.com\/se\/","name":"\u0160koda - We Love Cycling - Sweden","description":"\u0160koda We Love Cycling - Sweden","potentialAction":[{"@type":"SearchAction","target":{"@type":"EntryPoint","urlTemplate":"https:\/\/www.welovecycling.com\/se\/?s={search_term_string}"},"query-input":{"@type":"PropertyValueSpecification","valueRequired":true,"valueName":"search_term_string"}}],"inLanguage":"sv-SE"},{"@type":"Person","@id":"https:\/\/www.welovecycling.com\/se\/#\/schema\/person\/e5187c9cac8dd619ebc7b41bd73c2fd9","name":"WeLoveCycling","image":{"@type":"ImageObject","inLanguage":"sv-SE","@id":"https:\/\/www.welovecycling.com\/se\/#\/schema\/person\/image\/","url":"https:\/\/secure.gravatar.com\/avatar\/7e1ee0ecc5e294b19ef32b9f6086e0afbb9da00c3cb0d465ba4695331f4a9187?s=96&d=mm&r=g","contentUrl":"https:\/\/secure.gravatar.com\/avatar\/7e1ee0ecc5e294b19ef32b9f6086e0afbb9da00c3cb0d465ba4695331f4a9187?s=96&d=mm&r=g","caption":"WeLoveCycling"},"url":"https:\/\/www.welovecycling.com\/se\/author\/lukascech\/"}]}},"_links":{"self":[{"href":"https:\/\/www.welovecycling.com\/se\/wp-json\/wp\/v2\/posts\/3079","targetHints":{"allow":["GET"]}}],"collection":[{"href":"https:\/\/www.welovecycling.com\/se\/wp-json\/wp\/v2\/posts"}],"about":[{"href":"https:\/\/www.welovecycling.com\/se\/wp-json\/wp\/v2\/types\/post"}],"author":[{"embeddable":true,"href":"https:\/\/www.welovecycling.com\/se\/wp-json\/wp\/v2\/users\/1"}],"replies":[{"embeddable":true,"href":"https:\/\/www.welovecycling.com\/se\/wp-json\/wp\/v2\/comments?post=3079"}],"version-history":[{"count":2,"href":"https:\/\/www.welovecycling.com\/se\/wp-json\/wp\/v2\/posts\/3079\/revisions"}],"predecessor-version":[{"id":3087,"href":"https:\/\/www.welovecycling.com\/se\/wp-json\/wp\/v2\/posts\/3079\/revisions\/3087"}],"wp:featuredmedia":[{"embeddable":true,"href":"https:\/\/www.welovecycling.com\/se\/wp-json\/wp\/v2\/media\/3081"}],"wp:attachment":[{"href":"https:\/\/www.welovecycling.com\/se\/wp-json\/wp\/v2\/media?parent=3079"}],"wp:term":[{"taxonomy":"category","embeddable":true,"href":"https:\/\/www.welovecycling.com\/se\/wp-json\/wp\/v2\/categories?post=3079"},{"taxonomy":"post_tag","embeddable":true,"href":"https:\/\/www.welovecycling.com\/se\/wp-json\/wp\/v2\/tags?post=3079"},{"taxonomy":"global-categories","embeddable":true,"href":"https:\/\/www.welovecycling.com\/se\/wp-json\/wp\/v2\/global-categories?post=3079"}],"curies":[{"name":"wp","href":"https:\/\/api.w.org\/{rel}","templated":true}]}}