{"id":3044,"date":"2020-12-09T13:17:26","date_gmt":"2020-12-09T12:17:26","guid":{"rendered":"https:\/\/www.welovecycling.com\/se\/?p=3044"},"modified":"2020-12-10T13:15:57","modified_gmt":"2020-12-10T12:15:57","slug":"svenska-medaljchanser-i-historiskt-vm-i-e-cykel","status":"publish","type":"post","link":"https:\/\/www.welovecycling.com\/se\/2020\/12\/09\/svenska-medaljchanser-i-historiskt-vm-i-e-cykel\/","title":{"rendered":"Historiskt VM-brons i e-cykling till Cecilia Hansen"},"content":{"rendered":"<div class=\"kvgmc6g5 cxmmr5t8 oygrvhab hcukyx3x c1et5uql ii04i59q\">\n<p dir=\"auto\"><strong>(Uppdatering 10 dec) Det blev en rafflande uppg\u00f6relse i damernas final under de f\u00f6rsta v\u00e4rldsm\u00e4sterskapet i e-cykling. Cecilia Hansen \u00f6verraskade med ett imponerande brons efter segrande Ashleigh Moolman Pasio och tv\u00e5an Sarah Gigante. <\/strong><\/p>\n<p dir=\"auto\">D\u00e4rmed slog hon v\u00e4rldselit\u00e5kare s\u00e5som Annika Langvad och Anna van der Breggen, vilket visar p\u00e5 enorm kapacitet &#8211; och hur avg\u00f6rande specifika Zwift-skills \u00e4r i det virtuella t\u00e4vlandet. Emma Belforth slutade 8:a och b\u00e4st av de svenska herrarna blev Johan Nor\u00e9n.<\/p>\n<p><a href=\"https:\/\/scf.se\/e-cycling\/2020\/12\/09\/vm-brons-till-cecilia-hansen-i-sveriges-forsta-masterskap-i-e-cycling\/\">L\u00e4s om hur det gick f\u00f6r \u00f6vriga svenskar<\/a><\/p>\n<p><img loading=\"lazy\" decoding=\"async\" class=\"alignnone size-full wp-image-3075\" src=\"https:\/\/d2p6e6u75xmxt8.cloudfront.net\/9\/2020\/12\/vm-brons-737x480-1.jpg\" alt=\"\" width=\"737\" height=\"480\" srcset=\"https:\/\/d2p6e6u75xmxt8.cloudfront.net\/9\/2020\/12\/vm-brons-737x480-1.jpg 737w, https:\/\/d2p6e6u75xmxt8.cloudfront.net\/9\/2020\/12\/vm-brons-737x480-1-300x195.jpg 300w\" sizes=\"auto, (max-width: 737px) 100vw, 737px\" \/><em>Cecilia Hansen \u00e4r hemmah\u00f6rande i Norberg och \u00e4r 39 \u00e5r och erfaren zwiftare och landsv\u00e4gscyklist<\/em><\/p>\n<\/div>\n<h3>Svenska medaljchanser i historiskt VM i e-cykel<\/h3>\n<div class=\"kvgmc6g5 cxmmr5t8 oygrvhab hcukyx3x c1et5uql ii04i59q\">\n<p dir=\"auto\">Onsdag 9 december kan du f\u00f6lja historiens f\u00f6rsta UCI Cycling Esports World Championship, d\u00e4r 22 l\u00e4nder med totalt 55 kvinnliga och 78 manliga deltagare tar sig an en 50 km l\u00e5ng virtuell bana. Intresset f\u00f6r att koppla upp sig hemma f\u00f6r att tr\u00e4na med och t\u00e4vla mot andra digitalt v\u00e4xer snabbt, och den ledande plattformen Zwift har idag \u00f6ver en miljon anv\u00e4ndare.<\/p>\n<\/div>\n<div class=\"o9v6fnle cxmmr5t8 oygrvhab hcukyx3x c1et5uql ii04i59q\">\n<p>Den svenska VM-truppen representeras p\u00e5 damsidan av Zwift-veteranerna Malene Bj\u00e4rehed och Cecilia Hassen samt Emma Belforth, som fl\u00e5sade Jenny Rissveds i nacken under \u00e5rets MTB-SM i XCO, d\u00e4r hon till sist knep en silverplats. P\u00e5 herrsidan respresenterar allround-cyklisten Samuel Br\u00e4nnlund, l\u00e5nglopps\u00e5karen Johan Nor\u00e9n och den i sammanhanget minst rutinerade Olof \u00c5str\u00f6m, med bakgrund som cykelbud. Alla deltagare v\u00e4gs in, dopingtestas och k\u00f6r p\u00e5 kalibrerade trainers. Sveriges e-cykelansvarige Conny Bj\u00f6rnehall tror att dagsform och sm\u00e5 marginaler kommer avg\u00f6ra vem som tar hem prispengen p\u00e5 8000 EUR (samma f\u00f6r dam och herr):<\/p>\n<p>\u2013 Jag tror att vi kommer att se svenska cyklister p\u00e5 pallen b\u00e5de p\u00e5 herr och damsidan.<\/p>\n<p>Sveriges coach Karl Tiselius h\u00e5ller med, och tror att svenskarna \u00e4r underskattade i rankingen:<\/p>\n<p>\u2013 V\u00e5rt lag \u00e4r inte b\u00e4st p\u00e5 pappret, men Sverige \u00e4r mer specialiserade p\u00e5 plattformen \u00e4n de flesta andra nationer, s\u00e5 vill utse alla sex svenskarna som underdog-favoriter.<\/p>\n<p>M\u00e5 b\u00e4ste Zwiftare vinna!<\/p>\n<\/div>\n<div class=\"o9v6fnle cxmmr5t8 oygrvhab hcukyx3x c1et5uql ii04i59q\">\n<div dir=\"auto\"><\/div>\n<\/div>\n<div class=\"o9v6fnle cxmmr5t8 oygrvhab hcukyx3x c1et5uql ii04i59q\">\n<div dir=\"auto\"><span class=\"pq6dq46d tbxw36s4 knj5qynh kvgmc6g5 ditlmg2l oygrvhab nvdbi5me sf5mxxl7 gl3lb2sf hhz5lgdu\">\u00a0<\/span><\/div>\n<\/div>\n<div class=\"o9v6fnle cxmmr5t8 oygrvhab hcukyx3x c1et5uql ii04i59q\">\n<div dir=\"auto\">\n<h3>F\u00f6lj VM live onsdag 9\/12 kl. 14.30:<\/h3>\n<p><a href=\"https:\/\/www.eurosport.co.uk\/\" target=\"_blank\" rel=\"noopener noreferrer\">Eurosport 2 eller Eurosport Player<\/a><\/p>\n<p><a href=\"https:\/\/www.youtube.com\/watch?v=pF0hCF1p5XY&amp;ab_channel=Swecycling\" target=\"_blank\" rel=\"noopener noreferrer\">YouTube &#8211; SWECycling<\/a> (f\u00f6rsnack, live-kommentarer och intervjuer. OBS endast ljud!)<\/p>\n<p><a href=\"https:\/\/www.youtube.com\/zwift\" target=\"_blank\" rel=\"noopener noreferrer\">YouTube \u2013 Zwift<\/a> (OBS kan endast ses i efterhand)<\/p>\n<p><a href=\"https:\/\/scf.se\/e-cycling\/2020\/12\/07\/cykel-vm-pa-zwift-sa-funkar-det\/\" target=\"_blank\" rel=\"noopener noreferrer\">L\u00e4s mer om Zwift-VM h\u00e4r<\/a><\/p>\n<\/div>\n<\/div>\n","protected":false},"excerpt":{"rendered":"<p>(Uppdatering 10 dec) Det blev en rafflande uppg\u00f6relse i damernas final under de f\u00f6rsta v\u00e4rldsm\u00e4sterskapet i e-cykling. Cecilia Hansen \u00f6verraskade [&hellip;]<\/p>\n","protected":false},"author":1,"featured_media":3046,"comment_status":"open","ping_status":"open","sticky":false,"template":"","format":"standard","meta":{"footnotes":""},"categories":[5],"tags":[70,69],"global-categories":[36],"class_list":["post-3044","post","type-post","status-publish","format-standard","has-post-thumbnail","hentry","category-nyheter","tag-e-sport","tag-zwift","global-categories-cycling"],"yoast_head":"<!-- This site is optimized with the Yoast SEO Premium plugin v25.3 (Yoast SEO v25.9) - https:\/\/yoast.com\/wordpress\/plugins\/seo\/ -->\n<title>Historiskt VM-brons i e-cykling till Cecilia Hansen - \u0160koda - We Love Cycling - Sweden<\/title>\n<meta name=\"robots\" content=\"index, follow, max-snippet:-1, max-image-preview:large, max-video-preview:-1\" \/>\n<link rel=\"canonical\" href=\"https:\/\/www.welovecycling.com\/se\/2020\/12\/09\/svenska-medaljchanser-i-historiskt-vm-i-e-cykel\/\" \/>\n<meta property=\"og:locale\" content=\"sv_SE\" \/>\n<meta property=\"og:type\" content=\"article\" \/>\n<meta property=\"og:title\" content=\"Historiskt VM-brons i e-cykling till Cecilia Hansen\" \/>\n<meta property=\"og:description\" content=\"(Uppdatering 10 dec) Det blev en rafflande uppg\u00f6relse i damernas final under de f\u00f6rsta v\u00e4rldsm\u00e4sterskapet i e-cykling. Cecilia Hansen \u00f6verraskade [&hellip;]\" \/>\n<meta property=\"og:url\" content=\"https:\/\/www.welovecycling.com\/se\/2020\/12\/09\/svenska-medaljchanser-i-historiskt-vm-i-e-cykel\/\" \/>\n<meta property=\"og:site_name\" content=\"\u0160koda - We Love Cycling - Sweden\" \/>\n<meta property=\"article:published_time\" content=\"2020-12-09T12:17:26+00:00\" \/>\n<meta property=\"article:modified_time\" content=\"2020-12-10T12:15:57+00:00\" \/>\n<meta property=\"og:image\" content=\"https:\/\/d2p6e6u75xmxt8.cloudfront.net\/9\/2020\/12\/Zwift_lagtrupp_FB.jpg\" \/>\n\t<meta property=\"og:image:width\" content=\"1891\" \/>\n\t<meta property=\"og:image:height\" content=\"630\" \/>\n\t<meta property=\"og:image:type\" content=\"image\/jpeg\" \/>\n<meta name=\"author\" content=\"WeLoveCycling\" \/>\n<meta name=\"twitter:card\" content=\"summary_large_image\" \/>\n<meta name=\"twitter:label1\" content=\"Written by\" \/>\n\t<meta name=\"twitter:data1\" content=\"WeLoveCycling\" \/>\n\t<meta name=\"twitter:label2\" content=\"Est. reading time\" \/>\n\t<meta name=\"twitter:data2\" content=\"2 minutes\" \/>\n<script type=\"application\/ld+json\" class=\"yoast-schema-graph\">{\"@context\":\"https:\/\/schema.org\",\"@graph\":[{\"@type\":\"WebPage\",\"@id\":\"https:\/\/www.welovecycling.com\/se\/2020\/12\/09\/svenska-medaljchanser-i-historiskt-vm-i-e-cykel\/\",\"url\":\"https:\/\/www.welovecycling.com\/se\/2020\/12\/09\/svenska-medaljchanser-i-historiskt-vm-i-e-cykel\/\",\"name\":\"Historiskt VM-brons i e-cykling till Cecilia Hansen - \u0160koda - We Love Cycling - Sweden\",\"isPartOf\":{\"@id\":\"https:\/\/www.welovecycling.com\/se\/#website\"},\"primaryImageOfPage\":{\"@id\":\"https:\/\/www.welovecycling.com\/se\/2020\/12\/09\/svenska-medaljchanser-i-historiskt-vm-i-e-cykel\/#primaryimage\"},\"image\":{\"@id\":\"https:\/\/www.welovecycling.com\/se\/2020\/12\/09\/svenska-medaljchanser-i-historiskt-vm-i-e-cykel\/#primaryimage\"},\"thumbnailUrl\":\"https:\/\/d2p6e6u75xmxt8.cloudfront.net\/9\/2020\/12\/Zwift_lagtrupp_FB.jpg\",\"datePublished\":\"2020-12-09T12:17:26+00:00\",\"dateModified\":\"2020-12-10T12:15:57+00:00\",\"author\":{\"@id\":\"https:\/\/www.welovecycling.com\/se\/#\/schema\/person\/e5187c9cac8dd619ebc7b41bd73c2fd9\"},\"breadcrumb\":{\"@id\":\"https:\/\/www.welovecycling.com\/se\/2020\/12\/09\/svenska-medaljchanser-i-historiskt-vm-i-e-cykel\/#breadcrumb\"},\"inLanguage\":\"sv-SE\",\"potentialAction\":[{\"@type\":\"ReadAction\",\"target\":[\"https:\/\/www.welovecycling.com\/se\/2020\/12\/09\/svenska-medaljchanser-i-historiskt-vm-i-e-cykel\/\"]}]},{\"@type\":\"ImageObject\",\"inLanguage\":\"sv-SE\",\"@id\":\"https:\/\/www.welovecycling.com\/se\/2020\/12\/09\/svenska-medaljchanser-i-historiskt-vm-i-e-cykel\/#primaryimage\",\"url\":\"https:\/\/d2p6e6u75xmxt8.cloudfront.net\/9\/2020\/12\/Zwift_lagtrupp_FB.jpg\",\"contentUrl\":\"https:\/\/d2p6e6u75xmxt8.cloudfront.net\/9\/2020\/12\/Zwift_lagtrupp_FB.jpg\",\"width\":1891,\"height\":630},{\"@type\":\"BreadcrumbList\",\"@id\":\"https:\/\/www.welovecycling.com\/se\/2020\/12\/09\/svenska-medaljchanser-i-historiskt-vm-i-e-cykel\/#breadcrumb\",\"itemListElement\":[{\"@type\":\"ListItem\",\"position\":1,\"name\":\"Home\",\"item\":\"https:\/\/www.welovecycling.com\/se\/\"},{\"@type\":\"ListItem\",\"position\":2,\"name\":\"Historiskt VM-brons i e-cykling till Cecilia Hansen\"}]},{\"@type\":\"WebSite\",\"@id\":\"https:\/\/www.welovecycling.com\/se\/#website\",\"url\":\"https:\/\/www.welovecycling.com\/se\/\",\"name\":\"\u0160koda - We Love Cycling - Sweden\",\"description\":\"\u0160koda We Love Cycling - Sweden\",\"potentialAction\":[{\"@type\":\"SearchAction\",\"target\":{\"@type\":\"EntryPoint\",\"urlTemplate\":\"https:\/\/www.welovecycling.com\/se\/?s={search_term_string}\"},\"query-input\":{\"@type\":\"PropertyValueSpecification\",\"valueRequired\":true,\"valueName\":\"search_term_string\"}}],\"inLanguage\":\"sv-SE\"},{\"@type\":\"Person\",\"@id\":\"https:\/\/www.welovecycling.com\/se\/#\/schema\/person\/e5187c9cac8dd619ebc7b41bd73c2fd9\",\"name\":\"WeLoveCycling\",\"image\":{\"@type\":\"ImageObject\",\"inLanguage\":\"sv-SE\",\"@id\":\"https:\/\/www.welovecycling.com\/se\/#\/schema\/person\/image\/\",\"url\":\"https:\/\/secure.gravatar.com\/avatar\/7e1ee0ecc5e294b19ef32b9f6086e0afbb9da00c3cb0d465ba4695331f4a9187?s=96&d=mm&r=g\",\"contentUrl\":\"https:\/\/secure.gravatar.com\/avatar\/7e1ee0ecc5e294b19ef32b9f6086e0afbb9da00c3cb0d465ba4695331f4a9187?s=96&d=mm&r=g\",\"caption\":\"WeLoveCycling\"},\"url\":\"https:\/\/www.welovecycling.com\/se\/author\/lukascech\/\"}]}<\/script>\n<!-- \/ Yoast SEO Premium plugin. -->","yoast_head_json":{"title":"Historiskt VM-brons i e-cykling till Cecilia Hansen - \u0160koda - We Love Cycling - Sweden","robots":{"index":"index","follow":"follow","max-snippet":"max-snippet:-1","max-image-preview":"max-image-preview:large","max-video-preview":"max-video-preview:-1"},"canonical":"https:\/\/www.welovecycling.com\/se\/2020\/12\/09\/svenska-medaljchanser-i-historiskt-vm-i-e-cykel\/","og_locale":"sv_SE","og_type":"article","og_title":"Historiskt VM-brons i e-cykling till Cecilia Hansen","og_description":"(Uppdatering 10 dec) Det blev en rafflande uppg\u00f6relse i damernas final under de f\u00f6rsta v\u00e4rldsm\u00e4sterskapet i e-cykling. Cecilia Hansen \u00f6verraskade [&hellip;]","og_url":"https:\/\/www.welovecycling.com\/se\/2020\/12\/09\/svenska-medaljchanser-i-historiskt-vm-i-e-cykel\/","og_site_name":"\u0160koda - We Love Cycling - Sweden","article_published_time":"2020-12-09T12:17:26+00:00","article_modified_time":"2020-12-10T12:15:57+00:00","og_image":[{"width":1891,"height":630,"url":"https:\/\/d2p6e6u75xmxt8.cloudfront.net\/9\/2020\/12\/Zwift_lagtrupp_FB.jpg","type":"image\/jpeg"}],"author":"WeLoveCycling","twitter_card":"summary_large_image","twitter_misc":{"Written by":"WeLoveCycling","Est. reading time":"2 minutes"},"schema":{"@context":"https:\/\/schema.org","@graph":[{"@type":"WebPage","@id":"https:\/\/www.welovecycling.com\/se\/2020\/12\/09\/svenska-medaljchanser-i-historiskt-vm-i-e-cykel\/","url":"https:\/\/www.welovecycling.com\/se\/2020\/12\/09\/svenska-medaljchanser-i-historiskt-vm-i-e-cykel\/","name":"Historiskt VM-brons i e-cykling till Cecilia Hansen - \u0160koda - We Love Cycling - Sweden","isPartOf":{"@id":"https:\/\/www.welovecycling.com\/se\/#website"},"primaryImageOfPage":{"@id":"https:\/\/www.welovecycling.com\/se\/2020\/12\/09\/svenska-medaljchanser-i-historiskt-vm-i-e-cykel\/#primaryimage"},"image":{"@id":"https:\/\/www.welovecycling.com\/se\/2020\/12\/09\/svenska-medaljchanser-i-historiskt-vm-i-e-cykel\/#primaryimage"},"thumbnailUrl":"https:\/\/d2p6e6u75xmxt8.cloudfront.net\/9\/2020\/12\/Zwift_lagtrupp_FB.jpg","datePublished":"2020-12-09T12:17:26+00:00","dateModified":"2020-12-10T12:15:57+00:00","author":{"@id":"https:\/\/www.welovecycling.com\/se\/#\/schema\/person\/e5187c9cac8dd619ebc7b41bd73c2fd9"},"breadcrumb":{"@id":"https:\/\/www.welovecycling.com\/se\/2020\/12\/09\/svenska-medaljchanser-i-historiskt-vm-i-e-cykel\/#breadcrumb"},"inLanguage":"sv-SE","potentialAction":[{"@type":"ReadAction","target":["https:\/\/www.welovecycling.com\/se\/2020\/12\/09\/svenska-medaljchanser-i-historiskt-vm-i-e-cykel\/"]}]},{"@type":"ImageObject","inLanguage":"sv-SE","@id":"https:\/\/www.welovecycling.com\/se\/2020\/12\/09\/svenska-medaljchanser-i-historiskt-vm-i-e-cykel\/#primaryimage","url":"https:\/\/d2p6e6u75xmxt8.cloudfront.net\/9\/2020\/12\/Zwift_lagtrupp_FB.jpg","contentUrl":"https:\/\/d2p6e6u75xmxt8.cloudfront.net\/9\/2020\/12\/Zwift_lagtrupp_FB.jpg","width":1891,"height":630},{"@type":"BreadcrumbList","@id":"https:\/\/www.welovecycling.com\/se\/2020\/12\/09\/svenska-medaljchanser-i-historiskt-vm-i-e-cykel\/#breadcrumb","itemListElement":[{"@type":"ListItem","position":1,"name":"Home","item":"https:\/\/www.welovecycling.com\/se\/"},{"@type":"ListItem","position":2,"name":"Historiskt VM-brons i e-cykling till Cecilia Hansen"}]},{"@type":"WebSite","@id":"https:\/\/www.welovecycling.com\/se\/#website","url":"https:\/\/www.welovecycling.com\/se\/","name":"\u0160koda - We Love Cycling - Sweden","description":"\u0160koda We Love Cycling - Sweden","potentialAction":[{"@type":"SearchAction","target":{"@type":"EntryPoint","urlTemplate":"https:\/\/www.welovecycling.com\/se\/?s={search_term_string}"},"query-input":{"@type":"PropertyValueSpecification","valueRequired":true,"valueName":"search_term_string"}}],"inLanguage":"sv-SE"},{"@type":"Person","@id":"https:\/\/www.welovecycling.com\/se\/#\/schema\/person\/e5187c9cac8dd619ebc7b41bd73c2fd9","name":"WeLoveCycling","image":{"@type":"ImageObject","inLanguage":"sv-SE","@id":"https:\/\/www.welovecycling.com\/se\/#\/schema\/person\/image\/","url":"https:\/\/secure.gravatar.com\/avatar\/7e1ee0ecc5e294b19ef32b9f6086e0afbb9da00c3cb0d465ba4695331f4a9187?s=96&d=mm&r=g","contentUrl":"https:\/\/secure.gravatar.com\/avatar\/7e1ee0ecc5e294b19ef32b9f6086e0afbb9da00c3cb0d465ba4695331f4a9187?s=96&d=mm&r=g","caption":"WeLoveCycling"},"url":"https:\/\/www.welovecycling.com\/se\/author\/lukascech\/"}]}},"_links":{"self":[{"href":"https:\/\/www.welovecycling.com\/se\/wp-json\/wp\/v2\/posts\/3044","targetHints":{"allow":["GET"]}}],"collection":[{"href":"https:\/\/www.welovecycling.com\/se\/wp-json\/wp\/v2\/posts"}],"about":[{"href":"https:\/\/www.welovecycling.com\/se\/wp-json\/wp\/v2\/types\/post"}],"author":[{"embeddable":true,"href":"https:\/\/www.welovecycling.com\/se\/wp-json\/wp\/v2\/users\/1"}],"replies":[{"embeddable":true,"href":"https:\/\/www.welovecycling.com\/se\/wp-json\/wp\/v2\/comments?post=3044"}],"version-history":[{"count":2,"href":"https:\/\/www.welovecycling.com\/se\/wp-json\/wp\/v2\/posts\/3044\/revisions"}],"predecessor-version":[{"id":3077,"href":"https:\/\/www.welovecycling.com\/se\/wp-json\/wp\/v2\/posts\/3044\/revisions\/3077"}],"wp:featuredmedia":[{"embeddable":true,"href":"https:\/\/www.welovecycling.com\/se\/wp-json\/wp\/v2\/media\/3046"}],"wp:attachment":[{"href":"https:\/\/www.welovecycling.com\/se\/wp-json\/wp\/v2\/media?parent=3044"}],"wp:term":[{"taxonomy":"category","embeddable":true,"href":"https:\/\/www.welovecycling.com\/se\/wp-json\/wp\/v2\/categories?post=3044"},{"taxonomy":"post_tag","embeddable":true,"href":"https:\/\/www.welovecycling.com\/se\/wp-json\/wp\/v2\/tags?post=3044"},{"taxonomy":"global-categories","embeddable":true,"href":"https:\/\/www.welovecycling.com\/se\/wp-json\/wp\/v2\/global-categories?post=3044"}],"curies":[{"name":"wp","href":"https:\/\/api.w.org\/{rel}","templated":true}]}}