{"id":2999,"date":"2020-12-02T07:12:01","date_gmt":"2020-12-02T06:12:01","guid":{"rendered":"https:\/\/www.welovecycling.com\/se\/?p=2999"},"modified":"2020-12-02T07:14:10","modified_gmt":"2020-12-02T06:14:10","slug":"arets-hjalpryttare","status":"publish","type":"post","link":"https:\/\/www.welovecycling.com\/se\/2020\/12\/02\/arets-hjalpryttare\/","title":{"rendered":"\u00c5rets Hj\u00e4lpryttare"},"content":{"rendered":"<h4>Det har varit ett speciellt \u00e5r och en speciell cykels\u00e4song. B\u00e5de samh\u00e4llet och vi som individer har st\u00e4llts inf\u00f6r pr\u00f6vningar. Nu blickar vi fram\u00e5t och laddar inf\u00f6r n\u00e4sta s\u00e4song genom att erbjuda en hj\u00e4lte en extraplats till \u0160koda Cycling Team n\u00e4sta \u00e5r.<\/h4>\n<p><a href=\"https:\/\/www.welovecycling.com\/se\/arets-hjalpryttare-vinn-en-plats-i-skoda-cycling-team\/\">V\u00e4lkommen att nominera din hj\u00e4lte h\u00e4r.\u00a0<\/a><\/p>\n","protected":false},"excerpt":{"rendered":"<p>Det har varit ett speciellt \u00e5r och en speciell cykels\u00e4song. B\u00e5de samh\u00e4llet och vi som individer har st\u00e4llts inf\u00f6r pr\u00f6vningar. [&hellip;]<\/p>\n","protected":false},"author":52,"featured_media":2946,"comment_status":"open","ping_status":"open","sticky":false,"template":"","format":"standard","meta":{"footnotes":""},"categories":[5],"tags":[],"global-categories":[36],"class_list":["post-2999","post","type-post","status-publish","format-standard","has-post-thumbnail","hentry","category-nyheter","global-categories-cycling"],"yoast_head":"<!-- This site is optimized with the Yoast SEO Premium plugin v25.3 (Yoast SEO v25.9) - https:\/\/yoast.com\/wordpress\/plugins\/seo\/ -->\n<title>\u00c5rets Hj\u00e4lpryttare - \u0160koda - We Love Cycling - Sweden<\/title>\n<meta name=\"robots\" content=\"index, follow, max-snippet:-1, max-image-preview:large, max-video-preview:-1\" \/>\n<link rel=\"canonical\" href=\"https:\/\/www.welovecycling.com\/se\/2020\/12\/02\/arets-hjalpryttare\/\" \/>\n<meta property=\"og:locale\" content=\"sv_SE\" \/>\n<meta property=\"og:type\" content=\"article\" \/>\n<meta property=\"og:title\" content=\"\u00c5rets Hj\u00e4lpryttare\" \/>\n<meta property=\"og:description\" content=\"Det har varit ett speciellt \u00e5r och en speciell cykels\u00e4song. B\u00e5de samh\u00e4llet och vi som individer har st\u00e4llts inf\u00f6r pr\u00f6vningar. [&hellip;]\" \/>\n<meta property=\"og:url\" content=\"https:\/\/www.welovecycling.com\/se\/2020\/12\/02\/arets-hjalpryttare\/\" \/>\n<meta property=\"og:site_name\" content=\"\u0160koda - We Love Cycling - Sweden\" \/>\n<meta property=\"article:published_time\" content=\"2020-12-02T06:12:01+00:00\" \/>\n<meta property=\"article:modified_time\" content=\"2020-12-02T06:14:10+00:00\" \/>\n<meta property=\"og:image\" content=\"https:\/\/d2p6e6u75xmxt8.cloudfront.net\/9\/2020\/11\/SKODA_Camp_Bike_180511__1818.jpg\" \/>\n\t<meta property=\"og:image:width\" content=\"2048\" \/>\n\t<meta property=\"og:image:height\" content=\"1365\" \/>\n\t<meta property=\"og:image:type\" content=\"image\/jpeg\" \/>\n<meta name=\"author\" content=\"erikleonsson\" \/>\n<meta name=\"twitter:card\" content=\"summary_large_image\" \/>\n<meta name=\"twitter:label1\" content=\"Written by\" \/>\n\t<meta name=\"twitter:data1\" content=\"erikleonsson\" \/>\n<script type=\"application\/ld+json\" class=\"yoast-schema-graph\">{\"@context\":\"https:\/\/schema.org\",\"@graph\":[{\"@type\":\"WebPage\",\"@id\":\"https:\/\/www.welovecycling.com\/se\/2020\/12\/02\/arets-hjalpryttare\/\",\"url\":\"https:\/\/www.welovecycling.com\/se\/2020\/12\/02\/arets-hjalpryttare\/\",\"name\":\"\u00c5rets Hj\u00e4lpryttare - \u0160koda - We Love Cycling - Sweden\",\"isPartOf\":{\"@id\":\"https:\/\/www.welovecycling.com\/se\/#website\"},\"primaryImageOfPage\":{\"@id\":\"https:\/\/www.welovecycling.com\/se\/2020\/12\/02\/arets-hjalpryttare\/#primaryimage\"},\"image\":{\"@id\":\"https:\/\/www.welovecycling.com\/se\/2020\/12\/02\/arets-hjalpryttare\/#primaryimage\"},\"thumbnailUrl\":\"https:\/\/d2p6e6u75xmxt8.cloudfront.net\/9\/2020\/11\/SKODA_Camp_Bike_180511__1818.jpg\",\"datePublished\":\"2020-12-02T06:12:01+00:00\",\"dateModified\":\"2020-12-02T06:14:10+00:00\",\"author\":{\"@id\":\"https:\/\/www.welovecycling.com\/se\/#\/schema\/person\/037f34ad5d6e77accab8a3eff6ad7a0c\"},\"breadcrumb\":{\"@id\":\"https:\/\/www.welovecycling.com\/se\/2020\/12\/02\/arets-hjalpryttare\/#breadcrumb\"},\"inLanguage\":\"sv-SE\",\"potentialAction\":[{\"@type\":\"ReadAction\",\"target\":[\"https:\/\/www.welovecycling.com\/se\/2020\/12\/02\/arets-hjalpryttare\/\"]}]},{\"@type\":\"ImageObject\",\"inLanguage\":\"sv-SE\",\"@id\":\"https:\/\/www.welovecycling.com\/se\/2020\/12\/02\/arets-hjalpryttare\/#primaryimage\",\"url\":\"https:\/\/d2p6e6u75xmxt8.cloudfront.net\/9\/2020\/11\/SKODA_Camp_Bike_180511__1818.jpg\",\"contentUrl\":\"https:\/\/d2p6e6u75xmxt8.cloudfront.net\/9\/2020\/11\/SKODA_Camp_Bike_180511__1818.jpg\",\"width\":2048,\"height\":1365,\"caption\":\"\u00c5rets hj\u00e4lpryttare\"},{\"@type\":\"BreadcrumbList\",\"@id\":\"https:\/\/www.welovecycling.com\/se\/2020\/12\/02\/arets-hjalpryttare\/#breadcrumb\",\"itemListElement\":[{\"@type\":\"ListItem\",\"position\":1,\"name\":\"Home\",\"item\":\"https:\/\/www.welovecycling.com\/se\/\"},{\"@type\":\"ListItem\",\"position\":2,\"name\":\"\u00c5rets Hj\u00e4lpryttare\"}]},{\"@type\":\"WebSite\",\"@id\":\"https:\/\/www.welovecycling.com\/se\/#website\",\"url\":\"https:\/\/www.welovecycling.com\/se\/\",\"name\":\"\u0160koda - We Love Cycling - Sweden\",\"description\":\"\u0160koda We Love Cycling - Sweden\",\"potentialAction\":[{\"@type\":\"SearchAction\",\"target\":{\"@type\":\"EntryPoint\",\"urlTemplate\":\"https:\/\/www.welovecycling.com\/se\/?s={search_term_string}\"},\"query-input\":{\"@type\":\"PropertyValueSpecification\",\"valueRequired\":true,\"valueName\":\"search_term_string\"}}],\"inLanguage\":\"sv-SE\"},{\"@type\":\"Person\",\"@id\":\"https:\/\/www.welovecycling.com\/se\/#\/schema\/person\/037f34ad5d6e77accab8a3eff6ad7a0c\",\"name\":\"erikleonsson\",\"image\":{\"@type\":\"ImageObject\",\"inLanguage\":\"sv-SE\",\"@id\":\"https:\/\/www.welovecycling.com\/se\/#\/schema\/person\/image\/\",\"url\":\"https:\/\/secure.gravatar.com\/avatar\/788a593b0a657d6864c271709722f9cd586caa5a645e77f71fe625396b02677c?s=96&d=mm&r=g\",\"contentUrl\":\"https:\/\/secure.gravatar.com\/avatar\/788a593b0a657d6864c271709722f9cd586caa5a645e77f71fe625396b02677c?s=96&d=mm&r=g\",\"caption\":\"erikleonsson\"},\"url\":\"https:\/\/www.welovecycling.com\/se\/author\/erikleonsson\/\"}]}<\/script>\n<!-- \/ Yoast SEO Premium plugin. -->","yoast_head_json":{"title":"\u00c5rets Hj\u00e4lpryttare - \u0160koda - We Love Cycling - Sweden","robots":{"index":"index","follow":"follow","max-snippet":"max-snippet:-1","max-image-preview":"max-image-preview:large","max-video-preview":"max-video-preview:-1"},"canonical":"https:\/\/www.welovecycling.com\/se\/2020\/12\/02\/arets-hjalpryttare\/","og_locale":"sv_SE","og_type":"article","og_title":"\u00c5rets Hj\u00e4lpryttare","og_description":"Det har varit ett speciellt \u00e5r och en speciell cykels\u00e4song. B\u00e5de samh\u00e4llet och vi som individer har st\u00e4llts inf\u00f6r pr\u00f6vningar. [&hellip;]","og_url":"https:\/\/www.welovecycling.com\/se\/2020\/12\/02\/arets-hjalpryttare\/","og_site_name":"\u0160koda - We Love Cycling - Sweden","article_published_time":"2020-12-02T06:12:01+00:00","article_modified_time":"2020-12-02T06:14:10+00:00","og_image":[{"width":2048,"height":1365,"url":"https:\/\/d2p6e6u75xmxt8.cloudfront.net\/9\/2020\/11\/SKODA_Camp_Bike_180511__1818.jpg","type":"image\/jpeg"}],"author":"erikleonsson","twitter_card":"summary_large_image","twitter_misc":{"Written by":"erikleonsson"},"schema":{"@context":"https:\/\/schema.org","@graph":[{"@type":"WebPage","@id":"https:\/\/www.welovecycling.com\/se\/2020\/12\/02\/arets-hjalpryttare\/","url":"https:\/\/www.welovecycling.com\/se\/2020\/12\/02\/arets-hjalpryttare\/","name":"\u00c5rets Hj\u00e4lpryttare - \u0160koda - We Love Cycling - Sweden","isPartOf":{"@id":"https:\/\/www.welovecycling.com\/se\/#website"},"primaryImageOfPage":{"@id":"https:\/\/www.welovecycling.com\/se\/2020\/12\/02\/arets-hjalpryttare\/#primaryimage"},"image":{"@id":"https:\/\/www.welovecycling.com\/se\/2020\/12\/02\/arets-hjalpryttare\/#primaryimage"},"thumbnailUrl":"https:\/\/d2p6e6u75xmxt8.cloudfront.net\/9\/2020\/11\/SKODA_Camp_Bike_180511__1818.jpg","datePublished":"2020-12-02T06:12:01+00:00","dateModified":"2020-12-02T06:14:10+00:00","author":{"@id":"https:\/\/www.welovecycling.com\/se\/#\/schema\/person\/037f34ad5d6e77accab8a3eff6ad7a0c"},"breadcrumb":{"@id":"https:\/\/www.welovecycling.com\/se\/2020\/12\/02\/arets-hjalpryttare\/#breadcrumb"},"inLanguage":"sv-SE","potentialAction":[{"@type":"ReadAction","target":["https:\/\/www.welovecycling.com\/se\/2020\/12\/02\/arets-hjalpryttare\/"]}]},{"@type":"ImageObject","inLanguage":"sv-SE","@id":"https:\/\/www.welovecycling.com\/se\/2020\/12\/02\/arets-hjalpryttare\/#primaryimage","url":"https:\/\/d2p6e6u75xmxt8.cloudfront.net\/9\/2020\/11\/SKODA_Camp_Bike_180511__1818.jpg","contentUrl":"https:\/\/d2p6e6u75xmxt8.cloudfront.net\/9\/2020\/11\/SKODA_Camp_Bike_180511__1818.jpg","width":2048,"height":1365,"caption":"\u00c5rets hj\u00e4lpryttare"},{"@type":"BreadcrumbList","@id":"https:\/\/www.welovecycling.com\/se\/2020\/12\/02\/arets-hjalpryttare\/#breadcrumb","itemListElement":[{"@type":"ListItem","position":1,"name":"Home","item":"https:\/\/www.welovecycling.com\/se\/"},{"@type":"ListItem","position":2,"name":"\u00c5rets Hj\u00e4lpryttare"}]},{"@type":"WebSite","@id":"https:\/\/www.welovecycling.com\/se\/#website","url":"https:\/\/www.welovecycling.com\/se\/","name":"\u0160koda - We Love Cycling - Sweden","description":"\u0160koda We Love Cycling - Sweden","potentialAction":[{"@type":"SearchAction","target":{"@type":"EntryPoint","urlTemplate":"https:\/\/www.welovecycling.com\/se\/?s={search_term_string}"},"query-input":{"@type":"PropertyValueSpecification","valueRequired":true,"valueName":"search_term_string"}}],"inLanguage":"sv-SE"},{"@type":"Person","@id":"https:\/\/www.welovecycling.com\/se\/#\/schema\/person\/037f34ad5d6e77accab8a3eff6ad7a0c","name":"erikleonsson","image":{"@type":"ImageObject","inLanguage":"sv-SE","@id":"https:\/\/www.welovecycling.com\/se\/#\/schema\/person\/image\/","url":"https:\/\/secure.gravatar.com\/avatar\/788a593b0a657d6864c271709722f9cd586caa5a645e77f71fe625396b02677c?s=96&d=mm&r=g","contentUrl":"https:\/\/secure.gravatar.com\/avatar\/788a593b0a657d6864c271709722f9cd586caa5a645e77f71fe625396b02677c?s=96&d=mm&r=g","caption":"erikleonsson"},"url":"https:\/\/www.welovecycling.com\/se\/author\/erikleonsson\/"}]}},"_links":{"self":[{"href":"https:\/\/www.welovecycling.com\/se\/wp-json\/wp\/v2\/posts\/2999","targetHints":{"allow":["GET"]}}],"collection":[{"href":"https:\/\/www.welovecycling.com\/se\/wp-json\/wp\/v2\/posts"}],"about":[{"href":"https:\/\/www.welovecycling.com\/se\/wp-json\/wp\/v2\/types\/post"}],"author":[{"embeddable":true,"href":"https:\/\/www.welovecycling.com\/se\/wp-json\/wp\/v2\/users\/52"}],"replies":[{"embeddable":true,"href":"https:\/\/www.welovecycling.com\/se\/wp-json\/wp\/v2\/comments?post=2999"}],"version-history":[{"count":2,"href":"https:\/\/www.welovecycling.com\/se\/wp-json\/wp\/v2\/posts\/2999\/revisions"}],"predecessor-version":[{"id":3047,"href":"https:\/\/www.welovecycling.com\/se\/wp-json\/wp\/v2\/posts\/2999\/revisions\/3047"}],"wp:featuredmedia":[{"embeddable":true,"href":"https:\/\/www.welovecycling.com\/se\/wp-json\/wp\/v2\/media\/2946"}],"wp:attachment":[{"href":"https:\/\/www.welovecycling.com\/se\/wp-json\/wp\/v2\/media?parent=2999"}],"wp:term":[{"taxonomy":"category","embeddable":true,"href":"https:\/\/www.welovecycling.com\/se\/wp-json\/wp\/v2\/categories?post=2999"},{"taxonomy":"post_tag","embeddable":true,"href":"https:\/\/www.welovecycling.com\/se\/wp-json\/wp\/v2\/tags?post=2999"},{"taxonomy":"global-categories","embeddable":true,"href":"https:\/\/www.welovecycling.com\/se\/wp-json\/wp\/v2\/global-categories?post=2999"}],"curies":[{"name":"wp","href":"https:\/\/api.w.org\/{rel}","templated":true}]}}