{"id":2929,"date":"2020-10-28T20:24:19","date_gmt":"2020-10-28T19:24:19","guid":{"rendered":"https:\/\/www.welovecycling.com\/se\/?p=2929"},"modified":"2020-10-28T20:24:19","modified_gmt":"2020-10-28T19:24:19","slug":"sa-forvandlar-du-din-cykel-till-en-aventyrsmaskin","status":"publish","type":"post","link":"https:\/\/www.welovecycling.com\/se\/2020\/10\/28\/sa-forvandlar-du-din-cykel-till-en-aventyrsmaskin\/","title":{"rendered":"S\u00e5 f\u00f6rvandlar du din cykel till en \u00e4ventyrsmaskin"},"content":{"rendered":"<p><strong>Bikepacking \u00e4r \u00e4ventyret som forts\u00e4tter d\u00e4r touringcyklisten stannar. In p\u00e5 de hemlighetsfulla grusv\u00e4garna och vidare in p\u00e5 den lilla smala stigen. Med olika v\u00e4skor kan du enkelt transportera allt du beh\u00f6ver, f\u00f6rdelat p\u00e5 hela cykeln och med en viktf\u00f6rdelning som fungerar fint att cykla med. L\u00e5nga distanser och terr\u00e4ng \u00e4r inte ett hinder, det \u00e4r en m\u00f6jlighet. En m\u00f6jlighet att f\u00e5 smak f\u00f6r det tv\u00e5hjuliga \u00e4ventyret.\u00a0<\/strong><br \/>\n<!--more--><\/p>\n<p>Att det blivit popul\u00e4rt med bikepacking har nog de flesta m\u00e4rkt av. Dessutom har cykeltrenden f\u00e5tt en boost av de lopp som cyklas, som det 4418 km l\u00e5nga Tour Divide i Nordamerika och Transcontinental Race i Europa, \u00a0tv\u00e5 lopp som cyklas helt utan support och det du beh\u00f6ver ska du ha med dig eller handla p\u00e5 v\u00e4gen. Men det \u00e4r absolut inte att t\u00e4vla som \u00e4r k\u00e4rnan i bikepackingtrenden, utan \u00e4ventyret. Ist\u00e4llet f\u00f6r att montera en massa paketh\u00e5llare cyklar du med mjukare v\u00e4skor som monteras direkt mot cykelns befintliga delar.<\/p>\n<div id='gallery-1' class='gallery galleryid-2929 gallery-columns-2 gallery-size-large'><figure class='gallery-item'>\n\t\t\t<div class='gallery-icon landscape'>\n\t\t\t\t<a href='https:\/\/d2p6e6u75xmxt8.cloudfront.net\/9\/2020\/10\/Tour-Divide.jpg'><img loading=\"lazy\" decoding=\"async\" width=\"1024\" height=\"683\" src=\"https:\/\/d2p6e6u75xmxt8.cloudfront.net\/9\/2020\/10\/Tour-Divide-1024x683.jpg\" class=\"attachment-large size-large\" alt=\"\" srcset=\"https:\/\/d2p6e6u75xmxt8.cloudfront.net\/9\/2020\/10\/Tour-Divide-1024x683.jpg 1024w, https:\/\/d2p6e6u75xmxt8.cloudfront.net\/9\/2020\/10\/Tour-Divide-300x200.jpg 300w, https:\/\/d2p6e6u75xmxt8.cloudfront.net\/9\/2020\/10\/Tour-Divide-768x512.jpg 768w, https:\/\/d2p6e6u75xmxt8.cloudfront.net\/9\/2020\/10\/Tour-Divide-272x182.jpg 272w, https:\/\/d2p6e6u75xmxt8.cloudfront.net\/9\/2020\/10\/Tour-Divide.jpg 1335w\" sizes=\"auto, (max-width: 1024px) 100vw, 1024px\" \/><\/a>\n\t\t\t<\/div><\/figure><figure class='gallery-item'>\n\t\t\t<div class='gallery-icon landscape'>\n\t\t\t\t<a href='https:\/\/d2p6e6u75xmxt8.cloudfront.net\/9\/2020\/10\/tour_devide.jpg'><img loading=\"lazy\" decoding=\"async\" width=\"1024\" height=\"768\" src=\"https:\/\/d2p6e6u75xmxt8.cloudfront.net\/9\/2020\/10\/tour_devide-1024x768.jpg\" class=\"attachment-large size-large\" alt=\"\" srcset=\"https:\/\/d2p6e6u75xmxt8.cloudfront.net\/9\/2020\/10\/tour_devide-1024x768.jpg 1024w, https:\/\/d2p6e6u75xmxt8.cloudfront.net\/9\/2020\/10\/tour_devide-300x225.jpg 300w, https:\/\/d2p6e6u75xmxt8.cloudfront.net\/9\/2020\/10\/tour_devide-768x576.jpg 768w, https:\/\/d2p6e6u75xmxt8.cloudfront.net\/9\/2020\/10\/tour_devide-1536x1152.jpg 1536w, https:\/\/d2p6e6u75xmxt8.cloudfront.net\/9\/2020\/10\/tour_devide.jpg 1600w\" sizes=\"auto, (max-width: 1024px) 100vw, 1024px\" \/><\/a>\n\t\t\t<\/div><\/figure>\n\t\t<\/div>\n\n<p>I v\u00e4skorna f\u00e5r du plats med det mest n\u00f6dv\u00e4ndiga f\u00f6r att kunna sova och \u00e4ta ute I ett par dagar utan kontakt med civilisation. V\u00e4l ute p\u00e5 ditt \u00e4ventyr kan du sova lite var som helst eller f\u00f6lja en strikt plan, men cykeln \u00e4r en frihetsmaskin och du kan ganska l\u00e4tt ta dig l\u00e5ngt in i \u00e4ventyret redan f\u00f6rsta dagen. Vissa kanske oroar sig f\u00f6r bekv\u00e4mligheter och sover p\u00e5 hotell mellan cykelstr\u00e4ckorna, andra anser att \u00e4ventyret b\u00f6rjar d\u00e4r bekv\u00e4mligheterna slutar.<\/p>\n<p>Cykeltillverkaren Rocky Mountain lanserade f\u00f6r fem \u00e5r sedan sin Sherpa som en MTB t\u00e4nkt prim\u00e4rt f\u00f6r bike packing, det var en av de f\u00f6rsta cyklarna fr\u00e5n en mainstream-tillverkare som siktade in sig p\u00e5 den d\u00e5 ganska marginella trenden. Men det fina med kr\u00e5ks\u00e5ngen \u00e4r att n\u00e4stan alla cyklar \u00e4r l\u00e4mpliga. Det \u00e4r mest var och hur du vill cykla som avg\u00f6r om din cykel \u00e4r l\u00e4mplig. Kan du cykla den t\u00e4nkta rutten med den cykel du redan har s\u00e5 funkar det nog bra \u00e4ven om du h\u00e4nger p\u00e5 n\u00e5gra v\u00e4skor. Dom allra flesta kommer nog att v\u00e4lja en gravel bike, en hardtail MTB eller en landsv\u00e4gscykel till sitt \u00e4ventyr.<\/p>\n<div id='gallery-2' class='gallery galleryid-2929 gallery-columns-2 gallery-size-large'><figure class='gallery-item'>\n\t\t\t<div class='gallery-icon landscape'>\n\t\t\t\t<a href='https:\/\/d2p6e6u75xmxt8.cloudfront.net\/9\/2020\/10\/sherpa-angle.jpg'><img loading=\"lazy\" decoding=\"async\" width=\"1024\" height=\"576\" src=\"https:\/\/d2p6e6u75xmxt8.cloudfront.net\/9\/2020\/10\/sherpa-angle-1024x576.jpg\" class=\"attachment-large size-large\" alt=\"\" srcset=\"https:\/\/d2p6e6u75xmxt8.cloudfront.net\/9\/2020\/10\/sherpa-angle-1024x576.jpg 1024w, https:\/\/d2p6e6u75xmxt8.cloudfront.net\/9\/2020\/10\/sherpa-angle-300x169.jpg 300w, https:\/\/d2p6e6u75xmxt8.cloudfront.net\/9\/2020\/10\/sherpa-angle-768x432.jpg 768w, https:\/\/d2p6e6u75xmxt8.cloudfront.net\/9\/2020\/10\/sherpa-angle.jpg 1200w\" sizes=\"auto, (max-width: 1024px) 100vw, 1024px\" \/><\/a>\n\t\t\t<\/div><\/figure><figure class='gallery-item'>\n\t\t\t<div class='gallery-icon landscape'>\n\t\t\t\t<a href='https:\/\/d2p6e6u75xmxt8.cloudfront.net\/9\/2020\/10\/sherpa3.jpg'><img loading=\"lazy\" decoding=\"async\" width=\"1024\" height=\"576\" src=\"https:\/\/d2p6e6u75xmxt8.cloudfront.net\/9\/2020\/10\/sherpa3.jpg\" class=\"attachment-large size-large\" alt=\"\" srcset=\"https:\/\/d2p6e6u75xmxt8.cloudfront.net\/9\/2020\/10\/sherpa3.jpg 1024w, https:\/\/d2p6e6u75xmxt8.cloudfront.net\/9\/2020\/10\/sherpa3-300x169.jpg 300w, https:\/\/d2p6e6u75xmxt8.cloudfront.net\/9\/2020\/10\/sherpa3-768x432.jpg 768w\" sizes=\"auto, (max-width: 1024px) 100vw, 1024px\" \/><\/a>\n\t\t\t<\/div><\/figure>\n\t\t<\/div>\n\n<p>Dom allra flesta bike packers f\u00f6redrar v\u00e4skor som monteras p\u00e5 och av utan verktyg, sp\u00e4nnremmar och kardborref\u00e4sten \u00e4r vanliga. \u00a0Det mesta som man beh\u00f6ver finns hos outdoor-butikerna. Men \u00e4ven m\u00e5nga cykelbutiker har breddat sitt sortiment f\u00f6r att t\u00e4cka efterfr\u00e5gan fr\u00e5n alla som vill ut p\u00e5 \u00e4ventyr. V\u00e4skorna hittar man l\u00e4ttast i cykelbutiker.<\/p>\n<p>Det finns en del traditionella tillverkare av touringv\u00e4skor som ocks\u00e5 g\u00f6r riktigt bra bike packing-v\u00e4skor, som \u00a0<a href=\"https:\/\/www.ortlieb.com\/en\/\" target=\"_blank\" rel=\"noopener noreferrer\">Tyska Ortlieb<\/a>\u00a0eller\u00a0<a href=\"http:\/\/www.blackburndesign.com\" target=\"_blank\" rel=\"noopener noreferrer\">Blackburn fr\u00e5n USA<\/a>. Ortlieb har till exempel en rej\u00e4lt stor ramv\u00e4ska i sitt sortiment.<\/p>\n<div id='gallery-3' class='gallery galleryid-2929 gallery-columns-2 gallery-size-large'><figure class='gallery-item'>\n\t\t\t<div class='gallery-icon landscape'>\n\t\t\t\t<a href='https:\/\/d2p6e6u75xmxt8.cloudfront.net\/9\/2020\/10\/ortlieb_credit_ortlieb2.jpg'><img loading=\"lazy\" decoding=\"async\" width=\"1024\" height=\"661\" src=\"https:\/\/d2p6e6u75xmxt8.cloudfront.net\/9\/2020\/10\/ortlieb_credit_ortlieb2-1024x661.jpg\" class=\"attachment-large size-large\" alt=\"\" srcset=\"https:\/\/d2p6e6u75xmxt8.cloudfront.net\/9\/2020\/10\/ortlieb_credit_ortlieb2-1024x661.jpg 1024w, https:\/\/d2p6e6u75xmxt8.cloudfront.net\/9\/2020\/10\/ortlieb_credit_ortlieb2-300x194.jpg 300w, https:\/\/d2p6e6u75xmxt8.cloudfront.net\/9\/2020\/10\/ortlieb_credit_ortlieb2-768x496.jpg 768w, https:\/\/d2p6e6u75xmxt8.cloudfront.net\/9\/2020\/10\/ortlieb_credit_ortlieb2-1536x992.jpg 1536w, https:\/\/d2p6e6u75xmxt8.cloudfront.net\/9\/2020\/10\/ortlieb_credit_ortlieb2-2048x1323.jpg 2048w, https:\/\/d2p6e6u75xmxt8.cloudfront.net\/9\/2020\/10\/ortlieb_credit_ortlieb2-1920x1240.jpg 1920w, https:\/\/d2p6e6u75xmxt8.cloudfront.net\/9\/2020\/10\/ortlieb_credit_ortlieb2-1920x1240.jpg 1920w\" sizes=\"auto, (max-width: 1024px) 100vw, 1024px\" \/><\/a>\n\t\t\t<\/div><\/figure><figure class='gallery-item'>\n\t\t\t<div class='gallery-icon landscape'>\n\t\t\t\t<a href='https:\/\/d2p6e6u75xmxt8.cloudfront.net\/9\/2020\/10\/ortlieb_credit_ortlieb3.jpg'><img loading=\"lazy\" decoding=\"async\" width=\"1024\" height=\"684\" src=\"https:\/\/d2p6e6u75xmxt8.cloudfront.net\/9\/2020\/10\/ortlieb_credit_ortlieb3-1024x684.jpg\" class=\"attachment-large size-large\" alt=\"\" srcset=\"https:\/\/d2p6e6u75xmxt8.cloudfront.net\/9\/2020\/10\/ortlieb_credit_ortlieb3-1024x684.jpg 1024w, https:\/\/d2p6e6u75xmxt8.cloudfront.net\/9\/2020\/10\/ortlieb_credit_ortlieb3-300x200.jpg 300w, https:\/\/d2p6e6u75xmxt8.cloudfront.net\/9\/2020\/10\/ortlieb_credit_ortlieb3-768x513.jpg 768w, https:\/\/d2p6e6u75xmxt8.cloudfront.net\/9\/2020\/10\/ortlieb_credit_ortlieb3-272x182.jpg 272w, https:\/\/d2p6e6u75xmxt8.cloudfront.net\/9\/2020\/10\/ortlieb_credit_ortlieb3.jpg 1240w\" sizes=\"auto, (max-width: 1024px) 100vw, 1024px\" \/><\/a>\n\t\t\t<\/div><\/figure>\n\t\t<\/div>\n\n<p>Blackburn har sin Outpost-serie med v\u00e4skor som ocks\u00e5 inkluderar en del samarbeten och sp\u00e4nnande versioner i begr\u00e4nsad upplaga. Outpost best\u00e5r av en stor sadelv\u00e4ska, ramv\u00e4ska, styrv\u00e4ska och en toppr\u00f6rsv\u00e4ska. Allt \u00e4r vattent\u00e4tt och konstruerat f\u00f6r att t\u00e5la en hel del. Vill du f\u00f6rdjupa dig lite mer s\u00e5 har Blackburn publicerat en bok som heter \u00a0<em>Roll With It. <\/em>\u00a0Tillsammans med boken har Blackburn ocks\u00e5 publicerat en film. Kolla in trailern h\u00e4r nedanf\u00f6r.<\/p>\n<lite-youtube videoid=VVzZsjJ7iEs params=\"enablejsapi=1\" style=\"background-image: url('https:\/\/i.ytimg.com\/vi_webp\/VVzZsjJ7iEs\/maxresdefault.webp');\"><\/lite-youtube>\n<p>Som en nykomling i branschen n\u00e4r man j\u00e4mf\u00f6r med Ortlieb och Blackburn s\u00e5 \u00e4r \u00e4nd\u00e5 Brittiska Apidura en akt\u00f6r att r\u00e4kna med. F\u00f6retaget har specialiserat sig p\u00e5 Bike Packing och g\u00f6r l\u00e4tta och smidiga v\u00e4skor som \u00e4r popul\u00e4ra hos cyklister som vill vara snabba p\u00e5 sina \u00e4ventyr.<\/p>\n<div id='gallery-4' class='gallery galleryid-2929 gallery-columns-2 gallery-size-large'><figure class='gallery-item'>\n\t\t\t<div class='gallery-icon landscape'>\n\t\t\t\t<a href='https:\/\/d2p6e6u75xmxt8.cloudfront.net\/9\/2020\/10\/Apidura_-Picture-Credit_Anthony-Pease-Photography2.jpg'><img loading=\"lazy\" decoding=\"async\" width=\"1024\" height=\"683\" src=\"https:\/\/d2p6e6u75xmxt8.cloudfront.net\/9\/2020\/10\/Apidura_-Picture-Credit_Anthony-Pease-Photography2-1024x683.jpg\" class=\"attachment-large size-large\" alt=\"\" aria-describedby=\"gallery-4-2927\" srcset=\"https:\/\/d2p6e6u75xmxt8.cloudfront.net\/9\/2020\/10\/Apidura_-Picture-Credit_Anthony-Pease-Photography2-1024x683.jpg 1024w, https:\/\/d2p6e6u75xmxt8.cloudfront.net\/9\/2020\/10\/Apidura_-Picture-Credit_Anthony-Pease-Photography2-300x200.jpg 300w, https:\/\/d2p6e6u75xmxt8.cloudfront.net\/9\/2020\/10\/Apidura_-Picture-Credit_Anthony-Pease-Photography2-768x512.jpg 768w, https:\/\/d2p6e6u75xmxt8.cloudfront.net\/9\/2020\/10\/Apidura_-Picture-Credit_Anthony-Pease-Photography2-272x182.jpg 272w, https:\/\/d2p6e6u75xmxt8.cloudfront.net\/9\/2020\/10\/Apidura_-Picture-Credit_Anthony-Pease-Photography2.jpg 1304w\" sizes=\"auto, (max-width: 1024px) 100vw, 1024px\" \/><\/a>\n\t\t\t<\/div>\n\t\t\t\t<figcaption class='wp-caption-text gallery-caption' id='gallery-4-2927'>\n\t\t\t\tAnthony Pease\n\t\t\t\t<\/figcaption><\/figure><figure class='gallery-item'>\n\t\t\t<div class='gallery-icon landscape'>\n\t\t\t\t<a href='https:\/\/d2p6e6u75xmxt8.cloudfront.net\/9\/2020\/10\/apidura_Picture-Credit_Anthony-Pease-Photograph.jpg'><img loading=\"lazy\" decoding=\"async\" width=\"1024\" height=\"683\" src=\"https:\/\/d2p6e6u75xmxt8.cloudfront.net\/9\/2020\/10\/apidura_Picture-Credit_Anthony-Pease-Photograph-1024x683.jpg\" class=\"attachment-large size-large\" alt=\"\" aria-describedby=\"gallery-4-2928\" srcset=\"https:\/\/d2p6e6u75xmxt8.cloudfront.net\/9\/2020\/10\/apidura_Picture-Credit_Anthony-Pease-Photograph-1024x683.jpg 1024w, https:\/\/d2p6e6u75xmxt8.cloudfront.net\/9\/2020\/10\/apidura_Picture-Credit_Anthony-Pease-Photograph-300x200.jpg 300w, https:\/\/d2p6e6u75xmxt8.cloudfront.net\/9\/2020\/10\/apidura_Picture-Credit_Anthony-Pease-Photograph-768x512.jpg 768w, https:\/\/d2p6e6u75xmxt8.cloudfront.net\/9\/2020\/10\/apidura_Picture-Credit_Anthony-Pease-Photograph-1536x1024.jpg 1536w, https:\/\/d2p6e6u75xmxt8.cloudfront.net\/9\/2020\/10\/apidura_Picture-Credit_Anthony-Pease-Photograph-272x182.jpg 272w, https:\/\/d2p6e6u75xmxt8.cloudfront.net\/9\/2020\/10\/apidura_Picture-Credit_Anthony-Pease-Photograph.jpg 1728w\" sizes=\"auto, (max-width: 1024px) 100vw, 1024px\" \/><\/a>\n\t\t\t<\/div>\n\t\t\t\t<figcaption class='wp-caption-text gallery-caption' id='gallery-4-2928'>\n\t\t\t\tAnthony Pease\n\t\t\t\t<\/figcaption><\/figure>\n\t\t<\/div>\n\n<p>Specialized Adventure Gear division har i ett par \u00e5r producerat v\u00e4skor och cyklar f\u00f6r \u00e4ventyr p\u00e5 tv\u00e5 hjul. Ska man k\u00f6pa all sin utrustning fr\u00e5n en tillverkare s\u00e5 \u00e4r Specialized ett bra st\u00e4lle att b\u00f6rja p\u00e5. Vill man bli lite inspirerad s\u00e5 finns det ett par fina filmer fr\u00e5n Specialized, The Adventure Dispatch \u00e4r samlingsnamnet p\u00e5 filmerna och bakom \u00e4ventyrsprodukterna hos Specialized st\u00e5r svenske designern Erik Nohlin och hans kollegor.<\/p>\n<lite-youtube videoid=4OSFQoOFq44 params=\"enablejsapi=1\" style=\"background-image: url('https:\/\/i.ytimg.com\/vi_webp\/4OSFQoOFq44\/maxresdefault.webp');\"><\/lite-youtube>\n<p>Serien med v\u00e4skor fr\u00e5n Specialized heter Burra Burra och \u00e4r v\u00e4ders\u00e4kra och robusta, givetvis passar dom cyklar fr\u00e5n andra tillverkare ocks\u00e5. I sortimentet finns det ramv\u00e4skor, styrv\u00e4skor, sadelv\u00e4skor, toppr\u00f6rsv\u00e4skor och deras v\u00e4rldsk\u00e4nda pizza rack pack. Dessutom finns gaffelmonterade h\u00e5llare f\u00f6r dry bags med tillh\u00f6rande dry bags.<\/p>\n<p>\u00c4ven den tyska cykeltillverkaren Ghost har sl\u00e4ppt tv\u00e5 cyklar specifikt f\u00f6r \u00e4ventyrscykling, Hamr och Roket har plusd\u00e4ck som \u00e4r lite fetare \u00e4n p\u00e5 vanliga mountainbikes. Roket X \u00a0\u00e4r byggd kring Pinions v\u00e4xell\u00e5da vilket ger en underh\u00e5llsfri drivlina som inte \u00e4r lika utsatt som en traditionell utanp\u00e5liggande v\u00e4xel. Tillsammans med sina cyklar s\u00e5 har Ghost utvecklat v\u00e4skor. Ut\u00f6ver de givna sadelv\u00e4skorna, ramv\u00e4skorna och styrv\u00e4skan s\u00e5 har Ghost tillsammans med v\u00e4sktillverkaren Pinguin utvecklat en ryggs\u00e4ck.<\/p>\n<p><img loading=\"lazy\" decoding=\"async\" class=\"alignnone size-full wp-image-2932\" src=\"https:\/\/d2p6e6u75xmxt8.cloudfront.net\/9\/2020\/10\/Ghost-Roket-X-27.5-Adventure-Bags.png\" alt=\"ghost-roket-x-27-5-adventure-bags\" width=\"1800\" height=\"1215\" srcset=\"https:\/\/d2p6e6u75xmxt8.cloudfront.net\/9\/2020\/10\/Ghost-Roket-X-27.5-Adventure-Bags.png 1800w, https:\/\/d2p6e6u75xmxt8.cloudfront.net\/9\/2020\/10\/Ghost-Roket-X-27.5-Adventure-Bags-300x203.png 300w, https:\/\/d2p6e6u75xmxt8.cloudfront.net\/9\/2020\/10\/Ghost-Roket-X-27.5-Adventure-Bags-1024x691.png 1024w, https:\/\/d2p6e6u75xmxt8.cloudfront.net\/9\/2020\/10\/Ghost-Roket-X-27.5-Adventure-Bags-768x518.png 768w, https:\/\/d2p6e6u75xmxt8.cloudfront.net\/9\/2020\/10\/Ghost-Roket-X-27.5-Adventure-Bags-1536x1037.png 1536w\" sizes=\"auto, (max-width: 1800px) 100vw, 1800px\" \/><\/p>\n","protected":false},"excerpt":{"rendered":"<p>Bikepacking \u00e4r \u00e4ventyret som forts\u00e4tter d\u00e4r touringcyklisten stannar. In p\u00e5 de hemlighetsfulla grusv\u00e4garna och vidare in p\u00e5 den lilla smala [&hellip;]<\/p>\n","protected":false},"author":80,"featured_media":2934,"comment_status":"open","ping_status":"open","sticky":false,"template":"","format":"standard","meta":{"footnotes":""},"categories":[5],"tags":[],"global-categories":[],"class_list":["post-2929","post","type-post","status-publish","format-standard","has-post-thumbnail","hentry","category-nyheter"],"yoast_head":"<!-- This site is optimized with the Yoast SEO Premium plugin v25.3 (Yoast SEO v25.9) - https:\/\/yoast.com\/wordpress\/plugins\/seo\/ -->\n<title>S\u00e5 f\u00f6rvandlar du din cykel till en \u00e4ventyrsmaskin - \u0160koda - We Love Cycling - Sweden<\/title>\n<meta name=\"robots\" content=\"index, follow, max-snippet:-1, max-image-preview:large, max-video-preview:-1\" \/>\n<link rel=\"canonical\" href=\"https:\/\/www.welovecycling.com\/se\/2020\/10\/28\/sa-forvandlar-du-din-cykel-till-en-aventyrsmaskin\/\" \/>\n<meta property=\"og:locale\" content=\"sv_SE\" \/>\n<meta property=\"og:type\" content=\"article\" \/>\n<meta property=\"og:title\" content=\"S\u00e5 f\u00f6rvandlar du din cykel till en \u00e4ventyrsmaskin\" \/>\n<meta property=\"og:description\" content=\"Bikepacking \u00e4r \u00e4ventyret som forts\u00e4tter d\u00e4r touringcyklisten stannar. In p\u00e5 de hemlighetsfulla grusv\u00e4garna och vidare in p\u00e5 den lilla smala [&hellip;]\" \/>\n<meta property=\"og:url\" content=\"https:\/\/www.welovecycling.com\/se\/2020\/10\/28\/sa-forvandlar-du-din-cykel-till-en-aventyrsmaskin\/\" \/>\n<meta property=\"og:site_name\" content=\"\u0160koda - We Love Cycling - Sweden\" \/>\n<meta property=\"article:published_time\" content=\"2020-10-28T19:24:19+00:00\" \/>\n<meta property=\"og:image\" content=\"https:\/\/d2p6e6u75xmxt8.cloudfront.net\/9\/2020\/10\/31133113_31131313.jpg\" \/>\n\t<meta property=\"og:image:width\" content=\"1375\" \/>\n\t<meta property=\"og:image:height\" content=\"600\" \/>\n\t<meta property=\"og:image:type\" content=\"image\/jpeg\" \/>\n<meta name=\"author\" content=\"kallebern\" \/>\n<meta name=\"twitter:card\" content=\"summary_large_image\" \/>\n<meta name=\"twitter:label1\" content=\"Written by\" \/>\n\t<meta name=\"twitter:data1\" content=\"Adam Marsal\" \/>\n\t<meta name=\"twitter:label2\" content=\"Est. reading time\" \/>\n\t<meta name=\"twitter:data2\" content=\"5 minutes\" \/>\n<script type=\"application\/ld+json\" class=\"yoast-schema-graph\">{\"@context\":\"https:\/\/schema.org\",\"@graph\":[{\"@type\":\"WebPage\",\"@id\":\"https:\/\/www.welovecycling.com\/se\/2020\/10\/28\/sa-forvandlar-du-din-cykel-till-en-aventyrsmaskin\/\",\"url\":\"https:\/\/www.welovecycling.com\/se\/2020\/10\/28\/sa-forvandlar-du-din-cykel-till-en-aventyrsmaskin\/\",\"name\":\"S\u00e5 f\u00f6rvandlar du din cykel till en \u00e4ventyrsmaskin - \u0160koda - We Love Cycling - Sweden\",\"isPartOf\":{\"@id\":\"https:\/\/www.welovecycling.com\/se\/#website\"},\"primaryImageOfPage\":{\"@id\":\"https:\/\/www.welovecycling.com\/se\/2020\/10\/28\/sa-forvandlar-du-din-cykel-till-en-aventyrsmaskin\/#primaryimage\"},\"image\":{\"@id\":\"https:\/\/www.welovecycling.com\/se\/2020\/10\/28\/sa-forvandlar-du-din-cykel-till-en-aventyrsmaskin\/#primaryimage\"},\"thumbnailUrl\":\"https:\/\/d2p6e6u75xmxt8.cloudfront.net\/9\/2020\/10\/31133113_31131313.jpg\",\"datePublished\":\"2020-10-28T19:24:19+00:00\",\"author\":{\"@id\":\"https:\/\/www.welovecycling.com\/se\/#\/schema\/person\/cf0db6969fc5aa4e230760e09dde1f45\"},\"breadcrumb\":{\"@id\":\"https:\/\/www.welovecycling.com\/se\/2020\/10\/28\/sa-forvandlar-du-din-cykel-till-en-aventyrsmaskin\/#breadcrumb\"},\"inLanguage\":\"sv-SE\",\"potentialAction\":[{\"@type\":\"ReadAction\",\"target\":[\"https:\/\/www.welovecycling.com\/se\/2020\/10\/28\/sa-forvandlar-du-din-cykel-till-en-aventyrsmaskin\/\"]}]},{\"@type\":\"ImageObject\",\"inLanguage\":\"sv-SE\",\"@id\":\"https:\/\/www.welovecycling.com\/se\/2020\/10\/28\/sa-forvandlar-du-din-cykel-till-en-aventyrsmaskin\/#primaryimage\",\"url\":\"https:\/\/d2p6e6u75xmxt8.cloudfront.net\/9\/2020\/10\/31133113_31131313.jpg\",\"contentUrl\":\"https:\/\/d2p6e6u75xmxt8.cloudfront.net\/9\/2020\/10\/31133113_31131313.jpg\",\"width\":1375,\"height\":600},{\"@type\":\"BreadcrumbList\",\"@id\":\"https:\/\/www.welovecycling.com\/se\/2020\/10\/28\/sa-forvandlar-du-din-cykel-till-en-aventyrsmaskin\/#breadcrumb\",\"itemListElement\":[{\"@type\":\"ListItem\",\"position\":1,\"name\":\"Home\",\"item\":\"https:\/\/www.welovecycling.com\/se\/\"},{\"@type\":\"ListItem\",\"position\":2,\"name\":\"S\u00e5 f\u00f6rvandlar du din cykel till en \u00e4ventyrsmaskin\"}]},{\"@type\":\"WebSite\",\"@id\":\"https:\/\/www.welovecycling.com\/se\/#website\",\"url\":\"https:\/\/www.welovecycling.com\/se\/\",\"name\":\"\u0160koda - We Love Cycling - Sweden\",\"description\":\"\u0160koda We Love Cycling - Sweden\",\"potentialAction\":[{\"@type\":\"SearchAction\",\"target\":{\"@type\":\"EntryPoint\",\"urlTemplate\":\"https:\/\/www.welovecycling.com\/se\/?s={search_term_string}\"},\"query-input\":{\"@type\":\"PropertyValueSpecification\",\"valueRequired\":true,\"valueName\":\"search_term_string\"}}],\"inLanguage\":\"sv-SE\"},{\"@type\":\"Person\",\"@id\":\"https:\/\/www.welovecycling.com\/se\/#\/schema\/person\/cf0db6969fc5aa4e230760e09dde1f45\",\"name\":\"kallebern\",\"image\":{\"@type\":\"ImageObject\",\"inLanguage\":\"sv-SE\",\"@id\":\"https:\/\/www.welovecycling.com\/se\/#\/schema\/person\/image\/\",\"url\":\"https:\/\/secure.gravatar.com\/avatar\/aa7179ed680d67575eb51f63c5b61904173a0d3f6f176fe19385d5dbb376c145?s=96&d=mm&r=g\",\"contentUrl\":\"https:\/\/secure.gravatar.com\/avatar\/aa7179ed680d67575eb51f63c5b61904173a0d3f6f176fe19385d5dbb376c145?s=96&d=mm&r=g\",\"caption\":\"kallebern\"},\"url\":\"https:\/\/www.welovecycling.com\/se\/author\/kallebern\/\"}]}<\/script>\n<!-- \/ Yoast SEO Premium plugin. -->","yoast_head_json":{"title":"S\u00e5 f\u00f6rvandlar du din cykel till en \u00e4ventyrsmaskin - \u0160koda - We Love Cycling - Sweden","robots":{"index":"index","follow":"follow","max-snippet":"max-snippet:-1","max-image-preview":"max-image-preview:large","max-video-preview":"max-video-preview:-1"},"canonical":"https:\/\/www.welovecycling.com\/se\/2020\/10\/28\/sa-forvandlar-du-din-cykel-till-en-aventyrsmaskin\/","og_locale":"sv_SE","og_type":"article","og_title":"S\u00e5 f\u00f6rvandlar du din cykel till en \u00e4ventyrsmaskin","og_description":"Bikepacking \u00e4r \u00e4ventyret som forts\u00e4tter d\u00e4r touringcyklisten stannar. In p\u00e5 de hemlighetsfulla grusv\u00e4garna och vidare in p\u00e5 den lilla smala [&hellip;]","og_url":"https:\/\/www.welovecycling.com\/se\/2020\/10\/28\/sa-forvandlar-du-din-cykel-till-en-aventyrsmaskin\/","og_site_name":"\u0160koda - We Love Cycling - Sweden","article_published_time":"2020-10-28T19:24:19+00:00","og_image":[{"width":1375,"height":600,"url":"https:\/\/d2p6e6u75xmxt8.cloudfront.net\/9\/2020\/10\/31133113_31131313.jpg","type":"image\/jpeg"}],"author":"kallebern","twitter_card":"summary_large_image","twitter_misc":{"Written by":"Adam Marsal","Est. reading time":"5 minutes"},"schema":{"@context":"https:\/\/schema.org","@graph":[{"@type":"WebPage","@id":"https:\/\/www.welovecycling.com\/se\/2020\/10\/28\/sa-forvandlar-du-din-cykel-till-en-aventyrsmaskin\/","url":"https:\/\/www.welovecycling.com\/se\/2020\/10\/28\/sa-forvandlar-du-din-cykel-till-en-aventyrsmaskin\/","name":"S\u00e5 f\u00f6rvandlar du din cykel till en \u00e4ventyrsmaskin - \u0160koda - We Love Cycling - Sweden","isPartOf":{"@id":"https:\/\/www.welovecycling.com\/se\/#website"},"primaryImageOfPage":{"@id":"https:\/\/www.welovecycling.com\/se\/2020\/10\/28\/sa-forvandlar-du-din-cykel-till-en-aventyrsmaskin\/#primaryimage"},"image":{"@id":"https:\/\/www.welovecycling.com\/se\/2020\/10\/28\/sa-forvandlar-du-din-cykel-till-en-aventyrsmaskin\/#primaryimage"},"thumbnailUrl":"https:\/\/d2p6e6u75xmxt8.cloudfront.net\/9\/2020\/10\/31133113_31131313.jpg","datePublished":"2020-10-28T19:24:19+00:00","author":{"@id":"https:\/\/www.welovecycling.com\/se\/#\/schema\/person\/cf0db6969fc5aa4e230760e09dde1f45"},"breadcrumb":{"@id":"https:\/\/www.welovecycling.com\/se\/2020\/10\/28\/sa-forvandlar-du-din-cykel-till-en-aventyrsmaskin\/#breadcrumb"},"inLanguage":"sv-SE","potentialAction":[{"@type":"ReadAction","target":["https:\/\/www.welovecycling.com\/se\/2020\/10\/28\/sa-forvandlar-du-din-cykel-till-en-aventyrsmaskin\/"]}]},{"@type":"ImageObject","inLanguage":"sv-SE","@id":"https:\/\/www.welovecycling.com\/se\/2020\/10\/28\/sa-forvandlar-du-din-cykel-till-en-aventyrsmaskin\/#primaryimage","url":"https:\/\/d2p6e6u75xmxt8.cloudfront.net\/9\/2020\/10\/31133113_31131313.jpg","contentUrl":"https:\/\/d2p6e6u75xmxt8.cloudfront.net\/9\/2020\/10\/31133113_31131313.jpg","width":1375,"height":600},{"@type":"BreadcrumbList","@id":"https:\/\/www.welovecycling.com\/se\/2020\/10\/28\/sa-forvandlar-du-din-cykel-till-en-aventyrsmaskin\/#breadcrumb","itemListElement":[{"@type":"ListItem","position":1,"name":"Home","item":"https:\/\/www.welovecycling.com\/se\/"},{"@type":"ListItem","position":2,"name":"S\u00e5 f\u00f6rvandlar du din cykel till en \u00e4ventyrsmaskin"}]},{"@type":"WebSite","@id":"https:\/\/www.welovecycling.com\/se\/#website","url":"https:\/\/www.welovecycling.com\/se\/","name":"\u0160koda - We Love Cycling - Sweden","description":"\u0160koda We Love Cycling - Sweden","potentialAction":[{"@type":"SearchAction","target":{"@type":"EntryPoint","urlTemplate":"https:\/\/www.welovecycling.com\/se\/?s={search_term_string}"},"query-input":{"@type":"PropertyValueSpecification","valueRequired":true,"valueName":"search_term_string"}}],"inLanguage":"sv-SE"},{"@type":"Person","@id":"https:\/\/www.welovecycling.com\/se\/#\/schema\/person\/cf0db6969fc5aa4e230760e09dde1f45","name":"kallebern","image":{"@type":"ImageObject","inLanguage":"sv-SE","@id":"https:\/\/www.welovecycling.com\/se\/#\/schema\/person\/image\/","url":"https:\/\/secure.gravatar.com\/avatar\/aa7179ed680d67575eb51f63c5b61904173a0d3f6f176fe19385d5dbb376c145?s=96&d=mm&r=g","contentUrl":"https:\/\/secure.gravatar.com\/avatar\/aa7179ed680d67575eb51f63c5b61904173a0d3f6f176fe19385d5dbb376c145?s=96&d=mm&r=g","caption":"kallebern"},"url":"https:\/\/www.welovecycling.com\/se\/author\/kallebern\/"}]}},"_links":{"self":[{"href":"https:\/\/www.welovecycling.com\/se\/wp-json\/wp\/v2\/posts\/2929","targetHints":{"allow":["GET"]}}],"collection":[{"href":"https:\/\/www.welovecycling.com\/se\/wp-json\/wp\/v2\/posts"}],"about":[{"href":"https:\/\/www.welovecycling.com\/se\/wp-json\/wp\/v2\/types\/post"}],"author":[{"embeddable":true,"href":"https:\/\/www.welovecycling.com\/se\/wp-json\/wp\/v2\/users\/80"}],"replies":[{"embeddable":true,"href":"https:\/\/www.welovecycling.com\/se\/wp-json\/wp\/v2\/comments?post=2929"}],"version-history":[{"count":2,"href":"https:\/\/www.welovecycling.com\/se\/wp-json\/wp\/v2\/posts\/2929\/revisions"}],"predecessor-version":[{"id":2939,"href":"https:\/\/www.welovecycling.com\/se\/wp-json\/wp\/v2\/posts\/2929\/revisions\/2939"}],"wp:featuredmedia":[{"embeddable":true,"href":"https:\/\/www.welovecycling.com\/se\/wp-json\/wp\/v2\/media\/2934"}],"wp:attachment":[{"href":"https:\/\/www.welovecycling.com\/se\/wp-json\/wp\/v2\/media?parent=2929"}],"wp:term":[{"taxonomy":"category","embeddable":true,"href":"https:\/\/www.welovecycling.com\/se\/wp-json\/wp\/v2\/categories?post=2929"},{"taxonomy":"post_tag","embeddable":true,"href":"https:\/\/www.welovecycling.com\/se\/wp-json\/wp\/v2\/tags?post=2929"},{"taxonomy":"global-categories","embeddable":true,"href":"https:\/\/www.welovecycling.com\/se\/wp-json\/wp\/v2\/global-categories?post=2929"}],"curies":[{"name":"wp","href":"https:\/\/api.w.org\/{rel}","templated":true}]}}