{"id":2909,"date":"2020-10-06T21:01:36","date_gmt":"2020-10-06T20:01:36","guid":{"rendered":"https:\/\/www.welovecycling.com\/se\/?p=2909"},"modified":"2020-10-07T13:37:54","modified_gmt":"2020-10-07T12:37:54","slug":"gravel-bike-vs-landsvagscykel-vad-ar-skillnaden","status":"publish","type":"post","link":"https:\/\/www.welovecycling.com\/se\/2020\/10\/06\/gravel-bike-vs-landsvagscykel-vad-ar-skillnaden\/","title":{"rendered":"Gravelbike vs Landsv\u00e4gscykel \u2014 Vad \u00e4r skillnaden?"},"content":{"rendered":"<p><strong>T\u00e5ligare \u00e4n en landsv\u00e4gscykel och snabbare \u00e4n en mountainbike (p\u00e5 v\u00e4g d\u00e5, inte\u00a0i skogen). Gravel \u00e4r en intressant kategori f\u00f6r cyklister som\u00a0r\u00f6r sig p\u00e5 b\u00e5de asfalt och grus.\u00a0<\/strong><br \/>\n<!--more--><\/p>\n<p>Det spelar ingen roll var i landet du bor, det finns \u00e4nd\u00e5 massor av grusv\u00e4gar i n\u00e4rheten. M\u00e5nga av grusv\u00e4garna g\u00e5r att cykla p\u00e5 en landsv\u00e4gscykel men med andan i halsen d\u00e5 det \u00e4r l\u00e4tt att k\u00f6ra s\u00f6nder en landsv\u00e4gscykel om terr\u00e4ngen blir f\u00f6r tuff. Det \u00e4r ocks\u00e5 l\u00e4tt att tappa greppet d\u00e5 d\u00e4cken inte \u00e4r optimerade f\u00f6r grus. N\u00e4r gruset \u00e4r l\u00f6st och utblandat med gr\u00f6vre sten s\u00e5 \u00e4r det l\u00e4mpligare med en gravelbike, d\u00e5 \u00f6ppnas en helt ny v\u00e4rld.<\/p>\n<p><img loading=\"lazy\" decoding=\"async\" class=\"alignnone wp-image-2910\" src=\"https:\/\/d2p6e6u75xmxt8.cloudfront.net\/9\/2020\/10\/Festka_ONE-Gravel_carbon_disc-brake_custom-gravel-road-cross-cyclocross-bike_complete-1024x683.jpg\" width=\"800\" height=\"534\" srcset=\"https:\/\/d2p6e6u75xmxt8.cloudfront.net\/9\/2020\/10\/Festka_ONE-Gravel_carbon_disc-brake_custom-gravel-road-cross-cyclocross-bike_complete-1024x683.jpg 1024w, https:\/\/d2p6e6u75xmxt8.cloudfront.net\/9\/2020\/10\/Festka_ONE-Gravel_carbon_disc-brake_custom-gravel-road-cross-cyclocross-bike_complete-300x200.jpg 300w, https:\/\/d2p6e6u75xmxt8.cloudfront.net\/9\/2020\/10\/Festka_ONE-Gravel_carbon_disc-brake_custom-gravel-road-cross-cyclocross-bike_complete-768x512.jpg 768w, https:\/\/d2p6e6u75xmxt8.cloudfront.net\/9\/2020\/10\/Festka_ONE-Gravel_carbon_disc-brake_custom-gravel-road-cross-cyclocross-bike_complete-1536x1024.jpg 1536w, https:\/\/d2p6e6u75xmxt8.cloudfront.net\/9\/2020\/10\/Festka_ONE-Gravel_carbon_disc-brake_custom-gravel-road-cross-cyclocross-bike_complete-272x182.jpg 272w, https:\/\/d2p6e6u75xmxt8.cloudfront.net\/9\/2020\/10\/Festka_ONE-Gravel_carbon_disc-brake_custom-gravel-road-cross-cyclocross-bike_complete.jpg 1600w\" sizes=\"auto, (max-width: 800px) 100vw, 800px\" \/><\/p>\n<p>Vad \u00e4r d\u00e5 egentligen en gravelbike, eller grusv\u00e4gscykel p\u00e5 svenska? Det \u00e4r en cykelcross med lite stabilare geometri om man vill f\u00f6rklara det snabbt. Ska man grotta ner sig ordentligt s\u00e5 finns det en m\u00e4ngd olika cyklar som kan kallas grusv\u00e4gscyklar, b\u00e5de modeller byggda f\u00f6r att vara snabba och n\u00e5gra som funkar med v\u00e4skor p\u00e5 l\u00e5ngturer. Cykeltypen har sitt ursprung i USA d\u00e4r man g\u00e4rna utforskar det n\u00e4tverk av &#8221;fire roads&#8221; som finns i m\u00e5nga skogsomr\u00e5den. M\u00e5nga av dessa v\u00e4gar som skapats f\u00f6r att brandk\u00e5ren ska kunna n\u00e5 avl\u00e4gsna skogsomr\u00e5den \u00e4r f\u00f6r sv\u00e5rcyklade p\u00e5 landsv\u00e4gscykel och f\u00f6r tr\u00e5kiga f\u00f6r en MTB.<\/p>\n<p>Sn\u00e4lla stigar, skogsv\u00e4gar, sliten asfalt och kanske lite gatsten &#8211; \u00a0allt du kan t\u00e4nka dig att cykla med ett bockstyre funkar p\u00e5 en gravel, med bibeh\u00e5llen komfort och i relativt h\u00f6g fart. M\u00e5ngsidigheten \u00e4r grusv\u00e4gscykelns styrka, det g\u00f6r ocks\u00e5 cykeltypen till en l\u00e4mplig cykel att pendla p\u00e5 och anv\u00e4nda till vardaglig cykling. Om du som cyklist lockas av att bara ha en enda cykel s\u00e5 \u00e4r grusv\u00e4gscykeln ett bra alternativ, det finns en hel del cyklister som f\u00f6rs\u00f6ker att ers\u00e4tta sin MTB med en gravelbike, d\u00e5 kan man ocks\u00e5 uppt\u00e4cka gr\u00e4nsen f\u00f6r vad en gravel klarar, f\u00f6r det finns sj\u00e4lvklart ocks\u00e5 en s\u00e5n gr\u00e4ns.<\/p>\n<h3><strong>GEOMETRI<\/strong><\/h3>\n<p>En skillnad mot landsv\u00e4gscyklar \u00e4r geometrin, grusv\u00e4gscykeln har en l\u00e4ngre hjulbas och ibland en flackare gaffelvinkel, avslappnad och stabil skulle man kunna beskriva egenskaperna som. Sittst\u00e4llningen \u00e4r ofta lite mer uppr\u00e4tt. Vevlagerh\u00f6jden \u00e4r ofta ocks\u00e5 relativt l\u00e5g, j\u00e4mf\u00f6rt med en cykelcross skiljer ibland mer \u00e4n en centimeter.\u00a0Den stabilitet som en grusv\u00e4gscykels geometri ger inneb\u00e4r ocks\u00e5 en h\u00f6g komfortniv\u00e5 och f\u00f6rl\u00e5tande egenskaper i terr\u00e4ng som man skulle kunna kalla f\u00f6r sv\u00e5rcyklad.<\/p>\n<p><img loading=\"lazy\" decoding=\"async\" class=\"alignnone wp-image-2911\" src=\"https:\/\/d2p6e6u75xmxt8.cloudfront.net\/9\/2020\/10\/2016-specialized-diverge-comp-carbon-rear-tyre-biketreks-1024x768.jpg\" alt=\"The geometry is more relaxed than that of a race bike. The head tube is often taller and the head angle is slicker for more relaxed steering (less twitchy than a racing bike, less responsive on technical off-road sections than a \u2018crosser\u2019).\" width=\"800\" height=\"600\" srcset=\"https:\/\/d2p6e6u75xmxt8.cloudfront.net\/9\/2020\/10\/2016-specialized-diverge-comp-carbon-rear-tyre-biketreks-1024x768.jpg 1024w, https:\/\/d2p6e6u75xmxt8.cloudfront.net\/9\/2020\/10\/2016-specialized-diverge-comp-carbon-rear-tyre-biketreks-300x225.jpg 300w, https:\/\/d2p6e6u75xmxt8.cloudfront.net\/9\/2020\/10\/2016-specialized-diverge-comp-carbon-rear-tyre-biketreks-768x576.jpg 768w, https:\/\/d2p6e6u75xmxt8.cloudfront.net\/9\/2020\/10\/2016-specialized-diverge-comp-carbon-rear-tyre-biketreks-1536x1152.jpg 1536w, https:\/\/d2p6e6u75xmxt8.cloudfront.net\/9\/2020\/10\/2016-specialized-diverge-comp-carbon-rear-tyre-biketreks-2048x1536.jpg 2048w, https:\/\/d2p6e6u75xmxt8.cloudfront.net\/9\/2020\/10\/2016-specialized-diverge-comp-carbon-rear-tyre-biketreks-1920x1440.jpg 1920w, https:\/\/d2p6e6u75xmxt8.cloudfront.net\/9\/2020\/10\/2016-specialized-diverge-comp-carbon-rear-tyre-biketreks-1920x1440.jpg 1920w\" sizes=\"auto, (max-width: 800px) 100vw, 800px\" \/><\/p>\n<h3><strong>SKIVBROMSAR<\/strong><\/h3>\n<p>Alla grusv\u00e4gscyklar som s\u00e4ljs idag har skivbromsar. Mer bromskraft och\u00a0f\u00f6ruts\u00e4gbara egenskaper i regn \u00e4r tv\u00e5 avg\u00f6rande f\u00f6rdelar med skivbromsarna. N\u00e4r man cyklar p\u00e5 l\u00f6st och oj\u00e4mnt underlag blir bromsarna desto viktigare och p\u00e5 en gravel s\u00e5 finns det inget med skivbromsarna som skulle kunna kallas en nackdel. Bromskraften ger ocks\u00e5 lite extra sj\u00e4lvf\u00f6rtroende, n\u00e5got som ibland kan beh\u00f6vas.<\/p>\n<p><strong>ST\u00d6RRE D\u00c4CK<\/strong><\/p>\n<p>Ramarna \u00e4r designade f\u00f6r att det ska rymmas st\u00f6rre d\u00e4ck, just hur stora d\u00e4ck som f\u00e5r plats \u00e4r ofta det f\u00f6rsta m\u00e5nga grusv\u00e4gscyklister kollar vid k\u00f6p av ny cykel. Tanken \u00e4r att den extra komforten och det fina greppet som den extra volymen ger ska ska g\u00f6ra det m\u00f6jligt att cykla snabbare och l\u00e4ngre p\u00e5 grus utan att kompromissa f\u00f6r mycket med egenskaperna p\u00e5 asfalt.<\/p>\n<p><img loading=\"lazy\" decoding=\"async\" class=\"alignnone wp-image-2912\" src=\"https:\/\/d2p6e6u75xmxt8.cloudfront.net\/9\/2020\/10\/2016-specialized-diverge-comp-carbon-rear-biketreks_3130FFA2.jpg\" alt=\"By removing the rim brake caliper you can easily design a frame and fork able to accommodate bigger tyres. The idea of bigger tyres will give you not only extra comfort on the rough and bumpy roads, but due to their design they also raise the grip on the ground.\" width=\"800\" height=\"600\" srcset=\"https:\/\/d2p6e6u75xmxt8.cloudfront.net\/9\/2020\/10\/2016-specialized-diverge-comp-carbon-rear-biketreks_3130FFA2.jpg 1024w, https:\/\/d2p6e6u75xmxt8.cloudfront.net\/9\/2020\/10\/2016-specialized-diverge-comp-carbon-rear-biketreks_3130FFA2-300x225.jpg 300w, https:\/\/d2p6e6u75xmxt8.cloudfront.net\/9\/2020\/10\/2016-specialized-diverge-comp-carbon-rear-biketreks_3130FFA2-768x576.jpg 768w\" sizes=\"auto, (max-width: 800px) 100vw, 800px\" \/><\/p>\n<h3><strong>F\u00c4STPUNKTER<\/strong><\/h3>\n<p>M\u00e5nga tillverkare utrustar sina gruscyklar med f\u00e4stpunkter f\u00f6r v\u00e4skor. Detta inneb\u00e4r att du kan utrusta cykeln f\u00f6r att klara b\u00e5de touring och jobbpendling med en hel del packning. Det \u00e4r ocks\u00e5 vanligt med sk\u00e4rmf\u00e4sten.<\/p>\n","protected":false},"excerpt":{"rendered":"<p>T\u00e5ligare \u00e4n en landsv\u00e4gscykel och snabbare \u00e4n en mountainbike (p\u00e5 v\u00e4g d\u00e5, inte\u00a0i skogen). Gravel \u00e4r en intressant kategori f\u00f6r [&hellip;]<\/p>\n","protected":false},"author":80,"featured_media":2914,"comment_status":"open","ping_status":"open","sticky":false,"template":"","format":"standard","meta":{"footnotes":""},"categories":[5],"tags":[],"global-categories":[],"class_list":["post-2909","post","type-post","status-publish","format-standard","has-post-thumbnail","hentry","category-nyheter"],"yoast_head":"<!-- This site is optimized with the Yoast SEO Premium plugin v25.3 (Yoast SEO v25.9) - https:\/\/yoast.com\/wordpress\/plugins\/seo\/ -->\n<title>Gravelbike vs Landsv\u00e4gscykel \u2014 Vad \u00e4r skillnaden? - \u0160koda - We Love Cycling - Sweden<\/title>\n<meta name=\"robots\" content=\"index, follow, max-snippet:-1, max-image-preview:large, max-video-preview:-1\" \/>\n<link rel=\"canonical\" href=\"https:\/\/www.welovecycling.com\/se\/2020\/10\/06\/gravel-bike-vs-landsvagscykel-vad-ar-skillnaden\/\" \/>\n<meta property=\"og:locale\" content=\"sv_SE\" \/>\n<meta property=\"og:type\" content=\"article\" \/>\n<meta property=\"og:title\" content=\"Gravelbike vs Landsv\u00e4gscykel \u2014 Vad \u00e4r skillnaden?\" \/>\n<meta property=\"og:description\" content=\"T\u00e5ligare \u00e4n en landsv\u00e4gscykel och snabbare \u00e4n en mountainbike (p\u00e5 v\u00e4g d\u00e5, inte\u00a0i skogen). Gravel \u00e4r en intressant kategori f\u00f6r [&hellip;]\" \/>\n<meta property=\"og:url\" content=\"https:\/\/www.welovecycling.com\/se\/2020\/10\/06\/gravel-bike-vs-landsvagscykel-vad-ar-skillnaden\/\" \/>\n<meta property=\"og:site_name\" content=\"\u0160koda - We Love Cycling - Sweden\" \/>\n<meta property=\"article:published_time\" content=\"2020-10-06T20:01:36+00:00\" \/>\n<meta property=\"article:modified_time\" content=\"2020-10-07T12:37:54+00:00\" \/>\n<meta property=\"og:image\" content=\"https:\/\/d2p6e6u75xmxt8.cloudfront.net\/9\/2020\/10\/4949841_1454584.jpg\" \/>\n\t<meta property=\"og:image:width\" content=\"1375\" \/>\n\t<meta property=\"og:image:height\" content=\"600\" \/>\n\t<meta property=\"og:image:type\" content=\"image\/jpeg\" \/>\n<meta name=\"author\" content=\"kallebern\" \/>\n<meta name=\"twitter:card\" content=\"summary_large_image\" \/>\n<meta name=\"twitter:label1\" content=\"Written by\" \/>\n\t<meta name=\"twitter:data1\" content=\"Adam Marsal\" \/>\n\t<meta name=\"twitter:label2\" content=\"Est. reading time\" \/>\n\t<meta name=\"twitter:data2\" content=\"3 minutes\" \/>\n<script type=\"application\/ld+json\" class=\"yoast-schema-graph\">{\"@context\":\"https:\/\/schema.org\",\"@graph\":[{\"@type\":\"WebPage\",\"@id\":\"https:\/\/www.welovecycling.com\/se\/2020\/10\/06\/gravel-bike-vs-landsvagscykel-vad-ar-skillnaden\/\",\"url\":\"https:\/\/www.welovecycling.com\/se\/2020\/10\/06\/gravel-bike-vs-landsvagscykel-vad-ar-skillnaden\/\",\"name\":\"Gravelbike vs Landsv\u00e4gscykel \u2014 Vad \u00e4r skillnaden? - \u0160koda - We Love Cycling - Sweden\",\"isPartOf\":{\"@id\":\"https:\/\/www.welovecycling.com\/se\/#website\"},\"primaryImageOfPage\":{\"@id\":\"https:\/\/www.welovecycling.com\/se\/2020\/10\/06\/gravel-bike-vs-landsvagscykel-vad-ar-skillnaden\/#primaryimage\"},\"image\":{\"@id\":\"https:\/\/www.welovecycling.com\/se\/2020\/10\/06\/gravel-bike-vs-landsvagscykel-vad-ar-skillnaden\/#primaryimage\"},\"thumbnailUrl\":\"https:\/\/d2p6e6u75xmxt8.cloudfront.net\/9\/2020\/10\/4949841_1454584.jpg\",\"datePublished\":\"2020-10-06T20:01:36+00:00\",\"dateModified\":\"2020-10-07T12:37:54+00:00\",\"author\":{\"@id\":\"https:\/\/www.welovecycling.com\/se\/#\/schema\/person\/cf0db6969fc5aa4e230760e09dde1f45\"},\"breadcrumb\":{\"@id\":\"https:\/\/www.welovecycling.com\/se\/2020\/10\/06\/gravel-bike-vs-landsvagscykel-vad-ar-skillnaden\/#breadcrumb\"},\"inLanguage\":\"sv-SE\",\"potentialAction\":[{\"@type\":\"ReadAction\",\"target\":[\"https:\/\/www.welovecycling.com\/se\/2020\/10\/06\/gravel-bike-vs-landsvagscykel-vad-ar-skillnaden\/\"]}]},{\"@type\":\"ImageObject\",\"inLanguage\":\"sv-SE\",\"@id\":\"https:\/\/www.welovecycling.com\/se\/2020\/10\/06\/gravel-bike-vs-landsvagscykel-vad-ar-skillnaden\/#primaryimage\",\"url\":\"https:\/\/d2p6e6u75xmxt8.cloudfront.net\/9\/2020\/10\/4949841_1454584.jpg\",\"contentUrl\":\"https:\/\/d2p6e6u75xmxt8.cloudfront.net\/9\/2020\/10\/4949841_1454584.jpg\",\"width\":1375,\"height\":600},{\"@type\":\"BreadcrumbList\",\"@id\":\"https:\/\/www.welovecycling.com\/se\/2020\/10\/06\/gravel-bike-vs-landsvagscykel-vad-ar-skillnaden\/#breadcrumb\",\"itemListElement\":[{\"@type\":\"ListItem\",\"position\":1,\"name\":\"Home\",\"item\":\"https:\/\/www.welovecycling.com\/se\/\"},{\"@type\":\"ListItem\",\"position\":2,\"name\":\"Gravelbike vs Landsv\u00e4gscykel \u2014 Vad \u00e4r skillnaden?\"}]},{\"@type\":\"WebSite\",\"@id\":\"https:\/\/www.welovecycling.com\/se\/#website\",\"url\":\"https:\/\/www.welovecycling.com\/se\/\",\"name\":\"\u0160koda - We Love Cycling - Sweden\",\"description\":\"\u0160koda We Love Cycling - Sweden\",\"potentialAction\":[{\"@type\":\"SearchAction\",\"target\":{\"@type\":\"EntryPoint\",\"urlTemplate\":\"https:\/\/www.welovecycling.com\/se\/?s={search_term_string}\"},\"query-input\":{\"@type\":\"PropertyValueSpecification\",\"valueRequired\":true,\"valueName\":\"search_term_string\"}}],\"inLanguage\":\"sv-SE\"},{\"@type\":\"Person\",\"@id\":\"https:\/\/www.welovecycling.com\/se\/#\/schema\/person\/cf0db6969fc5aa4e230760e09dde1f45\",\"name\":\"kallebern\",\"image\":{\"@type\":\"ImageObject\",\"inLanguage\":\"sv-SE\",\"@id\":\"https:\/\/www.welovecycling.com\/se\/#\/schema\/person\/image\/\",\"url\":\"https:\/\/secure.gravatar.com\/avatar\/aa7179ed680d67575eb51f63c5b61904173a0d3f6f176fe19385d5dbb376c145?s=96&d=mm&r=g\",\"contentUrl\":\"https:\/\/secure.gravatar.com\/avatar\/aa7179ed680d67575eb51f63c5b61904173a0d3f6f176fe19385d5dbb376c145?s=96&d=mm&r=g\",\"caption\":\"kallebern\"},\"url\":\"https:\/\/www.welovecycling.com\/se\/author\/kallebern\/\"}]}<\/script>\n<!-- \/ Yoast SEO Premium plugin. -->","yoast_head_json":{"title":"Gravelbike vs Landsv\u00e4gscykel \u2014 Vad \u00e4r skillnaden? - \u0160koda - We Love Cycling - Sweden","robots":{"index":"index","follow":"follow","max-snippet":"max-snippet:-1","max-image-preview":"max-image-preview:large","max-video-preview":"max-video-preview:-1"},"canonical":"https:\/\/www.welovecycling.com\/se\/2020\/10\/06\/gravel-bike-vs-landsvagscykel-vad-ar-skillnaden\/","og_locale":"sv_SE","og_type":"article","og_title":"Gravelbike vs Landsv\u00e4gscykel \u2014 Vad \u00e4r skillnaden?","og_description":"T\u00e5ligare \u00e4n en landsv\u00e4gscykel och snabbare \u00e4n en mountainbike (p\u00e5 v\u00e4g d\u00e5, inte\u00a0i skogen). Gravel \u00e4r en intressant kategori f\u00f6r [&hellip;]","og_url":"https:\/\/www.welovecycling.com\/se\/2020\/10\/06\/gravel-bike-vs-landsvagscykel-vad-ar-skillnaden\/","og_site_name":"\u0160koda - We Love Cycling - Sweden","article_published_time":"2020-10-06T20:01:36+00:00","article_modified_time":"2020-10-07T12:37:54+00:00","og_image":[{"width":1375,"height":600,"url":"https:\/\/d2p6e6u75xmxt8.cloudfront.net\/9\/2020\/10\/4949841_1454584.jpg","type":"image\/jpeg"}],"author":"kallebern","twitter_card":"summary_large_image","twitter_misc":{"Written by":"Adam Marsal","Est. reading time":"3 minutes"},"schema":{"@context":"https:\/\/schema.org","@graph":[{"@type":"WebPage","@id":"https:\/\/www.welovecycling.com\/se\/2020\/10\/06\/gravel-bike-vs-landsvagscykel-vad-ar-skillnaden\/","url":"https:\/\/www.welovecycling.com\/se\/2020\/10\/06\/gravel-bike-vs-landsvagscykel-vad-ar-skillnaden\/","name":"Gravelbike vs Landsv\u00e4gscykel \u2014 Vad \u00e4r skillnaden? - \u0160koda - We Love Cycling - Sweden","isPartOf":{"@id":"https:\/\/www.welovecycling.com\/se\/#website"},"primaryImageOfPage":{"@id":"https:\/\/www.welovecycling.com\/se\/2020\/10\/06\/gravel-bike-vs-landsvagscykel-vad-ar-skillnaden\/#primaryimage"},"image":{"@id":"https:\/\/www.welovecycling.com\/se\/2020\/10\/06\/gravel-bike-vs-landsvagscykel-vad-ar-skillnaden\/#primaryimage"},"thumbnailUrl":"https:\/\/d2p6e6u75xmxt8.cloudfront.net\/9\/2020\/10\/4949841_1454584.jpg","datePublished":"2020-10-06T20:01:36+00:00","dateModified":"2020-10-07T12:37:54+00:00","author":{"@id":"https:\/\/www.welovecycling.com\/se\/#\/schema\/person\/cf0db6969fc5aa4e230760e09dde1f45"},"breadcrumb":{"@id":"https:\/\/www.welovecycling.com\/se\/2020\/10\/06\/gravel-bike-vs-landsvagscykel-vad-ar-skillnaden\/#breadcrumb"},"inLanguage":"sv-SE","potentialAction":[{"@type":"ReadAction","target":["https:\/\/www.welovecycling.com\/se\/2020\/10\/06\/gravel-bike-vs-landsvagscykel-vad-ar-skillnaden\/"]}]},{"@type":"ImageObject","inLanguage":"sv-SE","@id":"https:\/\/www.welovecycling.com\/se\/2020\/10\/06\/gravel-bike-vs-landsvagscykel-vad-ar-skillnaden\/#primaryimage","url":"https:\/\/d2p6e6u75xmxt8.cloudfront.net\/9\/2020\/10\/4949841_1454584.jpg","contentUrl":"https:\/\/d2p6e6u75xmxt8.cloudfront.net\/9\/2020\/10\/4949841_1454584.jpg","width":1375,"height":600},{"@type":"BreadcrumbList","@id":"https:\/\/www.welovecycling.com\/se\/2020\/10\/06\/gravel-bike-vs-landsvagscykel-vad-ar-skillnaden\/#breadcrumb","itemListElement":[{"@type":"ListItem","position":1,"name":"Home","item":"https:\/\/www.welovecycling.com\/se\/"},{"@type":"ListItem","position":2,"name":"Gravelbike vs Landsv\u00e4gscykel \u2014 Vad \u00e4r skillnaden?"}]},{"@type":"WebSite","@id":"https:\/\/www.welovecycling.com\/se\/#website","url":"https:\/\/www.welovecycling.com\/se\/","name":"\u0160koda - We Love Cycling - Sweden","description":"\u0160koda We Love Cycling - Sweden","potentialAction":[{"@type":"SearchAction","target":{"@type":"EntryPoint","urlTemplate":"https:\/\/www.welovecycling.com\/se\/?s={search_term_string}"},"query-input":{"@type":"PropertyValueSpecification","valueRequired":true,"valueName":"search_term_string"}}],"inLanguage":"sv-SE"},{"@type":"Person","@id":"https:\/\/www.welovecycling.com\/se\/#\/schema\/person\/cf0db6969fc5aa4e230760e09dde1f45","name":"kallebern","image":{"@type":"ImageObject","inLanguage":"sv-SE","@id":"https:\/\/www.welovecycling.com\/se\/#\/schema\/person\/image\/","url":"https:\/\/secure.gravatar.com\/avatar\/aa7179ed680d67575eb51f63c5b61904173a0d3f6f176fe19385d5dbb376c145?s=96&d=mm&r=g","contentUrl":"https:\/\/secure.gravatar.com\/avatar\/aa7179ed680d67575eb51f63c5b61904173a0d3f6f176fe19385d5dbb376c145?s=96&d=mm&r=g","caption":"kallebern"},"url":"https:\/\/www.welovecycling.com\/se\/author\/kallebern\/"}]}},"_links":{"self":[{"href":"https:\/\/www.welovecycling.com\/se\/wp-json\/wp\/v2\/posts\/2909","targetHints":{"allow":["GET"]}}],"collection":[{"href":"https:\/\/www.welovecycling.com\/se\/wp-json\/wp\/v2\/posts"}],"about":[{"href":"https:\/\/www.welovecycling.com\/se\/wp-json\/wp\/v2\/types\/post"}],"author":[{"embeddable":true,"href":"https:\/\/www.welovecycling.com\/se\/wp-json\/wp\/v2\/users\/80"}],"replies":[{"embeddable":true,"href":"https:\/\/www.welovecycling.com\/se\/wp-json\/wp\/v2\/comments?post=2909"}],"version-history":[{"count":2,"href":"https:\/\/www.welovecycling.com\/se\/wp-json\/wp\/v2\/posts\/2909\/revisions"}],"predecessor-version":[{"id":2919,"href":"https:\/\/www.welovecycling.com\/se\/wp-json\/wp\/v2\/posts\/2909\/revisions\/2919"}],"wp:featuredmedia":[{"embeddable":true,"href":"https:\/\/www.welovecycling.com\/se\/wp-json\/wp\/v2\/media\/2914"}],"wp:attachment":[{"href":"https:\/\/www.welovecycling.com\/se\/wp-json\/wp\/v2\/media?parent=2909"}],"wp:term":[{"taxonomy":"category","embeddable":true,"href":"https:\/\/www.welovecycling.com\/se\/wp-json\/wp\/v2\/categories?post=2909"},{"taxonomy":"post_tag","embeddable":true,"href":"https:\/\/www.welovecycling.com\/se\/wp-json\/wp\/v2\/tags?post=2909"},{"taxonomy":"global-categories","embeddable":true,"href":"https:\/\/www.welovecycling.com\/se\/wp-json\/wp\/v2\/global-categories?post=2909"}],"curies":[{"name":"wp","href":"https:\/\/api.w.org\/{rel}","templated":true}]}}