{"id":2891,"date":"2020-09-20T18:57:43","date_gmt":"2020-09-20T17:57:43","guid":{"rendered":"https:\/\/www.welovecycling.com\/se\/?p=2891"},"modified":"2020-09-20T18:57:43","modified_gmt":"2020-09-20T17:57:43","slug":"tadej-pogacar-vinner-tour-de-france-2020","status":"publish","type":"post","link":"https:\/\/www.welovecycling.com\/se\/2020\/09\/20\/tadej-pogacar-vinner-tour-de-france-2020\/","title":{"rendered":"Tadej Poga\u010dar vinner Tour de France 2020"},"content":{"rendered":"<p><strong>Sam Bennett vann den prestigefyllda sista etappen Champs-\u00c9lys\u00e9es, men det var den 21-\u00e5riga slovenen som verkade vara den lyckligaste m\u00e4nniskan p\u00e5 jorden.\u00a0<\/strong><br \/>\n<!--more--><\/p>\n<p>Tadej Poga\u010dar (UAE Emirates) blev den n\u00e4st yngsta vinnaren av Tour de France genom tiderna, slagen endast av Henri Cornet som vann 1922. Han visade vilken fantastisk kl\u00e4ttrare han \u00e4r under de senaste tre veckorna men det var tempoetappen som gjorde att han kunde r\u00e4kna hem segern. Han vann inte bara \u00f6ver Primo\u017e Rogli\u010d (Jumbo-Visma) utan \u00e4ven tempospecialiser som Tom Dumoulin (Jumbo-Visma) och Richie Porte (Trek Segafredo).<\/p>\n<div class=\"embed-controller-wrapper\">\n<blockquote class=\"twitter-tweet\" data-width=\"500\" data-dnt=\"true\">\n<p lang=\"fr\" dir=\"ltr\">A stage win on the Champs-Elys\u00e9es to cap off a fantastic Tour in \ud83d\udc9a for \ud83c\uddee\ud83c\uddea <a href=\"https:\/\/twitter.com\/Sammmy_Be?ref_src=twsrc%5Etfw\">@Sammmy_Be<\/a>!<\/p>\n<p>Victoire d&#39;\u00e9tape en vert pour \ud83c\uddee\ud83c\uddea <a href=\"https:\/\/twitter.com\/Sammmy_Be?ref_src=twsrc%5Etfw\">@Sammmy_Be<\/a> sur les Champs-\u00c9lys\u00e9es pour finir ce Tour en apoth\u00e9ose !<a href=\"https:\/\/twitter.com\/hashtag\/TDF2020?src=hash&amp;ref_src=twsrc%5Etfw\">#TDF2020<\/a> <a href=\"https:\/\/t.co\/IHdNdQillc\">pic.twitter.com\/IHdNdQillc<\/a><\/p>\n<p>&mdash; Tour de France\u2122 (@LeTour) <a href=\"https:\/\/twitter.com\/LeTour\/status\/1307728922478555137?ref_src=twsrc%5Etfw\">September 20, 2020<\/a><\/p><\/blockquote>\n<p><script async data-src=\"https:\/\/platform.twitter.com\/widgets.js\" charset=\"utf-8\"><\/script><\/div>\n<p>Hans imponerande k\u00f6rning upp f\u00f6r\u00a0Planche des Belles Filles p\u00e5 den 20:e etappen lyckades \u00e4ven ta den r\u00f6dprickiga tr\u00f6jan fr\u00e5n Richard Carapaz (Ineos Grenadiers) vilket gjorde att han b\u00e5de vann den gula, vita och r\u00f6dprickiga tr\u00f6jan \u2013 p\u00e5 sin f\u00f6rsta Tour de France!<\/p>\n<p>\u201cI think I\u2019m dreaming, I don\u2019t know what to say,\u201d sa Poga\u010dar vid m\u00e5lg\u00e5ngen p\u00e5 etapp 20.<\/p>\n<p>Men han dr\u00f6mde inte och dagen efter kunde han korsa m\u00e5llinjen p\u00e5 Champs-\u00c9lys\u00e9es med den gula ledartr\u00f6jan och ett stort leende p\u00e5 l\u00e4pparna.<\/p>\n<div class=\"embed-controller-wrapper\">\n<blockquote class=\"twitter-tweet\" data-width=\"500\" data-dnt=\"true\">\n<p lang=\"en\" dir=\"ltr\">Respect \ud83e\udd1d<a href=\"https:\/\/twitter.com\/rogla?ref_src=twsrc%5Etfw\">@rogla<\/a> \ud83c\uddf8\ud83c\uddee <a href=\"https:\/\/twitter.com\/TamauPogi?ref_src=twsrc%5Etfw\">@TamauPogi<\/a> <a href=\"https:\/\/twitter.com\/hashtag\/TDF2020?src=hash&amp;ref_src=twsrc%5Etfw\">#TDF2020<\/a> <a href=\"https:\/\/t.co\/mLLljZ0b9F\">pic.twitter.com\/mLLljZ0b9F<\/a><\/p>\n<p>&mdash; Tour de France\u2122 (@LeTour) <a href=\"https:\/\/twitter.com\/LeTour\/status\/1307354571396853764?ref_src=twsrc%5Etfw\">September 19, 2020<\/a><\/p><\/blockquote>\n<p><script async data-src=\"https:\/\/platform.twitter.com\/widgets.js\" charset=\"utf-8\"><\/script><\/div>\n<p>Jumbo-Visma laget var ocks\u00e5 inne i en dr\u00f6m, deras var dock en mardr\u00f6m. Primo\u017e Rogli\u010d har inte uppvisat n\u00e5gon som helst svaghet de senaste tre veckorna, men p\u00e5 den sista utmaningen innan segern i Paris f\u00f6ll han is\u00e4r.<\/p>\n<p>\u201cIt\u2019s true I didn\u2019t have the best day, today he was a lot better,\u201d sa Rogli\u010d. \u201cHe was in a different world to me, he really deserved his win, congrats. For me, I gave everything I had, that was all. For sure I\u2019m disappointed with the result but on the other hand I can be proud of my second place.\u201d<\/p>\n<p>Och det \u00e4r verkligen inget resultat att sk\u00e4mmas \u00f6ver. Precis som alla er andra fans som kollat p\u00e5 \u00e5rets Tour, kan vi bara s\u00e4ga tack \u2013 vilken Tour de France vi f\u00e5tt uppleva!<\/p>\n<p><strong>Slutst\u00e4llningen<\/strong><\/p>\n<p>1. Tadej Poga\u010dar (UAE Team Emirates)<br \/>\n2. Primo\u017e Rogli\u010d (Jumbo-Visma) + 59s<br \/>\n3. Richie Porte (Trek-Segafredo) + 3:30<br \/>\n4. Mikel Landa (Bahrain-McLaren) + 5:58<br \/>\n5. Enric Mas (Deceuninck-Quick-Step) + 6:07<br \/>\n6. Miguel \u00c1ngel L\u00f3pez (Astana) + 6:47<br \/>\n7. Tom Dumoulin (Jumbo-Visma) + 7:48<br \/>\n8. Rigoberto Ur\u00e1n (EF Pro Cycling) + 8:02<br \/>\n9. Adam Yates (Mitchelton-Scott) + 9:25<br \/>\n10. Damiano Caruso (Bahrain-McLaren) + 14:03<\/p>\n","protected":false},"excerpt":{"rendered":"<p>Sam Bennett vann den prestigefyllda sista etappen Champs-\u00c9lys\u00e9es, men det var den 21-\u00e5riga slovenen som verkade vara den lyckligaste m\u00e4nniskan [&hellip;]<\/p>\n","protected":false},"author":52,"featured_media":2894,"comment_status":"open","ping_status":"open","sticky":false,"template":"","format":"standard","meta":{"footnotes":""},"categories":[5,11],"tags":[],"global-categories":[],"class_list":["post-2891","post","type-post","status-publish","format-standard","has-post-thumbnail","hentry","category-nyheter","category-tdf"],"yoast_head":"<!-- This site is optimized with the Yoast SEO Premium plugin v25.3 (Yoast SEO v25.9) - https:\/\/yoast.com\/wordpress\/plugins\/seo\/ -->\n<title>Tadej Poga\u010dar vinner Tour de France 2020 - \u0160koda - We Love Cycling - Sweden<\/title>\n<meta name=\"robots\" content=\"index, follow, max-snippet:-1, max-image-preview:large, max-video-preview:-1\" \/>\n<link rel=\"canonical\" href=\"https:\/\/www.welovecycling.com\/se\/2020\/09\/20\/tadej-pogacar-vinner-tour-de-france-2020\/\" \/>\n<meta property=\"og:locale\" content=\"sv_SE\" \/>\n<meta property=\"og:type\" content=\"article\" \/>\n<meta property=\"og:title\" content=\"Tadej Poga\u010dar vinner Tour de France 2020\" \/>\n<meta property=\"og:description\" content=\"Sam Bennett vann den prestigefyllda sista etappen Champs-\u00c9lys\u00e9es, men det var den 21-\u00e5riga slovenen som verkade vara den lyckligaste m\u00e4nniskan [&hellip;]\" \/>\n<meta property=\"og:url\" content=\"https:\/\/www.welovecycling.com\/se\/2020\/09\/20\/tadej-pogacar-vinner-tour-de-france-2020\/\" \/>\n<meta property=\"og:site_name\" content=\"\u0160koda - We Love Cycling - Sweden\" \/>\n<meta property=\"article:published_time\" content=\"2020-09-20T17:57:43+00:00\" \/>\n<meta property=\"og:image\" content=\"https:\/\/d2p6e6u75xmxt8.cloudfront.net\/9\/2020\/09\/Tadej-Pogacar-CVR-profimedia-0558912872.jpg\" \/>\n\t<meta property=\"og:image:width\" content=\"1366\" \/>\n\t<meta property=\"og:image:height\" content=\"600\" \/>\n\t<meta property=\"og:image:type\" content=\"image\/jpeg\" \/>\n<meta name=\"author\" content=\"erikleonsson\" \/>\n<meta name=\"twitter:card\" content=\"summary_large_image\" \/>\n<meta name=\"twitter:label1\" content=\"Written by\" \/>\n\t<meta name=\"twitter:data1\" content=\"WeLoveCycling\" \/>\n\t<meta name=\"twitter:label2\" content=\"Est. reading time\" \/>\n\t<meta name=\"twitter:data2\" content=\"4\" \/>\n<script type=\"application\/ld+json\" class=\"yoast-schema-graph\">{\"@context\":\"https:\/\/schema.org\",\"@graph\":[{\"@type\":\"WebPage\",\"@id\":\"https:\/\/www.welovecycling.com\/se\/2020\/09\/20\/tadej-pogacar-vinner-tour-de-france-2020\/\",\"url\":\"https:\/\/www.welovecycling.com\/se\/2020\/09\/20\/tadej-pogacar-vinner-tour-de-france-2020\/\",\"name\":\"Tadej Poga\u010dar vinner Tour de France 2020 - \u0160koda - We Love Cycling - Sweden\",\"isPartOf\":{\"@id\":\"https:\/\/www.welovecycling.com\/se\/#website\"},\"primaryImageOfPage\":{\"@id\":\"https:\/\/www.welovecycling.com\/se\/2020\/09\/20\/tadej-pogacar-vinner-tour-de-france-2020\/#primaryimage\"},\"image\":{\"@id\":\"https:\/\/www.welovecycling.com\/se\/2020\/09\/20\/tadej-pogacar-vinner-tour-de-france-2020\/#primaryimage\"},\"thumbnailUrl\":\"https:\/\/d2p6e6u75xmxt8.cloudfront.net\/9\/2020\/09\/Tadej-Pogacar-CVR-profimedia-0558912872.jpg\",\"datePublished\":\"2020-09-20T17:57:43+00:00\",\"author\":{\"@id\":\"https:\/\/www.welovecycling.com\/se\/#\/schema\/person\/037f34ad5d6e77accab8a3eff6ad7a0c\"},\"breadcrumb\":{\"@id\":\"https:\/\/www.welovecycling.com\/se\/2020\/09\/20\/tadej-pogacar-vinner-tour-de-france-2020\/#breadcrumb\"},\"inLanguage\":\"sv-SE\",\"potentialAction\":[{\"@type\":\"ReadAction\",\"target\":[\"https:\/\/www.welovecycling.com\/se\/2020\/09\/20\/tadej-pogacar-vinner-tour-de-france-2020\/\"]}]},{\"@type\":\"ImageObject\",\"inLanguage\":\"sv-SE\",\"@id\":\"https:\/\/www.welovecycling.com\/se\/2020\/09\/20\/tadej-pogacar-vinner-tour-de-france-2020\/#primaryimage\",\"url\":\"https:\/\/d2p6e6u75xmxt8.cloudfront.net\/9\/2020\/09\/Tadej-Pogacar-CVR-profimedia-0558912872.jpg\",\"contentUrl\":\"https:\/\/d2p6e6u75xmxt8.cloudfront.net\/9\/2020\/09\/Tadej-Pogacar-CVR-profimedia-0558912872.jpg\",\"width\":1366,\"height\":600},{\"@type\":\"BreadcrumbList\",\"@id\":\"https:\/\/www.welovecycling.com\/se\/2020\/09\/20\/tadej-pogacar-vinner-tour-de-france-2020\/#breadcrumb\",\"itemListElement\":[{\"@type\":\"ListItem\",\"position\":1,\"name\":\"Home\",\"item\":\"https:\/\/www.welovecycling.com\/se\/\"},{\"@type\":\"ListItem\",\"position\":2,\"name\":\"Tadej Poga\u010dar vinner Tour de France 2020\"}]},{\"@type\":\"WebSite\",\"@id\":\"https:\/\/www.welovecycling.com\/se\/#website\",\"url\":\"https:\/\/www.welovecycling.com\/se\/\",\"name\":\"\u0160koda - We Love Cycling - Sweden\",\"description\":\"\u0160koda We Love Cycling - Sweden\",\"potentialAction\":[{\"@type\":\"SearchAction\",\"target\":{\"@type\":\"EntryPoint\",\"urlTemplate\":\"https:\/\/www.welovecycling.com\/se\/?s={search_term_string}\"},\"query-input\":{\"@type\":\"PropertyValueSpecification\",\"valueRequired\":true,\"valueName\":\"search_term_string\"}}],\"inLanguage\":\"sv-SE\"},{\"@type\":\"Person\",\"@id\":\"https:\/\/www.welovecycling.com\/se\/#\/schema\/person\/037f34ad5d6e77accab8a3eff6ad7a0c\",\"name\":\"erikleonsson\",\"image\":{\"@type\":\"ImageObject\",\"inLanguage\":\"sv-SE\",\"@id\":\"https:\/\/www.welovecycling.com\/se\/#\/schema\/person\/image\/\",\"url\":\"https:\/\/secure.gravatar.com\/avatar\/788a593b0a657d6864c271709722f9cd586caa5a645e77f71fe625396b02677c?s=96&d=mm&r=g\",\"contentUrl\":\"https:\/\/secure.gravatar.com\/avatar\/788a593b0a657d6864c271709722f9cd586caa5a645e77f71fe625396b02677c?s=96&d=mm&r=g\",\"caption\":\"erikleonsson\"},\"url\":\"https:\/\/www.welovecycling.com\/se\/author\/erikleonsson\/\"}]}<\/script>\n<!-- \/ Yoast SEO Premium plugin. -->","yoast_head_json":{"title":"Tadej Poga\u010dar vinner Tour de France 2020 - \u0160koda - We Love Cycling - Sweden","robots":{"index":"index","follow":"follow","max-snippet":"max-snippet:-1","max-image-preview":"max-image-preview:large","max-video-preview":"max-video-preview:-1"},"canonical":"https:\/\/www.welovecycling.com\/se\/2020\/09\/20\/tadej-pogacar-vinner-tour-de-france-2020\/","og_locale":"sv_SE","og_type":"article","og_title":"Tadej Poga\u010dar vinner Tour de France 2020","og_description":"Sam Bennett vann den prestigefyllda sista etappen Champs-\u00c9lys\u00e9es, men det var den 21-\u00e5riga slovenen som verkade vara den lyckligaste m\u00e4nniskan [&hellip;]","og_url":"https:\/\/www.welovecycling.com\/se\/2020\/09\/20\/tadej-pogacar-vinner-tour-de-france-2020\/","og_site_name":"\u0160koda - We Love Cycling - Sweden","article_published_time":"2020-09-20T17:57:43+00:00","og_image":[{"width":1366,"height":600,"url":"https:\/\/d2p6e6u75xmxt8.cloudfront.net\/9\/2020\/09\/Tadej-Pogacar-CVR-profimedia-0558912872.jpg","type":"image\/jpeg"}],"author":"erikleonsson","twitter_card":"summary_large_image","twitter_misc":{"Written by":"WeLoveCycling","Est. reading time":"4"},"schema":{"@context":"https:\/\/schema.org","@graph":[{"@type":"WebPage","@id":"https:\/\/www.welovecycling.com\/se\/2020\/09\/20\/tadej-pogacar-vinner-tour-de-france-2020\/","url":"https:\/\/www.welovecycling.com\/se\/2020\/09\/20\/tadej-pogacar-vinner-tour-de-france-2020\/","name":"Tadej Poga\u010dar vinner Tour de France 2020 - \u0160koda - We Love Cycling - Sweden","isPartOf":{"@id":"https:\/\/www.welovecycling.com\/se\/#website"},"primaryImageOfPage":{"@id":"https:\/\/www.welovecycling.com\/se\/2020\/09\/20\/tadej-pogacar-vinner-tour-de-france-2020\/#primaryimage"},"image":{"@id":"https:\/\/www.welovecycling.com\/se\/2020\/09\/20\/tadej-pogacar-vinner-tour-de-france-2020\/#primaryimage"},"thumbnailUrl":"https:\/\/d2p6e6u75xmxt8.cloudfront.net\/9\/2020\/09\/Tadej-Pogacar-CVR-profimedia-0558912872.jpg","datePublished":"2020-09-20T17:57:43+00:00","author":{"@id":"https:\/\/www.welovecycling.com\/se\/#\/schema\/person\/037f34ad5d6e77accab8a3eff6ad7a0c"},"breadcrumb":{"@id":"https:\/\/www.welovecycling.com\/se\/2020\/09\/20\/tadej-pogacar-vinner-tour-de-france-2020\/#breadcrumb"},"inLanguage":"sv-SE","potentialAction":[{"@type":"ReadAction","target":["https:\/\/www.welovecycling.com\/se\/2020\/09\/20\/tadej-pogacar-vinner-tour-de-france-2020\/"]}]},{"@type":"ImageObject","inLanguage":"sv-SE","@id":"https:\/\/www.welovecycling.com\/se\/2020\/09\/20\/tadej-pogacar-vinner-tour-de-france-2020\/#primaryimage","url":"https:\/\/d2p6e6u75xmxt8.cloudfront.net\/9\/2020\/09\/Tadej-Pogacar-CVR-profimedia-0558912872.jpg","contentUrl":"https:\/\/d2p6e6u75xmxt8.cloudfront.net\/9\/2020\/09\/Tadej-Pogacar-CVR-profimedia-0558912872.jpg","width":1366,"height":600},{"@type":"BreadcrumbList","@id":"https:\/\/www.welovecycling.com\/se\/2020\/09\/20\/tadej-pogacar-vinner-tour-de-france-2020\/#breadcrumb","itemListElement":[{"@type":"ListItem","position":1,"name":"Home","item":"https:\/\/www.welovecycling.com\/se\/"},{"@type":"ListItem","position":2,"name":"Tadej Poga\u010dar vinner Tour de France 2020"}]},{"@type":"WebSite","@id":"https:\/\/www.welovecycling.com\/se\/#website","url":"https:\/\/www.welovecycling.com\/se\/","name":"\u0160koda - We Love Cycling - Sweden","description":"\u0160koda We Love Cycling - Sweden","potentialAction":[{"@type":"SearchAction","target":{"@type":"EntryPoint","urlTemplate":"https:\/\/www.welovecycling.com\/se\/?s={search_term_string}"},"query-input":{"@type":"PropertyValueSpecification","valueRequired":true,"valueName":"search_term_string"}}],"inLanguage":"sv-SE"},{"@type":"Person","@id":"https:\/\/www.welovecycling.com\/se\/#\/schema\/person\/037f34ad5d6e77accab8a3eff6ad7a0c","name":"erikleonsson","image":{"@type":"ImageObject","inLanguage":"sv-SE","@id":"https:\/\/www.welovecycling.com\/se\/#\/schema\/person\/image\/","url":"https:\/\/secure.gravatar.com\/avatar\/788a593b0a657d6864c271709722f9cd586caa5a645e77f71fe625396b02677c?s=96&d=mm&r=g","contentUrl":"https:\/\/secure.gravatar.com\/avatar\/788a593b0a657d6864c271709722f9cd586caa5a645e77f71fe625396b02677c?s=96&d=mm&r=g","caption":"erikleonsson"},"url":"https:\/\/www.welovecycling.com\/se\/author\/erikleonsson\/"}]}},"_links":{"self":[{"href":"https:\/\/www.welovecycling.com\/se\/wp-json\/wp\/v2\/posts\/2891","targetHints":{"allow":["GET"]}}],"collection":[{"href":"https:\/\/www.welovecycling.com\/se\/wp-json\/wp\/v2\/posts"}],"about":[{"href":"https:\/\/www.welovecycling.com\/se\/wp-json\/wp\/v2\/types\/post"}],"author":[{"embeddable":true,"href":"https:\/\/www.welovecycling.com\/se\/wp-json\/wp\/v2\/users\/52"}],"replies":[{"embeddable":true,"href":"https:\/\/www.welovecycling.com\/se\/wp-json\/wp\/v2\/comments?post=2891"}],"version-history":[{"count":1,"href":"https:\/\/www.welovecycling.com\/se\/wp-json\/wp\/v2\/posts\/2891\/revisions"}],"predecessor-version":[{"id":2895,"href":"https:\/\/www.welovecycling.com\/se\/wp-json\/wp\/v2\/posts\/2891\/revisions\/2895"}],"wp:featuredmedia":[{"embeddable":true,"href":"https:\/\/www.welovecycling.com\/se\/wp-json\/wp\/v2\/media\/2894"}],"wp:attachment":[{"href":"https:\/\/www.welovecycling.com\/se\/wp-json\/wp\/v2\/media?parent=2891"}],"wp:term":[{"taxonomy":"category","embeddable":true,"href":"https:\/\/www.welovecycling.com\/se\/wp-json\/wp\/v2\/categories?post=2891"},{"taxonomy":"post_tag","embeddable":true,"href":"https:\/\/www.welovecycling.com\/se\/wp-json\/wp\/v2\/tags?post=2891"},{"taxonomy":"global-categories","embeddable":true,"href":"https:\/\/www.welovecycling.com\/se\/wp-json\/wp\/v2\/global-categories?post=2891"}],"curies":[{"name":"wp","href":"https:\/\/api.w.org\/{rel}","templated":true}]}}