{"id":2886,"date":"2020-09-20T21:11:26","date_gmt":"2020-09-20T20:11:26","guid":{"rendered":"https:\/\/www.welovecycling.com\/se\/?p=2886"},"modified":"2020-09-22T06:43:24","modified_gmt":"2020-09-22T05:43:24","slug":"the-all-new-fully-electric-skoda-enyaq-iv-climbing-one-of-the-tours-toughest-mountains","status":"publish","type":"post","link":"https:\/\/www.welovecycling.com\/se\/2020\/09\/20\/the-all-new-fully-electric-skoda-enyaq-iv-climbing-one-of-the-tours-toughest-mountains\/","title":{"rendered":"Vi testar v\u00e5r nya elbil p\u00e5 en av Tourens tuffaste kl\u00e4ttringar"},"content":{"rendered":"<p><strong>Vad vore nyss avslutade\u00a0<a href=\"https:\/\/www.letour.fr\/en\/\">Tour de France<\/a>\u00a0utan de spektakul\u00e4ra bergsetapperna? Det \u00e4r i de mytomspunna bergen som agnarna s\u00e5llas fr\u00e5n vetet och legender skapas. P\u00e5 Tourens tredje h\u00f6gsta berg, Col du Galibier passade vi p\u00e5 att testa nya elektriska \u0160koda ENYAQ iV lite extra. Vi testade kl\u00e4ttringen med\u00a0influencern och professionella cyklisten\u00a0<a href=\"https:\/\/www.welovecycling.com\/wide\/2018\/07\/11\/vlog-thrilling-letape-experience-footage-by-our-actual-participant\/\">Cameron Jeffers<\/a>.<\/strong><!--more--><\/p>\n<p>Col du Galibier kallas ofta k\u00e4rleksfullt f\u00f6r den gamla damen, men det \u00e4r inget milt, sn\u00e4llt eller v\u00e4lkomnande med Galibier, t\u00e4nk inte p\u00e5 det som din sn\u00e4lla mormor. F\u00f6rsta g\u00e5ngen Galibier var med i Touren var 1911 och varje g\u00e5ng sedan 1947 som klungan passerar l\u00e4gger man ner en krans p\u00e5 toppen invid Henry Desgranges minnesm\u00e4rke. Desgrange var Tourens f\u00f6rsta t\u00e4vlingsdirekt\u00f6r och \u00e4r avbildad p\u00e5 toppen av Galibier.<\/p>\n<p>Det \u00e4r en plats laddad med historia och en rej\u00e4l utmaning i cykelsadeln. V\u00e5r Cameron Jeffers cyklade 21,4 kilometer med en snittlutning p\u00e5 7,43 procent. Med sina 2,642 meter \u00f6ver havet \u00e4r det den \u00e5ttonde h\u00f6gsta toppen som kan n\u00e5s via asfalterad v\u00e4g.\u00a0Lite extra motiverande kan det ha varit av att ha s\u00e4llskap av en tyst f\u00f6ljebil.<\/p>\n<figure id=\"attachment_2887\" aria-describedby=\"caption-attachment-2887\" style=\"width: 1200px\" class=\"wp-caption alignnone\"><img loading=\"lazy\" decoding=\"async\" class=\"wp-image-2887 size-full\" src=\"https:\/\/d2p6e6u75xmxt8.cloudfront.net\/9\/2020\/09\/0X4A0039m-1.jpg\" alt=\"\u0160koda ENYAQ iV\" width=\"1200\" height=\"800\" srcset=\"https:\/\/d2p6e6u75xmxt8.cloudfront.net\/9\/2020\/09\/0X4A0039m-1.jpg 1200w, https:\/\/d2p6e6u75xmxt8.cloudfront.net\/9\/2020\/09\/0X4A0039m-1-300x200.jpg 300w, https:\/\/d2p6e6u75xmxt8.cloudfront.net\/9\/2020\/09\/0X4A0039m-1-1024x683.jpg 1024w, https:\/\/d2p6e6u75xmxt8.cloudfront.net\/9\/2020\/09\/0X4A0039m-1-768x512.jpg 768w, https:\/\/d2p6e6u75xmxt8.cloudfront.net\/9\/2020\/09\/0X4A0039m-1-272x182.jpg 272w\" sizes=\"auto, (max-width: 1200px) 100vw, 1200px\" \/><figcaption id=\"caption-attachment-2887\" class=\"wp-caption-text\">Den tredje h\u00f6gsta toppen p\u00e5 \u00e5rets Tour, Col du Galibier blev en perfekt plats att testa nya helt elektriska \u00a0\u0160koda ENYAQ iV.<\/figcaption><\/figure>\n<div id='gallery-1' class='gallery galleryid-2886 gallery-columns-3 gallery-size-large'><figure class='gallery-item'>\n\t\t\t<div class='gallery-icon landscape'>\n\t\t\t\t<a href='https:\/\/d2p6e6u75xmxt8.cloudfront.net\/9\/2020\/09\/0X4A0110m-1.jpg'><img loading=\"lazy\" decoding=\"async\" width=\"1024\" height=\"683\" src=\"https:\/\/d2p6e6u75xmxt8.cloudfront.net\/9\/2020\/09\/0X4A0110m-1-1024x683.jpg\" class=\"attachment-large size-large\" alt=\"\" srcset=\"https:\/\/d2p6e6u75xmxt8.cloudfront.net\/9\/2020\/09\/0X4A0110m-1-1024x683.jpg 1024w, https:\/\/d2p6e6u75xmxt8.cloudfront.net\/9\/2020\/09\/0X4A0110m-1-300x200.jpg 300w, https:\/\/d2p6e6u75xmxt8.cloudfront.net\/9\/2020\/09\/0X4A0110m-1-768x512.jpg 768w, https:\/\/d2p6e6u75xmxt8.cloudfront.net\/9\/2020\/09\/0X4A0110m-1-272x182.jpg 272w, https:\/\/d2p6e6u75xmxt8.cloudfront.net\/9\/2020\/09\/0X4A0110m-1.jpg 1200w\" sizes=\"auto, (max-width: 1024px) 100vw, 1024px\" \/><\/a>\n\t\t\t<\/div><\/figure><figure class='gallery-item'>\n\t\t\t<div class='gallery-icon landscape'>\n\t\t\t\t<a href='https:\/\/d2p6e6u75xmxt8.cloudfront.net\/9\/2020\/09\/0X4A0202m.jpg'><img loading=\"lazy\" decoding=\"async\" width=\"1024\" height=\"684\" src=\"https:\/\/d2p6e6u75xmxt8.cloudfront.net\/9\/2020\/09\/0X4A0202m-1024x684.jpg\" class=\"attachment-large size-large\" alt=\"\" srcset=\"https:\/\/d2p6e6u75xmxt8.cloudfront.net\/9\/2020\/09\/0X4A0202m-1024x684.jpg 1024w, https:\/\/d2p6e6u75xmxt8.cloudfront.net\/9\/2020\/09\/0X4A0202m-300x200.jpg 300w, https:\/\/d2p6e6u75xmxt8.cloudfront.net\/9\/2020\/09\/0X4A0202m-768x513.jpg 768w, https:\/\/d2p6e6u75xmxt8.cloudfront.net\/9\/2020\/09\/0X4A0202m-272x182.jpg 272w, https:\/\/d2p6e6u75xmxt8.cloudfront.net\/9\/2020\/09\/0X4A0202m.jpg 1200w\" sizes=\"auto, (max-width: 1024px) 100vw, 1024px\" \/><\/a>\n\t\t\t<\/div><\/figure><figure class='gallery-item'>\n\t\t\t<div class='gallery-icon landscape'>\n\t\t\t\t<a href='https:\/\/d2p6e6u75xmxt8.cloudfront.net\/9\/2020\/09\/0X4A0112m-1.jpg'><img loading=\"lazy\" decoding=\"async\" width=\"1024\" height=\"683\" src=\"https:\/\/d2p6e6u75xmxt8.cloudfront.net\/9\/2020\/09\/0X4A0112m-1-1024x683.jpg\" class=\"attachment-large size-large\" alt=\"\" srcset=\"https:\/\/d2p6e6u75xmxt8.cloudfront.net\/9\/2020\/09\/0X4A0112m-1-1024x683.jpg 1024w, https:\/\/d2p6e6u75xmxt8.cloudfront.net\/9\/2020\/09\/0X4A0112m-1-300x200.jpg 300w, https:\/\/d2p6e6u75xmxt8.cloudfront.net\/9\/2020\/09\/0X4A0112m-1-768x512.jpg 768w, https:\/\/d2p6e6u75xmxt8.cloudfront.net\/9\/2020\/09\/0X4A0112m-1-272x182.jpg 272w, https:\/\/d2p6e6u75xmxt8.cloudfront.net\/9\/2020\/09\/0X4A0112m-1.jpg 1200w\" sizes=\"auto, (max-width: 1024px) 100vw, 1024px\" \/><\/a>\n\t\t\t<\/div><\/figure>\n\t\t<\/div>\n\n<p>Det kan verka som att Galibier varit med i Touren s\u00e5 ofta att det blivit vardagsmat men inget kan vara mer fel. Fr\u00e5ga bara cyklister som Nairo Quintana, Andy Schleck eller Eddy Merckx. Trots den vackra utsikten och den fr\u00e5n TV-soffan f\u00f6ruts\u00e4gbara h\u00f6jdkurvan s\u00e5 \u00e4r det inget berg f\u00f6r den svage. Bra support \u00e4r inte bara trevligt utan kan ocks\u00e5 vara avg\u00f6rande. D\u00e4rf\u00f6r var Cameron i s\u00e4llskap med den helt nya \u0160koda ENYAQ iV en perfekt matchning, bilen fick agera matstation, vilorum, f\u00f6rsta hj\u00e4lpen och en trygg plats att l\u00e4gga in extrakl\u00e4derna.<\/p>\n<p>Den helt elektriska bilens tysta g\u00e5ng passar den otroliga utsikten och den vackra karga naturen. D\u00e5 Tour de France inte gick genom den s\u00f6dra tunneln p\u00e5 Galibier i \u00e5r kunde vi ha den v\u00e4gen f\u00f6r oss sj\u00e4lva. En likhet mellan den elektriska bilen och cyklister som Cameron p\u00e5pekade var just tystnaden: \u201cDen stora likheten mellan cykling och ENYAQ iV \u00e4r att man kan fokusera till hundra procent p\u00e5 det unika landskapet och samtidigt minska milj\u00f6p\u00e5verkan.\u201d<\/p>\n<div id='gallery-2' class='gallery galleryid-2886 gallery-columns-3 gallery-size-large'><figure class='gallery-item'>\n\t\t\t<div class='gallery-icon landscape'>\n\t\t\t\t<a href='https:\/\/d2p6e6u75xmxt8.cloudfront.net\/9\/2020\/09\/0X4A9947m.jpg'><img loading=\"lazy\" decoding=\"async\" width=\"1024\" height=\"683\" src=\"https:\/\/d2p6e6u75xmxt8.cloudfront.net\/9\/2020\/09\/0X4A9947m-1024x683.jpg\" class=\"attachment-large size-large\" alt=\"\" srcset=\"https:\/\/d2p6e6u75xmxt8.cloudfront.net\/9\/2020\/09\/0X4A9947m-1024x683.jpg 1024w, https:\/\/d2p6e6u75xmxt8.cloudfront.net\/9\/2020\/09\/0X4A9947m-300x200.jpg 300w, https:\/\/d2p6e6u75xmxt8.cloudfront.net\/9\/2020\/09\/0X4A9947m-768x512.jpg 768w, https:\/\/d2p6e6u75xmxt8.cloudfront.net\/9\/2020\/09\/0X4A9947m-272x182.jpg 272w, https:\/\/d2p6e6u75xmxt8.cloudfront.net\/9\/2020\/09\/0X4A9947m.jpg 1200w\" sizes=\"auto, (max-width: 1024px) 100vw, 1024px\" \/><\/a>\n\t\t\t<\/div><\/figure><figure class='gallery-item'>\n\t\t\t<div class='gallery-icon landscape'>\n\t\t\t\t<a href='https:\/\/d2p6e6u75xmxt8.cloudfront.net\/9\/2020\/09\/0X4A0182um.jpg'><img loading=\"lazy\" decoding=\"async\" width=\"1024\" height=\"683\" src=\"https:\/\/d2p6e6u75xmxt8.cloudfront.net\/9\/2020\/09\/0X4A0182um-1024x683.jpg\" class=\"attachment-large size-large\" alt=\"\" srcset=\"https:\/\/d2p6e6u75xmxt8.cloudfront.net\/9\/2020\/09\/0X4A0182um-1024x683.jpg 1024w, https:\/\/d2p6e6u75xmxt8.cloudfront.net\/9\/2020\/09\/0X4A0182um-300x200.jpg 300w, https:\/\/d2p6e6u75xmxt8.cloudfront.net\/9\/2020\/09\/0X4A0182um-768x512.jpg 768w, https:\/\/d2p6e6u75xmxt8.cloudfront.net\/9\/2020\/09\/0X4A0182um-272x182.jpg 272w, https:\/\/d2p6e6u75xmxt8.cloudfront.net\/9\/2020\/09\/0X4A0182um.jpg 1200w\" sizes=\"auto, (max-width: 1024px) 100vw, 1024px\" \/><\/a>\n\t\t\t<\/div><\/figure><figure class='gallery-item'>\n\t\t\t<div class='gallery-icon landscape'>\n\t\t\t\t<a href='https:\/\/d2p6e6u75xmxt8.cloudfront.net\/9\/2020\/09\/0X4A9998m.jpg'><img loading=\"lazy\" decoding=\"async\" width=\"1024\" height=\"683\" src=\"https:\/\/d2p6e6u75xmxt8.cloudfront.net\/9\/2020\/09\/0X4A9998m-1024x683.jpg\" class=\"attachment-large size-large\" alt=\"\" srcset=\"https:\/\/d2p6e6u75xmxt8.cloudfront.net\/9\/2020\/09\/0X4A9998m-1024x683.jpg 1024w, https:\/\/d2p6e6u75xmxt8.cloudfront.net\/9\/2020\/09\/0X4A9998m-300x200.jpg 300w, https:\/\/d2p6e6u75xmxt8.cloudfront.net\/9\/2020\/09\/0X4A9998m-768x512.jpg 768w, https:\/\/d2p6e6u75xmxt8.cloudfront.net\/9\/2020\/09\/0X4A9998m-272x182.jpg 272w, https:\/\/d2p6e6u75xmxt8.cloudfront.net\/9\/2020\/09\/0X4A9998m.jpg 1200w\" sizes=\"auto, (max-width: 1024px) 100vw, 1024px\" \/><\/a>\n\t\t\t<\/div><\/figure>\n\t\t<\/div>\n\n<figure id=\"attachment_2888\" aria-describedby=\"caption-attachment-2888\" style=\"width: 1200px\" class=\"wp-caption alignnone\"><img loading=\"lazy\" decoding=\"async\" class=\"wp-image-2888 size-full\" src=\"https:\/\/d2p6e6u75xmxt8.cloudfront.net\/9\/2020\/09\/0X4A9703m.jpg\" alt=\"\u0160koda ENYAQ iV\" width=\"1200\" height=\"800\" srcset=\"https:\/\/d2p6e6u75xmxt8.cloudfront.net\/9\/2020\/09\/0X4A9703m.jpg 1200w, https:\/\/d2p6e6u75xmxt8.cloudfront.net\/9\/2020\/09\/0X4A9703m-300x200.jpg 300w, https:\/\/d2p6e6u75xmxt8.cloudfront.net\/9\/2020\/09\/0X4A9703m-1024x683.jpg 1024w, https:\/\/d2p6e6u75xmxt8.cloudfront.net\/9\/2020\/09\/0X4A9703m-768x512.jpg 768w, https:\/\/d2p6e6u75xmxt8.cloudfront.net\/9\/2020\/09\/0X4A9703m-272x182.jpg 272w\" sizes=\"auto, (max-width: 1200px) 100vw, 1200px\" \/><figcaption id=\"caption-attachment-2888\" class=\"wp-caption-text\">Cameron njuter av det tretton tum stora \u00a0infotainment systemet i nya ENYAQ iV.<\/figcaption><\/figure>\n<p>&nbsp;<\/p>\n<p>P\u00e5 en enda laddning kan ENYAQ iV n\u00e5 upp till 500 km och tack vare bromsregenerad energi sparar man energi n\u00e4r man bromsar, utf\u00f6r Col du Galibier blev det extra tydligt att energin gick tillbaka in i batteriet. Bilen vi k\u00f6rde \u00a0skiljer sig fr\u00e5n de bilar som serietillverkas, dels visuellt med en stor taklucka och dekaler som signalerar att det \u00e4r t\u00e4vlingschefens bil. Inuti bilen finns det kommunikationsutrustning och de s\u00e5 viktiga h\u00e5llarna f\u00f6r champagneglasen.<\/p>\n<p>Tack vare de den kraftfulla elektriska drivlinan MEB s\u00e5 kunde bilen f\u00f6lja Cameron s\u00e4kert och utan risk f\u00f6r avbrott, detta p\u00e5 ett av de mest kr\u00e4vande bergen i Frankrike.\u00a0\u201cENYAQ iV har imponerat p\u00e5 mig med sin tysta g\u00e5ng och l\u00e4tthanterlighet, trots att den \u00e4r lite st\u00f6rre \u00e4n en Superb s\u00e5 \u00e4r den extremt l\u00e4ttk\u00f6rd,\u201d ber\u00e4ttar Cameron Jeffers.<\/p>\n<p>Cameron \u00e4r 23 \u00e5r gammal och fr\u00e5n Nordirland, han var v\u00e5rt f\u00f6rstaval f\u00f6r den utmaning som dagen p\u00e5 Galibier skulle inneb\u00e4ra. Han \u00e4r stark, rolig och med en positiv attityd \u00e4ven n\u00e4r det \u00e4r rej\u00e4lt jobbigt. Som vi fick reda p\u00e5 senare s\u00e5 var ocks\u00e5 Galibier Camerons favorit bland de franska bergspassen. \u201cMitt f\u00f6rh\u00e5llande till bergen beror p\u00e5 den frihet som det ger mig att cykla i berg, den rena luften och det faktiska avst\u00e5ndet till stadens och samh\u00e4llets stress\u201d.\u00a0Det \u00e4r ocks\u00e5 en sv\u00e5r balansg\u00e5ng n\u00e4r man cyklar uppf\u00f6r, niv\u00e5n av sm\u00e4rta \u00f6kar med farten men samtidigt minskar tiden som du upplever sm\u00e4rtan. K\u00e4nslan av att ha lyckats med n\u00e5got stort n\u00e4r du kommer upp till toppen \u00e4r oslagbar och oj\u00e4mf\u00f6rbar, inget annat sl\u00e5r att komma upp p\u00e5 toppen\u201d avslutar Cameron.<\/p>\n<div id='gallery-3' class='gallery galleryid-2886 gallery-columns-2 gallery-size-large'><figure class='gallery-item'>\n\t\t\t<div class='gallery-icon landscape'>\n\t\t\t\t<a href='https:\/\/d2p6e6u75xmxt8.cloudfront.net\/9\/2020\/09\/0X4A9349m.jpg'><img loading=\"lazy\" decoding=\"async\" width=\"1024\" height=\"683\" src=\"https:\/\/d2p6e6u75xmxt8.cloudfront.net\/9\/2020\/09\/0X4A9349m-1024x683.jpg\" class=\"attachment-large size-large\" alt=\"\u0160koda ENYAQ iV\" srcset=\"https:\/\/d2p6e6u75xmxt8.cloudfront.net\/9\/2020\/09\/0X4A9349m-1024x683.jpg 1024w, https:\/\/d2p6e6u75xmxt8.cloudfront.net\/9\/2020\/09\/0X4A9349m-300x200.jpg 300w, https:\/\/d2p6e6u75xmxt8.cloudfront.net\/9\/2020\/09\/0X4A9349m-768x512.jpg 768w, https:\/\/d2p6e6u75xmxt8.cloudfront.net\/9\/2020\/09\/0X4A9349m-272x182.jpg 272w, https:\/\/d2p6e6u75xmxt8.cloudfront.net\/9\/2020\/09\/0X4A9349m.jpg 1200w\" sizes=\"auto, (max-width: 1024px) 100vw, 1024px\" \/><\/a>\n\t\t\t<\/div><\/figure><figure class='gallery-item'>\n\t\t\t<div class='gallery-icon landscape'>\n\t\t\t\t<a href='https:\/\/d2p6e6u75xmxt8.cloudfront.net\/9\/2020\/09\/0X4A9798m.jpg'><img loading=\"lazy\" decoding=\"async\" width=\"1024\" height=\"684\" src=\"https:\/\/d2p6e6u75xmxt8.cloudfront.net\/9\/2020\/09\/0X4A9798m-1024x684.jpg\" class=\"attachment-large size-large\" alt=\"\u0160koda ENYAQ iV\" srcset=\"https:\/\/d2p6e6u75xmxt8.cloudfront.net\/9\/2020\/09\/0X4A9798m-1024x684.jpg 1024w, https:\/\/d2p6e6u75xmxt8.cloudfront.net\/9\/2020\/09\/0X4A9798m-300x200.jpg 300w, https:\/\/d2p6e6u75xmxt8.cloudfront.net\/9\/2020\/09\/0X4A9798m-768x513.jpg 768w, https:\/\/d2p6e6u75xmxt8.cloudfront.net\/9\/2020\/09\/0X4A9798m-272x182.jpg 272w, https:\/\/d2p6e6u75xmxt8.cloudfront.net\/9\/2020\/09\/0X4A9798m.jpg 1200w\" sizes=\"auto, (max-width: 1024px) 100vw, 1024px\" \/><\/a>\n\t\t\t<\/div><\/figure>\n\t\t<\/div>\n\n<p>Hur \u0160koda ENYAQ iV och Cameron tog sig an den k\u00e4nda kl\u00e4ttringen kan du kolla p\u00e5 i filmen du hittar l\u00e4ngre upp i artikeln. Som Cameron sj\u00e4lv sa efter att ha kommit upp: \u201cDet var faktiskt mitt f\u00f6rsta f\u00f6rs\u00f6k att cykla fr\u00e5n det h\u00e5llet och berget gjorde mig inte besviken. V\u00e4dret var fantastiskt och utsikten var otrolig, det var ocks\u00e5 en fin upplevelse att vara omringad av ett bra team som gjorde allt vad de kunde f\u00f6r att filmen skulle bli s\u00e5 bra som m\u00f6jligt\u201d.<\/p>\n","protected":false},"excerpt":{"rendered":"<p>Vad vore nyss avslutade\u00a0Tour de France\u00a0utan de spektakul\u00e4ra bergsetapperna? Det \u00e4r i de mytomspunna bergen som agnarna s\u00e5llas fr\u00e5n vetet [&hellip;]<\/p>\n","protected":false},"author":52,"featured_media":2890,"comment_status":"open","ping_status":"open","sticky":false,"template":"","format":"standard","meta":{"footnotes":""},"categories":[5,11],"tags":[],"global-categories":[],"class_list":["post-2886","post","type-post","status-publish","format-standard","has-post-thumbnail","hentry","category-nyheter","category-tdf"],"yoast_head":"<!-- This site is optimized with the Yoast SEO Premium plugin v25.3 (Yoast SEO v25.9) - https:\/\/yoast.com\/wordpress\/plugins\/seo\/ -->\n<title>Vi testar v\u00e5r nya elbil p\u00e5 en av Tourens tuffaste kl\u00e4ttringar<\/title>\n<meta name=\"description\" content=\"Col du Galibier served the perfect opportunity to properly try out the features of the all-new, fully electric \u0160koda ENYAQ iV.\" \/>\n<meta name=\"robots\" content=\"index, follow, max-snippet:-1, max-image-preview:large, max-video-preview:-1\" \/>\n<link rel=\"canonical\" href=\"https:\/\/www.welovecycling.com\/se\/2020\/09\/20\/the-all-new-fully-electric-skoda-enyaq-iv-climbing-one-of-the-tours-toughest-mountains\/\" \/>\n<meta property=\"og:locale\" content=\"sv_SE\" \/>\n<meta property=\"og:type\" content=\"article\" \/>\n<meta property=\"og:title\" content=\"Vi testar v\u00e5r nya elbil p\u00e5 en av Tourens tuffaste kl\u00e4ttringar\" \/>\n<meta property=\"og:description\" content=\"Col du Galibier served the perfect opportunity to properly try out the features of the all-new, fully electric \u0160koda ENYAQ iV.\" \/>\n<meta property=\"og:url\" content=\"https:\/\/www.welovecycling.com\/se\/2020\/09\/20\/the-all-new-fully-electric-skoda-enyaq-iv-climbing-one-of-the-tours-toughest-mountains\/\" \/>\n<meta property=\"og:site_name\" content=\"\u0160koda - We Love Cycling - Sweden\" \/>\n<meta property=\"article:published_time\" content=\"2020-09-20T20:11:26+00:00\" \/>\n<meta property=\"article:modified_time\" content=\"2020-09-22T05:43:24+00:00\" \/>\n<meta property=\"og:image\" content=\"https:\/\/d2p6e6u75xmxt8.cloudfront.net\/9\/2020\/09\/CameronsPeak-CVR.jpg\" \/>\n\t<meta property=\"og:image:width\" content=\"1366\" \/>\n\t<meta property=\"og:image:height\" content=\"600\" \/>\n\t<meta property=\"og:image:type\" content=\"image\/jpeg\" \/>\n<meta name=\"author\" content=\"erikleonsson\" \/>\n<meta name=\"twitter:card\" content=\"summary_large_image\" \/>\n<meta name=\"twitter:label1\" content=\"Written by\" \/>\n\t<meta name=\"twitter:data1\" content=\"WeLoveCycling\" \/>\n\t<meta name=\"twitter:label2\" content=\"Est. reading time\" \/>\n\t<meta name=\"twitter:data2\" content=\"7\" \/>\n<script type=\"application\/ld+json\" class=\"yoast-schema-graph\">{\"@context\":\"https:\/\/schema.org\",\"@graph\":[{\"@type\":\"WebPage\",\"@id\":\"https:\/\/www.welovecycling.com\/se\/2020\/09\/20\/the-all-new-fully-electric-skoda-enyaq-iv-climbing-one-of-the-tours-toughest-mountains\/\",\"url\":\"https:\/\/www.welovecycling.com\/se\/2020\/09\/20\/the-all-new-fully-electric-skoda-enyaq-iv-climbing-one-of-the-tours-toughest-mountains\/\",\"name\":\"Vi testar v\u00e5r nya elbil p\u00e5 en av Tourens tuffaste kl\u00e4ttringar\",\"isPartOf\":{\"@id\":\"https:\/\/www.welovecycling.com\/se\/#website\"},\"primaryImageOfPage\":{\"@id\":\"https:\/\/www.welovecycling.com\/se\/2020\/09\/20\/the-all-new-fully-electric-skoda-enyaq-iv-climbing-one-of-the-tours-toughest-mountains\/#primaryimage\"},\"image\":{\"@id\":\"https:\/\/www.welovecycling.com\/se\/2020\/09\/20\/the-all-new-fully-electric-skoda-enyaq-iv-climbing-one-of-the-tours-toughest-mountains\/#primaryimage\"},\"thumbnailUrl\":\"https:\/\/d2p6e6u75xmxt8.cloudfront.net\/9\/2020\/09\/CameronsPeak-CVR.jpg\",\"datePublished\":\"2020-09-20T20:11:26+00:00\",\"dateModified\":\"2020-09-22T05:43:24+00:00\",\"author\":{\"@id\":\"https:\/\/www.welovecycling.com\/se\/#\/schema\/person\/037f34ad5d6e77accab8a3eff6ad7a0c\"},\"description\":\"Col du Galibier served the perfect opportunity to properly try out the features of the all-new, fully electric \u0160koda ENYAQ iV.\",\"breadcrumb\":{\"@id\":\"https:\/\/www.welovecycling.com\/se\/2020\/09\/20\/the-all-new-fully-electric-skoda-enyaq-iv-climbing-one-of-the-tours-toughest-mountains\/#breadcrumb\"},\"inLanguage\":\"sv-SE\",\"potentialAction\":[{\"@type\":\"ReadAction\",\"target\":[\"https:\/\/www.welovecycling.com\/se\/2020\/09\/20\/the-all-new-fully-electric-skoda-enyaq-iv-climbing-one-of-the-tours-toughest-mountains\/\"]}]},{\"@type\":\"ImageObject\",\"inLanguage\":\"sv-SE\",\"@id\":\"https:\/\/www.welovecycling.com\/se\/2020\/09\/20\/the-all-new-fully-electric-skoda-enyaq-iv-climbing-one-of-the-tours-toughest-mountains\/#primaryimage\",\"url\":\"https:\/\/d2p6e6u75xmxt8.cloudfront.net\/9\/2020\/09\/CameronsPeak-CVR.jpg\",\"contentUrl\":\"https:\/\/d2p6e6u75xmxt8.cloudfront.net\/9\/2020\/09\/CameronsPeak-CVR.jpg\",\"width\":1366,\"height\":600,\"caption\":\"\u0160koda ENYAQ iV\"},{\"@type\":\"BreadcrumbList\",\"@id\":\"https:\/\/www.welovecycling.com\/se\/2020\/09\/20\/the-all-new-fully-electric-skoda-enyaq-iv-climbing-one-of-the-tours-toughest-mountains\/#breadcrumb\",\"itemListElement\":[{\"@type\":\"ListItem\",\"position\":1,\"name\":\"Home\",\"item\":\"https:\/\/www.welovecycling.com\/se\/\"},{\"@type\":\"ListItem\",\"position\":2,\"name\":\"Vi testar v\u00e5r nya elbil p\u00e5 en av Tourens tuffaste kl\u00e4ttringar\"}]},{\"@type\":\"WebSite\",\"@id\":\"https:\/\/www.welovecycling.com\/se\/#website\",\"url\":\"https:\/\/www.welovecycling.com\/se\/\",\"name\":\"\u0160koda - We Love Cycling - Sweden\",\"description\":\"\u0160koda We Love Cycling - Sweden\",\"potentialAction\":[{\"@type\":\"SearchAction\",\"target\":{\"@type\":\"EntryPoint\",\"urlTemplate\":\"https:\/\/www.welovecycling.com\/se\/?s={search_term_string}\"},\"query-input\":{\"@type\":\"PropertyValueSpecification\",\"valueRequired\":true,\"valueName\":\"search_term_string\"}}],\"inLanguage\":\"sv-SE\"},{\"@type\":\"Person\",\"@id\":\"https:\/\/www.welovecycling.com\/se\/#\/schema\/person\/037f34ad5d6e77accab8a3eff6ad7a0c\",\"name\":\"erikleonsson\",\"image\":{\"@type\":\"ImageObject\",\"inLanguage\":\"sv-SE\",\"@id\":\"https:\/\/www.welovecycling.com\/se\/#\/schema\/person\/image\/\",\"url\":\"https:\/\/secure.gravatar.com\/avatar\/788a593b0a657d6864c271709722f9cd586caa5a645e77f71fe625396b02677c?s=96&d=mm&r=g\",\"contentUrl\":\"https:\/\/secure.gravatar.com\/avatar\/788a593b0a657d6864c271709722f9cd586caa5a645e77f71fe625396b02677c?s=96&d=mm&r=g\",\"caption\":\"erikleonsson\"},\"url\":\"https:\/\/www.welovecycling.com\/se\/author\/erikleonsson\/\"}]}<\/script>\n<!-- \/ Yoast SEO Premium plugin. -->","yoast_head_json":{"title":"Vi testar v\u00e5r nya elbil p\u00e5 en av Tourens tuffaste kl\u00e4ttringar","description":"Col du Galibier served the perfect opportunity to properly try out the features of the all-new, fully electric \u0160koda ENYAQ iV.","robots":{"index":"index","follow":"follow","max-snippet":"max-snippet:-1","max-image-preview":"max-image-preview:large","max-video-preview":"max-video-preview:-1"},"canonical":"https:\/\/www.welovecycling.com\/se\/2020\/09\/20\/the-all-new-fully-electric-skoda-enyaq-iv-climbing-one-of-the-tours-toughest-mountains\/","og_locale":"sv_SE","og_type":"article","og_title":"Vi testar v\u00e5r nya elbil p\u00e5 en av Tourens tuffaste kl\u00e4ttringar","og_description":"Col du Galibier served the perfect opportunity to properly try out the features of the all-new, fully electric \u0160koda ENYAQ iV.","og_url":"https:\/\/www.welovecycling.com\/se\/2020\/09\/20\/the-all-new-fully-electric-skoda-enyaq-iv-climbing-one-of-the-tours-toughest-mountains\/","og_site_name":"\u0160koda - We Love Cycling - Sweden","article_published_time":"2020-09-20T20:11:26+00:00","article_modified_time":"2020-09-22T05:43:24+00:00","og_image":[{"width":1366,"height":600,"url":"https:\/\/d2p6e6u75xmxt8.cloudfront.net\/9\/2020\/09\/CameronsPeak-CVR.jpg","type":"image\/jpeg"}],"author":"erikleonsson","twitter_card":"summary_large_image","twitter_misc":{"Written by":"WeLoveCycling","Est. reading time":"7"},"schema":{"@context":"https:\/\/schema.org","@graph":[{"@type":"WebPage","@id":"https:\/\/www.welovecycling.com\/se\/2020\/09\/20\/the-all-new-fully-electric-skoda-enyaq-iv-climbing-one-of-the-tours-toughest-mountains\/","url":"https:\/\/www.welovecycling.com\/se\/2020\/09\/20\/the-all-new-fully-electric-skoda-enyaq-iv-climbing-one-of-the-tours-toughest-mountains\/","name":"Vi testar v\u00e5r nya elbil p\u00e5 en av Tourens tuffaste kl\u00e4ttringar","isPartOf":{"@id":"https:\/\/www.welovecycling.com\/se\/#website"},"primaryImageOfPage":{"@id":"https:\/\/www.welovecycling.com\/se\/2020\/09\/20\/the-all-new-fully-electric-skoda-enyaq-iv-climbing-one-of-the-tours-toughest-mountains\/#primaryimage"},"image":{"@id":"https:\/\/www.welovecycling.com\/se\/2020\/09\/20\/the-all-new-fully-electric-skoda-enyaq-iv-climbing-one-of-the-tours-toughest-mountains\/#primaryimage"},"thumbnailUrl":"https:\/\/d2p6e6u75xmxt8.cloudfront.net\/9\/2020\/09\/CameronsPeak-CVR.jpg","datePublished":"2020-09-20T20:11:26+00:00","dateModified":"2020-09-22T05:43:24+00:00","author":{"@id":"https:\/\/www.welovecycling.com\/se\/#\/schema\/person\/037f34ad5d6e77accab8a3eff6ad7a0c"},"description":"Col du Galibier served the perfect opportunity to properly try out the features of the all-new, fully electric \u0160koda ENYAQ iV.","breadcrumb":{"@id":"https:\/\/www.welovecycling.com\/se\/2020\/09\/20\/the-all-new-fully-electric-skoda-enyaq-iv-climbing-one-of-the-tours-toughest-mountains\/#breadcrumb"},"inLanguage":"sv-SE","potentialAction":[{"@type":"ReadAction","target":["https:\/\/www.welovecycling.com\/se\/2020\/09\/20\/the-all-new-fully-electric-skoda-enyaq-iv-climbing-one-of-the-tours-toughest-mountains\/"]}]},{"@type":"ImageObject","inLanguage":"sv-SE","@id":"https:\/\/www.welovecycling.com\/se\/2020\/09\/20\/the-all-new-fully-electric-skoda-enyaq-iv-climbing-one-of-the-tours-toughest-mountains\/#primaryimage","url":"https:\/\/d2p6e6u75xmxt8.cloudfront.net\/9\/2020\/09\/CameronsPeak-CVR.jpg","contentUrl":"https:\/\/d2p6e6u75xmxt8.cloudfront.net\/9\/2020\/09\/CameronsPeak-CVR.jpg","width":1366,"height":600,"caption":"\u0160koda ENYAQ iV"},{"@type":"BreadcrumbList","@id":"https:\/\/www.welovecycling.com\/se\/2020\/09\/20\/the-all-new-fully-electric-skoda-enyaq-iv-climbing-one-of-the-tours-toughest-mountains\/#breadcrumb","itemListElement":[{"@type":"ListItem","position":1,"name":"Home","item":"https:\/\/www.welovecycling.com\/se\/"},{"@type":"ListItem","position":2,"name":"Vi testar v\u00e5r nya elbil p\u00e5 en av Tourens tuffaste kl\u00e4ttringar"}]},{"@type":"WebSite","@id":"https:\/\/www.welovecycling.com\/se\/#website","url":"https:\/\/www.welovecycling.com\/se\/","name":"\u0160koda - We Love Cycling - Sweden","description":"\u0160koda We Love Cycling - Sweden","potentialAction":[{"@type":"SearchAction","target":{"@type":"EntryPoint","urlTemplate":"https:\/\/www.welovecycling.com\/se\/?s={search_term_string}"},"query-input":{"@type":"PropertyValueSpecification","valueRequired":true,"valueName":"search_term_string"}}],"inLanguage":"sv-SE"},{"@type":"Person","@id":"https:\/\/www.welovecycling.com\/se\/#\/schema\/person\/037f34ad5d6e77accab8a3eff6ad7a0c","name":"erikleonsson","image":{"@type":"ImageObject","inLanguage":"sv-SE","@id":"https:\/\/www.welovecycling.com\/se\/#\/schema\/person\/image\/","url":"https:\/\/secure.gravatar.com\/avatar\/788a593b0a657d6864c271709722f9cd586caa5a645e77f71fe625396b02677c?s=96&d=mm&r=g","contentUrl":"https:\/\/secure.gravatar.com\/avatar\/788a593b0a657d6864c271709722f9cd586caa5a645e77f71fe625396b02677c?s=96&d=mm&r=g","caption":"erikleonsson"},"url":"https:\/\/www.welovecycling.com\/se\/author\/erikleonsson\/"}]}},"_links":{"self":[{"href":"https:\/\/www.welovecycling.com\/se\/wp-json\/wp\/v2\/posts\/2886","targetHints":{"allow":["GET"]}}],"collection":[{"href":"https:\/\/www.welovecycling.com\/se\/wp-json\/wp\/v2\/posts"}],"about":[{"href":"https:\/\/www.welovecycling.com\/se\/wp-json\/wp\/v2\/types\/post"}],"author":[{"embeddable":true,"href":"https:\/\/www.welovecycling.com\/se\/wp-json\/wp\/v2\/users\/52"}],"replies":[{"embeddable":true,"href":"https:\/\/www.welovecycling.com\/se\/wp-json\/wp\/v2\/comments?post=2886"}],"version-history":[{"count":2,"href":"https:\/\/www.welovecycling.com\/se\/wp-json\/wp\/v2\/posts\/2886\/revisions"}],"predecessor-version":[{"id":2908,"href":"https:\/\/www.welovecycling.com\/se\/wp-json\/wp\/v2\/posts\/2886\/revisions\/2908"}],"wp:featuredmedia":[{"embeddable":true,"href":"https:\/\/www.welovecycling.com\/se\/wp-json\/wp\/v2\/media\/2890"}],"wp:attachment":[{"href":"https:\/\/www.welovecycling.com\/se\/wp-json\/wp\/v2\/media?parent=2886"}],"wp:term":[{"taxonomy":"category","embeddable":true,"href":"https:\/\/www.welovecycling.com\/se\/wp-json\/wp\/v2\/categories?post=2886"},{"taxonomy":"post_tag","embeddable":true,"href":"https:\/\/www.welovecycling.com\/se\/wp-json\/wp\/v2\/tags?post=2886"},{"taxonomy":"global-categories","embeddable":true,"href":"https:\/\/www.welovecycling.com\/se\/wp-json\/wp\/v2\/global-categories?post=2886"}],"curies":[{"name":"wp","href":"https:\/\/api.w.org\/{rel}","templated":true}]}}