{"id":2837,"date":"2020-09-08T12:04:59","date_gmt":"2020-09-08T11:04:59","guid":{"rendered":"https:\/\/www.welovecycling.com\/se\/?p=2837"},"modified":"2022-07-01T15:11:36","modified_gmt":"2022-07-01T14:11:36","slug":"helt-nya-elbilen-skoda-enyaq-iv-blir-nya-ledarbilen-pa-tour-de-france","status":"publish","type":"post","link":"https:\/\/www.welovecycling.com\/se\/2020\/09\/08\/helt-nya-elbilen-skoda-enyaq-iv-blir-nya-ledarbilen-pa-tour-de-france\/","title":{"rendered":"Helt nya elbilen \u0160koda ENYAQ iV blir ny ledarbil p\u00e5 Tour de France"},"content":{"rendered":"<p><strong>\u0160koda\u2019s ny elbil, ENYAQ iV, hade v\u00e4rldspremi\u00e4r i f\u00f6rra veckan. Redan dagen efter det glamor\u00f6sa premi\u00e4rpartyt rullade en r\u00f6dlackerad ENYAQ iV ut som ledarbil p\u00e5 etapp nummer 5 \u00a0i\u00a0<a href=\"https:\/\/www.letour.fr\/en\/\">Tour de France<\/a><\/strong><!--more--><\/p>\n<p>\u0160koda\u2019s historia har alltid varit sammanfl\u00e4tad med cykling och cykelsport. Grundarna av\u00a0\u0160koda Vaclav Laurin och Vaclav Klement, byggde\u00a0<a href=\"https:\/\/www.welovecycling.com\/wide\/2019\/08\/05\/vladimir-vidim-at-the-letape-iron-will-and-wooden-handlebars\/\">sin f\u00f6rsta cykel<\/a>\u00a0i en liten verkstad i december 1895. Sedan dess har\u00a0\u0160koda alltid str\u00e4vat efter att st\u00f6dja cykel, b\u00e5de som sport och community. \u0160koda har ocks\u00e5 l\u00e4nge varit officiell sponsor av dom st\u00f6rsta cykelt\u00e4vlingarna runt om i v\u00e4rlden. Sedan 2004 har \u0160koda sponsrat Touren och sedan 2015 \u00e4ven den gr\u00f6na tr\u00f6jan. S\u00e5 att den f\u00f6rsta l\u00e4ngre turen inf\u00f6r publik i en\u00a0ENYAQ iV skulle vara p\u00e5 Touren k\u00e4ndes sj\u00e4lvklart.<\/p>\n<lite-youtube videoid=df5r5JRENOM params=\"enablejsapi=1\" style=\"background-image: url('https:\/\/i.ytimg.com\/vi_webp\/df5r5JRENOM\/maxresdefault.webp');\"><\/lite-youtube>\n<p>Ledarbilen med nummer 1 \u00e4r alltid framf\u00f6r cyklisterna och \u00e4r ocks\u00e5 den bilen som startar cyklisterna varje dag. Det \u00e4r ocks\u00e5 en omissk\u00e4nnlig symbol f\u00f6r v\u00e4rldens st\u00f6rsta cykelt\u00e4vlingar. Den klart r\u00f6da bilen syns alltid, den gula sk\u00e4rmen i \u00f6verkant av vindrutan \u00e4r tillsammans med dekalerna pricken \u00f6ver i. I bilen sitter ingen mindre \u00e4n chefen f\u00f6r b\u00e5de A.S.O och Tour de France: Christian Prudhomme.<br \/>\nSom han sj\u00e4lv har beskrivit hur viktig ledarbilen \u00e4r: \u201c\u0160koda \u00e4r en viktig partner f\u00f6r Tour de France och f\u00f6r alla de andra t\u00e4vlingarna som vi arrangerar. \u00a0Under Tour de France \u00e4r den r\u00f6da \u0160kodaN med nummer 1 mer \u00e4n bara en bil, det \u00e4r ett kontrolltorn, ett kontor och en uppskattad och p\u00e5litlig v\u00e4n. Vi v\u00e4rderar v\u00e5rat samarbete h\u00f6gt och det \u00e4r med gl\u00e4dje som vi f\u00f6rl\u00e4nger v\u00e5rat avtal med\u00a0\u0160koda som alltid har varit en perfekt match f\u00f6r Touren och A.S.O\u201d. \u0160koda har under m\u00e5nga \u00e5r varit f\u00f6rstahandsvalet n\u00e4r t\u00e4vlingschefen f\u00f6r Touren ska v\u00e4lja bil, men det \u00e4r f\u00f6rsta g\u00e5ngen som Christoffer Prudhomme inte sitter i en<a href=\"https:\/\/www.welovecycling.com\/wide\/2020\/08\/31\/the-day-i-drove-the-leading-car-of-the-tour-de-france\/\">\u00a0SUPERB,<\/a>\u00a0ist\u00e4llet blev det en v\u00e4rldspremi\u00e4r i den helt nya elbilen ENYAQ iV. Totalt s\u00e5 rullar det tre ENYAQ iV p\u00e5 Tour de France i \u00e5r\u2013 en som den nyss n\u00e4mnda r\u00f6da bilen med nummer 1. Ut\u00f6ver det finns ocks\u00e5 tv\u00e5 andra r\u00f6da bilar med t\u00e4vlingens kommissarier i.<\/p>\n<p><img loading=\"lazy\" decoding=\"async\" class=\"alignnone size-full wp-image-2839\" src=\"https:\/\/d2p6e6u75xmxt8.cloudfront.net\/9\/2020\/09\/Enyaq-tdf-4-1.jpg\" alt=\"\" width=\"1458\" height=\"820\" srcset=\"https:\/\/d2p6e6u75xmxt8.cloudfront.net\/9\/2020\/09\/Enyaq-tdf-4-1.jpg 1458w, https:\/\/d2p6e6u75xmxt8.cloudfront.net\/9\/2020\/09\/Enyaq-tdf-4-1-300x169.jpg 300w, https:\/\/d2p6e6u75xmxt8.cloudfront.net\/9\/2020\/09\/Enyaq-tdf-4-1-1024x576.jpg 1024w, https:\/\/d2p6e6u75xmxt8.cloudfront.net\/9\/2020\/09\/Enyaq-tdf-4-1-768x432.jpg 768w\" sizes=\"auto, (max-width: 1458px) 100vw, 1458px\" \/><\/p>\n<div id='gallery-1' class='gallery galleryid-2837 gallery-columns-3 gallery-size-large'><figure class='gallery-item'>\n\t\t\t<div class='gallery-icon landscape'>\n\t\t\t\t<a href='https:\/\/d2p6e6u75xmxt8.cloudfront.net\/9\/2020\/09\/Enyaq-tdf-1.jpg'><img loading=\"lazy\" decoding=\"async\" width=\"1024\" height=\"576\" src=\"https:\/\/d2p6e6u75xmxt8.cloudfront.net\/9\/2020\/09\/Enyaq-tdf-1-1024x576.jpg\" class=\"attachment-large size-large\" alt=\"\" srcset=\"https:\/\/d2p6e6u75xmxt8.cloudfront.net\/9\/2020\/09\/Enyaq-tdf-1-1024x576.jpg 1024w, https:\/\/d2p6e6u75xmxt8.cloudfront.net\/9\/2020\/09\/Enyaq-tdf-1-300x169.jpg 300w, https:\/\/d2p6e6u75xmxt8.cloudfront.net\/9\/2020\/09\/Enyaq-tdf-1-768x432.jpg 768w, https:\/\/d2p6e6u75xmxt8.cloudfront.net\/9\/2020\/09\/Enyaq-tdf-1.jpg 1458w\" sizes=\"auto, (max-width: 1024px) 100vw, 1024px\" \/><\/a>\n\t\t\t<\/div><\/figure><figure class='gallery-item'>\n\t\t\t<div class='gallery-icon landscape'>\n\t\t\t\t<a href='https:\/\/d2p6e6u75xmxt8.cloudfront.net\/9\/2020\/09\/Enyaq-tdf-5-1.jpg'><img loading=\"lazy\" decoding=\"async\" width=\"1024\" height=\"576\" src=\"https:\/\/d2p6e6u75xmxt8.cloudfront.net\/9\/2020\/09\/Enyaq-tdf-5-1-1024x576.jpg\" class=\"attachment-large size-large\" alt=\"\u0160koda ENYAQ iV\" aria-describedby=\"gallery-1-2826\" srcset=\"https:\/\/d2p6e6u75xmxt8.cloudfront.net\/9\/2020\/09\/Enyaq-tdf-5-1-1024x576.jpg 1024w, https:\/\/d2p6e6u75xmxt8.cloudfront.net\/9\/2020\/09\/Enyaq-tdf-5-1-300x169.jpg 300w, https:\/\/d2p6e6u75xmxt8.cloudfront.net\/9\/2020\/09\/Enyaq-tdf-5-1-768x432.jpg 768w, https:\/\/d2p6e6u75xmxt8.cloudfront.net\/9\/2020\/09\/Enyaq-tdf-5-1.jpg 1458w\" sizes=\"auto, (max-width: 1024px) 100vw, 1024px\" \/><\/a>\n\t\t\t<\/div>\n\t\t\t\t<figcaption class='wp-caption-text gallery-caption' id='gallery-1-2826'>\n\t\t\t\t\u0160koda ENYAQ iV som bil nummer ett p\u00e5 Tour de France.\n\t\t\t\t<\/figcaption><\/figure><figure class='gallery-item'>\n\t\t\t<div class='gallery-icon landscape'>\n\t\t\t\t<a href='https:\/\/d2p6e6u75xmxt8.cloudfront.net\/9\/2020\/09\/Enyaq-tdf-3.jpg'><img loading=\"lazy\" decoding=\"async\" width=\"1024\" height=\"576\" src=\"https:\/\/d2p6e6u75xmxt8.cloudfront.net\/9\/2020\/09\/Enyaq-tdf-3-1024x576.jpg\" class=\"attachment-large size-large\" alt=\"\" srcset=\"https:\/\/d2p6e6u75xmxt8.cloudfront.net\/9\/2020\/09\/Enyaq-tdf-3-1024x576.jpg 1024w, https:\/\/d2p6e6u75xmxt8.cloudfront.net\/9\/2020\/09\/Enyaq-tdf-3-300x169.jpg 300w, https:\/\/d2p6e6u75xmxt8.cloudfront.net\/9\/2020\/09\/Enyaq-tdf-3-768x432.jpg 768w, https:\/\/d2p6e6u75xmxt8.cloudfront.net\/9\/2020\/09\/Enyaq-tdf-3.jpg 1458w\" sizes=\"auto, (max-width: 1024px) 100vw, 1024px\" \/><\/a>\n\t\t\t<\/div><\/figure>\n\t\t<\/div>\n\n<p>Precis som med dess f\u00f6reg\u00e5ngare \u00e4r ENYAQ iV som ledarbil specialutrustad f\u00f6r sitt unika uppdrag. Bilen \u00e4r utrustad med en stor taklucka som Christoffer Prudhomme anv\u00e4nder f\u00f6r att st\u00e5ende \u00f6vervaka starten och starta klungan vid kilometer noll. Totalt har bilen sex stycken antenner f\u00f6r olika kommunikationsl\u00f6sningar, speciella tutor, ett kylsk\u00e5p och en unik kommunikationsanl\u00e4ggning. Prudhomme h\u00e5ller hela tiden kontakten med teambilar och kommisarier. Alla, de t\u00e4vlande och fansen \u00e4r beroende av att det flyter p\u00e5 under loppet och det ser t\u00e4vlingschefen till att det g\u00f6r fr\u00e5n sin r\u00f6da \u0160koda. Den st\u00f6rsta skillnaden fr\u00e5n tidigare bilar \u00e4r att nya\u00a0ENYAQ iV \u00e4r konstruerad kring &#8221;modular electrification toolkit (MEB)&#8221; vilket g\u00f6r det till \u0160koda\u2019s andra helt eldrivna bil.<\/p>\n<p>ENYAQ iV kommer att s\u00e4ljas I flera olika versioner, med batteripack mellan 55 och 82 kWh. Med st\u00f6rsta batteriet kommer r\u00e4ckvidden vara upp\u00e5t 500 kilometer per laddning. Toppmodellen kommer vara fullsp\u00e4ckad med specialutrustning, bland annat de 20 tum stora alumiumf\u00e4lgarna, en 13 tum stor display p\u00e5 instrumentbr\u00e4dan, parkeringssensorer, ljus och regnsensorer, dessutom har f\u00f6rarstolen ett inbyggt massageprogram. Sj\u00e4lvklart \u00e4r ENYAQ iV \u00e4ven utrustad med keyless entry system (KESSY), och en telefonl\u00e5da f\u00f6r induktiv laddning. Toppmodellen \u00e4r utrustad med tr\u00f6tthetsvarnare.<\/p>\n<div id='gallery-2' class='gallery galleryid-2837 gallery-columns-3 gallery-size-large'><figure class='gallery-item'>\n\t\t\t<div class='gallery-icon landscape'>\n\t\t\t\t<a href='https:\/\/d2p6e6u75xmxt8.cloudfront.net\/9\/2020\/09\/Enyaq-tdf-7.jpg'><img loading=\"lazy\" decoding=\"async\" width=\"1024\" height=\"576\" src=\"https:\/\/d2p6e6u75xmxt8.cloudfront.net\/9\/2020\/09\/Enyaq-tdf-7-1024x576.jpg\" class=\"attachment-large size-large\" alt=\"\" srcset=\"https:\/\/d2p6e6u75xmxt8.cloudfront.net\/9\/2020\/09\/Enyaq-tdf-7-1024x576.jpg 1024w, https:\/\/d2p6e6u75xmxt8.cloudfront.net\/9\/2020\/09\/Enyaq-tdf-7-300x169.jpg 300w, https:\/\/d2p6e6u75xmxt8.cloudfront.net\/9\/2020\/09\/Enyaq-tdf-7-768x432.jpg 768w, https:\/\/d2p6e6u75xmxt8.cloudfront.net\/9\/2020\/09\/Enyaq-tdf-7.jpg 1458w\" sizes=\"auto, (max-width: 1024px) 100vw, 1024px\" \/><\/a>\n\t\t\t<\/div><\/figure><figure class='gallery-item'>\n\t\t\t<div class='gallery-icon landscape'>\n\t\t\t\t<a href='https:\/\/d2p6e6u75xmxt8.cloudfront.net\/9\/2020\/09\/Enyaq-tdf-8.jpg'><img loading=\"lazy\" decoding=\"async\" width=\"1024\" height=\"576\" src=\"https:\/\/d2p6e6u75xmxt8.cloudfront.net\/9\/2020\/09\/Enyaq-tdf-8-1024x576.jpg\" class=\"attachment-large size-large\" alt=\"\" srcset=\"https:\/\/d2p6e6u75xmxt8.cloudfront.net\/9\/2020\/09\/Enyaq-tdf-8-1024x576.jpg 1024w, https:\/\/d2p6e6u75xmxt8.cloudfront.net\/9\/2020\/09\/Enyaq-tdf-8-300x169.jpg 300w, https:\/\/d2p6e6u75xmxt8.cloudfront.net\/9\/2020\/09\/Enyaq-tdf-8-768x432.jpg 768w, https:\/\/d2p6e6u75xmxt8.cloudfront.net\/9\/2020\/09\/Enyaq-tdf-8.jpg 1458w\" sizes=\"auto, (max-width: 1024px) 100vw, 1024px\" \/><\/a>\n\t\t\t<\/div><\/figure><figure class='gallery-item'>\n\t\t\t<div class='gallery-icon landscape'>\n\t\t\t\t<a href='https:\/\/d2p6e6u75xmxt8.cloudfront.net\/9\/2020\/09\/Enyaq-tdf-6.jpg'><img loading=\"lazy\" decoding=\"async\" width=\"1024\" height=\"576\" src=\"https:\/\/d2p6e6u75xmxt8.cloudfront.net\/9\/2020\/09\/Enyaq-tdf-6-1024x576.jpg\" class=\"attachment-large size-large\" alt=\"\" srcset=\"https:\/\/d2p6e6u75xmxt8.cloudfront.net\/9\/2020\/09\/Enyaq-tdf-6-1024x576.jpg 1024w, https:\/\/d2p6e6u75xmxt8.cloudfront.net\/9\/2020\/09\/Enyaq-tdf-6-300x169.jpg 300w, https:\/\/d2p6e6u75xmxt8.cloudfront.net\/9\/2020\/09\/Enyaq-tdf-6-768x432.jpg 768w, https:\/\/d2p6e6u75xmxt8.cloudfront.net\/9\/2020\/09\/Enyaq-tdf-6.jpg 1458w\" sizes=\"auto, (max-width: 1024px) 100vw, 1024px\" \/><\/a>\n\t\t\t<\/div><\/figure>\n\t\t<\/div>\n\n<p>ENYAQ iV \u00e4r numera en av de bilar som Christoffer Prudhomme sitter i under vissa av etapperna p\u00e5 \u00e5rets tour. F\u00f6rsta etappen var nummer fem mellan Gap och Privas. N\u00e4sta chans att se en Enyaq iV l\u00e4ngst fram i Touren \u00e4r p\u00e5 tempoetappen mellan Lure och La Planche des Belles. Och sista chansen i \u00e5r blir p\u00e5 sista etappen in mot Champs-\u00c9lys\u00e9es d\u00e5 kommer ledarbilen vara den enda bil som korsar m\u00e5llinjen i Paris.<\/p>\n<p>ENYAQ iV \u00e4r en del av den 250 bilar stora karavan som \u0160koda l\u00e5nar ut till t\u00e4vlingsorganisationen, I \u00e5r \u00e4r 17:e \u00e5ret som Skoda \u00e4r med som bilsponsor. \u00c5rets tema \u00e4r h\u00e5llbarhet och elektronisk mobilitet. Trettio av bilarna \u00e4r hybrider eller helt elektrifierade. D\u00e5 dessa bilar st\u00e5r f\u00f6r h\u00e5llbar individuell mobilitet precis som cykeln g\u00f6r \u00e4r Tour de France det perfekta sammanhanget att presentera den helt nya ENYAQ f\u00f6r en internationell publik.<\/p>\n","protected":false},"excerpt":{"rendered":"<p>\u0160koda\u2019s ny elbil, ENYAQ iV, hade v\u00e4rldspremi\u00e4r i f\u00f6rra veckan. Redan dagen efter det glamor\u00f6sa premi\u00e4rpartyt rullade en r\u00f6dlackerad ENYAQ [&hellip;]<\/p>\n","protected":false},"author":52,"featured_media":2841,"comment_status":"open","ping_status":"open","sticky":false,"template":"","format":"standard","meta":{"footnotes":""},"categories":[5,11],"tags":[20,66],"global-categories":[],"class_list":["post-2837","post","type-post","status-publish","format-standard","has-post-thumbnail","hentry","category-nyheter","category-tdf","tag-tour-de-france","tag-tour-de-france-2020"],"yoast_head":"<!-- This site is optimized with the Yoast SEO Premium plugin v25.3 (Yoast SEO v25.9) - https:\/\/yoast.com\/wordpress\/plugins\/seo\/ -->\n<title>Helt nya elbilen \u0160koda ENYAQ iV blir ny ledarbil p\u00e5 Tour de France<\/title>\n<meta name=\"robots\" content=\"index, follow, max-snippet:-1, max-image-preview:large, max-video-preview:-1\" \/>\n<link rel=\"canonical\" href=\"https:\/\/www.welovecycling.com\/se\/2020\/09\/08\/helt-nya-elbilen-skoda-enyaq-iv-blir-nya-ledarbilen-pa-tour-de-france\/\" \/>\n<meta property=\"og:locale\" content=\"sv_SE\" \/>\n<meta property=\"og:type\" content=\"article\" \/>\n<meta property=\"og:title\" content=\"Helt nya elbilen \u0160koda ENYAQ iV blir ny ledarbil p\u00e5 Tour de France\" \/>\n<meta property=\"og:description\" content=\"\u0160koda\u2019s ny elbil, ENYAQ iV, hade v\u00e4rldspremi\u00e4r i f\u00f6rra veckan. Redan dagen efter det glamor\u00f6sa premi\u00e4rpartyt rullade en r\u00f6dlackerad ENYAQ [&hellip;]\" \/>\n<meta property=\"og:url\" content=\"https:\/\/www.welovecycling.com\/se\/2020\/09\/08\/helt-nya-elbilen-skoda-enyaq-iv-blir-nya-ledarbilen-pa-tour-de-france\/\" \/>\n<meta property=\"og:site_name\" content=\"\u0160koda - We Love Cycling - Sweden\" \/>\n<meta property=\"article:published_time\" content=\"2020-09-08T11:04:59+00:00\" \/>\n<meta property=\"article:modified_time\" content=\"2022-07-01T14:11:36+00:00\" \/>\n<meta property=\"og:image\" content=\"https:\/\/d2p6e6u75xmxt8.cloudfront.net\/9\/2020\/09\/cover-clclcl.png\" \/>\n\t<meta property=\"og:image:width\" content=\"1366\" \/>\n\t<meta property=\"og:image:height\" content=\"600\" \/>\n\t<meta property=\"og:image:type\" content=\"image\/png\" \/>\n<meta name=\"author\" content=\"erikleonsson\" \/>\n<meta name=\"twitter:card\" content=\"summary_large_image\" \/>\n<meta name=\"twitter:label1\" content=\"Written by\" \/>\n\t<meta name=\"twitter:data1\" content=\"Frantiska Blazkova\" \/>\n\t<meta name=\"twitter:label2\" content=\"Est. reading time\" \/>\n\t<meta name=\"twitter:data2\" content=\"5\" \/>\n<script type=\"application\/ld+json\" class=\"yoast-schema-graph\">{\"@context\":\"https:\/\/schema.org\",\"@graph\":[{\"@type\":\"WebPage\",\"@id\":\"https:\/\/www.welovecycling.com\/se\/2020\/09\/08\/helt-nya-elbilen-skoda-enyaq-iv-blir-nya-ledarbilen-pa-tour-de-france\/\",\"url\":\"https:\/\/www.welovecycling.com\/se\/2020\/09\/08\/helt-nya-elbilen-skoda-enyaq-iv-blir-nya-ledarbilen-pa-tour-de-france\/\",\"name\":\"Helt nya elbilen \u0160koda ENYAQ iV blir ny ledarbil p\u00e5 Tour de France\",\"isPartOf\":{\"@id\":\"https:\/\/www.welovecycling.com\/se\/#website\"},\"primaryImageOfPage\":{\"@id\":\"https:\/\/www.welovecycling.com\/se\/2020\/09\/08\/helt-nya-elbilen-skoda-enyaq-iv-blir-nya-ledarbilen-pa-tour-de-france\/#primaryimage\"},\"image\":{\"@id\":\"https:\/\/www.welovecycling.com\/se\/2020\/09\/08\/helt-nya-elbilen-skoda-enyaq-iv-blir-nya-ledarbilen-pa-tour-de-france\/#primaryimage\"},\"thumbnailUrl\":\"https:\/\/d2p6e6u75xmxt8.cloudfront.net\/9\/2020\/09\/cover-clclcl.png\",\"datePublished\":\"2020-09-08T11:04:59+00:00\",\"dateModified\":\"2022-07-01T14:11:36+00:00\",\"author\":{\"@id\":\"https:\/\/www.welovecycling.com\/se\/#\/schema\/person\/037f34ad5d6e77accab8a3eff6ad7a0c\"},\"breadcrumb\":{\"@id\":\"https:\/\/www.welovecycling.com\/se\/2020\/09\/08\/helt-nya-elbilen-skoda-enyaq-iv-blir-nya-ledarbilen-pa-tour-de-france\/#breadcrumb\"},\"inLanguage\":\"sv-SE\",\"potentialAction\":[{\"@type\":\"ReadAction\",\"target\":[\"https:\/\/www.welovecycling.com\/se\/2020\/09\/08\/helt-nya-elbilen-skoda-enyaq-iv-blir-nya-ledarbilen-pa-tour-de-france\/\"]}]},{\"@type\":\"ImageObject\",\"inLanguage\":\"sv-SE\",\"@id\":\"https:\/\/www.welovecycling.com\/se\/2020\/09\/08\/helt-nya-elbilen-skoda-enyaq-iv-blir-nya-ledarbilen-pa-tour-de-france\/#primaryimage\",\"url\":\"https:\/\/d2p6e6u75xmxt8.cloudfront.net\/9\/2020\/09\/cover-clclcl.png\",\"contentUrl\":\"https:\/\/d2p6e6u75xmxt8.cloudfront.net\/9\/2020\/09\/cover-clclcl.png\",\"width\":1366,\"height\":600},{\"@type\":\"BreadcrumbList\",\"@id\":\"https:\/\/www.welovecycling.com\/se\/2020\/09\/08\/helt-nya-elbilen-skoda-enyaq-iv-blir-nya-ledarbilen-pa-tour-de-france\/#breadcrumb\",\"itemListElement\":[{\"@type\":\"ListItem\",\"position\":1,\"name\":\"Home\",\"item\":\"https:\/\/www.welovecycling.com\/se\/\"},{\"@type\":\"ListItem\",\"position\":2,\"name\":\"Helt nya elbilen \u0160koda ENYAQ iV blir ny ledarbil p\u00e5 Tour de France\"}]},{\"@type\":\"WebSite\",\"@id\":\"https:\/\/www.welovecycling.com\/se\/#website\",\"url\":\"https:\/\/www.welovecycling.com\/se\/\",\"name\":\"\u0160koda - We Love Cycling - Sweden\",\"description\":\"\u0160koda We Love Cycling - Sweden\",\"potentialAction\":[{\"@type\":\"SearchAction\",\"target\":{\"@type\":\"EntryPoint\",\"urlTemplate\":\"https:\/\/www.welovecycling.com\/se\/?s={search_term_string}\"},\"query-input\":{\"@type\":\"PropertyValueSpecification\",\"valueRequired\":true,\"valueName\":\"search_term_string\"}}],\"inLanguage\":\"sv-SE\"},{\"@type\":\"Person\",\"@id\":\"https:\/\/www.welovecycling.com\/se\/#\/schema\/person\/037f34ad5d6e77accab8a3eff6ad7a0c\",\"name\":\"erikleonsson\",\"image\":{\"@type\":\"ImageObject\",\"inLanguage\":\"sv-SE\",\"@id\":\"https:\/\/www.welovecycling.com\/se\/#\/schema\/person\/image\/\",\"url\":\"https:\/\/secure.gravatar.com\/avatar\/788a593b0a657d6864c271709722f9cd586caa5a645e77f71fe625396b02677c?s=96&d=mm&r=g\",\"contentUrl\":\"https:\/\/secure.gravatar.com\/avatar\/788a593b0a657d6864c271709722f9cd586caa5a645e77f71fe625396b02677c?s=96&d=mm&r=g\",\"caption\":\"erikleonsson\"},\"url\":\"https:\/\/www.welovecycling.com\/se\/author\/erikleonsson\/\"}]}<\/script>\n<!-- \/ Yoast SEO Premium plugin. -->","yoast_head_json":{"title":"Helt nya elbilen \u0160koda ENYAQ iV blir ny ledarbil p\u00e5 Tour de France","robots":{"index":"index","follow":"follow","max-snippet":"max-snippet:-1","max-image-preview":"max-image-preview:large","max-video-preview":"max-video-preview:-1"},"canonical":"https:\/\/www.welovecycling.com\/se\/2020\/09\/08\/helt-nya-elbilen-skoda-enyaq-iv-blir-nya-ledarbilen-pa-tour-de-france\/","og_locale":"sv_SE","og_type":"article","og_title":"Helt nya elbilen \u0160koda ENYAQ iV blir ny ledarbil p\u00e5 Tour de France","og_description":"\u0160koda\u2019s ny elbil, ENYAQ iV, hade v\u00e4rldspremi\u00e4r i f\u00f6rra veckan. Redan dagen efter det glamor\u00f6sa premi\u00e4rpartyt rullade en r\u00f6dlackerad ENYAQ [&hellip;]","og_url":"https:\/\/www.welovecycling.com\/se\/2020\/09\/08\/helt-nya-elbilen-skoda-enyaq-iv-blir-nya-ledarbilen-pa-tour-de-france\/","og_site_name":"\u0160koda - We Love Cycling - Sweden","article_published_time":"2020-09-08T11:04:59+00:00","article_modified_time":"2022-07-01T14:11:36+00:00","og_image":[{"width":1366,"height":600,"url":"https:\/\/d2p6e6u75xmxt8.cloudfront.net\/9\/2020\/09\/cover-clclcl.png","type":"image\/png"}],"author":"erikleonsson","twitter_card":"summary_large_image","twitter_misc":{"Written by":"Frantiska Blazkova","Est. reading time":"5"},"schema":{"@context":"https:\/\/schema.org","@graph":[{"@type":"WebPage","@id":"https:\/\/www.welovecycling.com\/se\/2020\/09\/08\/helt-nya-elbilen-skoda-enyaq-iv-blir-nya-ledarbilen-pa-tour-de-france\/","url":"https:\/\/www.welovecycling.com\/se\/2020\/09\/08\/helt-nya-elbilen-skoda-enyaq-iv-blir-nya-ledarbilen-pa-tour-de-france\/","name":"Helt nya elbilen \u0160koda ENYAQ iV blir ny ledarbil p\u00e5 Tour de France","isPartOf":{"@id":"https:\/\/www.welovecycling.com\/se\/#website"},"primaryImageOfPage":{"@id":"https:\/\/www.welovecycling.com\/se\/2020\/09\/08\/helt-nya-elbilen-skoda-enyaq-iv-blir-nya-ledarbilen-pa-tour-de-france\/#primaryimage"},"image":{"@id":"https:\/\/www.welovecycling.com\/se\/2020\/09\/08\/helt-nya-elbilen-skoda-enyaq-iv-blir-nya-ledarbilen-pa-tour-de-france\/#primaryimage"},"thumbnailUrl":"https:\/\/d2p6e6u75xmxt8.cloudfront.net\/9\/2020\/09\/cover-clclcl.png","datePublished":"2020-09-08T11:04:59+00:00","dateModified":"2022-07-01T14:11:36+00:00","author":{"@id":"https:\/\/www.welovecycling.com\/se\/#\/schema\/person\/037f34ad5d6e77accab8a3eff6ad7a0c"},"breadcrumb":{"@id":"https:\/\/www.welovecycling.com\/se\/2020\/09\/08\/helt-nya-elbilen-skoda-enyaq-iv-blir-nya-ledarbilen-pa-tour-de-france\/#breadcrumb"},"inLanguage":"sv-SE","potentialAction":[{"@type":"ReadAction","target":["https:\/\/www.welovecycling.com\/se\/2020\/09\/08\/helt-nya-elbilen-skoda-enyaq-iv-blir-nya-ledarbilen-pa-tour-de-france\/"]}]},{"@type":"ImageObject","inLanguage":"sv-SE","@id":"https:\/\/www.welovecycling.com\/se\/2020\/09\/08\/helt-nya-elbilen-skoda-enyaq-iv-blir-nya-ledarbilen-pa-tour-de-france\/#primaryimage","url":"https:\/\/d2p6e6u75xmxt8.cloudfront.net\/9\/2020\/09\/cover-clclcl.png","contentUrl":"https:\/\/d2p6e6u75xmxt8.cloudfront.net\/9\/2020\/09\/cover-clclcl.png","width":1366,"height":600},{"@type":"BreadcrumbList","@id":"https:\/\/www.welovecycling.com\/se\/2020\/09\/08\/helt-nya-elbilen-skoda-enyaq-iv-blir-nya-ledarbilen-pa-tour-de-france\/#breadcrumb","itemListElement":[{"@type":"ListItem","position":1,"name":"Home","item":"https:\/\/www.welovecycling.com\/se\/"},{"@type":"ListItem","position":2,"name":"Helt nya elbilen \u0160koda ENYAQ iV blir ny ledarbil p\u00e5 Tour de France"}]},{"@type":"WebSite","@id":"https:\/\/www.welovecycling.com\/se\/#website","url":"https:\/\/www.welovecycling.com\/se\/","name":"\u0160koda - We Love Cycling - Sweden","description":"\u0160koda We Love Cycling - Sweden","potentialAction":[{"@type":"SearchAction","target":{"@type":"EntryPoint","urlTemplate":"https:\/\/www.welovecycling.com\/se\/?s={search_term_string}"},"query-input":{"@type":"PropertyValueSpecification","valueRequired":true,"valueName":"search_term_string"}}],"inLanguage":"sv-SE"},{"@type":"Person","@id":"https:\/\/www.welovecycling.com\/se\/#\/schema\/person\/037f34ad5d6e77accab8a3eff6ad7a0c","name":"erikleonsson","image":{"@type":"ImageObject","inLanguage":"sv-SE","@id":"https:\/\/www.welovecycling.com\/se\/#\/schema\/person\/image\/","url":"https:\/\/secure.gravatar.com\/avatar\/788a593b0a657d6864c271709722f9cd586caa5a645e77f71fe625396b02677c?s=96&d=mm&r=g","contentUrl":"https:\/\/secure.gravatar.com\/avatar\/788a593b0a657d6864c271709722f9cd586caa5a645e77f71fe625396b02677c?s=96&d=mm&r=g","caption":"erikleonsson"},"url":"https:\/\/www.welovecycling.com\/se\/author\/erikleonsson\/"}]}},"_links":{"self":[{"href":"https:\/\/www.welovecycling.com\/se\/wp-json\/wp\/v2\/posts\/2837","targetHints":{"allow":["GET"]}}],"collection":[{"href":"https:\/\/www.welovecycling.com\/se\/wp-json\/wp\/v2\/posts"}],"about":[{"href":"https:\/\/www.welovecycling.com\/se\/wp-json\/wp\/v2\/types\/post"}],"author":[{"embeddable":true,"href":"https:\/\/www.welovecycling.com\/se\/wp-json\/wp\/v2\/users\/52"}],"replies":[{"embeddable":true,"href":"https:\/\/www.welovecycling.com\/se\/wp-json\/wp\/v2\/comments?post=2837"}],"version-history":[{"count":2,"href":"https:\/\/www.welovecycling.com\/se\/wp-json\/wp\/v2\/posts\/2837\/revisions"}],"predecessor-version":[{"id":2863,"href":"https:\/\/www.welovecycling.com\/se\/wp-json\/wp\/v2\/posts\/2837\/revisions\/2863"}],"wp:featuredmedia":[{"embeddable":true,"href":"https:\/\/www.welovecycling.com\/se\/wp-json\/wp\/v2\/media\/2841"}],"wp:attachment":[{"href":"https:\/\/www.welovecycling.com\/se\/wp-json\/wp\/v2\/media?parent=2837"}],"wp:term":[{"taxonomy":"category","embeddable":true,"href":"https:\/\/www.welovecycling.com\/se\/wp-json\/wp\/v2\/categories?post=2837"},{"taxonomy":"post_tag","embeddable":true,"href":"https:\/\/www.welovecycling.com\/se\/wp-json\/wp\/v2\/tags?post=2837"},{"taxonomy":"global-categories","embeddable":true,"href":"https:\/\/www.welovecycling.com\/se\/wp-json\/wp\/v2\/global-categories?post=2837"}],"curies":[{"name":"wp","href":"https:\/\/api.w.org\/{rel}","templated":true}]}}