{"id":2807,"date":"2022-07-01T13:23:20","date_gmt":"2022-07-01T12:23:20","guid":{"rendered":"https:\/\/www.welovecycling.com\/se\/?p=2807"},"modified":"2022-07-01T15:13:39","modified_gmt":"2022-07-01T14:13:39","slug":"sa-blev-skoda-ryggraden-i-tour-de-france","status":"publish","type":"post","link":"https:\/\/www.welovecycling.com\/se\/2022\/07\/01\/sa-blev-skoda-ryggraden-i-tour-de-france\/","title":{"rendered":"S\u00e5 blev \u0160koda ryggraden i Tour de France"},"content":{"rendered":"<p><strong>Utan servicebilarna, den oberoende supporten och andra bilar i karavanen skulle Tour de France upplevas som ett oorganiserat kaos, b\u00e5de f\u00f6r cyklisterna och \u00e5sk\u00e5darna. Att veta att det finns n\u00e5gon som tar hand om dig \u00e4r en viktig trygghet n\u00e4r du har \u00f6ver 3000 kilometer utmanande terr\u00e4ng framf\u00f6r dig. Men hur blev \u0160koda en nyckelspelare i organisationen bakom v\u00e4rldens st\u00f6rsta cykelt\u00e4vling?<\/strong><!--more--><\/p>\n<p>Som du s\u00e4kert redan h\u00f6rt s\u00e5 b\u00f6rjade \u0160kodaS framg\u00e5ngssaga med grundarna V\u00e1clav Laurin och V\u00e1clav Klement, i en liten cykelverkstad december 1895. Fr\u00e5n egen cykeltillverkning till motorcyklar och s\u00e5 sm\u00e5ningom \u00e4ven de bilar vi mest f\u00f6rknippar varum\u00e4rket med idag. Det \u00e4r allts\u00e5 en naturlig utveckling att \u0160koda blev officiell partner till Tour de France 2004 och idag levererar cirka 250 bilar till den officiella bilflottan. Mestadels \u00e4r det \u0160koda OCTAVIA Combi och \u0160koda SUPERB. Det b\u00f6rjade med cyklar f\u00f6r 125 \u00e5r sedan och cyklingen finns i h\u00f6g grad kvar i \u0160kodaS hj\u00e4rta.<\/p>\n<figure id=\"attachment_2809\" aria-describedby=\"caption-attachment-2809\" style=\"width: 1250px\" class=\"wp-caption alignnone\"><img loading=\"lazy\" decoding=\"async\" class=\"wp-image-2809 size-full\" src=\"https:\/\/d2p6e6u75xmxt8.cloudfront.net\/9\/2020\/08\/Red-SKODA-SUPERB-iV-5.jpg\" alt=\"\" width=\"1250\" height=\"834\" srcset=\"https:\/\/d2p6e6u75xmxt8.cloudfront.net\/9\/2020\/08\/Red-SKODA-SUPERB-iV-5.jpg 1250w, https:\/\/d2p6e6u75xmxt8.cloudfront.net\/9\/2020\/08\/Red-SKODA-SUPERB-iV-5-300x200.jpg 300w, https:\/\/d2p6e6u75xmxt8.cloudfront.net\/9\/2020\/08\/Red-SKODA-SUPERB-iV-5-1024x683.jpg 1024w, https:\/\/d2p6e6u75xmxt8.cloudfront.net\/9\/2020\/08\/Red-SKODA-SUPERB-iV-5-768x512.jpg 768w, https:\/\/d2p6e6u75xmxt8.cloudfront.net\/9\/2020\/08\/Red-SKODA-SUPERB-iV-5-272x182.jpg 272w\" sizes=\"auto, (max-width: 1250px) 100vw, 1250px\" \/><figcaption id=\"caption-attachment-2809\" class=\"wp-caption-text\">Den r\u00f6da SUPERB iV framf\u00f6r Caf\u00e9 du Cycliste i Nice.<\/figcaption><\/figure>\n<p>&nbsp;<\/p>\n<p>Men \u0160koda \u00e4r inte bara den bil som f\u00f6r m\u00e5nga symboliserar Touren. F\u00f6retaget har ocks\u00e5 l\u00e4nge sponsrat den gr\u00f6na tr\u00f6jan och mellan 2004 och 2014 den vita ungdomstr\u00f6jan. Ut\u00f6ver engagemanget i Tour de France s\u00e5 st\u00f6djer \u0160koda en m\u00e4ngd cykelt\u00e4vlingar som till exempel:<span class=\"Apple-converted-space\">\u00a0 <\/span>L\u2019Etape du Tour, Paris-Roubaix, Li\u00e8ge-Bastogne-Li\u00e8ge, La Fl\u00e8che Wallonne, Paris-Nice, Crit\u00e9rium du Dauphin\u00e9 och La Vuelta. I de tre etapploppen p\u00e5 slutet \u00e4r \u00e4ven den gr\u00f6na po\u00e4ngtr\u00f6jan precis som p\u00e5 Touren sponsrad av<span class=\"Apple-converted-space\">\u00a0 <\/span>\u0160koda.<span class=\"Apple-converted-space\">\u00a0<\/span><\/p>\n<p>Men om vi tar en n\u00e4rmare titt p\u00e5 de bilar som man kan se under Touren s\u00e5 m\u00e4rker vi att de olika f\u00e4rgerna ocks\u00e5 symboliserar bilens roll i karavanen. Det finns en fin historia bakom de olika bilarnas roll och hur mots\u00e4gelsefullt det kan k\u00e4nnas att prata om bilarna p\u00e5 en cykelt\u00e4vling s\u00e5 \u00e4r de en viktig del b\u00e5de historiskt och i nutid.<\/p>\n<h2><strong>T\u00e4vlingschefens r\u00f6da SUPERB<\/strong><\/h2>\n<p>N\u00e4r du ser bilen med f\u00e4rgkoden \u201dCorrida r\u00f6d\u201d\u2019 s\u00e5 vet du att etappen snart ska b\u00f6rja. Det \u00e4r en \u0160koda SUPERB med ett visir \u00f6ver vindrutan och specialskurna Tour-dekaler. I bilen sitter Christian Prudhomme, chef f\u00f6r A.S.O cycling och Tourens t\u00e4vlingschef. Det \u00e4r inte bara den bil som rullar f\u00f6rst p\u00e5 resan mot Champs \u00c9lys\u00e9es, det \u00e4r ocks\u00e5 s\u00e5 att bilen \u00e4r loppets kontrollcenter. I bilen finns en fyrkanalig komradio som Christian Prudhomme anv\u00e4nder f\u00f6r att ta emot information och ge direktiv till sina medarbetare. Det store \u00f6ppningsbara glastaket \u00e4r inte bara d\u00e4r f\u00f6r att showa, det ger ocks\u00e5 Prudhomme m\u00f6jligheten att st\u00e5 upp och ha perfekt koll p\u00e5 klungan innan start. Och d\u00e5 det \u00e4r den r\u00f6da bilen som \u00e4r pacebil s\u00e5 \u00e4r det ocks\u00e5 st\u00e5endes i takluckan som Prudhomme viftar med startflaggan f\u00f6r att starta etappen. Alla bilar i karavanen, alla cyklister och fans litar p\u00e5 att den r\u00f6da bilen styr varje etapp p\u00e5 ett kontrollerat och s\u00e4kert s\u00e4tt.<span class=\"Apple-converted-space\">\u00a0<\/span><\/p>\n<figure id=\"attachment_2810\" aria-describedby=\"caption-attachment-2810\" style=\"width: 1650px\" class=\"wp-caption alignnone\"><img loading=\"lazy\" decoding=\"async\" class=\"wp-image-2810 size-full\" src=\"https:\/\/d2p6e6u75xmxt8.cloudfront.net\/9\/2020\/08\/Red-SKODA-SUPERB-iV-4-1.jpg\" alt=\"\" width=\"1650\" height=\"1101\" srcset=\"https:\/\/d2p6e6u75xmxt8.cloudfront.net\/9\/2020\/08\/Red-SKODA-SUPERB-iV-4-1.jpg 1650w, https:\/\/d2p6e6u75xmxt8.cloudfront.net\/9\/2020\/08\/Red-SKODA-SUPERB-iV-4-1-300x200.jpg 300w, https:\/\/d2p6e6u75xmxt8.cloudfront.net\/9\/2020\/08\/Red-SKODA-SUPERB-iV-4-1-1024x683.jpg 1024w, https:\/\/d2p6e6u75xmxt8.cloudfront.net\/9\/2020\/08\/Red-SKODA-SUPERB-iV-4-1-768x512.jpg 768w, https:\/\/d2p6e6u75xmxt8.cloudfront.net\/9\/2020\/08\/Red-SKODA-SUPERB-iV-4-1-1536x1025.jpg 1536w, https:\/\/d2p6e6u75xmxt8.cloudfront.net\/9\/2020\/08\/Red-SKODA-SUPERB-iV-4-1-272x182.jpg 272w\" sizes=\"auto, (max-width: 1650px) 100vw, 1650px\" \/><figcaption id=\"caption-attachment-2810\" class=\"wp-caption-text\">Plug-in hybriden kombinerar en konventionell motor p\u00e5 1,4 TSI med en effekt p\u00e5 156 h\u00e4star med en elektrisk motor, som i sin tur har ytterligare 115 h\u00e4star.<\/figcaption><\/figure>\n<div id='gallery-1' class='gallery galleryid-2807 gallery-columns-3 gallery-size-large'><figure class='gallery-item'>\n\t\t\t<div class='gallery-icon landscape'>\n\t\t\t\t<a href='https:\/\/d2p6e6u75xmxt8.cloudfront.net\/9\/2020\/08\/Red-SKODA-SUPERB-iV-3-1.jpg'><img loading=\"lazy\" decoding=\"async\" width=\"1024\" height=\"683\" src=\"https:\/\/d2p6e6u75xmxt8.cloudfront.net\/9\/2020\/08\/Red-SKODA-SUPERB-iV-3-1-1024x683.jpg\" class=\"attachment-large size-large\" alt=\"\" srcset=\"https:\/\/d2p6e6u75xmxt8.cloudfront.net\/9\/2020\/08\/Red-SKODA-SUPERB-iV-3-1-1024x683.jpg 1024w, https:\/\/d2p6e6u75xmxt8.cloudfront.net\/9\/2020\/08\/Red-SKODA-SUPERB-iV-3-1-300x200.jpg 300w, https:\/\/d2p6e6u75xmxt8.cloudfront.net\/9\/2020\/08\/Red-SKODA-SUPERB-iV-3-1-768x512.jpg 768w, https:\/\/d2p6e6u75xmxt8.cloudfront.net\/9\/2020\/08\/Red-SKODA-SUPERB-iV-3-1-272x182.jpg 272w, https:\/\/d2p6e6u75xmxt8.cloudfront.net\/9\/2020\/08\/Red-SKODA-SUPERB-iV-3-1.jpg 1250w\" sizes=\"auto, (max-width: 1024px) 100vw, 1024px\" \/><\/a>\n\t\t\t<\/div><\/figure><figure class='gallery-item'>\n\t\t\t<div class='gallery-icon landscape'>\n\t\t\t\t<a href='https:\/\/d2p6e6u75xmxt8.cloudfront.net\/9\/2020\/08\/Red-SKODA-SUPERB-iV-3-2.jpg'><img loading=\"lazy\" decoding=\"async\" width=\"1024\" height=\"683\" src=\"https:\/\/d2p6e6u75xmxt8.cloudfront.net\/9\/2020\/08\/Red-SKODA-SUPERB-iV-3-2-1024x683.jpg\" class=\"attachment-large size-large\" alt=\"\" srcset=\"https:\/\/d2p6e6u75xmxt8.cloudfront.net\/9\/2020\/08\/Red-SKODA-SUPERB-iV-3-2-1024x683.jpg 1024w, https:\/\/d2p6e6u75xmxt8.cloudfront.net\/9\/2020\/08\/Red-SKODA-SUPERB-iV-3-2-300x200.jpg 300w, https:\/\/d2p6e6u75xmxt8.cloudfront.net\/9\/2020\/08\/Red-SKODA-SUPERB-iV-3-2-768x512.jpg 768w, https:\/\/d2p6e6u75xmxt8.cloudfront.net\/9\/2020\/08\/Red-SKODA-SUPERB-iV-3-2-272x182.jpg 272w, https:\/\/d2p6e6u75xmxt8.cloudfront.net\/9\/2020\/08\/Red-SKODA-SUPERB-iV-3-2.jpg 1250w\" sizes=\"auto, (max-width: 1024px) 100vw, 1024px\" \/><\/a>\n\t\t\t<\/div><\/figure><figure class='gallery-item'>\n\t\t\t<div class='gallery-icon landscape'>\n\t\t\t\t<a href='https:\/\/d2p6e6u75xmxt8.cloudfront.net\/9\/2020\/08\/Red-SKODA-SUPERB-iV-2-1.jpg'><img loading=\"lazy\" decoding=\"async\" width=\"1024\" height=\"683\" src=\"https:\/\/d2p6e6u75xmxt8.cloudfront.net\/9\/2020\/08\/Red-SKODA-SUPERB-iV-2-1-1024x683.jpg\" class=\"attachment-large size-large\" alt=\"\" srcset=\"https:\/\/d2p6e6u75xmxt8.cloudfront.net\/9\/2020\/08\/Red-SKODA-SUPERB-iV-2-1-1024x683.jpg 1024w, https:\/\/d2p6e6u75xmxt8.cloudfront.net\/9\/2020\/08\/Red-SKODA-SUPERB-iV-2-1-300x200.jpg 300w, https:\/\/d2p6e6u75xmxt8.cloudfront.net\/9\/2020\/08\/Red-SKODA-SUPERB-iV-2-1-768x512.jpg 768w, https:\/\/d2p6e6u75xmxt8.cloudfront.net\/9\/2020\/08\/Red-SKODA-SUPERB-iV-2-1-272x182.jpg 272w, https:\/\/d2p6e6u75xmxt8.cloudfront.net\/9\/2020\/08\/Red-SKODA-SUPERB-iV-2-1.jpg 1250w\" sizes=\"auto, (max-width: 1024px) 100vw, 1024px\" \/><\/a>\n\t\t\t<\/div><\/figure>\n\t\t<\/div>\n\n<p>2015 introducerade \u0160koda en helt nyutvecklad version av SUPERB som anv\u00e4nds som \u201dden r\u00f6da bilen\u201d och i \u00e5r ers\u00e4tts den med en SUPERB iV, en helt ny plug-in hybrid. Med en rymlig och stils\u00e4ker inredning och marknadsledande teknik. F\u00f6rutom att ta t\u00e4ten i v\u00e4rldens st\u00f6rsta cykelt\u00e4vling s\u00e5 bjuder den r\u00f6da bilen ocks\u00e5 VIP-g\u00e4ster p\u00e5 en riktigt lyxig \u00e5ktur. En som av tradition brukar f\u00e5 \u00e5ka med i den r\u00f6da bilen \u00e4r Frankrikes president. Den r\u00f6da bilen \u00e4r ocks\u00e5 den enda bilen i karavanen som f\u00e5r korsa m\u00e5llinjen.<\/p>\n<p>Som Christian Prudhomme sj\u00e4lv sa om den r\u00f6da SUPERBEN: \u201c\u0160koda \u00e4r en viktig partner f\u00f6r Tour de France och de andra t\u00e4vlingarna som vi organiserar. Under Tour de France \u00e4r den r\u00f6da \u0160kodaN med nummer 1 mer \u00e4n bara en bil. Den \u00e4r ett kontrolltorn, ett kontor och en h\u00f6gt v\u00e4rderad och uppskattad v\u00e4n. Det \u00e4r med stolthet vi f\u00f6rl\u00e4nger samarbetet med en effektiv och p\u00e5litlig partner som \u0160koda.<\/p>\n<h2><strong>Teamens bilar<\/strong><\/h2>\n<p>Varje lag har tv\u00e5 bilar som f\u00f6ljer klungan, ordningen \u00e4r best\u00e4md av lagledarens placering i b\u00f6rjan av etappen. Ordningen handlar om mycket mer \u00e4n prestige, ju n\u00e4rmare en bil \u00e4r t\u00e4ten desto snabbare kan lagledarna agera och hj\u00e4lpa sina cyklister. Varje bil har m\u00e5nga roller, det \u00e4r en cykelverkstad, det \u00e4r ocks\u00e5 f\u00f6rvaring f\u00f6r extracyklarna och en massa extra hjul. Men bilen \u00e4r dessutom bespisning, en plats f\u00f6r taktiska r\u00e5d och befallningar, om en cyklist har ramlat och beh\u00f6ver pl\u00e5stras om \u00e4r det inte ovanligt att s\u00e5ren tv\u00e4ttas och pl\u00e5stras i farten genom f\u00f6nstret p\u00e5 en \u0160koda. I bilarna, som i m\u00e5nga lag \u00e4r \u0160koda OCTAVIA st\u00e5r radion p\u00e5 hela tiden, raceradion allts\u00e5, p\u00e5 den rapporteras det om allt som h\u00e4nder i klungan, vurpor och utbrytningar. Alla bilar kan p\u00e5 radion ropa direkt till den r\u00f6da bilen, detta f\u00f6r att snabbt kunna f\u00e5 svar av Christian Prudhomme i fr\u00e5gor som r\u00f6r loppet. Direktkommunikationen \u00e4r viktig f\u00f6r i Tour de France \u00e4r det sekunder som avg\u00f6r, viktiga fr\u00e5gor kan aldrig v\u00e4nta.<\/p>\n<figure id=\"attachment_2811\" aria-describedby=\"caption-attachment-2811\" style=\"width: 1250px\" class=\"wp-caption alignnone\"><img loading=\"lazy\" decoding=\"async\" class=\"size-full wp-image-2811\" src=\"https:\/\/d2p6e6u75xmxt8.cloudfront.net\/9\/2020\/08\/SKODA-TEAM-CAR-profimedia-0460986023.jpg\" alt=\"\" width=\"1250\" height=\"833\" srcset=\"https:\/\/d2p6e6u75xmxt8.cloudfront.net\/9\/2020\/08\/SKODA-TEAM-CAR-profimedia-0460986023.jpg 1250w, https:\/\/d2p6e6u75xmxt8.cloudfront.net\/9\/2020\/08\/SKODA-TEAM-CAR-profimedia-0460986023-300x200.jpg 300w, https:\/\/d2p6e6u75xmxt8.cloudfront.net\/9\/2020\/08\/SKODA-TEAM-CAR-profimedia-0460986023-1024x682.jpg 1024w, https:\/\/d2p6e6u75xmxt8.cloudfront.net\/9\/2020\/08\/SKODA-TEAM-CAR-profimedia-0460986023-768x512.jpg 768w, https:\/\/d2p6e6u75xmxt8.cloudfront.net\/9\/2020\/08\/SKODA-TEAM-CAR-profimedia-0460986023-272x182.jpg 272w\" sizes=\"auto, (max-width: 1250px) 100vw, 1250px\" \/><figcaption id=\"caption-attachment-2811\" class=\"wp-caption-text\">Thibaut Pinot v\u00e4ntar p\u00e5 att \u0160koda teambilen ska plocka upp honom under den 19:e etappen av Tour de France 2019. \u00a9 Profimedia<\/figcaption><\/figure>\n<p>&nbsp;<\/p>\n<p>Teambilarna r\u00f6r sig elegant i n\u00e4rheten av klungan och n\u00e4r en cyklist g\u00e5r iv\u00e4g i en utbrytning beh\u00f6ver en av lagets bilar ocks\u00e5 jobba sig fram bakom utbrytarna. F\u00f6rarna m\u00e5ste till fullo f\u00f6rst\u00e5 klungans puls och kunna f\u00f6rutsp\u00e5 cyklisternas r\u00f6relser, s\u00e4kerhet m\u00e5ste vara en prioritet.<span class=\"Apple-converted-space\">\u00a0<\/span><\/p>\n<p>N\u00e4r Stephen Roche, k\u00f6rde en av VIP-bilarna 2014 kommenterade han valet av de \u00f6vriga chauff\u00f6rerna med att n\u00e4stan alla var f\u00f6re detta proffs: \u201dDet handlar om att f\u00f6rst\u00e5 cyklisterna och klungan, om det \u00e4r kantvind s\u00e5 vet jag hur cyklisterna kommer att cykla, det \u00e4r anstr\u00e4ngande \u00e4ven att k\u00f6ra, du m\u00e5ste koncentrera dig hela tiden.\u201d<\/p>\n<h2><strong>Mavic\u2019s neutrala gula servicebilar<\/strong><\/h2>\n<p>Om du \u00e4r cyklist och beh\u00f6ver en ny cykel eller ett hjul s\u00e5 vet du att den gula bilen kan vara din r\u00e4ddning, speciellt om lagets bil av n\u00e5gon anledning inte \u00e4r i n\u00e4rheten. Mavics bilar \u00e4r ett g\u00e4ng \u0160koda SUPERB som erbjuder den neutrala supporten som alla cyklister kan anv\u00e4nda. Ut\u00f6ver reservcyklar och hjul s\u00e5 finns det regnkl\u00e4der och en hel del reservdelar s\u00e5 att Mavic kan laga en cykel och samtidigt l\u00e5na ut en av sina gula cyklar. Cyklisterna oroar sig sj\u00e4lvklart fortfarande f\u00f6r punkteringar och tekniska problem men oftast finns hj\u00e4lpen n\u00e4ra, d\u00e5 \u00e4r det l\u00e4ttare att slappna av och koncentrera sig p\u00e5 cyklandet.<span class=\"Apple-converted-space\">\u00a0<\/span><\/p>\n<div class=\"embed-controller-wrapper\">\n<div class=\"embed-wrapper\"><iframe title=\"A Day At The Tour de France With Mavic Neutral Service | Tour de France 2018\" width=\"500\" height=\"281\" data-src=\"https:\/\/www.youtube.com\/embed\/ZhaRq9E88GQ?feature=oembed\" frameborder=\"0\" allow=\"accelerometer; autoplay; clipboard-write; encrypted-media; gyroscope; picture-in-picture; web-share\" referrerpolicy=\"strict-origin-when-cross-origin\" allowfullscreen><\/iframe><\/div>\n<\/div>\n<p>N\u00e4r Chris Froome och tv\u00e5 andra cyklister 2016 vurpade p\u00e5 grund av en motorcykel som stannade lite f\u00f6r hastigt var det Mavics \u0160koda SUPERB som var f\u00f6rst p\u00e5 plats f\u00f6r att hj\u00e4lpa till. F\u00f6rst n\u00e4r Froome ins\u00e5g att m\u00e5let var n\u00e4ra b\u00f6rjade han springa, d\u00e5 lagets bil fastnat l\u00e4ngre ner p\u00e5 berget. N\u00e4r en Mavicbil ist\u00e4llet kunde erbjuda en reservcykel s\u00e5 fick han till slut cykla i m\u00e5l.<\/p>\n<h2><strong>\u0160koda Tour de France Hospitality<\/strong><\/h2>\n<p>Sist men inte minst s\u00e5 finns det ett g\u00e4ng polerade och stripade \u0160koda SUPERB iV som erbjuder de lyckliga vinnarna som f\u00e5tt chansen att \u00e5ka med i karavanen och uppleva Tour de France under en maxad dag. Hospitality Programme \u00e4r skapat f\u00f6r kunder och samarbetspartners till \u0160koda, platserna \u00e4r eftertraktade och under dagen sitter man b\u00e5de med i bil framf\u00f6r karavanen och f\u00e5r titta p\u00e5 loppet fr\u00e5n helikopter.<span class=\"Apple-converted-space\">\u00a0<\/span><\/p>\n<p><img loading=\"lazy\" decoding=\"async\" class=\"size-full wp-image-2812\" src=\"https:\/\/d2p6e6u75xmxt8.cloudfront.net\/9\/2020\/08\/IMG_0888-scaled.jpg\" alt=\"\" width=\"4000\" height=\"2248\" srcset=\"https:\/\/d2p6e6u75xmxt8.cloudfront.net\/9\/2020\/08\/IMG_0888-scaled.jpg 2560w, https:\/\/d2p6e6u75xmxt8.cloudfront.net\/9\/2020\/08\/IMG_0888-300x169.jpg 300w, https:\/\/d2p6e6u75xmxt8.cloudfront.net\/9\/2020\/08\/IMG_0888-1024x575.jpg 1024w, https:\/\/d2p6e6u75xmxt8.cloudfront.net\/9\/2020\/08\/IMG_0888-768x432.jpg 768w, https:\/\/d2p6e6u75xmxt8.cloudfront.net\/9\/2020\/08\/IMG_0888-1536x863.jpg 1536w, https:\/\/d2p6e6u75xmxt8.cloudfront.net\/9\/2020\/08\/IMG_0888-2048x1151.jpg 2048w, https:\/\/d2p6e6u75xmxt8.cloudfront.net\/9\/2020\/08\/IMG_0888-1920x1079.jpg 1920w, https:\/\/d2p6e6u75xmxt8.cloudfront.net\/9\/2020\/08\/IMG_0888-1920x1079.jpg 1920w\" sizes=\"auto, (max-width: 4000px) 100vw, 4000px\" \/><\/p>\n<p>Att flyga helikopter \u00f6ver klungan \u00e4r ett minne f\u00f6r livet.<\/p>\n<p>\u00c5rets Tour de France <em>(efter den virtuella touren som k\u00f6rdes p\u00e5 Swift i Juli)<\/em> ska nu \u00e4ntligen k\u00f6ras p\u00e5 riktigt. Och n\u00e4r man tittar p\u00e5 startlistan och etappernas h\u00f6jdkurvor blir det uppenbart att \u00e5rets upplaga kommer att bjuda p\u00e5 lika mycket sp\u00e4nning som tidigare \u00e5r. Fr\u00e5n Nice till Paris, och precis som vanligt best\u00e5r banan av 21 etapper. I \u00e5r inte korsar den franska gr\u00e4nsen men variationen i terr\u00e4ng kommer \u00e4nd\u00e5 att finnas d\u00e4r. \u00c5tta bergsetapper med m\u00e5lg\u00e5ng uppe p\u00e5 berget. Cyklisterna och bilarna i karavanen kommer att avverka hela 3,470 km tillsammans.<span class=\"Apple-converted-space\">\u00a0<\/span><\/p>\n<p>S\u00e5 n\u00e4r du ser cyklisterna rulla \u00f6ver m\u00e5llinjen i Paris, hylla deras insats och vinnarens storhet. Men gl\u00f6m inte kvinnorna och m\u00e4nnen i bilarna som rullat med och sett till att allt fungerat som det ska. Det \u00e4r inte lika glamor\u00f6st som f\u00f6r cyklisterna men det \u00e4r ett jobb som m\u00e5ste g\u00f6ras, f\u00f6r utan bilarna i karavanen s\u00e5 blir det sv\u00e5rt att f\u00e5 till ett fungerande lopp.<\/p>\n","protected":false},"excerpt":{"rendered":"<p>Utan servicebilarna, den oberoende supporten och andra bilar i karavanen skulle Tour de France upplevas som ett oorganiserat kaos, b\u00e5de [&hellip;]<\/p>\n","protected":false},"author":52,"featured_media":2814,"comment_status":"open","ping_status":"open","sticky":false,"template":"","format":"standard","meta":{"footnotes":""},"categories":[5,11],"tags":[20,66],"global-categories":[],"class_list":["post-2807","post","type-post","status-publish","format-standard","has-post-thumbnail","hentry","category-nyheter","category-tdf","tag-tour-de-france","tag-tour-de-france-2020"],"yoast_head":"<!-- This site is optimized with the Yoast SEO Premium plugin v25.3 (Yoast SEO v25.9) - https:\/\/yoast.com\/wordpress\/plugins\/seo\/ -->\n<title>S\u00e5 blev \u0160koda ryggraden i Tour de France - \u0160koda - We Love Cycling - Sweden<\/title>\n<meta name=\"robots\" content=\"index, follow, max-snippet:-1, max-image-preview:large, max-video-preview:-1\" \/>\n<link rel=\"canonical\" href=\"https:\/\/www.welovecycling.com\/se\/2022\/07\/01\/sa-blev-skoda-ryggraden-i-tour-de-france\/\" \/>\n<meta property=\"og:locale\" content=\"sv_SE\" \/>\n<meta property=\"og:type\" content=\"article\" \/>\n<meta property=\"og:title\" content=\"S\u00e5 blev \u0160koda ryggraden i Tour de France\" \/>\n<meta property=\"og:description\" content=\"Utan servicebilarna, den oberoende supporten och andra bilar i karavanen skulle Tour de France upplevas som ett oorganiserat kaos, b\u00e5de [&hellip;]\" \/>\n<meta property=\"og:url\" content=\"https:\/\/www.welovecycling.com\/se\/2022\/07\/01\/sa-blev-skoda-ryggraden-i-tour-de-france\/\" \/>\n<meta property=\"og:site_name\" content=\"\u0160koda - We Love Cycling - Sweden\" \/>\n<meta property=\"article:published_time\" content=\"2022-07-01T12:23:20+00:00\" \/>\n<meta property=\"article:modified_time\" content=\"2022-07-01T14:13:39+00:00\" \/>\n<meta property=\"og:image\" content=\"https:\/\/d2p6e6u75xmxt8.cloudfront.net\/9\/2020\/08\/SKODA-SUPERB-iV-CVR.jpg\" \/>\n\t<meta property=\"og:image:width\" content=\"1366\" \/>\n\t<meta property=\"og:image:height\" content=\"600\" \/>\n\t<meta property=\"og:image:type\" content=\"image\/jpeg\" \/>\n<meta name=\"author\" content=\"erikleonsson\" \/>\n<meta name=\"twitter:card\" content=\"summary_large_image\" \/>\n<meta name=\"twitter:label1\" content=\"Written by\" \/>\n\t<meta name=\"twitter:data1\" content=\"Frantiska Blazkova\" \/>\n\t<meta name=\"twitter:label2\" content=\"Est. reading time\" \/>\n\t<meta name=\"twitter:data2\" content=\"7\" \/>\n<script type=\"application\/ld+json\" class=\"yoast-schema-graph\">{\"@context\":\"https:\/\/schema.org\",\"@graph\":[{\"@type\":\"WebPage\",\"@id\":\"https:\/\/www.welovecycling.com\/se\/2022\/07\/01\/sa-blev-skoda-ryggraden-i-tour-de-france\/\",\"url\":\"https:\/\/www.welovecycling.com\/se\/2022\/07\/01\/sa-blev-skoda-ryggraden-i-tour-de-france\/\",\"name\":\"S\u00e5 blev \u0160koda ryggraden i Tour de France - \u0160koda - We Love Cycling - Sweden\",\"isPartOf\":{\"@id\":\"https:\/\/www.welovecycling.com\/se\/#website\"},\"primaryImageOfPage\":{\"@id\":\"https:\/\/www.welovecycling.com\/se\/2022\/07\/01\/sa-blev-skoda-ryggraden-i-tour-de-france\/#primaryimage\"},\"image\":{\"@id\":\"https:\/\/www.welovecycling.com\/se\/2022\/07\/01\/sa-blev-skoda-ryggraden-i-tour-de-france\/#primaryimage\"},\"thumbnailUrl\":\"https:\/\/d2p6e6u75xmxt8.cloudfront.net\/9\/2020\/08\/SKODA-SUPERB-iV-CVR.jpg\",\"datePublished\":\"2022-07-01T12:23:20+00:00\",\"dateModified\":\"2022-07-01T14:13:39+00:00\",\"author\":{\"@id\":\"https:\/\/www.welovecycling.com\/se\/#\/schema\/person\/037f34ad5d6e77accab8a3eff6ad7a0c\"},\"breadcrumb\":{\"@id\":\"https:\/\/www.welovecycling.com\/se\/2022\/07\/01\/sa-blev-skoda-ryggraden-i-tour-de-france\/#breadcrumb\"},\"inLanguage\":\"sv-SE\",\"potentialAction\":[{\"@type\":\"ReadAction\",\"target\":[\"https:\/\/www.welovecycling.com\/se\/2022\/07\/01\/sa-blev-skoda-ryggraden-i-tour-de-france\/\"]}]},{\"@type\":\"ImageObject\",\"inLanguage\":\"sv-SE\",\"@id\":\"https:\/\/www.welovecycling.com\/se\/2022\/07\/01\/sa-blev-skoda-ryggraden-i-tour-de-france\/#primaryimage\",\"url\":\"https:\/\/d2p6e6u75xmxt8.cloudfront.net\/9\/2020\/08\/SKODA-SUPERB-iV-CVR.jpg\",\"contentUrl\":\"https:\/\/d2p6e6u75xmxt8.cloudfront.net\/9\/2020\/08\/SKODA-SUPERB-iV-CVR.jpg\",\"width\":1366,\"height\":600,\"caption\":\"Red SUPERB iV\"},{\"@type\":\"BreadcrumbList\",\"@id\":\"https:\/\/www.welovecycling.com\/se\/2022\/07\/01\/sa-blev-skoda-ryggraden-i-tour-de-france\/#breadcrumb\",\"itemListElement\":[{\"@type\":\"ListItem\",\"position\":1,\"name\":\"Home\",\"item\":\"https:\/\/www.welovecycling.com\/se\/\"},{\"@type\":\"ListItem\",\"position\":2,\"name\":\"S\u00e5 blev \u0160koda ryggraden i Tour de France\"}]},{\"@type\":\"WebSite\",\"@id\":\"https:\/\/www.welovecycling.com\/se\/#website\",\"url\":\"https:\/\/www.welovecycling.com\/se\/\",\"name\":\"\u0160koda - We Love Cycling - Sweden\",\"description\":\"\u0160koda We Love Cycling - Sweden\",\"potentialAction\":[{\"@type\":\"SearchAction\",\"target\":{\"@type\":\"EntryPoint\",\"urlTemplate\":\"https:\/\/www.welovecycling.com\/se\/?s={search_term_string}\"},\"query-input\":{\"@type\":\"PropertyValueSpecification\",\"valueRequired\":true,\"valueName\":\"search_term_string\"}}],\"inLanguage\":\"sv-SE\"},{\"@type\":\"Person\",\"@id\":\"https:\/\/www.welovecycling.com\/se\/#\/schema\/person\/037f34ad5d6e77accab8a3eff6ad7a0c\",\"name\":\"erikleonsson\",\"image\":{\"@type\":\"ImageObject\",\"inLanguage\":\"sv-SE\",\"@id\":\"https:\/\/www.welovecycling.com\/se\/#\/schema\/person\/image\/\",\"url\":\"https:\/\/secure.gravatar.com\/avatar\/788a593b0a657d6864c271709722f9cd586caa5a645e77f71fe625396b02677c?s=96&d=mm&r=g\",\"contentUrl\":\"https:\/\/secure.gravatar.com\/avatar\/788a593b0a657d6864c271709722f9cd586caa5a645e77f71fe625396b02677c?s=96&d=mm&r=g\",\"caption\":\"erikleonsson\"},\"url\":\"https:\/\/www.welovecycling.com\/se\/author\/erikleonsson\/\"}]}<\/script>\n<!-- \/ Yoast SEO Premium plugin. -->","yoast_head_json":{"title":"S\u00e5 blev \u0160koda ryggraden i Tour de France - \u0160koda - We Love Cycling - Sweden","robots":{"index":"index","follow":"follow","max-snippet":"max-snippet:-1","max-image-preview":"max-image-preview:large","max-video-preview":"max-video-preview:-1"},"canonical":"https:\/\/www.welovecycling.com\/se\/2022\/07\/01\/sa-blev-skoda-ryggraden-i-tour-de-france\/","og_locale":"sv_SE","og_type":"article","og_title":"S\u00e5 blev \u0160koda ryggraden i Tour de France","og_description":"Utan servicebilarna, den oberoende supporten och andra bilar i karavanen skulle Tour de France upplevas som ett oorganiserat kaos, b\u00e5de [&hellip;]","og_url":"https:\/\/www.welovecycling.com\/se\/2022\/07\/01\/sa-blev-skoda-ryggraden-i-tour-de-france\/","og_site_name":"\u0160koda - We Love Cycling - Sweden","article_published_time":"2022-07-01T12:23:20+00:00","article_modified_time":"2022-07-01T14:13:39+00:00","og_image":[{"width":1366,"height":600,"url":"https:\/\/d2p6e6u75xmxt8.cloudfront.net\/9\/2020\/08\/SKODA-SUPERB-iV-CVR.jpg","type":"image\/jpeg"}],"author":"erikleonsson","twitter_card":"summary_large_image","twitter_misc":{"Written by":"Frantiska Blazkova","Est. reading time":"7"},"schema":{"@context":"https:\/\/schema.org","@graph":[{"@type":"WebPage","@id":"https:\/\/www.welovecycling.com\/se\/2022\/07\/01\/sa-blev-skoda-ryggraden-i-tour-de-france\/","url":"https:\/\/www.welovecycling.com\/se\/2022\/07\/01\/sa-blev-skoda-ryggraden-i-tour-de-france\/","name":"S\u00e5 blev \u0160koda ryggraden i Tour de France - \u0160koda - We Love Cycling - Sweden","isPartOf":{"@id":"https:\/\/www.welovecycling.com\/se\/#website"},"primaryImageOfPage":{"@id":"https:\/\/www.welovecycling.com\/se\/2022\/07\/01\/sa-blev-skoda-ryggraden-i-tour-de-france\/#primaryimage"},"image":{"@id":"https:\/\/www.welovecycling.com\/se\/2022\/07\/01\/sa-blev-skoda-ryggraden-i-tour-de-france\/#primaryimage"},"thumbnailUrl":"https:\/\/d2p6e6u75xmxt8.cloudfront.net\/9\/2020\/08\/SKODA-SUPERB-iV-CVR.jpg","datePublished":"2022-07-01T12:23:20+00:00","dateModified":"2022-07-01T14:13:39+00:00","author":{"@id":"https:\/\/www.welovecycling.com\/se\/#\/schema\/person\/037f34ad5d6e77accab8a3eff6ad7a0c"},"breadcrumb":{"@id":"https:\/\/www.welovecycling.com\/se\/2022\/07\/01\/sa-blev-skoda-ryggraden-i-tour-de-france\/#breadcrumb"},"inLanguage":"sv-SE","potentialAction":[{"@type":"ReadAction","target":["https:\/\/www.welovecycling.com\/se\/2022\/07\/01\/sa-blev-skoda-ryggraden-i-tour-de-france\/"]}]},{"@type":"ImageObject","inLanguage":"sv-SE","@id":"https:\/\/www.welovecycling.com\/se\/2022\/07\/01\/sa-blev-skoda-ryggraden-i-tour-de-france\/#primaryimage","url":"https:\/\/d2p6e6u75xmxt8.cloudfront.net\/9\/2020\/08\/SKODA-SUPERB-iV-CVR.jpg","contentUrl":"https:\/\/d2p6e6u75xmxt8.cloudfront.net\/9\/2020\/08\/SKODA-SUPERB-iV-CVR.jpg","width":1366,"height":600,"caption":"Red SUPERB iV"},{"@type":"BreadcrumbList","@id":"https:\/\/www.welovecycling.com\/se\/2022\/07\/01\/sa-blev-skoda-ryggraden-i-tour-de-france\/#breadcrumb","itemListElement":[{"@type":"ListItem","position":1,"name":"Home","item":"https:\/\/www.welovecycling.com\/se\/"},{"@type":"ListItem","position":2,"name":"S\u00e5 blev \u0160koda ryggraden i Tour de France"}]},{"@type":"WebSite","@id":"https:\/\/www.welovecycling.com\/se\/#website","url":"https:\/\/www.welovecycling.com\/se\/","name":"\u0160koda - We Love Cycling - Sweden","description":"\u0160koda We Love Cycling - Sweden","potentialAction":[{"@type":"SearchAction","target":{"@type":"EntryPoint","urlTemplate":"https:\/\/www.welovecycling.com\/se\/?s={search_term_string}"},"query-input":{"@type":"PropertyValueSpecification","valueRequired":true,"valueName":"search_term_string"}}],"inLanguage":"sv-SE"},{"@type":"Person","@id":"https:\/\/www.welovecycling.com\/se\/#\/schema\/person\/037f34ad5d6e77accab8a3eff6ad7a0c","name":"erikleonsson","image":{"@type":"ImageObject","inLanguage":"sv-SE","@id":"https:\/\/www.welovecycling.com\/se\/#\/schema\/person\/image\/","url":"https:\/\/secure.gravatar.com\/avatar\/788a593b0a657d6864c271709722f9cd586caa5a645e77f71fe625396b02677c?s=96&d=mm&r=g","contentUrl":"https:\/\/secure.gravatar.com\/avatar\/788a593b0a657d6864c271709722f9cd586caa5a645e77f71fe625396b02677c?s=96&d=mm&r=g","caption":"erikleonsson"},"url":"https:\/\/www.welovecycling.com\/se\/author\/erikleonsson\/"}]}},"_links":{"self":[{"href":"https:\/\/www.welovecycling.com\/se\/wp-json\/wp\/v2\/posts\/2807","targetHints":{"allow":["GET"]}}],"collection":[{"href":"https:\/\/www.welovecycling.com\/se\/wp-json\/wp\/v2\/posts"}],"about":[{"href":"https:\/\/www.welovecycling.com\/se\/wp-json\/wp\/v2\/types\/post"}],"author":[{"embeddable":true,"href":"https:\/\/www.welovecycling.com\/se\/wp-json\/wp\/v2\/users\/52"}],"replies":[{"embeddable":true,"href":"https:\/\/www.welovecycling.com\/se\/wp-json\/wp\/v2\/comments?post=2807"}],"version-history":[{"count":2,"href":"https:\/\/www.welovecycling.com\/se\/wp-json\/wp\/v2\/posts\/2807\/revisions"}],"predecessor-version":[{"id":2817,"href":"https:\/\/www.welovecycling.com\/se\/wp-json\/wp\/v2\/posts\/2807\/revisions\/2817"}],"wp:featuredmedia":[{"embeddable":true,"href":"https:\/\/www.welovecycling.com\/se\/wp-json\/wp\/v2\/media\/2814"}],"wp:attachment":[{"href":"https:\/\/www.welovecycling.com\/se\/wp-json\/wp\/v2\/media?parent=2807"}],"wp:term":[{"taxonomy":"category","embeddable":true,"href":"https:\/\/www.welovecycling.com\/se\/wp-json\/wp\/v2\/categories?post=2807"},{"taxonomy":"post_tag","embeddable":true,"href":"https:\/\/www.welovecycling.com\/se\/wp-json\/wp\/v2\/tags?post=2807"},{"taxonomy":"global-categories","embeddable":true,"href":"https:\/\/www.welovecycling.com\/se\/wp-json\/wp\/v2\/global-categories?post=2807"}],"curies":[{"name":"wp","href":"https:\/\/api.w.org\/{rel}","templated":true}]}}