{"id":2765,"date":"2020-07-10T12:49:38","date_gmt":"2020-07-10T11:49:38","guid":{"rendered":"https:\/\/www.welovecycling.com\/se\/?p=2765"},"modified":"2023-10-04T13:58:53","modified_gmt":"2023-10-04T12:58:53","slug":"fortsatt-halla-avstandet-i-sommar","status":"publish","type":"post","link":"https:\/\/www.welovecycling.com\/se\/2020\/07\/10\/fortsatt-halla-avstandet-i-sommar\/","title":{"rendered":"H\u00e5ll avst\u00e5nd av omtanke om varandra"},"content":{"rendered":"<p><strong>Visa omtanke om varandra i trafiken f\u00f6r att minska konflikter och olycksrisken. H\u00e4r \u00e4r n\u00e5gra viktiga saker att t\u00e4nka p\u00e5 i trafiken f\u00f6r att vi alla ska f\u00e5 en h\u00e4rlig sommar!<\/strong><\/p>\n<p>F\u00e5 bilm\u00e4rken \u00e4r idag s\u00e5 intimt f\u00f6rknippade med cykling som \u0160koda. Faktum \u00e4r att vi\u00a0har cykling i generna, allt sedan den dagen f\u00f6r 123 \u00e5r sen d\u00e5 allt b\u00f6rjade med en cykel. Sedan dess har vi ett viktigt cykelarv att v\u00e4rna om och d\u00e4rf\u00f6r \u00e4r det viktigt f\u00f6r oss att verka f\u00f6r en\u00a0st\u00f6rre f\u00f6rst\u00e5else mellan bilister och cyklister. Oavsett hur vi tar oss fram har vi alla gemensamt att vi vill komma hem igen, och g\u00e4rna med ett stort leende p\u00e5 l\u00e4pparna.<\/p>\n<h2>H\u00e5ll avst\u00e5ndet<\/h2>\n<p>Under pandemin l\u00e4rde vi oss att h\u00e5lla avst\u00e5nd av omtanke om varandra. I trafiken \u00e4r det fortsatt viktigt. I Sverige s\u00e4ger Trafikf\u00f6rordningen att &#8221;Den f\u00f6rare som k\u00f6r om skall l\u00e4mna ett betryggande avst\u00e5nd i sidled mellan sitt fordon och det fordon som k\u00f6rs om&#8221;. D\u00e5 betryggande avst\u00e5nd \u00e4r subjektivt har det i Sverige h\u00f6jts r\u00f6ster f\u00f6r att lagstadga om ett avst\u00e5nd p\u00e5 1,5 meter. Detta \u00e4r redan lag i flertalet l\u00e4nder i Europa, delar av USA och i Australien.<\/p>\n<p><img loading=\"lazy\" decoding=\"async\" class=\"aligncenter size-large wp-image-2347\" src=\"https:\/\/d2p6e6u75xmxt8.cloudfront.net\/9\/2019\/09\/RaphaWomens100-26-1024x683.jpg\" alt=\"\" width=\"1024\" height=\"683\" srcset=\"https:\/\/d2p6e6u75xmxt8.cloudfront.net\/9\/2019\/09\/RaphaWomens100-26-1024x683.jpg 1024w, https:\/\/d2p6e6u75xmxt8.cloudfront.net\/9\/2019\/09\/RaphaWomens100-26-300x200.jpg 300w, https:\/\/d2p6e6u75xmxt8.cloudfront.net\/9\/2019\/09\/RaphaWomens100-26-768x512.jpg 768w, https:\/\/d2p6e6u75xmxt8.cloudfront.net\/9\/2019\/09\/RaphaWomens100-26-272x182.jpg 272w, https:\/\/d2p6e6u75xmxt8.cloudfront.net\/9\/2019\/09\/RaphaWomens100-26.jpg 1800w\" sizes=\"auto, (max-width: 1024px) 100vw, 1024px\" \/><\/p>\n<h2>Cyklister i dubbla led<\/h2>\n<p>Har du som bilist n\u00e5gon g\u00e5ng varit irriterad p\u00e5 cyklister som ligger i dubbla led. T\u00e4nk p\u00e5 att orsaken till detta bland annat \u00e4r att skapa en kortare omk\u00f6rningsstr\u00e4cka f\u00f6r dig som bilist. Med ett led blir omk\u00f6rningsstr\u00e4ckan dubbelt s\u00e5 l\u00e5ng. Enligt lagen \u00e4r det ocks\u00e5 till\u00e5tet &#8221;n\u00e4r det kan ske utan fara eller ol\u00e4genhet f\u00f6r trafiken&#8221;. Med andra ord, \u00e4r v\u00e4gen smal eller det uppst\u00e5r problem med framkomligheten s\u00e5 \u00e4r det viktigt att cyklister h\u00e5ller sig p\u00e5 ett led och underl\u00e4ttar omk\u00f6rning.<\/p>\n<h2>Cyklister utanf\u00f6r cykelbanan<\/h2>\n<p>Undrar du varf\u00f6r motionscyklister tr\u00e4nar p\u00e5 v\u00e4garna och inte p\u00e5 cykelbanan? Det finns flera sk\u00e4l till detta. Den fr\u00e4msta anledningen \u00e4r att cykelv\u00e4gen inte \u00e4r\u00a0byggd f\u00f6r s\u00e4kerhet och framkomlighet som fr\u00e4msta prioritet. Cykelbanan har ofta l\u00e5g framkomlighet, m\u00e5nga korsningar, underh\u00e5lls mindre, har ofta hinder i v\u00e4gen samt delas med andra mindre skyddade trafikantgrupper som exempelvis barn och hundar. Av s\u00e4kerhetssk\u00e4l \u00e4r d\u00e4rf\u00f6r v\u00e4gen m\u00e5nga g\u00e5nger det b\u00e4sta alternativet.<\/p>\n<h2>K\u00f6r en s\u00e4ker bil<\/h2>\n<p>I nya \u0160koda Octavia har vi f\u00f6rs\u00f6kt skapa den mest cykelv\u00e4nliga bilen i v\u00e4rlden. Detta genom att bygga in ett varningssystem kallat &#8221;Exit warning&#8221; som varnar dig om du f\u00f6rs\u00f6ker \u00f6ppna en bild\u00f6rr n\u00e4r en cyklist n\u00e4rmar sig. Nya kameror kan uppt\u00e4cka faror p\u00e5 upp till 35 meter och med en 120 graders bildvinkel. Just olyckor med d\u00f6rrar som \u00f6ppnas, \u00e4ven kallade &#8221;dooring&#8221; \u00e4r en av de mest vanliga cykelolyckorna. Har du inte denna teknik kan vi tipsa om &#8221;The Dutch Reach&#8221; som inneb\u00e4r att du \u00f6ppnar d\u00f6rren med andra handen \u00e4n brukligt, exempelvis h\u00f6ger hand om du k\u00f6r bilen. P\u00e5 s\u00e5 s\u00e4tt blir det naturligt f\u00f6r dig att titta bak\u00e5t i f\u00e4rdriktningen innan du \u00f6ppnar d\u00f6rren.<\/p>\n<p><img loading=\"lazy\" decoding=\"async\" class=\"wp-image-2773 alignnone\" src=\"https:\/\/d2p6e6u75xmxt8.cloudfront.net\/9\/2020\/07\/The_Dutch_Reach_-_Use_far_hand_on_handle_when_opening_to_avoid_dooring_cyclists_or_injuries_to_exiting_drivers_and_passengers.png\" alt=\"\" width=\"295\" height=\"255\" \/><\/p>\n<h2>F\u00f6ruts\u00e4gbar och synlig<\/h2>\n<p>Som cyklist b\u00f6r du vara f\u00f6ruts\u00e4gbar, synlig och uppm\u00e4rksam p\u00e5 omgivningen. Ett tips \u00e4r att anv\u00e4nda en baklampa \u00e4ven dagtid, det \u00e4r en trend i bland annat Australien. Studier har visat att bilister visar st\u00f6rre h\u00e4nsyn om du har ett lyse, \u00e4ven p\u00e5 dagen. Vill du vara extra s\u00e4ker finns produkter som exempelvis Garmin Varia som f\u00f6rutom att vara en v\u00e4ldigt kraftfull baklampa, med synlighet p\u00e5 upp till 1,6 km i dagsljus, har en radar som uppm\u00e4rksammar dig n\u00e4r bilar n\u00e4rmar sig bakifr\u00e5n.<\/p>\n<p><img loading=\"lazy\" decoding=\"async\" class=\"aligncenter wp-image-2796 size-full\" src=\"https:\/\/d2p6e6u75xmxt8.cloudfront.net\/9\/2020\/07\/20200214_Support_FIT_1076_CMYK.jpg\" alt=\"\" width=\"4128\" height=\"2752\" \/><\/p>\n<h2>V\u00e4rna om varandra<\/h2>\n<p>Oavsett om du sitter bakom styre eller ratt s\u00e5 beh\u00f6ver du t\u00e4nka p\u00e5 att visa respekt och v\u00e4rna om dina medtrafikanter. Som cyklist handlar det om att tydligt visa dina intentioner, nyttja cykelbanan d\u00e4r det p\u00e5 ett s\u00e4kert s\u00e4tt \u00e4r m\u00f6jligt samt respektera trafikreglerna. F\u00f6r dig i bil \u00e4r det \u00e4nnu viktigare med respekten eftersom bilen \u00e4r betydligt farligare f\u00f6r oskyddade trafikantgrupper.<\/p>\n<p>Ha nu en fantastisk sommar ute p\u00e5 v\u00e4garna!<\/p>\n<p>&nbsp;<\/p>\n","protected":false},"excerpt":{"rendered":"<p>Visa omtanke om varandra i trafiken f\u00f6r att minska konflikter och olycksrisken. H\u00e4r \u00e4r n\u00e5gra viktiga saker att t\u00e4nka p\u00e5 [&hellip;]<\/p>\n","protected":false},"author":52,"featured_media":2779,"comment_status":"open","ping_status":"open","sticky":false,"template":"","format":"standard","meta":{"footnotes":""},"categories":[5],"tags":[],"global-categories":[36],"class_list":["post-2765","post","type-post","status-publish","format-standard","has-post-thumbnail","hentry","category-nyheter","global-categories-cycling"],"yoast_head":"<!-- This site is optimized with the Yoast SEO Premium plugin v25.3 (Yoast SEO v25.9) - https:\/\/yoast.com\/wordpress\/plugins\/seo\/ -->\n<title>H\u00e5ll avst\u00e5nd av omtanke om varandra - \u0160koda - We Love Cycling - Sweden<\/title>\n<meta name=\"robots\" content=\"index, follow, max-snippet:-1, max-image-preview:large, max-video-preview:-1\" \/>\n<link rel=\"canonical\" href=\"https:\/\/www.welovecycling.com\/se\/2020\/07\/10\/fortsatt-halla-avstandet-i-sommar\/\" \/>\n<meta property=\"og:locale\" content=\"sv_SE\" \/>\n<meta property=\"og:type\" content=\"article\" \/>\n<meta property=\"og:title\" content=\"H\u00e5ll avst\u00e5nd av omtanke om varandra\" \/>\n<meta property=\"og:description\" content=\"Visa omtanke om varandra i trafiken f\u00f6r att minska konflikter och olycksrisken. H\u00e4r \u00e4r n\u00e5gra viktiga saker att t\u00e4nka p\u00e5 [&hellip;]\" \/>\n<meta property=\"og:url\" content=\"https:\/\/www.welovecycling.com\/se\/2020\/07\/10\/fortsatt-halla-avstandet-i-sommar\/\" \/>\n<meta property=\"og:site_name\" content=\"\u0160koda - We Love Cycling - Sweden\" \/>\n<meta property=\"article:published_time\" content=\"2020-07-10T11:49:38+00:00\" \/>\n<meta property=\"article:modified_time\" content=\"2023-10-04T12:58:53+00:00\" \/>\n<meta property=\"og:image\" content=\"https:\/\/d2p6e6u75xmxt8.cloudfront.net\/9\/2020\/07\/Agnesmaltesdotter-3731_2.jpg\" \/>\n\t<meta property=\"og:image:width\" content=\"1024\" \/>\n\t<meta property=\"og:image:height\" content=\"611\" \/>\n\t<meta property=\"og:image:type\" content=\"image\/jpeg\" \/>\n<meta name=\"author\" content=\"erikleonsson\" \/>\n<meta name=\"twitter:card\" content=\"summary_large_image\" \/>\n<meta name=\"twitter:label1\" content=\"Written by\" \/>\n\t<meta name=\"twitter:data1\" content=\"erikleonsson\" \/>\n\t<meta name=\"twitter:label2\" content=\"Est. reading time\" \/>\n\t<meta name=\"twitter:data2\" content=\"4 minutes\" \/>\n<script type=\"application\/ld+json\" class=\"yoast-schema-graph\">{\"@context\":\"https:\/\/schema.org\",\"@graph\":[{\"@type\":\"WebPage\",\"@id\":\"https:\/\/www.welovecycling.com\/se\/2020\/07\/10\/fortsatt-halla-avstandet-i-sommar\/\",\"url\":\"https:\/\/www.welovecycling.com\/se\/2020\/07\/10\/fortsatt-halla-avstandet-i-sommar\/\",\"name\":\"H\u00e5ll avst\u00e5nd av omtanke om varandra - \u0160koda - We Love Cycling - Sweden\",\"isPartOf\":{\"@id\":\"https:\/\/www.welovecycling.com\/se\/#website\"},\"primaryImageOfPage\":{\"@id\":\"https:\/\/www.welovecycling.com\/se\/2020\/07\/10\/fortsatt-halla-avstandet-i-sommar\/#primaryimage\"},\"image\":{\"@id\":\"https:\/\/www.welovecycling.com\/se\/2020\/07\/10\/fortsatt-halla-avstandet-i-sommar\/#primaryimage\"},\"thumbnailUrl\":\"https:\/\/d2p6e6u75xmxt8.cloudfront.net\/9\/2020\/07\/Agnesmaltesdotter-3731_2.jpg\",\"datePublished\":\"2020-07-10T11:49:38+00:00\",\"dateModified\":\"2023-10-04T12:58:53+00:00\",\"author\":{\"@id\":\"https:\/\/www.welovecycling.com\/se\/#\/schema\/person\/037f34ad5d6e77accab8a3eff6ad7a0c\"},\"breadcrumb\":{\"@id\":\"https:\/\/www.welovecycling.com\/se\/2020\/07\/10\/fortsatt-halla-avstandet-i-sommar\/#breadcrumb\"},\"inLanguage\":\"sv-SE\",\"potentialAction\":[{\"@type\":\"ReadAction\",\"target\":[\"https:\/\/www.welovecycling.com\/se\/2020\/07\/10\/fortsatt-halla-avstandet-i-sommar\/\"]}]},{\"@type\":\"ImageObject\",\"inLanguage\":\"sv-SE\",\"@id\":\"https:\/\/www.welovecycling.com\/se\/2020\/07\/10\/fortsatt-halla-avstandet-i-sommar\/#primaryimage\",\"url\":\"https:\/\/d2p6e6u75xmxt8.cloudfront.net\/9\/2020\/07\/Agnesmaltesdotter-3731_2.jpg\",\"contentUrl\":\"https:\/\/d2p6e6u75xmxt8.cloudfront.net\/9\/2020\/07\/Agnesmaltesdotter-3731_2.jpg\",\"width\":3357,\"height\":2002,\"caption\":\"Foto \u00a9 Agnes Maltesdotter\"},{\"@type\":\"BreadcrumbList\",\"@id\":\"https:\/\/www.welovecycling.com\/se\/2020\/07\/10\/fortsatt-halla-avstandet-i-sommar\/#breadcrumb\",\"itemListElement\":[{\"@type\":\"ListItem\",\"position\":1,\"name\":\"Home\",\"item\":\"https:\/\/www.welovecycling.com\/se\/\"},{\"@type\":\"ListItem\",\"position\":2,\"name\":\"H\u00e5ll avst\u00e5nd av omtanke om varandra\"}]},{\"@type\":\"WebSite\",\"@id\":\"https:\/\/www.welovecycling.com\/se\/#website\",\"url\":\"https:\/\/www.welovecycling.com\/se\/\",\"name\":\"\u0160koda - We Love Cycling - Sweden\",\"description\":\"\u0160koda We Love Cycling - Sweden\",\"potentialAction\":[{\"@type\":\"SearchAction\",\"target\":{\"@type\":\"EntryPoint\",\"urlTemplate\":\"https:\/\/www.welovecycling.com\/se\/?s={search_term_string}\"},\"query-input\":{\"@type\":\"PropertyValueSpecification\",\"valueRequired\":true,\"valueName\":\"search_term_string\"}}],\"inLanguage\":\"sv-SE\"},{\"@type\":\"Person\",\"@id\":\"https:\/\/www.welovecycling.com\/se\/#\/schema\/person\/037f34ad5d6e77accab8a3eff6ad7a0c\",\"name\":\"erikleonsson\",\"image\":{\"@type\":\"ImageObject\",\"inLanguage\":\"sv-SE\",\"@id\":\"https:\/\/www.welovecycling.com\/se\/#\/schema\/person\/image\/\",\"url\":\"https:\/\/secure.gravatar.com\/avatar\/788a593b0a657d6864c271709722f9cd586caa5a645e77f71fe625396b02677c?s=96&d=mm&r=g\",\"contentUrl\":\"https:\/\/secure.gravatar.com\/avatar\/788a593b0a657d6864c271709722f9cd586caa5a645e77f71fe625396b02677c?s=96&d=mm&r=g\",\"caption\":\"erikleonsson\"},\"url\":\"https:\/\/www.welovecycling.com\/se\/author\/erikleonsson\/\"}]}<\/script>\n<!-- \/ Yoast SEO Premium plugin. -->","yoast_head_json":{"title":"H\u00e5ll avst\u00e5nd av omtanke om varandra - \u0160koda - We Love Cycling - Sweden","robots":{"index":"index","follow":"follow","max-snippet":"max-snippet:-1","max-image-preview":"max-image-preview:large","max-video-preview":"max-video-preview:-1"},"canonical":"https:\/\/www.welovecycling.com\/se\/2020\/07\/10\/fortsatt-halla-avstandet-i-sommar\/","og_locale":"sv_SE","og_type":"article","og_title":"H\u00e5ll avst\u00e5nd av omtanke om varandra","og_description":"Visa omtanke om varandra i trafiken f\u00f6r att minska konflikter och olycksrisken. H\u00e4r \u00e4r n\u00e5gra viktiga saker att t\u00e4nka p\u00e5 [&hellip;]","og_url":"https:\/\/www.welovecycling.com\/se\/2020\/07\/10\/fortsatt-halla-avstandet-i-sommar\/","og_site_name":"\u0160koda - We Love Cycling - Sweden","article_published_time":"2020-07-10T11:49:38+00:00","article_modified_time":"2023-10-04T12:58:53+00:00","og_image":[{"url":"https:\/\/d2p6e6u75xmxt8.cloudfront.net\/9\/2020\/07\/Agnesmaltesdotter-3731_2.jpg","width":1024,"height":611,"type":"image\/jpeg"}],"author":"erikleonsson","twitter_card":"summary_large_image","twitter_misc":{"Written by":"erikleonsson","Est. reading time":"4 minutes"},"schema":{"@context":"https:\/\/schema.org","@graph":[{"@type":"WebPage","@id":"https:\/\/www.welovecycling.com\/se\/2020\/07\/10\/fortsatt-halla-avstandet-i-sommar\/","url":"https:\/\/www.welovecycling.com\/se\/2020\/07\/10\/fortsatt-halla-avstandet-i-sommar\/","name":"H\u00e5ll avst\u00e5nd av omtanke om varandra - \u0160koda - We Love Cycling - Sweden","isPartOf":{"@id":"https:\/\/www.welovecycling.com\/se\/#website"},"primaryImageOfPage":{"@id":"https:\/\/www.welovecycling.com\/se\/2020\/07\/10\/fortsatt-halla-avstandet-i-sommar\/#primaryimage"},"image":{"@id":"https:\/\/www.welovecycling.com\/se\/2020\/07\/10\/fortsatt-halla-avstandet-i-sommar\/#primaryimage"},"thumbnailUrl":"https:\/\/d2p6e6u75xmxt8.cloudfront.net\/9\/2020\/07\/Agnesmaltesdotter-3731_2.jpg","datePublished":"2020-07-10T11:49:38+00:00","dateModified":"2023-10-04T12:58:53+00:00","author":{"@id":"https:\/\/www.welovecycling.com\/se\/#\/schema\/person\/037f34ad5d6e77accab8a3eff6ad7a0c"},"breadcrumb":{"@id":"https:\/\/www.welovecycling.com\/se\/2020\/07\/10\/fortsatt-halla-avstandet-i-sommar\/#breadcrumb"},"inLanguage":"sv-SE","potentialAction":[{"@type":"ReadAction","target":["https:\/\/www.welovecycling.com\/se\/2020\/07\/10\/fortsatt-halla-avstandet-i-sommar\/"]}]},{"@type":"ImageObject","inLanguage":"sv-SE","@id":"https:\/\/www.welovecycling.com\/se\/2020\/07\/10\/fortsatt-halla-avstandet-i-sommar\/#primaryimage","url":"https:\/\/d2p6e6u75xmxt8.cloudfront.net\/9\/2020\/07\/Agnesmaltesdotter-3731_2.jpg","contentUrl":"https:\/\/d2p6e6u75xmxt8.cloudfront.net\/9\/2020\/07\/Agnesmaltesdotter-3731_2.jpg","width":3357,"height":2002,"caption":"Foto \u00a9 Agnes Maltesdotter"},{"@type":"BreadcrumbList","@id":"https:\/\/www.welovecycling.com\/se\/2020\/07\/10\/fortsatt-halla-avstandet-i-sommar\/#breadcrumb","itemListElement":[{"@type":"ListItem","position":1,"name":"Home","item":"https:\/\/www.welovecycling.com\/se\/"},{"@type":"ListItem","position":2,"name":"H\u00e5ll avst\u00e5nd av omtanke om varandra"}]},{"@type":"WebSite","@id":"https:\/\/www.welovecycling.com\/se\/#website","url":"https:\/\/www.welovecycling.com\/se\/","name":"\u0160koda - We Love Cycling - Sweden","description":"\u0160koda We Love Cycling - Sweden","potentialAction":[{"@type":"SearchAction","target":{"@type":"EntryPoint","urlTemplate":"https:\/\/www.welovecycling.com\/se\/?s={search_term_string}"},"query-input":{"@type":"PropertyValueSpecification","valueRequired":true,"valueName":"search_term_string"}}],"inLanguage":"sv-SE"},{"@type":"Person","@id":"https:\/\/www.welovecycling.com\/se\/#\/schema\/person\/037f34ad5d6e77accab8a3eff6ad7a0c","name":"erikleonsson","image":{"@type":"ImageObject","inLanguage":"sv-SE","@id":"https:\/\/www.welovecycling.com\/se\/#\/schema\/person\/image\/","url":"https:\/\/secure.gravatar.com\/avatar\/788a593b0a657d6864c271709722f9cd586caa5a645e77f71fe625396b02677c?s=96&d=mm&r=g","contentUrl":"https:\/\/secure.gravatar.com\/avatar\/788a593b0a657d6864c271709722f9cd586caa5a645e77f71fe625396b02677c?s=96&d=mm&r=g","caption":"erikleonsson"},"url":"https:\/\/www.welovecycling.com\/se\/author\/erikleonsson\/"}]}},"_links":{"self":[{"href":"https:\/\/www.welovecycling.com\/se\/wp-json\/wp\/v2\/posts\/2765","targetHints":{"allow":["GET"]}}],"collection":[{"href":"https:\/\/www.welovecycling.com\/se\/wp-json\/wp\/v2\/posts"}],"about":[{"href":"https:\/\/www.welovecycling.com\/se\/wp-json\/wp\/v2\/types\/post"}],"author":[{"embeddable":true,"href":"https:\/\/www.welovecycling.com\/se\/wp-json\/wp\/v2\/users\/52"}],"replies":[{"embeddable":true,"href":"https:\/\/www.welovecycling.com\/se\/wp-json\/wp\/v2\/comments?post=2765"}],"version-history":[{"count":2,"href":"https:\/\/www.welovecycling.com\/se\/wp-json\/wp\/v2\/posts\/2765\/revisions"}],"predecessor-version":[{"id":4755,"href":"https:\/\/www.welovecycling.com\/se\/wp-json\/wp\/v2\/posts\/2765\/revisions\/4755"}],"wp:featuredmedia":[{"embeddable":true,"href":"https:\/\/www.welovecycling.com\/se\/wp-json\/wp\/v2\/media\/2779"}],"wp:attachment":[{"href":"https:\/\/www.welovecycling.com\/se\/wp-json\/wp\/v2\/media?parent=2765"}],"wp:term":[{"taxonomy":"category","embeddable":true,"href":"https:\/\/www.welovecycling.com\/se\/wp-json\/wp\/v2\/categories?post=2765"},{"taxonomy":"post_tag","embeddable":true,"href":"https:\/\/www.welovecycling.com\/se\/wp-json\/wp\/v2\/tags?post=2765"},{"taxonomy":"global-categories","embeddable":true,"href":"https:\/\/www.welovecycling.com\/se\/wp-json\/wp\/v2\/global-categories?post=2765"}],"curies":[{"name":"wp","href":"https:\/\/api.w.org\/{rel}","templated":true}]}}