{"id":2757,"date":"2020-06-22T08:03:25","date_gmt":"2020-06-22T07:03:25","guid":{"rendered":"https:\/\/www.welovecycling.com\/se\/?p=2757"},"modified":"2020-06-24T09:56:30","modified_gmt":"2020-06-24T08:56:30","slug":"den-sjunde-ride2unite-livesandningen-med-philippe-gilbert-kungen-av-klassikerna","status":"publish","type":"post","link":"https:\/\/www.welovecycling.com\/se\/2020\/06\/22\/den-sjunde-ride2unite-livesandningen-med-philippe-gilbert-kungen-av-klassikerna\/","title":{"rendered":"Lives\u00e4ndning med Philippe Gilbert: Kungen av klassikerna"},"content":{"rendered":"<p><strong>I dessa tider \u00e4r det viktigt att boosta och inspirera alla cyklister, d\u00e4rf\u00f6r vill vi uppm\u00e4rksamma alla fantastiska personer som finns inom cykelsporten, b\u00e5de proffs och amat\u00f6rer. I v\u00e5r n\u00e4sta lives\u00e4ndning, onsdag den 24:e juni 17:00 \u00e4r ingen mindre \u00e4n Philippe Gilbert g\u00e4st. Som vanligt \u00e4r Laura Meseguer v\u00e4rd och hon intervjuar Gilbert som l\u00e4nge har varit en av de mest m\u00e5ngsidiga cyklisterna i proffsklungan.<\/strong><\/p>\n<p>Ett smeknamn s\u00e4ger en hel del och Gilberts \u201dVildsvinet fr\u00e5n Ardennerna\u201d \u00e4r inget undantag. Philippe har f\u00f6rtj\u00e4nat sitt namn genom att attackera n\u00e4r v\u00e4dret \u00e4r som s\u00e4mst och ofta g\u00e5ng p\u00e5 g\u00e5ng, med envisheten hos ett vildsvin. Innan han bytte till Team Lotto Soudal 2019, cyklade Gilbert f\u00f6r Quick-Step Floors sedan 2017 och det var efter fem \u00e5r med BMC. 2012 vann han VM. F\u00f6rutom den bedriften var Gilbert andra cyklist i v\u00e4rlden att vinna alla tre Ardenner-klassikerna, Amstel Gold Race, La Fl\u00e8che Wallonne och Li\u00e8ge\u2013Bastogne\u2013Li\u00e8ge\u00a0\u2013 samma \u00e5r! Det var 2011. 2017 vann Gilbert Flandern runt och Li\u00e8ge-Bastogne-Li\u00e8ge, tv\u00e5 lopp med olika karakt\u00e4rer och som s\u00e4llan vinns av samma sorts cyklist. Den belgare som vunnit b\u00e5da loppen samma \u00e5r innan Gilbert \u00e4r Eddy Merckx. Tillsammans med sina meriter p\u00e5 klassiker och endagslopp s\u00e5 har Gilbert vunnit etapper i alla tre stora etapplopp och har totalt elva etappsegrar i Girot, Touren och Vueltan.<\/p>\n<p>Missa inte lives\u00e4ndningen onsdagen den <strong>24:e Juni 17:00<\/strong>\u00a0p\u00e5 <a href=\"https:\/\/www.instagram.com\/wlcmagazine\/\">WLC magazine Instagram<\/a> tillsammans med Laura Meseguer, d\u00e5 kan du f\u00e5 veta hur den speciella terr\u00e4ngen i n\u00e4rheten av en lite belgisk stad formade en av v\u00e5r tids mest m\u00e5ngsidiga cyklister. Och hur k\u00e4nns det n\u00e4r ens stora planer \u00e4ndras av en pandemi? Och sist men inte minst, hur tr\u00e4nar du f\u00f6r m\u00e5ngsidighet och explosivitet? Plus en massa annat sp\u00e4nnande.<\/p>\n<p>F\u00f6r att titta p\u00e5 f\u00f6reg\u00e5ende s\u00e4ndning med inte mindre \u00e4n tre v\u00e4ldigt speciella g\u00e4ster, som alla \u00e4r inblandade i Storbritanniens f\u00f6rsta virtuella etapplopp f\u00f6r kvinnor, \u0160koda V-Series Women\u2019s Tour. Juliet Elliott, Adam Blythe och Dame Sarah Storey, kan du h\u00f6ra mer om <a href=\"https:\/\/www.instagram.com\/p\/CBbP19BANJk\/\">h\u00e4r<\/a> och <a href=\"https:\/\/www.instagram.com\/p\/CBbTkFQApmn\/\">h\u00e4r.<\/a><\/p>\n","protected":false},"excerpt":{"rendered":"<p>I dessa tider \u00e4r det viktigt att boosta och inspirera alla cyklister, d\u00e4rf\u00f6r vill vi uppm\u00e4rksamma alla fantastiska personer som [&hellip;]<\/p>\n","protected":false},"author":52,"featured_media":2758,"comment_status":"open","ping_status":"open","sticky":false,"template":"","format":"standard","meta":{"footnotes":""},"categories":[5],"tags":[],"global-categories":[36],"class_list":["post-2757","post","type-post","status-publish","format-standard","has-post-thumbnail","hentry","category-nyheter","global-categories-cycling"],"yoast_head":"<!-- This site is optimized with the Yoast SEO Premium plugin v25.3 (Yoast SEO v25.9) - https:\/\/yoast.com\/wordpress\/plugins\/seo\/ -->\n<title>Lives\u00e4ndning med Philippe Gilbert: Kungen av klassikerna - \u0160koda - We Love Cycling - Sweden<\/title>\n<meta name=\"robots\" content=\"index, follow, max-snippet:-1, max-image-preview:large, max-video-preview:-1\" \/>\n<link rel=\"canonical\" href=\"https:\/\/www.welovecycling.com\/se\/2020\/06\/22\/den-sjunde-ride2unite-livesandningen-med-philippe-gilbert-kungen-av-klassikerna\/\" \/>\n<meta property=\"og:locale\" content=\"sv_SE\" \/>\n<meta property=\"og:type\" content=\"article\" \/>\n<meta property=\"og:title\" content=\"Lives\u00e4ndning med Philippe Gilbert: Kungen av klassikerna\" \/>\n<meta property=\"og:description\" content=\"I dessa tider \u00e4r det viktigt att boosta och inspirera alla cyklister, d\u00e4rf\u00f6r vill vi uppm\u00e4rksamma alla fantastiska personer som [&hellip;]\" \/>\n<meta property=\"og:url\" content=\"https:\/\/www.welovecycling.com\/se\/2020\/06\/22\/den-sjunde-ride2unite-livesandningen-med-philippe-gilbert-kungen-av-klassikerna\/\" \/>\n<meta property=\"og:site_name\" content=\"\u0160koda - We Love Cycling - Sweden\" \/>\n<meta property=\"article:published_time\" content=\"2020-06-22T07:03:25+00:00\" \/>\n<meta property=\"article:modified_time\" content=\"2020-06-24T08:56:30+00:00\" \/>\n<meta property=\"og:image\" content=\"https:\/\/d2p6e6u75xmxt8.cloudfront.net\/9\/2020\/06\/r2u_linkshare_1200x628_Gilbert.jpg\" \/>\n\t<meta property=\"og:image:width\" content=\"1200\" \/>\n\t<meta property=\"og:image:height\" content=\"628\" \/>\n\t<meta property=\"og:image:type\" content=\"image\/jpeg\" \/>\n<meta name=\"author\" content=\"erikleonsson\" \/>\n<meta name=\"twitter:card\" content=\"summary_large_image\" \/>\n<meta name=\"twitter:label1\" content=\"Written by\" \/>\n\t<meta name=\"twitter:data1\" content=\"erikleonsson\" \/>\n\t<meta name=\"twitter:label2\" content=\"Est. reading time\" \/>\n\t<meta name=\"twitter:data2\" content=\"2 minutes\" \/>\n<script type=\"application\/ld+json\" class=\"yoast-schema-graph\">{\"@context\":\"https:\/\/schema.org\",\"@graph\":[{\"@type\":\"WebPage\",\"@id\":\"https:\/\/www.welovecycling.com\/se\/2020\/06\/22\/den-sjunde-ride2unite-livesandningen-med-philippe-gilbert-kungen-av-klassikerna\/\",\"url\":\"https:\/\/www.welovecycling.com\/se\/2020\/06\/22\/den-sjunde-ride2unite-livesandningen-med-philippe-gilbert-kungen-av-klassikerna\/\",\"name\":\"Lives\u00e4ndning med Philippe Gilbert: Kungen av klassikerna - \u0160koda - We Love Cycling - Sweden\",\"isPartOf\":{\"@id\":\"https:\/\/www.welovecycling.com\/se\/#website\"},\"primaryImageOfPage\":{\"@id\":\"https:\/\/www.welovecycling.com\/se\/2020\/06\/22\/den-sjunde-ride2unite-livesandningen-med-philippe-gilbert-kungen-av-klassikerna\/#primaryimage\"},\"image\":{\"@id\":\"https:\/\/www.welovecycling.com\/se\/2020\/06\/22\/den-sjunde-ride2unite-livesandningen-med-philippe-gilbert-kungen-av-klassikerna\/#primaryimage\"},\"thumbnailUrl\":\"https:\/\/d2p6e6u75xmxt8.cloudfront.net\/9\/2020\/06\/r2u_linkshare_1200x628_Gilbert.jpg\",\"datePublished\":\"2020-06-22T07:03:25+00:00\",\"dateModified\":\"2020-06-24T08:56:30+00:00\",\"author\":{\"@id\":\"https:\/\/www.welovecycling.com\/se\/#\/schema\/person\/037f34ad5d6e77accab8a3eff6ad7a0c\"},\"breadcrumb\":{\"@id\":\"https:\/\/www.welovecycling.com\/se\/2020\/06\/22\/den-sjunde-ride2unite-livesandningen-med-philippe-gilbert-kungen-av-klassikerna\/#breadcrumb\"},\"inLanguage\":\"sv-SE\",\"potentialAction\":[{\"@type\":\"ReadAction\",\"target\":[\"https:\/\/www.welovecycling.com\/se\/2020\/06\/22\/den-sjunde-ride2unite-livesandningen-med-philippe-gilbert-kungen-av-klassikerna\/\"]}]},{\"@type\":\"ImageObject\",\"inLanguage\":\"sv-SE\",\"@id\":\"https:\/\/www.welovecycling.com\/se\/2020\/06\/22\/den-sjunde-ride2unite-livesandningen-med-philippe-gilbert-kungen-av-klassikerna\/#primaryimage\",\"url\":\"https:\/\/d2p6e6u75xmxt8.cloudfront.net\/9\/2020\/06\/r2u_linkshare_1200x628_Gilbert.jpg\",\"contentUrl\":\"https:\/\/d2p6e6u75xmxt8.cloudfront.net\/9\/2020\/06\/r2u_linkshare_1200x628_Gilbert.jpg\",\"width\":1200,\"height\":628,\"caption\":\"Phillippe Gilbert\"},{\"@type\":\"BreadcrumbList\",\"@id\":\"https:\/\/www.welovecycling.com\/se\/2020\/06\/22\/den-sjunde-ride2unite-livesandningen-med-philippe-gilbert-kungen-av-klassikerna\/#breadcrumb\",\"itemListElement\":[{\"@type\":\"ListItem\",\"position\":1,\"name\":\"Home\",\"item\":\"https:\/\/www.welovecycling.com\/se\/\"},{\"@type\":\"ListItem\",\"position\":2,\"name\":\"Lives\u00e4ndning med Philippe Gilbert: Kungen av klassikerna\"}]},{\"@type\":\"WebSite\",\"@id\":\"https:\/\/www.welovecycling.com\/se\/#website\",\"url\":\"https:\/\/www.welovecycling.com\/se\/\",\"name\":\"\u0160koda - We Love Cycling - Sweden\",\"description\":\"\u0160koda We Love Cycling - Sweden\",\"potentialAction\":[{\"@type\":\"SearchAction\",\"target\":{\"@type\":\"EntryPoint\",\"urlTemplate\":\"https:\/\/www.welovecycling.com\/se\/?s={search_term_string}\"},\"query-input\":{\"@type\":\"PropertyValueSpecification\",\"valueRequired\":true,\"valueName\":\"search_term_string\"}}],\"inLanguage\":\"sv-SE\"},{\"@type\":\"Person\",\"@id\":\"https:\/\/www.welovecycling.com\/se\/#\/schema\/person\/037f34ad5d6e77accab8a3eff6ad7a0c\",\"name\":\"erikleonsson\",\"image\":{\"@type\":\"ImageObject\",\"inLanguage\":\"sv-SE\",\"@id\":\"https:\/\/www.welovecycling.com\/se\/#\/schema\/person\/image\/\",\"url\":\"https:\/\/secure.gravatar.com\/avatar\/788a593b0a657d6864c271709722f9cd586caa5a645e77f71fe625396b02677c?s=96&d=mm&r=g\",\"contentUrl\":\"https:\/\/secure.gravatar.com\/avatar\/788a593b0a657d6864c271709722f9cd586caa5a645e77f71fe625396b02677c?s=96&d=mm&r=g\",\"caption\":\"erikleonsson\"},\"url\":\"https:\/\/www.welovecycling.com\/se\/author\/erikleonsson\/\"}]}<\/script>\n<!-- \/ Yoast SEO Premium plugin. -->","yoast_head_json":{"title":"Lives\u00e4ndning med Philippe Gilbert: Kungen av klassikerna - \u0160koda - We Love Cycling - Sweden","robots":{"index":"index","follow":"follow","max-snippet":"max-snippet:-1","max-image-preview":"max-image-preview:large","max-video-preview":"max-video-preview:-1"},"canonical":"https:\/\/www.welovecycling.com\/se\/2020\/06\/22\/den-sjunde-ride2unite-livesandningen-med-philippe-gilbert-kungen-av-klassikerna\/","og_locale":"sv_SE","og_type":"article","og_title":"Lives\u00e4ndning med Philippe Gilbert: Kungen av klassikerna","og_description":"I dessa tider \u00e4r det viktigt att boosta och inspirera alla cyklister, d\u00e4rf\u00f6r vill vi uppm\u00e4rksamma alla fantastiska personer som [&hellip;]","og_url":"https:\/\/www.welovecycling.com\/se\/2020\/06\/22\/den-sjunde-ride2unite-livesandningen-med-philippe-gilbert-kungen-av-klassikerna\/","og_site_name":"\u0160koda - We Love Cycling - Sweden","article_published_time":"2020-06-22T07:03:25+00:00","article_modified_time":"2020-06-24T08:56:30+00:00","og_image":[{"width":1200,"height":628,"url":"https:\/\/d2p6e6u75xmxt8.cloudfront.net\/9\/2020\/06\/r2u_linkshare_1200x628_Gilbert.jpg","type":"image\/jpeg"}],"author":"erikleonsson","twitter_card":"summary_large_image","twitter_misc":{"Written by":"erikleonsson","Est. reading time":"2 minutes"},"schema":{"@context":"https:\/\/schema.org","@graph":[{"@type":"WebPage","@id":"https:\/\/www.welovecycling.com\/se\/2020\/06\/22\/den-sjunde-ride2unite-livesandningen-med-philippe-gilbert-kungen-av-klassikerna\/","url":"https:\/\/www.welovecycling.com\/se\/2020\/06\/22\/den-sjunde-ride2unite-livesandningen-med-philippe-gilbert-kungen-av-klassikerna\/","name":"Lives\u00e4ndning med Philippe Gilbert: Kungen av klassikerna - \u0160koda - We Love Cycling - Sweden","isPartOf":{"@id":"https:\/\/www.welovecycling.com\/se\/#website"},"primaryImageOfPage":{"@id":"https:\/\/www.welovecycling.com\/se\/2020\/06\/22\/den-sjunde-ride2unite-livesandningen-med-philippe-gilbert-kungen-av-klassikerna\/#primaryimage"},"image":{"@id":"https:\/\/www.welovecycling.com\/se\/2020\/06\/22\/den-sjunde-ride2unite-livesandningen-med-philippe-gilbert-kungen-av-klassikerna\/#primaryimage"},"thumbnailUrl":"https:\/\/d2p6e6u75xmxt8.cloudfront.net\/9\/2020\/06\/r2u_linkshare_1200x628_Gilbert.jpg","datePublished":"2020-06-22T07:03:25+00:00","dateModified":"2020-06-24T08:56:30+00:00","author":{"@id":"https:\/\/www.welovecycling.com\/se\/#\/schema\/person\/037f34ad5d6e77accab8a3eff6ad7a0c"},"breadcrumb":{"@id":"https:\/\/www.welovecycling.com\/se\/2020\/06\/22\/den-sjunde-ride2unite-livesandningen-med-philippe-gilbert-kungen-av-klassikerna\/#breadcrumb"},"inLanguage":"sv-SE","potentialAction":[{"@type":"ReadAction","target":["https:\/\/www.welovecycling.com\/se\/2020\/06\/22\/den-sjunde-ride2unite-livesandningen-med-philippe-gilbert-kungen-av-klassikerna\/"]}]},{"@type":"ImageObject","inLanguage":"sv-SE","@id":"https:\/\/www.welovecycling.com\/se\/2020\/06\/22\/den-sjunde-ride2unite-livesandningen-med-philippe-gilbert-kungen-av-klassikerna\/#primaryimage","url":"https:\/\/d2p6e6u75xmxt8.cloudfront.net\/9\/2020\/06\/r2u_linkshare_1200x628_Gilbert.jpg","contentUrl":"https:\/\/d2p6e6u75xmxt8.cloudfront.net\/9\/2020\/06\/r2u_linkshare_1200x628_Gilbert.jpg","width":1200,"height":628,"caption":"Phillippe Gilbert"},{"@type":"BreadcrumbList","@id":"https:\/\/www.welovecycling.com\/se\/2020\/06\/22\/den-sjunde-ride2unite-livesandningen-med-philippe-gilbert-kungen-av-klassikerna\/#breadcrumb","itemListElement":[{"@type":"ListItem","position":1,"name":"Home","item":"https:\/\/www.welovecycling.com\/se\/"},{"@type":"ListItem","position":2,"name":"Lives\u00e4ndning med Philippe Gilbert: Kungen av klassikerna"}]},{"@type":"WebSite","@id":"https:\/\/www.welovecycling.com\/se\/#website","url":"https:\/\/www.welovecycling.com\/se\/","name":"\u0160koda - We Love Cycling - Sweden","description":"\u0160koda We Love Cycling - Sweden","potentialAction":[{"@type":"SearchAction","target":{"@type":"EntryPoint","urlTemplate":"https:\/\/www.welovecycling.com\/se\/?s={search_term_string}"},"query-input":{"@type":"PropertyValueSpecification","valueRequired":true,"valueName":"search_term_string"}}],"inLanguage":"sv-SE"},{"@type":"Person","@id":"https:\/\/www.welovecycling.com\/se\/#\/schema\/person\/037f34ad5d6e77accab8a3eff6ad7a0c","name":"erikleonsson","image":{"@type":"ImageObject","inLanguage":"sv-SE","@id":"https:\/\/www.welovecycling.com\/se\/#\/schema\/person\/image\/","url":"https:\/\/secure.gravatar.com\/avatar\/788a593b0a657d6864c271709722f9cd586caa5a645e77f71fe625396b02677c?s=96&d=mm&r=g","contentUrl":"https:\/\/secure.gravatar.com\/avatar\/788a593b0a657d6864c271709722f9cd586caa5a645e77f71fe625396b02677c?s=96&d=mm&r=g","caption":"erikleonsson"},"url":"https:\/\/www.welovecycling.com\/se\/author\/erikleonsson\/"}]}},"_links":{"self":[{"href":"https:\/\/www.welovecycling.com\/se\/wp-json\/wp\/v2\/posts\/2757","targetHints":{"allow":["GET"]}}],"collection":[{"href":"https:\/\/www.welovecycling.com\/se\/wp-json\/wp\/v2\/posts"}],"about":[{"href":"https:\/\/www.welovecycling.com\/se\/wp-json\/wp\/v2\/types\/post"}],"author":[{"embeddable":true,"href":"https:\/\/www.welovecycling.com\/se\/wp-json\/wp\/v2\/users\/52"}],"replies":[{"embeddable":true,"href":"https:\/\/www.welovecycling.com\/se\/wp-json\/wp\/v2\/comments?post=2757"}],"version-history":[{"count":2,"href":"https:\/\/www.welovecycling.com\/se\/wp-json\/wp\/v2\/posts\/2757\/revisions"}],"predecessor-version":[{"id":2762,"href":"https:\/\/www.welovecycling.com\/se\/wp-json\/wp\/v2\/posts\/2757\/revisions\/2762"}],"wp:featuredmedia":[{"embeddable":true,"href":"https:\/\/www.welovecycling.com\/se\/wp-json\/wp\/v2\/media\/2758"}],"wp:attachment":[{"href":"https:\/\/www.welovecycling.com\/se\/wp-json\/wp\/v2\/media?parent=2757"}],"wp:term":[{"taxonomy":"category","embeddable":true,"href":"https:\/\/www.welovecycling.com\/se\/wp-json\/wp\/v2\/categories?post=2757"},{"taxonomy":"post_tag","embeddable":true,"href":"https:\/\/www.welovecycling.com\/se\/wp-json\/wp\/v2\/tags?post=2757"},{"taxonomy":"global-categories","embeddable":true,"href":"https:\/\/www.welovecycling.com\/se\/wp-json\/wp\/v2\/global-categories?post=2757"}],"curies":[{"name":"wp","href":"https:\/\/api.w.org\/{rel}","templated":true}]}}