{"id":2651,"date":"2020-06-23T16:57:16","date_gmt":"2020-06-23T15:57:16","guid":{"rendered":"https:\/\/www.welovecycling.com\/se\/?p=2651"},"modified":"2020-06-24T07:39:47","modified_gmt":"2020-06-24T06:39:47","slug":"sa-gick-det-for-skoda-cycling-team-pa-vatternrundan-2020","status":"publish","type":"post","link":"https:\/\/www.welovecycling.com\/se\/2020\/06\/23\/sa-gick-det-for-skoda-cycling-team-pa-vatternrundan-2020\/","title":{"rendered":"S\u00e5 gick det f\u00f6r \u0160koda Cycling Team p\u00e5 V\u00e4tternrundan 2020"},"content":{"rendered":"<div id=\"pl-2651\"  class=\"panel-layout\" ><div id=\"pg-2651-0\"  class=\"panel-grid panel-no-style\" ><div id=\"pgc-2651-0-0\"  class=\"panel-grid-cell\" ><div id=\"panel-2651-0-0-0\" class=\"so-panel widget widget_sow-editor panel-first-child\" data-index=\"0\" ><div\n\t\t\t\n\t\t\tclass=\"so-widget-sow-editor so-widget-sow-editor-base\"\n\t\t\t\n\t\t>\n<div class=\"siteorigin-widget-tinymce textwidget\">\n\t<p><strong>P\u00e5 grund av Covid-19 st\u00e4llde V\u00e4tternrundan in loppet i dess traditionella form. I st\u00e4llet bj\u00f6d man in till #minv\u00e4tternrundan d\u00e4r alla fick tillryggal\u00e4gga distansen vart de ville och p\u00e5 sina egna villkor. F\u00f6r cyklisterna i \u0160koda Cycling Team blev resultatet inte mindre \u00e4n 6 unika cykelupplevelser, fr\u00e5n landsgr\u00e4nserna i norr till en utmanande runda med start i G\u00f6teborg.<\/strong><\/p>\n<\/div>\n<\/div><\/div><div id=\"panel-2651-0-0-1\" class=\"so-panel widget widget_sow-editor\" data-index=\"1\" ><div\n\t\t\t\n\t\t\tclass=\"so-widget-sow-editor so-widget-sow-editor-base\"\n\t\t\t\n\t\t>\n<div class=\"siteorigin-widget-tinymce textwidget\">\n\t<h2><strong>Team Kiruna<\/strong><\/h2>\n<p>L\u00e4ngst upp i Norrland genomf\u00f6rde Agnes Maltesdotter, \u00e4ven k\u00e4nd som <a href=\"https:\/\/www.instagram.com\/undanflykter\/\">Undanflykter<\/a> p\u00e5 Instagram, den kanske mest spektaktul\u00e4ra V\u00e4tternrundan n\u00e5gonsin. Med hj\u00e4lp av sin pojkv\u00e4n och en \u0160koda Karoq s\u00e5 tog hon sig fr\u00e5n norska gr\u00e4nsen i v\u00e4ster till finska gr\u00e4nsen i \u00f6ster. Uppdelat \u00f6ver tv\u00e5 dagar tillryggalade hon distansen i s\u00e4llskap av renar och en milsvid utsikt \u00f6ver fj\u00e4llvidderna.<\/p>\n<p><strong>L\u00e4ngd:<\/strong> 310 km<br \/>\n<strong>Rutt:<\/strong> <a href=\"https:\/\/ridewithgps.com\/routes\/32879717\">Se karta<\/a><br \/>\n<strong>Tid:<\/strong> 9.47 h<br \/>\n<strong>Snitthastighet:<\/strong> N\/A<br \/>\n<strong>H\u00f6jdmeter:<\/strong> 1457 m<\/p>\n<p>Foto \u00a9 <a href=\"https:\/\/www.instagram.com\/minne_findus_jona\/\">Jonatan Torshall Svensson<\/a><\/p>\n<\/div>\n<\/div><\/div><div id=\"panel-2651-0-0-2\" class=\"so-panel widget widget_media_gallery\" data-index=\"2\" ><h3 class=\"widget-title\">Kiruna<\/h3><div id='gallery-1' class='gallery galleryid-2651 gallery-columns-2 gallery-size-medium'><figure class='gallery-item'>\n\t\t\t<div class='gallery-icon portrait'>\n\t\t\t\t<a href='https:\/\/www.welovecycling.com\/se\/2020\/06\/23\/sa-gick-det-for-skoda-cycling-team-pa-vatternrundan-2020\/agnesmaltesdotter-0707\/'><img loading=\"lazy\" decoding=\"async\" width=\"200\" height=\"300\" src=\"https:\/\/d2p6e6u75xmxt8.cloudfront.net\/9\/2020\/06\/Agnesmaltesdotter-0707.jpg\" class=\"attachment-medium size-medium\" alt=\"\" \/><\/a>\n\t\t\t<\/div><\/figure><figure class='gallery-item'>\n\t\t\t<div class='gallery-icon portrait'>\n\t\t\t\t<a href='https:\/\/www.welovecycling.com\/se\/2020\/06\/23\/sa-gick-det-for-skoda-cycling-team-pa-vatternrundan-2020\/agnesmaltesdotter-0069-2\/'><img loading=\"lazy\" decoding=\"async\" width=\"200\" height=\"300\" src=\"https:\/\/d2p6e6u75xmxt8.cloudfront.net\/9\/2020\/06\/Agnesmaltesdotter-0069.jpg\" class=\"attachment-medium size-medium\" alt=\"\" \/><\/a>\n\t\t\t<\/div><\/figure><figure class='gallery-item'>\n\t\t\t<div class='gallery-icon landscape'>\n\t\t\t\t<a href='https:\/\/www.welovecycling.com\/se\/2020\/06\/23\/sa-gick-det-for-skoda-cycling-team-pa-vatternrundan-2020\/agnesmaltesdotter-3149\/'><img loading=\"lazy\" decoding=\"async\" width=\"300\" height=\"199\" src=\"https:\/\/d2p6e6u75xmxt8.cloudfront.net\/9\/2020\/06\/Agnesmaltesdotter-3149-e1610016492193.jpg\" class=\"attachment-medium size-medium\" alt=\"\" \/><\/a>\n\t\t\t<\/div><\/figure><figure class='gallery-item'>\n\t\t\t<div class='gallery-icon portrait'>\n\t\t\t\t<a href='https:\/\/www.welovecycling.com\/se\/2020\/06\/23\/sa-gick-det-for-skoda-cycling-team-pa-vatternrundan-2020\/agnesmaltesdotter-0245\/'><img loading=\"lazy\" decoding=\"async\" width=\"200\" height=\"300\" src=\"https:\/\/d2p6e6u75xmxt8.cloudfront.net\/9\/2020\/06\/Agnesmaltesdotter-0245.jpg\" class=\"attachment-medium size-medium\" alt=\"\" \/><\/a>\n\t\t\t<\/div><\/figure><figure class='gallery-item'>\n\t\t\t<div class='gallery-icon portrait'>\n\t\t\t\t<a href='https:\/\/www.welovecycling.com\/se\/2020\/06\/23\/sa-gick-det-for-skoda-cycling-team-pa-vatternrundan-2020\/agnesmaltesdotter-0092\/'><img loading=\"lazy\" decoding=\"async\" width=\"200\" height=\"300\" src=\"https:\/\/d2p6e6u75xmxt8.cloudfront.net\/9\/2020\/06\/Agnesmaltesdotter-0092.jpg\" class=\"attachment-medium size-medium\" alt=\"\" \/><\/a>\n\t\t\t<\/div><\/figure><figure class='gallery-item'>\n\t\t\t<div class='gallery-icon portrait'>\n\t\t\t\t<a href='https:\/\/www.welovecycling.com\/se\/2020\/06\/23\/sa-gick-det-for-skoda-cycling-team-pa-vatternrundan-2020\/agnesmaltesdotter-0346-2\/'><img loading=\"lazy\" decoding=\"async\" width=\"200\" height=\"300\" src=\"https:\/\/d2p6e6u75xmxt8.cloudfront.net\/9\/2020\/06\/Agnesmaltesdotter-0346.jpg\" class=\"attachment-medium size-medium\" alt=\"\" \/><\/a>\n\t\t\t<\/div><\/figure><figure class='gallery-item'>\n\t\t\t<div class='gallery-icon portrait'>\n\t\t\t\t<a href='https:\/\/www.welovecycling.com\/se\/2020\/06\/23\/sa-gick-det-for-skoda-cycling-team-pa-vatternrundan-2020\/agnesmaltesdotter-0391-2\/'><img loading=\"lazy\" decoding=\"async\" width=\"200\" height=\"300\" src=\"https:\/\/d2p6e6u75xmxt8.cloudfront.net\/9\/2020\/06\/Agnesmaltesdotter-0391.jpg\" class=\"attachment-medium size-medium\" alt=\"\" \/><\/a>\n\t\t\t<\/div><\/figure><figure class='gallery-item'>\n\t\t\t<div class='gallery-icon portrait'>\n\t\t\t\t<a href='https:\/\/www.welovecycling.com\/se\/2020\/06\/23\/sa-gick-det-for-skoda-cycling-team-pa-vatternrundan-2020\/agnesmaltesdotter-0567\/'><img loading=\"lazy\" decoding=\"async\" width=\"200\" height=\"300\" src=\"https:\/\/d2p6e6u75xmxt8.cloudfront.net\/9\/2020\/06\/Agnesmaltesdotter-0567.jpg\" class=\"attachment-medium size-medium\" alt=\"\" \/><\/a>\n\t\t\t<\/div><\/figure>\n\t\t<\/div>\n<\/div><div id=\"panel-2651-0-0-3\" class=\"so-panel widget widget_sow-editor\" data-index=\"3\" ><div\n\t\t\t\n\t\t\tclass=\"so-widget-sow-editor so-widget-sow-editor-base\"\n\t\t\t\n\t\t>\n<div class=\"siteorigin-widget-tinymce textwidget\">\n\t<h2><strong>Team Ume\u00e5<\/strong><\/h2>\n<p>Mattias Johansson, en av lagets rekryterade cyklister, hamnade i samband med resef\u00f6rbudet ensam uppe i Ume\u00e5. Mattias rekryterade ett g\u00e4ng starka och likasinnade cyklister som tillsammans satte ihop en vacker runda p\u00e5 315 kilometer genom delar av V\u00e4sterbottens l\u00e4n. Bland hj\u00e4lpryttarna fanns\u00a0Erik From, Martin Gunhaga, Tom Pietil\u00e4, Michael Wincent, Kent Edstr\u00f6m, Jessica Edqvist, Daniel Helgesson, Camilla Nilsson, Ebba Grankvist och Eva Lagrange.<\/p>\n<p><strong>L\u00e4ngd:<\/strong> 315 km<br \/>\n<strong>Rutt: <\/strong><a href=\"https:\/\/ridewithgps.com\/routes\/32869837\">Se karta<\/a><strong><br \/>\n<\/strong><strong>Tid:<\/strong> 9.13 h<br \/>\n<strong>Snitthastighet:<\/strong> 34,2 km\/h<br \/>\n<strong>H\u00f6jdmeter:<\/strong> 2005 m<\/p>\n<p>Foto \u00a9 Michael Moe<\/p>\n<\/div>\n<\/div><\/div><div id=\"panel-2651-0-0-4\" class=\"so-panel widget widget_media_gallery\" data-index=\"4\" ><h3 class=\"widget-title\">Ume\u00e5<\/h3><div id='gallery-2' class='gallery galleryid-2651 gallery-columns-2 gallery-size-medium'><figure class='gallery-item'>\n\t\t\t<div class='gallery-icon landscape'>\n\t\t\t\t<a href='https:\/\/www.welovecycling.com\/se\/2020\/06\/23\/sa-gick-det-for-skoda-cycling-team-pa-vatternrundan-2020\/default\/'><img loading=\"lazy\" decoding=\"async\" width=\"300\" height=\"200\" src=\"https:\/\/d2p6e6u75xmxt8.cloudfront.net\/9\/2020\/06\/DJI_0197.JPG.jpg\" class=\"attachment-medium size-medium\" alt=\"\" aria-describedby=\"gallery-2-2708\" \/><\/a>\n\t\t\t<\/div>\n\t\t\t\t<figcaption class='wp-caption-text gallery-caption' id='gallery-2-2708'>\n\t\t\t\tdefault\n\t\t\t\t<\/figcaption><\/figure><figure class='gallery-item'>\n\t\t\t<div class='gallery-icon landscape'>\n\t\t\t\t<a href='https:\/\/www.welovecycling.com\/se\/2020\/06\/23\/sa-gick-det-for-skoda-cycling-team-pa-vatternrundan-2020\/default-2\/'><img loading=\"lazy\" decoding=\"async\" width=\"300\" height=\"200\" src=\"https:\/\/d2p6e6u75xmxt8.cloudfront.net\/9\/2020\/06\/DJI_0267.JPG.jpg\" class=\"attachment-medium size-medium\" alt=\"\" aria-describedby=\"gallery-2-2709\" \/><\/a>\n\t\t\t<\/div>\n\t\t\t\t<figcaption class='wp-caption-text gallery-caption' id='gallery-2-2709'>\n\t\t\t\tdefault\n\t\t\t\t<\/figcaption><\/figure><figure class='gallery-item'>\n\t\t\t<div class='gallery-icon landscape'>\n\t\t\t\t<a href='https:\/\/www.welovecycling.com\/se\/2020\/06\/23\/sa-gick-det-for-skoda-cycling-team-pa-vatternrundan-2020\/dsc05852-jpg\/'><img loading=\"lazy\" decoding=\"async\" width=\"300\" height=\"200\" src=\"https:\/\/d2p6e6u75xmxt8.cloudfront.net\/9\/2020\/06\/DSC05852.JPG.jpg\" class=\"attachment-medium size-medium\" alt=\"\" \/><\/a>\n\t\t\t<\/div><\/figure><figure class='gallery-item'>\n\t\t\t<div class='gallery-icon landscape'>\n\t\t\t\t<a href='https:\/\/www.welovecycling.com\/se\/2020\/06\/23\/sa-gick-det-for-skoda-cycling-team-pa-vatternrundan-2020\/dsc05974-jpg\/'><img loading=\"lazy\" decoding=\"async\" width=\"300\" height=\"200\" src=\"https:\/\/d2p6e6u75xmxt8.cloudfront.net\/9\/2020\/06\/DSC05974.JPG.jpg\" class=\"attachment-medium size-medium\" alt=\"\" \/><\/a>\n\t\t\t<\/div><\/figure>\n\t\t<\/div>\n<\/div><div id=\"panel-2651-0-0-5\" class=\"so-panel widget widget_sow-editor\" data-index=\"5\" ><div\n\t\t\t\n\t\t\tclass=\"so-widget-sow-editor so-widget-sow-editor-base\"\n\t\t\t\n\t\t>\n<div class=\"siteorigin-widget-tinymce textwidget\">\n\t<h2><strong>Team Stockholm<\/strong><\/h2>\n<p>N\u00e5got som m\u00e5nga cyklister har t\u00e4nkt, men f\u00e5 har gjort, \u00e4r att cykla runt M\u00e4laren. Med support fr\u00e5n tv\u00e5 teambilar cyklade tv\u00e5 klungor med tio cyklister i varje runt en annan sj\u00f6 \u00e4n V\u00e4ttern. N\u00e4stan lika vackert dessutom. Tiderna skiljde sig n\u00e5got \u00e5t men vi h\u00e5ller hemligt vilken grupp som var snabbast. V\u00e4dret var klanderfritt f\u00f6rutom en elak vind fr\u00e5n sydost som gjorde att klungan fick k\u00e4mpa de sista milen in mot m\u00e5let i Norra Djurg\u00e5rdsstaden.<\/p>\n<p><strong>L\u00e4ngd:<\/strong> 330 km<br \/>\n<strong>Rutt:<\/strong> <a href=\"https:\/\/ridewithgps.com\/routes\/32938730\">Se karta<\/a><br \/>\n<strong>Tid:<\/strong> 9.38 h<br \/>\n<strong>Snitthastighet:<\/strong> 34,3 km\/h<br \/>\n<strong>H\u00f6jdmeter:<\/strong> 2073 m<\/p>\n<p>Foto \u00a9 <a href=\"https:\/\/www.instagram.com\/erikleonsson\/\">Erik Leonsson<\/a><\/p>\n<\/div>\n<\/div><\/div><div id=\"panel-2651-0-0-6\" class=\"so-panel widget widget_media_gallery\" data-index=\"6\" ><h3 class=\"widget-title\">Stockholm<\/h3><div id='gallery-3' class='gallery galleryid-2651 gallery-columns-2 gallery-size-medium'><figure class='gallery-item'>\n\t\t\t<div class='gallery-icon landscape'>\n\t\t\t\t<a href='https:\/\/www.welovecycling.com\/se\/2020\/06\/23\/sa-gick-det-for-skoda-cycling-team-pa-vatternrundan-2020\/sct_vr-6\/'><img loading=\"lazy\" decoding=\"async\" width=\"300\" height=\"200\" src=\"https:\/\/d2p6e6u75xmxt8.cloudfront.net\/9\/2020\/06\/SCT_vr-6.jpg\" class=\"attachment-medium size-medium\" alt=\"\" \/><\/a>\n\t\t\t<\/div><\/figure><figure class='gallery-item'>\n\t\t\t<div class='gallery-icon landscape'>\n\t\t\t\t<a href='https:\/\/www.welovecycling.com\/se\/2020\/06\/23\/sa-gick-det-for-skoda-cycling-team-pa-vatternrundan-2020\/sct_vr-4\/'><img loading=\"lazy\" decoding=\"async\" width=\"300\" height=\"200\" src=\"https:\/\/d2p6e6u75xmxt8.cloudfront.net\/9\/2020\/06\/SCT_vr-4.jpg\" class=\"attachment-medium size-medium\" alt=\"\" \/><\/a>\n\t\t\t<\/div><\/figure><figure class='gallery-item'>\n\t\t\t<div class='gallery-icon landscape'>\n\t\t\t\t<a href='https:\/\/www.welovecycling.com\/se\/2020\/06\/23\/sa-gick-det-for-skoda-cycling-team-pa-vatternrundan-2020\/sct_vr-11\/'><img loading=\"lazy\" decoding=\"async\" width=\"300\" height=\"200\" src=\"https:\/\/d2p6e6u75xmxt8.cloudfront.net\/9\/2020\/06\/SCT_vr-11.jpg\" class=\"attachment-medium size-medium\" alt=\"\" \/><\/a>\n\t\t\t<\/div><\/figure><figure class='gallery-item'>\n\t\t\t<div class='gallery-icon landscape'>\n\t\t\t\t<a href='https:\/\/www.welovecycling.com\/se\/2020\/06\/23\/sa-gick-det-for-skoda-cycling-team-pa-vatternrundan-2020\/sct_vr-7\/'><img loading=\"lazy\" decoding=\"async\" width=\"300\" height=\"200\" src=\"https:\/\/d2p6e6u75xmxt8.cloudfront.net\/9\/2020\/06\/SCT_vr-7.jpg\" class=\"attachment-medium size-medium\" alt=\"\" \/><\/a>\n\t\t\t<\/div><\/figure><figure class='gallery-item'>\n\t\t\t<div class='gallery-icon landscape'>\n\t\t\t\t<a href='https:\/\/www.welovecycling.com\/se\/2020\/06\/23\/sa-gick-det-for-skoda-cycling-team-pa-vatternrundan-2020\/sct_vr-9\/'><img loading=\"lazy\" decoding=\"async\" width=\"300\" height=\"200\" src=\"https:\/\/d2p6e6u75xmxt8.cloudfront.net\/9\/2020\/06\/SCT_vr-9.jpg\" class=\"attachment-medium size-medium\" alt=\"\" \/><\/a>\n\t\t\t<\/div><\/figure><figure class='gallery-item'>\n\t\t\t<div class='gallery-icon landscape'>\n\t\t\t\t<a href='https:\/\/www.welovecycling.com\/se\/2020\/06\/23\/sa-gick-det-for-skoda-cycling-team-pa-vatternrundan-2020\/sct_vr-5\/'><img loading=\"lazy\" decoding=\"async\" width=\"300\" height=\"200\" src=\"https:\/\/d2p6e6u75xmxt8.cloudfront.net\/9\/2020\/06\/SCT_vr-5.jpg\" class=\"attachment-medium size-medium\" alt=\"\" \/><\/a>\n\t\t\t<\/div><\/figure><figure class='gallery-item'>\n\t\t\t<div class='gallery-icon landscape'>\n\t\t\t\t<a href='https:\/\/www.welovecycling.com\/se\/2020\/06\/23\/sa-gick-det-for-skoda-cycling-team-pa-vatternrundan-2020\/sct_vr-1\/'><img loading=\"lazy\" decoding=\"async\" width=\"300\" height=\"200\" src=\"https:\/\/d2p6e6u75xmxt8.cloudfront.net\/9\/2020\/06\/SCT_vr-1.jpg\" class=\"attachment-medium size-medium\" alt=\"\" \/><\/a>\n\t\t\t<\/div><\/figure><figure class='gallery-item'>\n\t\t\t<div class='gallery-icon landscape'>\n\t\t\t\t<a href='https:\/\/www.welovecycling.com\/se\/2020\/06\/23\/sa-gick-det-for-skoda-cycling-team-pa-vatternrundan-2020\/sct_vr-2\/'><img loading=\"lazy\" decoding=\"async\" width=\"300\" height=\"200\" src=\"https:\/\/d2p6e6u75xmxt8.cloudfront.net\/9\/2020\/06\/SCT_vr-2.jpg\" class=\"attachment-medium size-medium\" alt=\"\" \/><\/a>\n\t\t\t<\/div><\/figure>\n\t\t<\/div>\n<\/div><div id=\"panel-2651-0-0-7\" class=\"so-panel widget widget_sow-editor\" data-index=\"7\" ><div\n\t\t\t\n\t\t\tclass=\"so-widget-sow-editor so-widget-sow-editor-base\"\n\t\t\t\n\t\t>\n<div class=\"siteorigin-widget-tinymce textwidget\">\n\t<h2><strong>Team G\u00f6teborg<\/strong><\/h2>\n<p>Totalt tio cyklister inom reserestriktionen p\u00e5 2 timmar samlades och trampade ig\u00e5ng en l\u00e5ng och sp\u00e4nnande resa fr\u00e5n G\u00f6teborg. F\u00f6rutom v\u00e5ra teamcyklister fick gruppen \u00e4ven draghj\u00e4lp av\u00a0Peter Carlsson, Oscar Ek och Andreas Bj\u00f6rkroth.<\/p>\n<p><strong>L\u00e4ngd: 321 km<br \/>\nRutt:<\/strong> <a href=\"https:\/\/ridewithgps.com\/routes\/32943422\">Se karta<\/a><br \/>\n<strong>Tid: 9.39 h<\/strong><br \/>\n<strong>Snitthastighet: 33,2<\/strong><br \/>\n<strong>H\u00f6jdmeter: 2953 m<\/strong><\/p>\n<p>Foto \u00a9 <a href=\"https:\/\/www.instagram.com\/jonssonsrichard\/\">Richard Jonsson<\/a><\/p>\n<\/div>\n<\/div><\/div><div id=\"panel-2651-0-0-8\" class=\"so-panel widget widget_media_gallery\" data-index=\"8\" ><h3 class=\"widget-title\">G\u00f6teborg<\/h3><div id='gallery-4' class='gallery galleryid-2651 gallery-columns-2 gallery-size-medium'><figure class='gallery-item'>\n\t\t\t<div class='gallery-icon portrait'>\n\t\t\t\t<a href='https:\/\/www.welovecycling.com\/se\/2020\/06\/23\/sa-gick-det-for-skoda-cycling-team-pa-vatternrundan-2020\/dsc0199915x\/'><img loading=\"lazy\" decoding=\"async\" width=\"200\" height=\"300\" src=\"https:\/\/d2p6e6u75xmxt8.cloudfront.net\/9\/2020\/06\/DSC01999@15x.jpg\" class=\"attachment-medium size-medium\" alt=\"SKODA Cycling Team\" aria-describedby=\"gallery-4-2683\" \/><\/a>\n\t\t\t<\/div>\n\t\t\t\t<figcaption class='wp-caption-text gallery-caption' id='gallery-4-2683'>\n\t\t\t\t\u00a9 Richard Johansson\n\t\t\t\t<\/figcaption><\/figure><figure class='gallery-item'>\n\t\t\t<div class='gallery-icon landscape'>\n\t\t\t\t<a href='https:\/\/www.welovecycling.com\/se\/2020\/06\/23\/sa-gick-det-for-skoda-cycling-team-pa-vatternrundan-2020\/dsc01990\/'><img loading=\"lazy\" decoding=\"async\" width=\"300\" height=\"200\" src=\"https:\/\/d2p6e6u75xmxt8.cloudfront.net\/9\/2020\/06\/DSC01990.jpg\" class=\"attachment-medium size-medium\" alt=\"SKODA Cycling Team\" aria-describedby=\"gallery-4-2682\" \/><\/a>\n\t\t\t<\/div>\n\t\t\t\t<figcaption class='wp-caption-text gallery-caption' id='gallery-4-2682'>\n\t\t\t\t\u00a9 Richard Johansson\n\t\t\t\t<\/figcaption><\/figure><figure class='gallery-item'>\n\t\t\t<div class='gallery-icon portrait'>\n\t\t\t\t<a href='https:\/\/www.welovecycling.com\/se\/2020\/06\/23\/sa-gick-det-for-skoda-cycling-team-pa-vatternrundan-2020\/dsc01769\/'><img loading=\"lazy\" decoding=\"async\" width=\"200\" height=\"300\" src=\"https:\/\/d2p6e6u75xmxt8.cloudfront.net\/9\/2020\/06\/DSC01769.jpg\" class=\"attachment-medium size-medium\" alt=\"SKODA Cycling Team\" aria-describedby=\"gallery-4-2680\" \/><\/a>\n\t\t\t<\/div>\n\t\t\t\t<figcaption class='wp-caption-text gallery-caption' id='gallery-4-2680'>\n\t\t\t\t\u00a9 Richard Johansson\n\t\t\t\t<\/figcaption><\/figure><figure class='gallery-item'>\n\t\t\t<div class='gallery-icon landscape'>\n\t\t\t\t<a href='https:\/\/www.welovecycling.com\/se\/2020\/06\/23\/sa-gick-det-for-skoda-cycling-team-pa-vatternrundan-2020\/dsc0204315x\/'><img loading=\"lazy\" decoding=\"async\" width=\"300\" height=\"200\" src=\"https:\/\/d2p6e6u75xmxt8.cloudfront.net\/9\/2020\/06\/DSC02043@15x.jpg\" class=\"attachment-medium size-medium\" alt=\"SKODA Cycling Team\" aria-describedby=\"gallery-4-2684\" \/><\/a>\n\t\t\t<\/div>\n\t\t\t\t<figcaption class='wp-caption-text gallery-caption' id='gallery-4-2684'>\n\t\t\t\t\u00a9 Richard Johansson\n\t\t\t\t<\/figcaption><\/figure><figure class='gallery-item'>\n\t\t\t<div class='gallery-icon portrait'>\n\t\t\t\t<a href='https:\/\/www.welovecycling.com\/se\/2020\/06\/23\/sa-gick-det-for-skoda-cycling-team-pa-vatternrundan-2020\/dsc0172415x\/'><img loading=\"lazy\" decoding=\"async\" width=\"200\" height=\"300\" src=\"https:\/\/d2p6e6u75xmxt8.cloudfront.net\/9\/2020\/06\/DSC01724@15x.jpg\" class=\"attachment-medium size-medium\" alt=\"SKODA Cycling Team\" aria-describedby=\"gallery-4-2685\" \/><\/a>\n\t\t\t<\/div>\n\t\t\t\t<figcaption class='wp-caption-text gallery-caption' id='gallery-4-2685'>\n\t\t\t\t\u00a9 Richard Johansson\n\t\t\t\t<\/figcaption><\/figure><figure class='gallery-item'>\n\t\t\t<div class='gallery-icon portrait'>\n\t\t\t\t<a href='https:\/\/www.welovecycling.com\/se\/2020\/06\/23\/sa-gick-det-for-skoda-cycling-team-pa-vatternrundan-2020\/dsc01900\/'><img loading=\"lazy\" decoding=\"async\" width=\"200\" height=\"300\" src=\"https:\/\/d2p6e6u75xmxt8.cloudfront.net\/9\/2020\/06\/DSC01900.jpg\" class=\"attachment-medium size-medium\" alt=\"SKODA Cycling Team\" aria-describedby=\"gallery-4-2681\" \/><\/a>\n\t\t\t<\/div>\n\t\t\t\t<figcaption class='wp-caption-text gallery-caption' id='gallery-4-2681'>\n\t\t\t\t\u00a9 Richard Johansson\n\t\t\t\t<\/figcaption><\/figure>\n\t\t<\/div>\n<\/div><div id=\"panel-2651-0-0-9\" class=\"so-panel widget widget_sow-editor panel-last-child\" data-index=\"9\" ><div\n\t\t\t\n\t\t\tclass=\"so-widget-sow-editor so-widget-sow-editor-base\"\n\t\t\t\n\t\t>\n<div class=\"siteorigin-widget-tinymce textwidget\">\n\t<h2><strong>Team S\u00e4vjs\u00f6<\/strong><\/h2>\n<p>Kristina Wikstr\u00f6m, en av lagets rekryterade cyklister, hamnade \u00e4ven hon ensam utan m\u00f6jlighet att ansluta till n\u00e5gra fler. Sagt och gjort, hon tog hj\u00e4lp av sin man f\u00f6r support och cyklade distansen p\u00e5 vackra v\u00e4gar n\u00e4ra hemorten S\u00e4vsj\u00f6 p\u00e5 det sm\u00e5l\u00e4ndska h\u00f6glandet. Tack vare en snillrikt planerat rutt\u00a0lyckades hon avverka hela distansen med bilen som knutpunkt f\u00f6r paus och proviantering.<\/p>\n<p><strong>L\u00e4ngd: <\/strong>315 km<br \/>\n<strong>Rutt:<\/strong> <a href=\"https:\/\/ridewithgps.com\/routes\/32957422\">Se karta<\/a><br \/>\n<strong>Tid: <\/strong>10,23<br \/>\n<strong>Snitthastighet: <\/strong>30,4 km\/h<br \/>\n<strong>H\u00f6jdmeter: <\/strong>2949 m<\/p>\n<\/div>\n<\/div><\/div><\/div><\/div><\/div>","protected":false},"excerpt":{"rendered":"<p>P\u00e5 grund av Covid-19 st\u00e4llde V\u00e4tternrundan in loppet i dess traditionella form. I st\u00e4llet bj\u00f6d man in till #minv\u00e4tternrundan d\u00e4r [&hellip;]<\/p>\n","protected":false},"author":52,"featured_media":2695,"comment_status":"open","ping_status":"open","sticky":false,"template":"","format":"standard","meta":{"footnotes":""},"categories":[5],"tags":[],"global-categories":[36],"class_list":["post-2651","post","type-post","status-publish","format-standard","has-post-thumbnail","hentry","category-nyheter","global-categories-cycling"],"yoast_head":"<!-- This site is optimized with the Yoast SEO Premium plugin v25.3 (Yoast SEO v25.9) - https:\/\/yoast.com\/wordpress\/plugins\/seo\/ -->\n<title>S\u00e5 gick det f\u00f6r \u0160koda Cycling Team p\u00e5 V\u00e4tternrundan 2020 - \u0160koda - We Love Cycling - Sweden<\/title>\n<meta name=\"robots\" content=\"index, follow, max-snippet:-1, max-image-preview:large, max-video-preview:-1\" \/>\n<link rel=\"canonical\" href=\"https:\/\/www.welovecycling.com\/se\/2020\/06\/23\/sa-gick-det-for-skoda-cycling-team-pa-vatternrundan-2020\/\" \/>\n<meta property=\"og:locale\" content=\"sv_SE\" \/>\n<meta property=\"og:type\" content=\"article\" \/>\n<meta property=\"og:title\" content=\"S\u00e5 gick det f\u00f6r \u0160koda Cycling Team p\u00e5 V\u00e4tternrundan 2020\" \/>\n<meta property=\"og:description\" content=\"P\u00e5 grund av Covid-19 st\u00e4llde V\u00e4tternrundan in loppet i dess traditionella form. I st\u00e4llet bj\u00f6d man in till #minv\u00e4tternrundan d\u00e4r [&hellip;]\" \/>\n<meta property=\"og:url\" content=\"https:\/\/www.welovecycling.com\/se\/2020\/06\/23\/sa-gick-det-for-skoda-cycling-team-pa-vatternrundan-2020\/\" \/>\n<meta property=\"og:site_name\" content=\"\u0160koda - We Love Cycling - Sweden\" \/>\n<meta property=\"article:published_time\" content=\"2020-06-23T15:57:16+00:00\" \/>\n<meta property=\"article:modified_time\" content=\"2020-06-24T06:39:47+00:00\" \/>\n<meta property=\"og:image\" content=\"https:\/\/d2p6e6u75xmxt8.cloudfront.net\/9\/2020\/06\/Agnesmaltesdotter-0337.jpg\" \/>\n\t<meta property=\"og:image:width\" content=\"2449\" \/>\n\t<meta property=\"og:image:height\" content=\"1633\" \/>\n\t<meta property=\"og:image:type\" content=\"image\/jpeg\" \/>\n<meta name=\"author\" content=\"erikleonsson\" \/>\n<meta name=\"twitter:card\" content=\"summary_large_image\" \/>\n<meta name=\"twitter:label1\" content=\"Written by\" \/>\n\t<meta name=\"twitter:data1\" content=\"erikleonsson\" \/>\n\t<meta name=\"twitter:label2\" content=\"Est. reading time\" \/>\n\t<meta name=\"twitter:data2\" content=\"3 minutes\" \/>\n<script type=\"application\/ld+json\" class=\"yoast-schema-graph\">{\"@context\":\"https:\/\/schema.org\",\"@graph\":[{\"@type\":\"WebPage\",\"@id\":\"https:\/\/www.welovecycling.com\/se\/2020\/06\/23\/sa-gick-det-for-skoda-cycling-team-pa-vatternrundan-2020\/\",\"url\":\"https:\/\/www.welovecycling.com\/se\/2020\/06\/23\/sa-gick-det-for-skoda-cycling-team-pa-vatternrundan-2020\/\",\"name\":\"S\u00e5 gick det f\u00f6r \u0160koda Cycling Team p\u00e5 V\u00e4tternrundan 2020 - \u0160koda - We Love Cycling - Sweden\",\"isPartOf\":{\"@id\":\"https:\/\/www.welovecycling.com\/se\/#website\"},\"primaryImageOfPage\":{\"@id\":\"https:\/\/www.welovecycling.com\/se\/2020\/06\/23\/sa-gick-det-for-skoda-cycling-team-pa-vatternrundan-2020\/#primaryimage\"},\"image\":{\"@id\":\"https:\/\/www.welovecycling.com\/se\/2020\/06\/23\/sa-gick-det-for-skoda-cycling-team-pa-vatternrundan-2020\/#primaryimage\"},\"thumbnailUrl\":\"https:\/\/d2p6e6u75xmxt8.cloudfront.net\/9\/2020\/06\/Agnesmaltesdotter-0337.jpg\",\"datePublished\":\"2020-06-23T15:57:16+00:00\",\"dateModified\":\"2020-06-24T06:39:47+00:00\",\"author\":{\"@id\":\"https:\/\/www.welovecycling.com\/se\/#\/schema\/person\/037f34ad5d6e77accab8a3eff6ad7a0c\"},\"breadcrumb\":{\"@id\":\"https:\/\/www.welovecycling.com\/se\/2020\/06\/23\/sa-gick-det-for-skoda-cycling-team-pa-vatternrundan-2020\/#breadcrumb\"},\"inLanguage\":\"sv-SE\",\"potentialAction\":[{\"@type\":\"ReadAction\",\"target\":[\"https:\/\/www.welovecycling.com\/se\/2020\/06\/23\/sa-gick-det-for-skoda-cycling-team-pa-vatternrundan-2020\/\"]}]},{\"@type\":\"ImageObject\",\"inLanguage\":\"sv-SE\",\"@id\":\"https:\/\/www.welovecycling.com\/se\/2020\/06\/23\/sa-gick-det-for-skoda-cycling-team-pa-vatternrundan-2020\/#primaryimage\",\"url\":\"https:\/\/d2p6e6u75xmxt8.cloudfront.net\/9\/2020\/06\/Agnesmaltesdotter-0337.jpg\",\"contentUrl\":\"https:\/\/d2p6e6u75xmxt8.cloudfront.net\/9\/2020\/06\/Agnesmaltesdotter-0337.jpg\",\"width\":2449,\"height\":1633},{\"@type\":\"BreadcrumbList\",\"@id\":\"https:\/\/www.welovecycling.com\/se\/2020\/06\/23\/sa-gick-det-for-skoda-cycling-team-pa-vatternrundan-2020\/#breadcrumb\",\"itemListElement\":[{\"@type\":\"ListItem\",\"position\":1,\"name\":\"Home\",\"item\":\"https:\/\/www.welovecycling.com\/se\/\"},{\"@type\":\"ListItem\",\"position\":2,\"name\":\"S\u00e5 gick det f\u00f6r \u0160koda Cycling Team p\u00e5 V\u00e4tternrundan 2020\"}]},{\"@type\":\"WebSite\",\"@id\":\"https:\/\/www.welovecycling.com\/se\/#website\",\"url\":\"https:\/\/www.welovecycling.com\/se\/\",\"name\":\"\u0160koda - We Love Cycling - Sweden\",\"description\":\"\u0160koda We Love Cycling - Sweden\",\"potentialAction\":[{\"@type\":\"SearchAction\",\"target\":{\"@type\":\"EntryPoint\",\"urlTemplate\":\"https:\/\/www.welovecycling.com\/se\/?s={search_term_string}\"},\"query-input\":{\"@type\":\"PropertyValueSpecification\",\"valueRequired\":true,\"valueName\":\"search_term_string\"}}],\"inLanguage\":\"sv-SE\"},{\"@type\":\"Person\",\"@id\":\"https:\/\/www.welovecycling.com\/se\/#\/schema\/person\/037f34ad5d6e77accab8a3eff6ad7a0c\",\"name\":\"erikleonsson\",\"image\":{\"@type\":\"ImageObject\",\"inLanguage\":\"sv-SE\",\"@id\":\"https:\/\/www.welovecycling.com\/se\/#\/schema\/person\/image\/\",\"url\":\"https:\/\/secure.gravatar.com\/avatar\/788a593b0a657d6864c271709722f9cd586caa5a645e77f71fe625396b02677c?s=96&d=mm&r=g\",\"contentUrl\":\"https:\/\/secure.gravatar.com\/avatar\/788a593b0a657d6864c271709722f9cd586caa5a645e77f71fe625396b02677c?s=96&d=mm&r=g\",\"caption\":\"erikleonsson\"},\"url\":\"https:\/\/www.welovecycling.com\/se\/author\/erikleonsson\/\"}]}<\/script>\n<!-- \/ Yoast SEO Premium plugin. -->","yoast_head_json":{"title":"S\u00e5 gick det f\u00f6r \u0160koda Cycling Team p\u00e5 V\u00e4tternrundan 2020 - \u0160koda - We Love Cycling - Sweden","robots":{"index":"index","follow":"follow","max-snippet":"max-snippet:-1","max-image-preview":"max-image-preview:large","max-video-preview":"max-video-preview:-1"},"canonical":"https:\/\/www.welovecycling.com\/se\/2020\/06\/23\/sa-gick-det-for-skoda-cycling-team-pa-vatternrundan-2020\/","og_locale":"sv_SE","og_type":"article","og_title":"S\u00e5 gick det f\u00f6r \u0160koda Cycling Team p\u00e5 V\u00e4tternrundan 2020","og_description":"P\u00e5 grund av Covid-19 st\u00e4llde V\u00e4tternrundan in loppet i dess traditionella form. I st\u00e4llet bj\u00f6d man in till #minv\u00e4tternrundan d\u00e4r [&hellip;]","og_url":"https:\/\/www.welovecycling.com\/se\/2020\/06\/23\/sa-gick-det-for-skoda-cycling-team-pa-vatternrundan-2020\/","og_site_name":"\u0160koda - We Love Cycling - Sweden","article_published_time":"2020-06-23T15:57:16+00:00","article_modified_time":"2020-06-24T06:39:47+00:00","og_image":[{"width":2449,"height":1633,"url":"https:\/\/d2p6e6u75xmxt8.cloudfront.net\/9\/2020\/06\/Agnesmaltesdotter-0337.jpg","type":"image\/jpeg"}],"author":"erikleonsson","twitter_card":"summary_large_image","twitter_misc":{"Written by":"erikleonsson","Est. reading time":"3 minutes"},"schema":{"@context":"https:\/\/schema.org","@graph":[{"@type":"WebPage","@id":"https:\/\/www.welovecycling.com\/se\/2020\/06\/23\/sa-gick-det-for-skoda-cycling-team-pa-vatternrundan-2020\/","url":"https:\/\/www.welovecycling.com\/se\/2020\/06\/23\/sa-gick-det-for-skoda-cycling-team-pa-vatternrundan-2020\/","name":"S\u00e5 gick det f\u00f6r \u0160koda Cycling Team p\u00e5 V\u00e4tternrundan 2020 - \u0160koda - We Love Cycling - Sweden","isPartOf":{"@id":"https:\/\/www.welovecycling.com\/se\/#website"},"primaryImageOfPage":{"@id":"https:\/\/www.welovecycling.com\/se\/2020\/06\/23\/sa-gick-det-for-skoda-cycling-team-pa-vatternrundan-2020\/#primaryimage"},"image":{"@id":"https:\/\/www.welovecycling.com\/se\/2020\/06\/23\/sa-gick-det-for-skoda-cycling-team-pa-vatternrundan-2020\/#primaryimage"},"thumbnailUrl":"https:\/\/d2p6e6u75xmxt8.cloudfront.net\/9\/2020\/06\/Agnesmaltesdotter-0337.jpg","datePublished":"2020-06-23T15:57:16+00:00","dateModified":"2020-06-24T06:39:47+00:00","author":{"@id":"https:\/\/www.welovecycling.com\/se\/#\/schema\/person\/037f34ad5d6e77accab8a3eff6ad7a0c"},"breadcrumb":{"@id":"https:\/\/www.welovecycling.com\/se\/2020\/06\/23\/sa-gick-det-for-skoda-cycling-team-pa-vatternrundan-2020\/#breadcrumb"},"inLanguage":"sv-SE","potentialAction":[{"@type":"ReadAction","target":["https:\/\/www.welovecycling.com\/se\/2020\/06\/23\/sa-gick-det-for-skoda-cycling-team-pa-vatternrundan-2020\/"]}]},{"@type":"ImageObject","inLanguage":"sv-SE","@id":"https:\/\/www.welovecycling.com\/se\/2020\/06\/23\/sa-gick-det-for-skoda-cycling-team-pa-vatternrundan-2020\/#primaryimage","url":"https:\/\/d2p6e6u75xmxt8.cloudfront.net\/9\/2020\/06\/Agnesmaltesdotter-0337.jpg","contentUrl":"https:\/\/d2p6e6u75xmxt8.cloudfront.net\/9\/2020\/06\/Agnesmaltesdotter-0337.jpg","width":2449,"height":1633},{"@type":"BreadcrumbList","@id":"https:\/\/www.welovecycling.com\/se\/2020\/06\/23\/sa-gick-det-for-skoda-cycling-team-pa-vatternrundan-2020\/#breadcrumb","itemListElement":[{"@type":"ListItem","position":1,"name":"Home","item":"https:\/\/www.welovecycling.com\/se\/"},{"@type":"ListItem","position":2,"name":"S\u00e5 gick det f\u00f6r \u0160koda Cycling Team p\u00e5 V\u00e4tternrundan 2020"}]},{"@type":"WebSite","@id":"https:\/\/www.welovecycling.com\/se\/#website","url":"https:\/\/www.welovecycling.com\/se\/","name":"\u0160koda - We Love Cycling - Sweden","description":"\u0160koda We Love Cycling - Sweden","potentialAction":[{"@type":"SearchAction","target":{"@type":"EntryPoint","urlTemplate":"https:\/\/www.welovecycling.com\/se\/?s={search_term_string}"},"query-input":{"@type":"PropertyValueSpecification","valueRequired":true,"valueName":"search_term_string"}}],"inLanguage":"sv-SE"},{"@type":"Person","@id":"https:\/\/www.welovecycling.com\/se\/#\/schema\/person\/037f34ad5d6e77accab8a3eff6ad7a0c","name":"erikleonsson","image":{"@type":"ImageObject","inLanguage":"sv-SE","@id":"https:\/\/www.welovecycling.com\/se\/#\/schema\/person\/image\/","url":"https:\/\/secure.gravatar.com\/avatar\/788a593b0a657d6864c271709722f9cd586caa5a645e77f71fe625396b02677c?s=96&d=mm&r=g","contentUrl":"https:\/\/secure.gravatar.com\/avatar\/788a593b0a657d6864c271709722f9cd586caa5a645e77f71fe625396b02677c?s=96&d=mm&r=g","caption":"erikleonsson"},"url":"https:\/\/www.welovecycling.com\/se\/author\/erikleonsson\/"}]}},"_links":{"self":[{"href":"https:\/\/www.welovecycling.com\/se\/wp-json\/wp\/v2\/posts\/2651","targetHints":{"allow":["GET"]}}],"collection":[{"href":"https:\/\/www.welovecycling.com\/se\/wp-json\/wp\/v2\/posts"}],"about":[{"href":"https:\/\/www.welovecycling.com\/se\/wp-json\/wp\/v2\/types\/post"}],"author":[{"embeddable":true,"href":"https:\/\/www.welovecycling.com\/se\/wp-json\/wp\/v2\/users\/52"}],"replies":[{"embeddable":true,"href":"https:\/\/www.welovecycling.com\/se\/wp-json\/wp\/v2\/comments?post=2651"}],"version-history":[{"count":2,"href":"https:\/\/www.welovecycling.com\/se\/wp-json\/wp\/v2\/posts\/2651\/revisions"}],"predecessor-version":[{"id":2756,"href":"https:\/\/www.welovecycling.com\/se\/wp-json\/wp\/v2\/posts\/2651\/revisions\/2756"}],"wp:featuredmedia":[{"embeddable":true,"href":"https:\/\/www.welovecycling.com\/se\/wp-json\/wp\/v2\/media\/2695"}],"wp:attachment":[{"href":"https:\/\/www.welovecycling.com\/se\/wp-json\/wp\/v2\/media?parent=2651"}],"wp:term":[{"taxonomy":"category","embeddable":true,"href":"https:\/\/www.welovecycling.com\/se\/wp-json\/wp\/v2\/categories?post=2651"},{"taxonomy":"post_tag","embeddable":true,"href":"https:\/\/www.welovecycling.com\/se\/wp-json\/wp\/v2\/tags?post=2651"},{"taxonomy":"global-categories","embeddable":true,"href":"https:\/\/www.welovecycling.com\/se\/wp-json\/wp\/v2\/global-categories?post=2651"}],"curies":[{"name":"wp","href":"https:\/\/api.w.org\/{rel}","templated":true}]}}