{"id":2648,"date":"2020-06-16T12:24:46","date_gmt":"2020-06-16T11:24:46","guid":{"rendered":"https:\/\/www.welovecycling.com\/se\/?p=2648"},"modified":"2020-06-16T12:24:46","modified_gmt":"2020-06-16T11:24:46","slug":"lyssna-pa-livesandning-med-jenny-rissveds","status":"publish","type":"post","link":"https:\/\/www.welovecycling.com\/se\/2020\/06\/16\/lyssna-pa-livesandning-med-jenny-rissveds\/","title":{"rendered":"Lyssna p\u00e5 lives\u00e4ndning med Jenny Rissveds"},"content":{"rendered":"<p><b>Den svenska cross country-stj\u00e4rnan<span class=\"Apple-converted-space\">\u00a0 <\/span>Jenny Rissveds kommer delta i den\u00a0femte #Ride2Unite lives\u00e4ndningen <\/b><\/p>\n<p>V\u00e4lkomna till den femte lives\u00e4ndningen som \u00e4ger rum p\u00e5 We Love Cyclings Instagram<span class=\"Apple-converted-space\">\u00a0<\/span>onsdagen den 17 juni klockan 18:00. V\u00e5rt m\u00e5l \u00e4r att samla och ber\u00e4tta inspirerande ber\u00e4ttelser, tr\u00e4ningstips och livs\u00f6den fr\u00e5n cykelv\u00e4rden. Den h\u00e4r g\u00e5ngen \u00e4r det beundransv\u00e4rda och allm\u00e4nt fantastiska Jenny Rissveds, en superstj\u00e4rna p\u00e5 cykelhimlen och f\u00f6r oss svenskar mest k\u00e4nd f\u00f6r sitt OS-guld i Rio 2016. S\u00e4ndningen har \u00e4ven den h\u00e4r g\u00e5ngen den spanska sportjournalisten Laura Meseguer som v\u00e4rd.<span class=\"Apple-converted-space\">\u00a0<\/span><\/p>\n<p>Jenny vann VM i U 23-klassen och det olympiska guldet i Rio under s\u00e4songen 2016. Hon var 22 \u00e5r ung och b\u00e4st i v\u00e4rlden, inget s\u00e5g ut att kunna stoppa henne. N\u00e4r s\u00e4songen 2017 k\u00f6rde ig\u00e5ng b\u00f6rjade hon med att vinna mixed-klassen i etapploppet Cape Epic tillsammans med sin stallchef Thomas Frischknecht, formen verkade fortfarande vara p\u00e5 topp. Kort efter det f\u00f6rsvann hon fr\u00e5n t\u00e4vlingsscenen. Hon avslutade sitt samarbete med proffslaget Scott-SRAM och f\u00f6rsvann fr\u00e5n offentligheten.<span class=\"Apple-converted-space\">\u00a0<\/span><\/p>\n<p>Snabbspolar vi till s\u00e4songen 2019 s\u00e5 har Jenny Rissveds b\u00f6rjat t\u00e4vla igen och p\u00e5 v\u00e4rldscupen i Lenzerheide visar hon \u00e5ter igen var hon h\u00f6r hemma, h\u00f6gst upp p\u00e5 pallen. Anledningen till det tv\u00e5\u00e5riga t\u00e4vlingsuppeh\u00e5llet var psykisk oh\u00e4lsa, en kombination av \u00e4tst\u00f6rning, prestations\u00e5ngest och en depression som inleddes efter en konflikt med det svenska cykelf\u00f6rbundet. Under perioden gick ocks\u00e5 hennes morfar och farfar bort. Den olympiska m\u00e4starinnan \u00e5terv\u00e4nde till t\u00e4vlandet med ett helt eget lag Team 31, sponsrade av Specialized, Shimano och Thule. Namnet 31 kommer fr\u00e5n artikel 31 i barnkonventionen, barns r\u00e4tt till lek.<\/p>\n<p>Hon har hela tiden varit \u00f6ppen med sin psykiska oh\u00e4lsa och kampen mot sin v\u00e4rsta kritiker: sig sj\u00e4lv.<span class=\"Apple-converted-space\">\u00a0<\/span><\/p>\n<p>Jenny \u00e4r en inspiration f\u00f6r alla med hennes f\u00f6rm\u00e5ga att aldrig ge upp. Aldrig.<\/p>\n<p>Du kan f\u00f6rv\u00e4nta dig en lives\u00e4ndning med massor av \u00e4rlighet, inspiration, ber\u00e4ttelser om h\u00e5rda tr\u00e4ningspass, och peppande tips. Och med Jenny kanske det ocks\u00e5 blir en del allvar och \u00e4mnen som \u00e4r viktigare \u00e4n det mesta, som v\u00e5ra barns r\u00e4tt att leka. <span class=\"Apple-converted-space\">\u00a0 <\/span>Som vi n\u00e4mnde tidigare, s\u00e4ndningen b\u00f6rjar Onsdag 17:e juni 18:00 och du vill inte missa det h\u00e4r avsnittet.<span class=\"Apple-converted-space\">\u00a0<\/span><\/p>\n","protected":false},"excerpt":{"rendered":"<p>Den svenska cross country-stj\u00e4rnan\u00a0 Jenny Rissveds kommer delta i den\u00a0femte #Ride2Unite lives\u00e4ndningen V\u00e4lkomna till den femte lives\u00e4ndningen som \u00e4ger rum [&hellip;]<\/p>\n","protected":false},"author":52,"featured_media":2649,"comment_status":"open","ping_status":"open","sticky":false,"template":"","format":"standard","meta":{"footnotes":""},"categories":[5],"tags":[],"global-categories":[36],"class_list":["post-2648","post","type-post","status-publish","format-standard","has-post-thumbnail","hentry","category-nyheter","global-categories-cycling"],"yoast_head":"<!-- This site is optimized with the Yoast SEO Premium plugin v25.3 (Yoast SEO v25.9) - https:\/\/yoast.com\/wordpress\/plugins\/seo\/ -->\n<title>Lyssna p\u00e5 lives\u00e4ndning med Jenny Rissveds - \u0160koda - We Love Cycling - Sweden<\/title>\n<meta name=\"robots\" content=\"index, follow, max-snippet:-1, max-image-preview:large, max-video-preview:-1\" \/>\n<link rel=\"canonical\" href=\"https:\/\/www.welovecycling.com\/se\/2020\/06\/16\/lyssna-pa-livesandning-med-jenny-rissveds\/\" \/>\n<meta property=\"og:locale\" content=\"sv_SE\" \/>\n<meta property=\"og:type\" content=\"article\" \/>\n<meta property=\"og:title\" content=\"Lyssna p\u00e5 lives\u00e4ndning med Jenny Rissveds\" \/>\n<meta property=\"og:description\" content=\"Den svenska cross country-stj\u00e4rnan\u00a0 Jenny Rissveds kommer delta i den\u00a0femte #Ride2Unite lives\u00e4ndningen V\u00e4lkomna till den femte lives\u00e4ndningen som \u00e4ger rum [&hellip;]\" \/>\n<meta property=\"og:url\" content=\"https:\/\/www.welovecycling.com\/se\/2020\/06\/16\/lyssna-pa-livesandning-med-jenny-rissveds\/\" \/>\n<meta property=\"og:site_name\" content=\"\u0160koda - We Love Cycling - Sweden\" \/>\n<meta property=\"article:published_time\" content=\"2020-06-16T11:24:46+00:00\" \/>\n<meta property=\"og:image\" content=\"https:\/\/d2p6e6u75xmxt8.cloudfront.net\/9\/2020\/06\/r2u_linkshare_1200x628_Rissveds.jpg\" \/>\n\t<meta property=\"og:image:width\" content=\"1200\" \/>\n\t<meta property=\"og:image:height\" content=\"628\" \/>\n\t<meta property=\"og:image:type\" content=\"image\/jpeg\" \/>\n<meta name=\"author\" content=\"erikleonsson\" \/>\n<meta name=\"twitter:card\" content=\"summary_large_image\" \/>\n<meta name=\"twitter:label1\" content=\"Written by\" \/>\n\t<meta name=\"twitter:data1\" content=\"erikleonsson\" \/>\n\t<meta name=\"twitter:label2\" content=\"Est. reading time\" \/>\n\t<meta name=\"twitter:data2\" content=\"2 minutes\" \/>\n<script type=\"application\/ld+json\" class=\"yoast-schema-graph\">{\"@context\":\"https:\/\/schema.org\",\"@graph\":[{\"@type\":\"WebPage\",\"@id\":\"https:\/\/www.welovecycling.com\/se\/2020\/06\/16\/lyssna-pa-livesandning-med-jenny-rissveds\/\",\"url\":\"https:\/\/www.welovecycling.com\/se\/2020\/06\/16\/lyssna-pa-livesandning-med-jenny-rissveds\/\",\"name\":\"Lyssna p\u00e5 lives\u00e4ndning med Jenny Rissveds - \u0160koda - We Love Cycling - Sweden\",\"isPartOf\":{\"@id\":\"https:\/\/www.welovecycling.com\/se\/#website\"},\"primaryImageOfPage\":{\"@id\":\"https:\/\/www.welovecycling.com\/se\/2020\/06\/16\/lyssna-pa-livesandning-med-jenny-rissveds\/#primaryimage\"},\"image\":{\"@id\":\"https:\/\/www.welovecycling.com\/se\/2020\/06\/16\/lyssna-pa-livesandning-med-jenny-rissveds\/#primaryimage\"},\"thumbnailUrl\":\"https:\/\/d2p6e6u75xmxt8.cloudfront.net\/9\/2020\/06\/r2u_linkshare_1200x628_Rissveds.jpg\",\"datePublished\":\"2020-06-16T11:24:46+00:00\",\"author\":{\"@id\":\"https:\/\/www.welovecycling.com\/se\/#\/schema\/person\/037f34ad5d6e77accab8a3eff6ad7a0c\"},\"breadcrumb\":{\"@id\":\"https:\/\/www.welovecycling.com\/se\/2020\/06\/16\/lyssna-pa-livesandning-med-jenny-rissveds\/#breadcrumb\"},\"inLanguage\":\"sv-SE\",\"potentialAction\":[{\"@type\":\"ReadAction\",\"target\":[\"https:\/\/www.welovecycling.com\/se\/2020\/06\/16\/lyssna-pa-livesandning-med-jenny-rissveds\/\"]}]},{\"@type\":\"ImageObject\",\"inLanguage\":\"sv-SE\",\"@id\":\"https:\/\/www.welovecycling.com\/se\/2020\/06\/16\/lyssna-pa-livesandning-med-jenny-rissveds\/#primaryimage\",\"url\":\"https:\/\/d2p6e6u75xmxt8.cloudfront.net\/9\/2020\/06\/r2u_linkshare_1200x628_Rissveds.jpg\",\"contentUrl\":\"https:\/\/d2p6e6u75xmxt8.cloudfront.net\/9\/2020\/06\/r2u_linkshare_1200x628_Rissveds.jpg\",\"width\":1200,\"height\":628},{\"@type\":\"BreadcrumbList\",\"@id\":\"https:\/\/www.welovecycling.com\/se\/2020\/06\/16\/lyssna-pa-livesandning-med-jenny-rissveds\/#breadcrumb\",\"itemListElement\":[{\"@type\":\"ListItem\",\"position\":1,\"name\":\"Home\",\"item\":\"https:\/\/www.welovecycling.com\/se\/\"},{\"@type\":\"ListItem\",\"position\":2,\"name\":\"Lyssna p\u00e5 lives\u00e4ndning med Jenny Rissveds\"}]},{\"@type\":\"WebSite\",\"@id\":\"https:\/\/www.welovecycling.com\/se\/#website\",\"url\":\"https:\/\/www.welovecycling.com\/se\/\",\"name\":\"\u0160koda - We Love Cycling - Sweden\",\"description\":\"\u0160koda We Love Cycling - Sweden\",\"potentialAction\":[{\"@type\":\"SearchAction\",\"target\":{\"@type\":\"EntryPoint\",\"urlTemplate\":\"https:\/\/www.welovecycling.com\/se\/?s={search_term_string}\"},\"query-input\":{\"@type\":\"PropertyValueSpecification\",\"valueRequired\":true,\"valueName\":\"search_term_string\"}}],\"inLanguage\":\"sv-SE\"},{\"@type\":\"Person\",\"@id\":\"https:\/\/www.welovecycling.com\/se\/#\/schema\/person\/037f34ad5d6e77accab8a3eff6ad7a0c\",\"name\":\"erikleonsson\",\"image\":{\"@type\":\"ImageObject\",\"inLanguage\":\"sv-SE\",\"@id\":\"https:\/\/www.welovecycling.com\/se\/#\/schema\/person\/image\/\",\"url\":\"https:\/\/secure.gravatar.com\/avatar\/788a593b0a657d6864c271709722f9cd586caa5a645e77f71fe625396b02677c?s=96&d=mm&r=g\",\"contentUrl\":\"https:\/\/secure.gravatar.com\/avatar\/788a593b0a657d6864c271709722f9cd586caa5a645e77f71fe625396b02677c?s=96&d=mm&r=g\",\"caption\":\"erikleonsson\"},\"url\":\"https:\/\/www.welovecycling.com\/se\/author\/erikleonsson\/\"}]}<\/script>\n<!-- \/ Yoast SEO Premium plugin. -->","yoast_head_json":{"title":"Lyssna p\u00e5 lives\u00e4ndning med Jenny Rissveds - \u0160koda - We Love Cycling - Sweden","robots":{"index":"index","follow":"follow","max-snippet":"max-snippet:-1","max-image-preview":"max-image-preview:large","max-video-preview":"max-video-preview:-1"},"canonical":"https:\/\/www.welovecycling.com\/se\/2020\/06\/16\/lyssna-pa-livesandning-med-jenny-rissveds\/","og_locale":"sv_SE","og_type":"article","og_title":"Lyssna p\u00e5 lives\u00e4ndning med Jenny Rissveds","og_description":"Den svenska cross country-stj\u00e4rnan\u00a0 Jenny Rissveds kommer delta i den\u00a0femte #Ride2Unite lives\u00e4ndningen V\u00e4lkomna till den femte lives\u00e4ndningen som \u00e4ger rum [&hellip;]","og_url":"https:\/\/www.welovecycling.com\/se\/2020\/06\/16\/lyssna-pa-livesandning-med-jenny-rissveds\/","og_site_name":"\u0160koda - We Love Cycling - Sweden","article_published_time":"2020-06-16T11:24:46+00:00","og_image":[{"width":1200,"height":628,"url":"https:\/\/d2p6e6u75xmxt8.cloudfront.net\/9\/2020\/06\/r2u_linkshare_1200x628_Rissveds.jpg","type":"image\/jpeg"}],"author":"erikleonsson","twitter_card":"summary_large_image","twitter_misc":{"Written by":"erikleonsson","Est. reading time":"2 minutes"},"schema":{"@context":"https:\/\/schema.org","@graph":[{"@type":"WebPage","@id":"https:\/\/www.welovecycling.com\/se\/2020\/06\/16\/lyssna-pa-livesandning-med-jenny-rissveds\/","url":"https:\/\/www.welovecycling.com\/se\/2020\/06\/16\/lyssna-pa-livesandning-med-jenny-rissveds\/","name":"Lyssna p\u00e5 lives\u00e4ndning med Jenny Rissveds - \u0160koda - We Love Cycling - Sweden","isPartOf":{"@id":"https:\/\/www.welovecycling.com\/se\/#website"},"primaryImageOfPage":{"@id":"https:\/\/www.welovecycling.com\/se\/2020\/06\/16\/lyssna-pa-livesandning-med-jenny-rissveds\/#primaryimage"},"image":{"@id":"https:\/\/www.welovecycling.com\/se\/2020\/06\/16\/lyssna-pa-livesandning-med-jenny-rissveds\/#primaryimage"},"thumbnailUrl":"https:\/\/d2p6e6u75xmxt8.cloudfront.net\/9\/2020\/06\/r2u_linkshare_1200x628_Rissveds.jpg","datePublished":"2020-06-16T11:24:46+00:00","author":{"@id":"https:\/\/www.welovecycling.com\/se\/#\/schema\/person\/037f34ad5d6e77accab8a3eff6ad7a0c"},"breadcrumb":{"@id":"https:\/\/www.welovecycling.com\/se\/2020\/06\/16\/lyssna-pa-livesandning-med-jenny-rissveds\/#breadcrumb"},"inLanguage":"sv-SE","potentialAction":[{"@type":"ReadAction","target":["https:\/\/www.welovecycling.com\/se\/2020\/06\/16\/lyssna-pa-livesandning-med-jenny-rissveds\/"]}]},{"@type":"ImageObject","inLanguage":"sv-SE","@id":"https:\/\/www.welovecycling.com\/se\/2020\/06\/16\/lyssna-pa-livesandning-med-jenny-rissveds\/#primaryimage","url":"https:\/\/d2p6e6u75xmxt8.cloudfront.net\/9\/2020\/06\/r2u_linkshare_1200x628_Rissveds.jpg","contentUrl":"https:\/\/d2p6e6u75xmxt8.cloudfront.net\/9\/2020\/06\/r2u_linkshare_1200x628_Rissveds.jpg","width":1200,"height":628},{"@type":"BreadcrumbList","@id":"https:\/\/www.welovecycling.com\/se\/2020\/06\/16\/lyssna-pa-livesandning-med-jenny-rissveds\/#breadcrumb","itemListElement":[{"@type":"ListItem","position":1,"name":"Home","item":"https:\/\/www.welovecycling.com\/se\/"},{"@type":"ListItem","position":2,"name":"Lyssna p\u00e5 lives\u00e4ndning med Jenny Rissveds"}]},{"@type":"WebSite","@id":"https:\/\/www.welovecycling.com\/se\/#website","url":"https:\/\/www.welovecycling.com\/se\/","name":"\u0160koda - We Love Cycling - Sweden","description":"\u0160koda We Love Cycling - Sweden","potentialAction":[{"@type":"SearchAction","target":{"@type":"EntryPoint","urlTemplate":"https:\/\/www.welovecycling.com\/se\/?s={search_term_string}"},"query-input":{"@type":"PropertyValueSpecification","valueRequired":true,"valueName":"search_term_string"}}],"inLanguage":"sv-SE"},{"@type":"Person","@id":"https:\/\/www.welovecycling.com\/se\/#\/schema\/person\/037f34ad5d6e77accab8a3eff6ad7a0c","name":"erikleonsson","image":{"@type":"ImageObject","inLanguage":"sv-SE","@id":"https:\/\/www.welovecycling.com\/se\/#\/schema\/person\/image\/","url":"https:\/\/secure.gravatar.com\/avatar\/788a593b0a657d6864c271709722f9cd586caa5a645e77f71fe625396b02677c?s=96&d=mm&r=g","contentUrl":"https:\/\/secure.gravatar.com\/avatar\/788a593b0a657d6864c271709722f9cd586caa5a645e77f71fe625396b02677c?s=96&d=mm&r=g","caption":"erikleonsson"},"url":"https:\/\/www.welovecycling.com\/se\/author\/erikleonsson\/"}]}},"_links":{"self":[{"href":"https:\/\/www.welovecycling.com\/se\/wp-json\/wp\/v2\/posts\/2648","targetHints":{"allow":["GET"]}}],"collection":[{"href":"https:\/\/www.welovecycling.com\/se\/wp-json\/wp\/v2\/posts"}],"about":[{"href":"https:\/\/www.welovecycling.com\/se\/wp-json\/wp\/v2\/types\/post"}],"author":[{"embeddable":true,"href":"https:\/\/www.welovecycling.com\/se\/wp-json\/wp\/v2\/users\/52"}],"replies":[{"embeddable":true,"href":"https:\/\/www.welovecycling.com\/se\/wp-json\/wp\/v2\/comments?post=2648"}],"version-history":[{"count":1,"href":"https:\/\/www.welovecycling.com\/se\/wp-json\/wp\/v2\/posts\/2648\/revisions"}],"predecessor-version":[{"id":2650,"href":"https:\/\/www.welovecycling.com\/se\/wp-json\/wp\/v2\/posts\/2648\/revisions\/2650"}],"wp:featuredmedia":[{"embeddable":true,"href":"https:\/\/www.welovecycling.com\/se\/wp-json\/wp\/v2\/media\/2649"}],"wp:attachment":[{"href":"https:\/\/www.welovecycling.com\/se\/wp-json\/wp\/v2\/media?parent=2648"}],"wp:term":[{"taxonomy":"category","embeddable":true,"href":"https:\/\/www.welovecycling.com\/se\/wp-json\/wp\/v2\/categories?post=2648"},{"taxonomy":"post_tag","embeddable":true,"href":"https:\/\/www.welovecycling.com\/se\/wp-json\/wp\/v2\/tags?post=2648"},{"taxonomy":"global-categories","embeddable":true,"href":"https:\/\/www.welovecycling.com\/se\/wp-json\/wp\/v2\/global-categories?post=2648"}],"curies":[{"name":"wp","href":"https:\/\/api.w.org\/{rel}","templated":true}]}}