{"id":2636,"date":"2020-06-12T23:06:53","date_gmt":"2020-06-12T22:06:53","guid":{"rendered":"https:\/\/www.welovecycling.com\/se\/?p=2636"},"modified":"2020-06-13T03:34:27","modified_gmt":"2020-06-13T02:34:27","slug":"nu-startar-skoda-cycling-team-minvatternrundan-livesant-over-hela-europa","status":"publish","type":"post","link":"https:\/\/www.welovecycling.com\/se\/2020\/06\/12\/nu-startar-skoda-cycling-team-minvatternrundan-livesant-over-hela-europa\/","title":{"rendered":"Nu startar \u0160koda Cycling Team #minv\u00e4tternrundan \u2013 lives\u00e4nt \u00f6ver hela Europa"},"content":{"rendered":"<p>Medan mycket har st\u00e4llts in den senaste tiden, har \u0160koda Cycling Team st\u00e4llt om. Tillsammans med partnern V\u00e4tternrundan och deras lives\u00e4ndning, kommer man p\u00e5 l\u00f6rdagen den 13 juni kunna f\u00f6lja ett antal olika resor spridda \u00f6ver hela Sverige, d\u00e4r V\u00e4tternrundans distans p\u00e5 315 km och k\u00e4rleken f\u00f6r cykelsporten \u00e4r den minsta gemensamma n\u00e4mnaren.<\/p>\n<p>I samband med Covid-19, har \u0160koda Cycling Team tillsammans med V\u00e4tternrundan t\u00e4nkt l\u00e5ngt och l\u00e4nge p\u00e5 hur v\u00e4rldens st\u00f6rsta cykelmotionslopp skulle kunna ta uttryck n\u00e4r resor skall begr\u00e4nsas till det yttersta. Resultatet \u00e4r inte mindre \u00e4n 5 unika cykelupplevelser, fr\u00e5n landsgr\u00e4nserna i norr till en utmanande runda med start i G\u00f6teborg.<\/p>\n<p><strong>Agnes Maltesdotter \u2013 \u201cGr\u00e4ns till Gr\u00e4ns\u201d<\/strong><\/p>\n<p>Agnes Maltesdotter, \u00e4ven kallad <a href=\"https:\/\/www.instagram.com\/undanflykter\/\">\u201cUndanflykter\u201d<\/a> p\u00e5 Instagram, \u00e4r en \u00e4ventyrss\u00f6kerska som \u00e4lskar och st\u00e4ndigt vill vara n\u00e4ra naturen. Agnes har tidigare cyklat runt Island och \u00e4r inte fr\u00e4mmande f\u00f6r extrema utmaningar med naturen som s\u00e4llskap. F\u00f6r \u00e5rets #minv\u00e4tternrundan kommer Agnes att cykla fr\u00e5n den norska till finska gr\u00e4nsen, en str\u00e4cka p\u00e5 dryga 30 mil, helt sj\u00e4lv.<\/p>\n<p><img loading=\"lazy\" decoding=\"async\" class=\"aligncenter size-full wp-image-2639\" src=\"https:\/\/d2p6e6u75xmxt8.cloudfront.net\/9\/2020\/06\/agnes.jpg\" alt=\"\" width=\"1200\" height=\"800\" \/><\/p>\n<p>&nbsp;<\/p>\n<p><strong>Team Ume\u00e5<\/strong><\/p>\n<p>Mattias Johansson, en av lagets rekryterade cyklister, hamnade i samband med resef\u00f6rbuden allena uppe i Ume\u00e5. Mattias har i sin tur rekryterat andra starka och likasinnade cyklister, som skall hj\u00e4lpa honom att avl\u00e4gga dessa 315 km genom delar av V\u00e4sterbottens l\u00e4n.<\/p>\n<p><img loading=\"lazy\" decoding=\"async\" class=\"aligncenter size-full wp-image-2643\" src=\"https:\/\/d2p6e6u75xmxt8.cloudfront.net\/9\/2020\/06\/Sk\u00e4rmavbild-2020-06-13-kl.-00.05.47.png\" alt=\"\" width=\"4032\" height=\"1808\" \/><\/p>\n<p><strong>Sverre Liliequist \u2013 \u00c5re<\/strong><\/p>\n<p>Den v\u00e4rldsk\u00e4nde extremskid\u00e5karen, numera bosatt i \u00c5re, \u00e4r en av \u00e5rets rekryter. \u00c4ven han har haft sv\u00e5rt att komma loss fr\u00e5n sin hemort. Sverre kommer att avl\u00e4gga en str\u00e4cka genom dalar och sn\u00f6t\u00e4ckta berg i \u00c5re-trakten, med st\u00f6ttning av n\u00e5gra v\u00e4nner.<\/p>\n<p><img loading=\"lazy\" decoding=\"async\" class=\"aligncenter size-full wp-image-2640\" src=\"https:\/\/d2p6e6u75xmxt8.cloudfront.net\/9\/2020\/06\/sverre.jpg\" alt=\"\" width=\"1200\" height=\"800\" \/><\/p>\n<p><strong>Team Stockholm \u2013 2 lag runt M\u00e4laren<\/strong><\/p>\n<p>N\u00e5got som m\u00e5nga cyklister har t\u00e4nkt men f\u00e5 har gjort, \u00e4r att cykla runt M\u00e4laren. Med support fr\u00e5n Abloc och Team Mustasch, f\u00e5ngar Team Stockholm denna unika m\u00f6jlighet och kommer att med tv\u00e5 klungor om 10 cyklister avl\u00e4gga samma str\u00e4cka men runt en annan sj\u00f6.<\/p>\n<p><img loading=\"lazy\" decoding=\"async\" class=\"aligncenter size-full wp-image-2641\" src=\"https:\/\/d2p6e6u75xmxt8.cloudfront.net\/9\/2020\/06\/Sk\u00e4rmavbild-2020-06-13-kl.-00.04.37.png\" alt=\"\" width=\"3712\" height=\"1824\" \/><\/p>\n<p><strong>Team G\u00f6teborg<\/strong><\/p>\n<p>Totalt 10 cyklister som \u00e4r inom nuvarande reserestriktionen p\u00e5 2 timmar, kommer att samlas och tillsammans starta en l\u00e5ng och sp\u00e4nnande resa som trampas ig\u00e5ng i G\u00f6teborg.<\/p>\n<p><img loading=\"lazy\" decoding=\"async\" class=\"aligncenter size-full wp-image-2642\" src=\"https:\/\/d2p6e6u75xmxt8.cloudfront.net\/9\/2020\/06\/Sk\u00e4rmavbild-2020-06-13-kl.-00.04.50.png\" alt=\"\" width=\"3188\" height=\"1654\" \/><\/p>\n<p>F\u00f6r att inte utesluta den stora m\u00e4ngd internationella deltagare av V\u00e4tternrundan, har man valt att s\u00e4nda den sista timmen av livestreamen p\u00e5 engelska, d\u00e4r ocks\u00e5 majoriteten av \u0160koda Cycling Teams resor kommer att rapporteras och dokumenteras.<\/p>\n<p>&nbsp;<\/p>\n<p>F\u00f6lj livestreamen p\u00e5 <a href=\"https:\/\/www.facebook.com\/vatternrundan\/\">V\u00e4tternrundans Facebook<\/a><\/p>\n<p>F\u00f6lj \u0160koda Cycling Team p\u00e5 <a href=\"https:\/\/www.instagram.com\/skodacyclingteam\/\">Instagram<\/a><\/p>\n","protected":false},"excerpt":{"rendered":"<p>Medan mycket har st\u00e4llts in den senaste tiden, har \u0160koda Cycling Team st\u00e4llt om. Tillsammans med partnern V\u00e4tternrundan och deras [&hellip;]<\/p>\n","protected":false},"author":52,"featured_media":2638,"comment_status":"open","ping_status":"open","sticky":false,"template":"","format":"standard","meta":{"footnotes":""},"categories":[5],"tags":[],"global-categories":[36],"class_list":["post-2636","post","type-post","status-publish","format-standard","has-post-thumbnail","hentry","category-nyheter","global-categories-cycling"],"yoast_head":"<!-- This site is optimized with the Yoast SEO Premium plugin v25.3 (Yoast SEO v25.9) - https:\/\/yoast.com\/wordpress\/plugins\/seo\/ -->\n<title>Nu startar \u0160koda Cycling Team #minv\u00e4tternrundan \u2013 lives\u00e4nt \u00f6ver hela Europa - \u0160koda - We Love Cycling - Sweden<\/title>\n<meta name=\"robots\" content=\"index, follow, max-snippet:-1, max-image-preview:large, max-video-preview:-1\" \/>\n<link rel=\"canonical\" href=\"https:\/\/www.welovecycling.com\/se\/2020\/06\/12\/nu-startar-skoda-cycling-team-minvatternrundan-livesant-over-hela-europa\/\" \/>\n<meta property=\"og:locale\" content=\"sv_SE\" \/>\n<meta property=\"og:type\" content=\"article\" \/>\n<meta property=\"og:title\" content=\"Nu startar \u0160koda Cycling Team #minv\u00e4tternrundan \u2013 lives\u00e4nt \u00f6ver hela Europa\" \/>\n<meta property=\"og:description\" content=\"Medan mycket har st\u00e4llts in den senaste tiden, har \u0160koda Cycling Team st\u00e4llt om. Tillsammans med partnern V\u00e4tternrundan och deras [&hellip;]\" \/>\n<meta property=\"og:url\" content=\"https:\/\/www.welovecycling.com\/se\/2020\/06\/12\/nu-startar-skoda-cycling-team-minvatternrundan-livesant-over-hela-europa\/\" \/>\n<meta property=\"og:site_name\" content=\"\u0160koda - We Love Cycling - Sweden\" \/>\n<meta property=\"article:published_time\" content=\"2020-06-12T22:06:53+00:00\" \/>\n<meta property=\"article:modified_time\" content=\"2020-06-13T02:34:27+00:00\" \/>\n<meta property=\"og:image\" content=\"https:\/\/d2p6e6u75xmxt8.cloudfront.net\/9\/2020\/06\/SCT_200607-22-1.jpg\" \/>\n\t<meta property=\"og:image:width\" content=\"1800\" \/>\n\t<meta property=\"og:image:height\" content=\"1200\" \/>\n\t<meta property=\"og:image:type\" content=\"image\/jpeg\" \/>\n<meta name=\"author\" content=\"erikleonsson\" \/>\n<meta name=\"twitter:card\" content=\"summary_large_image\" \/>\n<meta name=\"twitter:label1\" content=\"Written by\" \/>\n\t<meta name=\"twitter:data1\" content=\"erikleonsson\" \/>\n\t<meta name=\"twitter:label2\" content=\"Est. reading time\" \/>\n\t<meta name=\"twitter:data2\" content=\"2 minutes\" \/>\n<script type=\"application\/ld+json\" class=\"yoast-schema-graph\">{\"@context\":\"https:\/\/schema.org\",\"@graph\":[{\"@type\":\"WebPage\",\"@id\":\"https:\/\/www.welovecycling.com\/se\/2020\/06\/12\/nu-startar-skoda-cycling-team-minvatternrundan-livesant-over-hela-europa\/\",\"url\":\"https:\/\/www.welovecycling.com\/se\/2020\/06\/12\/nu-startar-skoda-cycling-team-minvatternrundan-livesant-over-hela-europa\/\",\"name\":\"Nu startar \u0160koda Cycling Team #minv\u00e4tternrundan \u2013 lives\u00e4nt \u00f6ver hela Europa - \u0160koda - We Love Cycling - Sweden\",\"isPartOf\":{\"@id\":\"https:\/\/www.welovecycling.com\/se\/#website\"},\"primaryImageOfPage\":{\"@id\":\"https:\/\/www.welovecycling.com\/se\/2020\/06\/12\/nu-startar-skoda-cycling-team-minvatternrundan-livesant-over-hela-europa\/#primaryimage\"},\"image\":{\"@id\":\"https:\/\/www.welovecycling.com\/se\/2020\/06\/12\/nu-startar-skoda-cycling-team-minvatternrundan-livesant-over-hela-europa\/#primaryimage\"},\"thumbnailUrl\":\"https:\/\/d2p6e6u75xmxt8.cloudfront.net\/9\/2020\/06\/SCT_200607-22-1.jpg\",\"datePublished\":\"2020-06-12T22:06:53+00:00\",\"dateModified\":\"2020-06-13T02:34:27+00:00\",\"author\":{\"@id\":\"https:\/\/www.welovecycling.com\/se\/#\/schema\/person\/037f34ad5d6e77accab8a3eff6ad7a0c\"},\"breadcrumb\":{\"@id\":\"https:\/\/www.welovecycling.com\/se\/2020\/06\/12\/nu-startar-skoda-cycling-team-minvatternrundan-livesant-over-hela-europa\/#breadcrumb\"},\"inLanguage\":\"sv-SE\",\"potentialAction\":[{\"@type\":\"ReadAction\",\"target\":[\"https:\/\/www.welovecycling.com\/se\/2020\/06\/12\/nu-startar-skoda-cycling-team-minvatternrundan-livesant-over-hela-europa\/\"]}]},{\"@type\":\"ImageObject\",\"inLanguage\":\"sv-SE\",\"@id\":\"https:\/\/www.welovecycling.com\/se\/2020\/06\/12\/nu-startar-skoda-cycling-team-minvatternrundan-livesant-over-hela-europa\/#primaryimage\",\"url\":\"https:\/\/d2p6e6u75xmxt8.cloudfront.net\/9\/2020\/06\/SCT_200607-22-1.jpg\",\"contentUrl\":\"https:\/\/d2p6e6u75xmxt8.cloudfront.net\/9\/2020\/06\/SCT_200607-22-1.jpg\",\"width\":1800,\"height\":1200},{\"@type\":\"BreadcrumbList\",\"@id\":\"https:\/\/www.welovecycling.com\/se\/2020\/06\/12\/nu-startar-skoda-cycling-team-minvatternrundan-livesant-over-hela-europa\/#breadcrumb\",\"itemListElement\":[{\"@type\":\"ListItem\",\"position\":1,\"name\":\"Home\",\"item\":\"https:\/\/www.welovecycling.com\/se\/\"},{\"@type\":\"ListItem\",\"position\":2,\"name\":\"Nu startar \u0160koda Cycling Team #minv\u00e4tternrundan \u2013 lives\u00e4nt \u00f6ver hela Europa\"}]},{\"@type\":\"WebSite\",\"@id\":\"https:\/\/www.welovecycling.com\/se\/#website\",\"url\":\"https:\/\/www.welovecycling.com\/se\/\",\"name\":\"\u0160koda - We Love Cycling - Sweden\",\"description\":\"\u0160koda We Love Cycling - Sweden\",\"potentialAction\":[{\"@type\":\"SearchAction\",\"target\":{\"@type\":\"EntryPoint\",\"urlTemplate\":\"https:\/\/www.welovecycling.com\/se\/?s={search_term_string}\"},\"query-input\":{\"@type\":\"PropertyValueSpecification\",\"valueRequired\":true,\"valueName\":\"search_term_string\"}}],\"inLanguage\":\"sv-SE\"},{\"@type\":\"Person\",\"@id\":\"https:\/\/www.welovecycling.com\/se\/#\/schema\/person\/037f34ad5d6e77accab8a3eff6ad7a0c\",\"name\":\"erikleonsson\",\"image\":{\"@type\":\"ImageObject\",\"inLanguage\":\"sv-SE\",\"@id\":\"https:\/\/www.welovecycling.com\/se\/#\/schema\/person\/image\/\",\"url\":\"https:\/\/secure.gravatar.com\/avatar\/788a593b0a657d6864c271709722f9cd586caa5a645e77f71fe625396b02677c?s=96&d=mm&r=g\",\"contentUrl\":\"https:\/\/secure.gravatar.com\/avatar\/788a593b0a657d6864c271709722f9cd586caa5a645e77f71fe625396b02677c?s=96&d=mm&r=g\",\"caption\":\"erikleonsson\"},\"url\":\"https:\/\/www.welovecycling.com\/se\/author\/erikleonsson\/\"}]}<\/script>\n<!-- \/ Yoast SEO Premium plugin. -->","yoast_head_json":{"title":"Nu startar \u0160koda Cycling Team #minv\u00e4tternrundan \u2013 lives\u00e4nt \u00f6ver hela Europa - \u0160koda - We Love Cycling - Sweden","robots":{"index":"index","follow":"follow","max-snippet":"max-snippet:-1","max-image-preview":"max-image-preview:large","max-video-preview":"max-video-preview:-1"},"canonical":"https:\/\/www.welovecycling.com\/se\/2020\/06\/12\/nu-startar-skoda-cycling-team-minvatternrundan-livesant-over-hela-europa\/","og_locale":"sv_SE","og_type":"article","og_title":"Nu startar \u0160koda Cycling Team #minv\u00e4tternrundan \u2013 lives\u00e4nt \u00f6ver hela Europa","og_description":"Medan mycket har st\u00e4llts in den senaste tiden, har \u0160koda Cycling Team st\u00e4llt om. Tillsammans med partnern V\u00e4tternrundan och deras [&hellip;]","og_url":"https:\/\/www.welovecycling.com\/se\/2020\/06\/12\/nu-startar-skoda-cycling-team-minvatternrundan-livesant-over-hela-europa\/","og_site_name":"\u0160koda - We Love Cycling - Sweden","article_published_time":"2020-06-12T22:06:53+00:00","article_modified_time":"2020-06-13T02:34:27+00:00","og_image":[{"width":1800,"height":1200,"url":"https:\/\/d2p6e6u75xmxt8.cloudfront.net\/9\/2020\/06\/SCT_200607-22-1.jpg","type":"image\/jpeg"}],"author":"erikleonsson","twitter_card":"summary_large_image","twitter_misc":{"Written by":"erikleonsson","Est. reading time":"2 minutes"},"schema":{"@context":"https:\/\/schema.org","@graph":[{"@type":"WebPage","@id":"https:\/\/www.welovecycling.com\/se\/2020\/06\/12\/nu-startar-skoda-cycling-team-minvatternrundan-livesant-over-hela-europa\/","url":"https:\/\/www.welovecycling.com\/se\/2020\/06\/12\/nu-startar-skoda-cycling-team-minvatternrundan-livesant-over-hela-europa\/","name":"Nu startar \u0160koda Cycling Team #minv\u00e4tternrundan \u2013 lives\u00e4nt \u00f6ver hela Europa - \u0160koda - We Love Cycling - Sweden","isPartOf":{"@id":"https:\/\/www.welovecycling.com\/se\/#website"},"primaryImageOfPage":{"@id":"https:\/\/www.welovecycling.com\/se\/2020\/06\/12\/nu-startar-skoda-cycling-team-minvatternrundan-livesant-over-hela-europa\/#primaryimage"},"image":{"@id":"https:\/\/www.welovecycling.com\/se\/2020\/06\/12\/nu-startar-skoda-cycling-team-minvatternrundan-livesant-over-hela-europa\/#primaryimage"},"thumbnailUrl":"https:\/\/d2p6e6u75xmxt8.cloudfront.net\/9\/2020\/06\/SCT_200607-22-1.jpg","datePublished":"2020-06-12T22:06:53+00:00","dateModified":"2020-06-13T02:34:27+00:00","author":{"@id":"https:\/\/www.welovecycling.com\/se\/#\/schema\/person\/037f34ad5d6e77accab8a3eff6ad7a0c"},"breadcrumb":{"@id":"https:\/\/www.welovecycling.com\/se\/2020\/06\/12\/nu-startar-skoda-cycling-team-minvatternrundan-livesant-over-hela-europa\/#breadcrumb"},"inLanguage":"sv-SE","potentialAction":[{"@type":"ReadAction","target":["https:\/\/www.welovecycling.com\/se\/2020\/06\/12\/nu-startar-skoda-cycling-team-minvatternrundan-livesant-over-hela-europa\/"]}]},{"@type":"ImageObject","inLanguage":"sv-SE","@id":"https:\/\/www.welovecycling.com\/se\/2020\/06\/12\/nu-startar-skoda-cycling-team-minvatternrundan-livesant-over-hela-europa\/#primaryimage","url":"https:\/\/d2p6e6u75xmxt8.cloudfront.net\/9\/2020\/06\/SCT_200607-22-1.jpg","contentUrl":"https:\/\/d2p6e6u75xmxt8.cloudfront.net\/9\/2020\/06\/SCT_200607-22-1.jpg","width":1800,"height":1200},{"@type":"BreadcrumbList","@id":"https:\/\/www.welovecycling.com\/se\/2020\/06\/12\/nu-startar-skoda-cycling-team-minvatternrundan-livesant-over-hela-europa\/#breadcrumb","itemListElement":[{"@type":"ListItem","position":1,"name":"Home","item":"https:\/\/www.welovecycling.com\/se\/"},{"@type":"ListItem","position":2,"name":"Nu startar \u0160koda Cycling Team #minv\u00e4tternrundan \u2013 lives\u00e4nt \u00f6ver hela Europa"}]},{"@type":"WebSite","@id":"https:\/\/www.welovecycling.com\/se\/#website","url":"https:\/\/www.welovecycling.com\/se\/","name":"\u0160koda - We Love Cycling - Sweden","description":"\u0160koda We Love Cycling - Sweden","potentialAction":[{"@type":"SearchAction","target":{"@type":"EntryPoint","urlTemplate":"https:\/\/www.welovecycling.com\/se\/?s={search_term_string}"},"query-input":{"@type":"PropertyValueSpecification","valueRequired":true,"valueName":"search_term_string"}}],"inLanguage":"sv-SE"},{"@type":"Person","@id":"https:\/\/www.welovecycling.com\/se\/#\/schema\/person\/037f34ad5d6e77accab8a3eff6ad7a0c","name":"erikleonsson","image":{"@type":"ImageObject","inLanguage":"sv-SE","@id":"https:\/\/www.welovecycling.com\/se\/#\/schema\/person\/image\/","url":"https:\/\/secure.gravatar.com\/avatar\/788a593b0a657d6864c271709722f9cd586caa5a645e77f71fe625396b02677c?s=96&d=mm&r=g","contentUrl":"https:\/\/secure.gravatar.com\/avatar\/788a593b0a657d6864c271709722f9cd586caa5a645e77f71fe625396b02677c?s=96&d=mm&r=g","caption":"erikleonsson"},"url":"https:\/\/www.welovecycling.com\/se\/author\/erikleonsson\/"}]}},"_links":{"self":[{"href":"https:\/\/www.welovecycling.com\/se\/wp-json\/wp\/v2\/posts\/2636","targetHints":{"allow":["GET"]}}],"collection":[{"href":"https:\/\/www.welovecycling.com\/se\/wp-json\/wp\/v2\/posts"}],"about":[{"href":"https:\/\/www.welovecycling.com\/se\/wp-json\/wp\/v2\/types\/post"}],"author":[{"embeddable":true,"href":"https:\/\/www.welovecycling.com\/se\/wp-json\/wp\/v2\/users\/52"}],"replies":[{"embeddable":true,"href":"https:\/\/www.welovecycling.com\/se\/wp-json\/wp\/v2\/comments?post=2636"}],"version-history":[{"count":2,"href":"https:\/\/www.welovecycling.com\/se\/wp-json\/wp\/v2\/posts\/2636\/revisions"}],"predecessor-version":[{"id":2647,"href":"https:\/\/www.welovecycling.com\/se\/wp-json\/wp\/v2\/posts\/2636\/revisions\/2647"}],"wp:featuredmedia":[{"embeddable":true,"href":"https:\/\/www.welovecycling.com\/se\/wp-json\/wp\/v2\/media\/2638"}],"wp:attachment":[{"href":"https:\/\/www.welovecycling.com\/se\/wp-json\/wp\/v2\/media?parent=2636"}],"wp:term":[{"taxonomy":"category","embeddable":true,"href":"https:\/\/www.welovecycling.com\/se\/wp-json\/wp\/v2\/categories?post=2636"},{"taxonomy":"post_tag","embeddable":true,"href":"https:\/\/www.welovecycling.com\/se\/wp-json\/wp\/v2\/tags?post=2636"},{"taxonomy":"global-categories","embeddable":true,"href":"https:\/\/www.welovecycling.com\/se\/wp-json\/wp\/v2\/global-categories?post=2636"}],"curies":[{"name":"wp","href":"https:\/\/api.w.org\/{rel}","templated":true}]}}