{"id":2621,"date":"2020-06-04T08:34:21","date_gmt":"2020-06-04T07:34:21","guid":{"rendered":"https:\/\/www.welovecycling.com\/se\/?p=2621"},"modified":"2020-08-27T13:41:19","modified_gmt":"2020-08-27T12:41:19","slug":"traffa-tour-de-france-vinnaren-andy-schleck-i-tredje-avsnittet-av-ride2unite-livesandning","status":"publish","type":"post","link":"https:\/\/www.welovecycling.com\/se\/2020\/06\/04\/traffa-tour-de-france-vinnaren-andy-schleck-i-tredje-avsnittet-av-ride2unite-livesandning\/","title":{"rendered":"Tr\u00e4ffa Tour de France-vinnaren Andy Schleck i tredje avsnittet av #Ride2Unite lives\u00e4ndning"},"content":{"rendered":"<p><strong>\u00c4ntligen \u00e4r vi tillbaka med en lagom veckodos av virtuell cykling samlat under hashtaggen #Ride2Unite, ett projekt som st\u00f6djer cykelsporten under den sv\u00e5ra tid som vi befinner oss i. Den h\u00e4r veckan kommer vi att s\u00e4nda live med ingen mindre \u00e4n Andy Schleck, v\u00e5r v\u00e4rd \u00e4r som tidigare veckor spanska sportjournalisten och expertkommentatorn fr\u00e5n Eurosport Laura Meseguer. <\/strong><\/p>\n<p><!--more--><\/p>\n<p>Som vi har n\u00e4mnt tidigare s\u00e5 \u00e4r proffscyklist oftast ett yrke som har sina r\u00f6tter i familjens traditioner. Tittar vi p\u00e5 Andy Schleck s\u00e5 vet dom allra flesta att \u00e4ven hans bror Fr\u00e4nk Schleck ocks\u00e5 var en framst\u00e5ende cyklist. N\u00e4r Andy vann Touren s\u00e5 var Fr\u00e4nk med p\u00e5 prispallen som trea. Men \u00e4ven Andys pappa och farfar har vunnit stora cykelt\u00e4vlingar. Pappan rullade in p\u00e5 topp 20 i Tour de France tv\u00e5 g\u00e5nger efter att ha varit med som hj\u00e4lpryttare.<\/p>\n<p>Andy blev proffs 2005 i CSC och blev direkt en cyklist att r\u00e4kna med p\u00e5 de stora etapploppen. Som 21-\u00e5ring kom han tv\u00e5a i Giro d\u2019Italia, bakom Danilo Di Luca. Efter karri\u00e4ren har Andy fortsatt att jobba inom cykling och driver ett proffslag f\u00f6r damer hemma i Luxembourg men \u00e4r ocks\u00e5 styrelseledamot f\u00f6r \u0160koda Tour de Luxembourg, och ambassad\u00f6r f\u00f6r Tour de France\u2019s \u0160koda Hospitality Programme . Han \u00e4r ocks\u00e5 en popul\u00e4r tr\u00e4nare och r\u00e5dgivare \u00e5t proffscyklister. Efter att Andy gick i pension tidigt p\u00e5 grund av en skada startade han en cykelaff\u00e4r hemma i Luxembourg, d\u00e4r kan han hj\u00e4lpa kunder att bygga sin dr\u00f6mcykel.<\/p>\n<figure id=\"attachment_2622\" aria-describedby=\"caption-attachment-2622\" style=\"width: 1024px\" class=\"wp-caption alignnone\"><a href=\"https:\/\/d2p6e6u75xmxt8.cloudfront.net\/2\/2019\/07\/profimedia-0220691891.jpg\"><img loading=\"lazy\" decoding=\"async\" class=\"wp-image-2622 size-large\" src=\"https:\/\/d2p6e6u75xmxt8.cloudfront.net\/9\/2020\/06\/profimedia-0220691891.jpg\" alt=\"\" width=\"1024\" height=\"680\" \/><\/a><figcaption id=\"caption-attachment-2622\" class=\"wp-caption-text\">Andy Schleck, a former pro cyclist, a Luxembourg native and the Tour de France 2010 winner and two-time runner-up. \u00a9 Profimedia, TEMP Shutterstock Editorial<\/figcaption><\/figure>\n<p>&nbsp;<\/p>\n<p>I n\u00e4sta lives\u00e4ndning kommer Laura Meseguer givetvis att vara nyfiken p\u00e5 hur \u00f6verg\u00e5ngen fr\u00e5n att vara cykelproffs med ett fullsp\u00e4ckat schema till att jobba i en cykelaff\u00e4r i Ipzig funkade. Men det kommer ocks\u00e5 bli en hel del nostalgi med tillbakablickar i Andys karri\u00e4r. Och vad har Andy Schleck f\u00f6r tips till unga cyklister som ocks\u00e5 g\u00e4rna vill vara bland dom b\u00e4sta i v\u00e4rlden innan 21? Sj\u00e4lvklart har ocks\u00e5 Andy lite tankar om hur cykelv\u00e4rlden kommer se ut efter Covid-19. Plus en massa annat sp\u00e4nnande om cykel i allm\u00e4nhet och Andy Schleck i synnerhet.<\/p>\n<h2>H\u00e4r kan du titta p\u00e5 livs\u00e4dningen<\/h2>\n<p>Se till att kolla p\u00e5 <strong>torsdag 4:e juni, 18:00.<\/strong> Det kommer att streamas p\u00e5 <a href=\"https:\/\/www.instagram.com\/wlcmagazine\/\">Instagram<\/a>\u00a0och som ett eget event p\u00e5 <a href=\"https:\/\/www.facebook.com\/SkodaCycling\/\">Facebook.<\/a><\/p>\n<p>Nu kan du ocks\u00e5 kolla ikapp p\u00e5 f\u00f6rra veckans #Ride2Unite-intervju med Laurens ten Dam p\u00e5 v\u00e5r <a href=\"https:\/\/www.instagram.com\/wlcmagazine\/\">Instagram<\/a>.<\/p>\n","protected":false},"excerpt":{"rendered":"<p>\u00c4ntligen \u00e4r vi tillbaka med en lagom veckodos av virtuell cykling samlat under hashtaggen #Ride2Unite, ett projekt som st\u00f6djer cykelsporten [&hellip;]<\/p>\n","protected":false},"author":52,"featured_media":2624,"comment_status":"open","ping_status":"open","sticky":false,"template":"","format":"standard","meta":{"footnotes":""},"categories":[5],"tags":[20,66],"global-categories":[],"class_list":["post-2621","post","type-post","status-publish","format-standard","has-post-thumbnail","hentry","category-nyheter","tag-tour-de-france","tag-tour-de-france-2020"],"yoast_head":"<!-- This site is optimized with the Yoast SEO Premium plugin v25.3 (Yoast SEO v25.9) - https:\/\/yoast.com\/wordpress\/plugins\/seo\/ -->\n<title>Tr\u00e4ffa Tour de France-vinnaren Andy Schleck i tredje avsnittet av #Ride2Unite lives\u00e4ndning - \u0160koda - We Love Cycling - Sweden<\/title>\n<meta name=\"robots\" content=\"index, follow, max-snippet:-1, max-image-preview:large, max-video-preview:-1\" \/>\n<link rel=\"canonical\" href=\"https:\/\/www.welovecycling.com\/se\/2020\/06\/04\/traffa-tour-de-france-vinnaren-andy-schleck-i-tredje-avsnittet-av-ride2unite-livesandning\/\" \/>\n<meta property=\"og:locale\" content=\"sv_SE\" \/>\n<meta property=\"og:type\" content=\"article\" \/>\n<meta property=\"og:title\" content=\"Tr\u00e4ffa Tour de France-vinnaren Andy Schleck i tredje avsnittet av #Ride2Unite lives\u00e4ndning\" \/>\n<meta property=\"og:description\" content=\"\u00c4ntligen \u00e4r vi tillbaka med en lagom veckodos av virtuell cykling samlat under hashtaggen #Ride2Unite, ett projekt som st\u00f6djer cykelsporten [&hellip;]\" \/>\n<meta property=\"og:url\" content=\"https:\/\/www.welovecycling.com\/se\/2020\/06\/04\/traffa-tour-de-france-vinnaren-andy-schleck-i-tredje-avsnittet-av-ride2unite-livesandning\/\" \/>\n<meta property=\"og:site_name\" content=\"\u0160koda - We Love Cycling - Sweden\" \/>\n<meta property=\"article:published_time\" content=\"2020-06-04T07:34:21+00:00\" \/>\n<meta property=\"article:modified_time\" content=\"2020-08-27T12:41:19+00:00\" \/>\n<meta property=\"og:image\" content=\"https:\/\/d2p6e6u75xmxt8.cloudfront.net\/9\/2020\/06\/r2u_linkshare_1200x628_Andy.jpg\" \/>\n\t<meta property=\"og:image:width\" content=\"1200\" \/>\n\t<meta property=\"og:image:height\" content=\"628\" \/>\n\t<meta property=\"og:image:type\" content=\"image\/jpeg\" \/>\n<meta name=\"author\" content=\"erikleonsson\" \/>\n<meta name=\"twitter:card\" content=\"summary_large_image\" \/>\n<meta name=\"twitter:label1\" content=\"Written by\" \/>\n\t<meta name=\"twitter:data1\" content=\"erikleonsson\" \/>\n\t<meta name=\"twitter:label2\" content=\"Est. reading time\" \/>\n\t<meta name=\"twitter:data2\" content=\"3\" \/>\n<script type=\"application\/ld+json\" class=\"yoast-schema-graph\">{\"@context\":\"https:\/\/schema.org\",\"@graph\":[{\"@type\":\"WebPage\",\"@id\":\"https:\/\/www.welovecycling.com\/se\/2020\/06\/04\/traffa-tour-de-france-vinnaren-andy-schleck-i-tredje-avsnittet-av-ride2unite-livesandning\/\",\"url\":\"https:\/\/www.welovecycling.com\/se\/2020\/06\/04\/traffa-tour-de-france-vinnaren-andy-schleck-i-tredje-avsnittet-av-ride2unite-livesandning\/\",\"name\":\"Tr\u00e4ffa Tour de France-vinnaren Andy Schleck i tredje avsnittet av #Ride2Unite lives\u00e4ndning - \u0160koda - We Love Cycling - Sweden\",\"isPartOf\":{\"@id\":\"https:\/\/www.welovecycling.com\/se\/#website\"},\"primaryImageOfPage\":{\"@id\":\"https:\/\/www.welovecycling.com\/se\/2020\/06\/04\/traffa-tour-de-france-vinnaren-andy-schleck-i-tredje-avsnittet-av-ride2unite-livesandning\/#primaryimage\"},\"image\":{\"@id\":\"https:\/\/www.welovecycling.com\/se\/2020\/06\/04\/traffa-tour-de-france-vinnaren-andy-schleck-i-tredje-avsnittet-av-ride2unite-livesandning\/#primaryimage\"},\"thumbnailUrl\":\"https:\/\/d2p6e6u75xmxt8.cloudfront.net\/9\/2020\/06\/r2u_linkshare_1200x628_Andy.jpg\",\"datePublished\":\"2020-06-04T07:34:21+00:00\",\"dateModified\":\"2020-08-27T12:41:19+00:00\",\"author\":{\"@id\":\"https:\/\/www.welovecycling.com\/se\/#\/schema\/person\/037f34ad5d6e77accab8a3eff6ad7a0c\"},\"breadcrumb\":{\"@id\":\"https:\/\/www.welovecycling.com\/se\/2020\/06\/04\/traffa-tour-de-france-vinnaren-andy-schleck-i-tredje-avsnittet-av-ride2unite-livesandning\/#breadcrumb\"},\"inLanguage\":\"sv-SE\",\"potentialAction\":[{\"@type\":\"ReadAction\",\"target\":[\"https:\/\/www.welovecycling.com\/se\/2020\/06\/04\/traffa-tour-de-france-vinnaren-andy-schleck-i-tredje-avsnittet-av-ride2unite-livesandning\/\"]}]},{\"@type\":\"ImageObject\",\"inLanguage\":\"sv-SE\",\"@id\":\"https:\/\/www.welovecycling.com\/se\/2020\/06\/04\/traffa-tour-de-france-vinnaren-andy-schleck-i-tredje-avsnittet-av-ride2unite-livesandning\/#primaryimage\",\"url\":\"https:\/\/d2p6e6u75xmxt8.cloudfront.net\/9\/2020\/06\/r2u_linkshare_1200x628_Andy.jpg\",\"contentUrl\":\"https:\/\/d2p6e6u75xmxt8.cloudfront.net\/9\/2020\/06\/r2u_linkshare_1200x628_Andy.jpg\",\"width\":1200,\"height\":628},{\"@type\":\"BreadcrumbList\",\"@id\":\"https:\/\/www.welovecycling.com\/se\/2020\/06\/04\/traffa-tour-de-france-vinnaren-andy-schleck-i-tredje-avsnittet-av-ride2unite-livesandning\/#breadcrumb\",\"itemListElement\":[{\"@type\":\"ListItem\",\"position\":1,\"name\":\"Home\",\"item\":\"https:\/\/www.welovecycling.com\/se\/\"},{\"@type\":\"ListItem\",\"position\":2,\"name\":\"Tr\u00e4ffa Tour de France-vinnaren Andy Schleck i tredje avsnittet av #Ride2Unite lives\u00e4ndning\"}]},{\"@type\":\"WebSite\",\"@id\":\"https:\/\/www.welovecycling.com\/se\/#website\",\"url\":\"https:\/\/www.welovecycling.com\/se\/\",\"name\":\"\u0160koda - We Love Cycling - Sweden\",\"description\":\"\u0160koda We Love Cycling - Sweden\",\"potentialAction\":[{\"@type\":\"SearchAction\",\"target\":{\"@type\":\"EntryPoint\",\"urlTemplate\":\"https:\/\/www.welovecycling.com\/se\/?s={search_term_string}\"},\"query-input\":{\"@type\":\"PropertyValueSpecification\",\"valueRequired\":true,\"valueName\":\"search_term_string\"}}],\"inLanguage\":\"sv-SE\"},{\"@type\":\"Person\",\"@id\":\"https:\/\/www.welovecycling.com\/se\/#\/schema\/person\/037f34ad5d6e77accab8a3eff6ad7a0c\",\"name\":\"erikleonsson\",\"image\":{\"@type\":\"ImageObject\",\"inLanguage\":\"sv-SE\",\"@id\":\"https:\/\/www.welovecycling.com\/se\/#\/schema\/person\/image\/\",\"url\":\"https:\/\/secure.gravatar.com\/avatar\/788a593b0a657d6864c271709722f9cd586caa5a645e77f71fe625396b02677c?s=96&d=mm&r=g\",\"contentUrl\":\"https:\/\/secure.gravatar.com\/avatar\/788a593b0a657d6864c271709722f9cd586caa5a645e77f71fe625396b02677c?s=96&d=mm&r=g\",\"caption\":\"erikleonsson\"},\"url\":\"https:\/\/www.welovecycling.com\/se\/author\/erikleonsson\/\"}]}<\/script>\n<!-- \/ Yoast SEO Premium plugin. -->","yoast_head_json":{"title":"Tr\u00e4ffa Tour de France-vinnaren Andy Schleck i tredje avsnittet av #Ride2Unite lives\u00e4ndning - \u0160koda - We Love Cycling - Sweden","robots":{"index":"index","follow":"follow","max-snippet":"max-snippet:-1","max-image-preview":"max-image-preview:large","max-video-preview":"max-video-preview:-1"},"canonical":"https:\/\/www.welovecycling.com\/se\/2020\/06\/04\/traffa-tour-de-france-vinnaren-andy-schleck-i-tredje-avsnittet-av-ride2unite-livesandning\/","og_locale":"sv_SE","og_type":"article","og_title":"Tr\u00e4ffa Tour de France-vinnaren Andy Schleck i tredje avsnittet av #Ride2Unite lives\u00e4ndning","og_description":"\u00c4ntligen \u00e4r vi tillbaka med en lagom veckodos av virtuell cykling samlat under hashtaggen #Ride2Unite, ett projekt som st\u00f6djer cykelsporten [&hellip;]","og_url":"https:\/\/www.welovecycling.com\/se\/2020\/06\/04\/traffa-tour-de-france-vinnaren-andy-schleck-i-tredje-avsnittet-av-ride2unite-livesandning\/","og_site_name":"\u0160koda - We Love Cycling - Sweden","article_published_time":"2020-06-04T07:34:21+00:00","article_modified_time":"2020-08-27T12:41:19+00:00","og_image":[{"width":1200,"height":628,"url":"https:\/\/d2p6e6u75xmxt8.cloudfront.net\/9\/2020\/06\/r2u_linkshare_1200x628_Andy.jpg","type":"image\/jpeg"}],"author":"erikleonsson","twitter_card":"summary_large_image","twitter_misc":{"Written by":"erikleonsson","Est. reading time":"3"},"schema":{"@context":"https:\/\/schema.org","@graph":[{"@type":"WebPage","@id":"https:\/\/www.welovecycling.com\/se\/2020\/06\/04\/traffa-tour-de-france-vinnaren-andy-schleck-i-tredje-avsnittet-av-ride2unite-livesandning\/","url":"https:\/\/www.welovecycling.com\/se\/2020\/06\/04\/traffa-tour-de-france-vinnaren-andy-schleck-i-tredje-avsnittet-av-ride2unite-livesandning\/","name":"Tr\u00e4ffa Tour de France-vinnaren Andy Schleck i tredje avsnittet av #Ride2Unite lives\u00e4ndning - \u0160koda - We Love Cycling - Sweden","isPartOf":{"@id":"https:\/\/www.welovecycling.com\/se\/#website"},"primaryImageOfPage":{"@id":"https:\/\/www.welovecycling.com\/se\/2020\/06\/04\/traffa-tour-de-france-vinnaren-andy-schleck-i-tredje-avsnittet-av-ride2unite-livesandning\/#primaryimage"},"image":{"@id":"https:\/\/www.welovecycling.com\/se\/2020\/06\/04\/traffa-tour-de-france-vinnaren-andy-schleck-i-tredje-avsnittet-av-ride2unite-livesandning\/#primaryimage"},"thumbnailUrl":"https:\/\/d2p6e6u75xmxt8.cloudfront.net\/9\/2020\/06\/r2u_linkshare_1200x628_Andy.jpg","datePublished":"2020-06-04T07:34:21+00:00","dateModified":"2020-08-27T12:41:19+00:00","author":{"@id":"https:\/\/www.welovecycling.com\/se\/#\/schema\/person\/037f34ad5d6e77accab8a3eff6ad7a0c"},"breadcrumb":{"@id":"https:\/\/www.welovecycling.com\/se\/2020\/06\/04\/traffa-tour-de-france-vinnaren-andy-schleck-i-tredje-avsnittet-av-ride2unite-livesandning\/#breadcrumb"},"inLanguage":"sv-SE","potentialAction":[{"@type":"ReadAction","target":["https:\/\/www.welovecycling.com\/se\/2020\/06\/04\/traffa-tour-de-france-vinnaren-andy-schleck-i-tredje-avsnittet-av-ride2unite-livesandning\/"]}]},{"@type":"ImageObject","inLanguage":"sv-SE","@id":"https:\/\/www.welovecycling.com\/se\/2020\/06\/04\/traffa-tour-de-france-vinnaren-andy-schleck-i-tredje-avsnittet-av-ride2unite-livesandning\/#primaryimage","url":"https:\/\/d2p6e6u75xmxt8.cloudfront.net\/9\/2020\/06\/r2u_linkshare_1200x628_Andy.jpg","contentUrl":"https:\/\/d2p6e6u75xmxt8.cloudfront.net\/9\/2020\/06\/r2u_linkshare_1200x628_Andy.jpg","width":1200,"height":628},{"@type":"BreadcrumbList","@id":"https:\/\/www.welovecycling.com\/se\/2020\/06\/04\/traffa-tour-de-france-vinnaren-andy-schleck-i-tredje-avsnittet-av-ride2unite-livesandning\/#breadcrumb","itemListElement":[{"@type":"ListItem","position":1,"name":"Home","item":"https:\/\/www.welovecycling.com\/se\/"},{"@type":"ListItem","position":2,"name":"Tr\u00e4ffa Tour de France-vinnaren Andy Schleck i tredje avsnittet av #Ride2Unite lives\u00e4ndning"}]},{"@type":"WebSite","@id":"https:\/\/www.welovecycling.com\/se\/#website","url":"https:\/\/www.welovecycling.com\/se\/","name":"\u0160koda - We Love Cycling - Sweden","description":"\u0160koda We Love Cycling - Sweden","potentialAction":[{"@type":"SearchAction","target":{"@type":"EntryPoint","urlTemplate":"https:\/\/www.welovecycling.com\/se\/?s={search_term_string}"},"query-input":{"@type":"PropertyValueSpecification","valueRequired":true,"valueName":"search_term_string"}}],"inLanguage":"sv-SE"},{"@type":"Person","@id":"https:\/\/www.welovecycling.com\/se\/#\/schema\/person\/037f34ad5d6e77accab8a3eff6ad7a0c","name":"erikleonsson","image":{"@type":"ImageObject","inLanguage":"sv-SE","@id":"https:\/\/www.welovecycling.com\/se\/#\/schema\/person\/image\/","url":"https:\/\/secure.gravatar.com\/avatar\/788a593b0a657d6864c271709722f9cd586caa5a645e77f71fe625396b02677c?s=96&d=mm&r=g","contentUrl":"https:\/\/secure.gravatar.com\/avatar\/788a593b0a657d6864c271709722f9cd586caa5a645e77f71fe625396b02677c?s=96&d=mm&r=g","caption":"erikleonsson"},"url":"https:\/\/www.welovecycling.com\/se\/author\/erikleonsson\/"}]}},"_links":{"self":[{"href":"https:\/\/www.welovecycling.com\/se\/wp-json\/wp\/v2\/posts\/2621","targetHints":{"allow":["GET"]}}],"collection":[{"href":"https:\/\/www.welovecycling.com\/se\/wp-json\/wp\/v2\/posts"}],"about":[{"href":"https:\/\/www.welovecycling.com\/se\/wp-json\/wp\/v2\/types\/post"}],"author":[{"embeddable":true,"href":"https:\/\/www.welovecycling.com\/se\/wp-json\/wp\/v2\/users\/52"}],"replies":[{"embeddable":true,"href":"https:\/\/www.welovecycling.com\/se\/wp-json\/wp\/v2\/comments?post=2621"}],"version-history":[{"count":2,"href":"https:\/\/www.welovecycling.com\/se\/wp-json\/wp\/v2\/posts\/2621\/revisions"}],"predecessor-version":[{"id":2629,"href":"https:\/\/www.welovecycling.com\/se\/wp-json\/wp\/v2\/posts\/2621\/revisions\/2629"}],"wp:featuredmedia":[{"embeddable":true,"href":"https:\/\/www.welovecycling.com\/se\/wp-json\/wp\/v2\/media\/2624"}],"wp:attachment":[{"href":"https:\/\/www.welovecycling.com\/se\/wp-json\/wp\/v2\/media?parent=2621"}],"wp:term":[{"taxonomy":"category","embeddable":true,"href":"https:\/\/www.welovecycling.com\/se\/wp-json\/wp\/v2\/categories?post=2621"},{"taxonomy":"post_tag","embeddable":true,"href":"https:\/\/www.welovecycling.com\/se\/wp-json\/wp\/v2\/tags?post=2621"},{"taxonomy":"global-categories","embeddable":true,"href":"https:\/\/www.welovecycling.com\/se\/wp-json\/wp\/v2\/global-categories?post=2621"}],"curies":[{"name":"wp","href":"https:\/\/api.w.org\/{rel}","templated":true}]}}