{"id":2607,"date":"2020-06-02T21:30:12","date_gmt":"2020-06-02T20:30:12","guid":{"rendered":"https:\/\/www.welovecycling.com\/se\/?p=2607"},"modified":"2020-06-04T11:58:56","modified_gmt":"2020-06-04T10:58:56","slug":"ride2unite","status":"publish","type":"post","link":"https:\/\/www.welovecycling.com\/se\/2020\/06\/02\/ride2unite\/","title":{"rendered":"#Ride2Unite ett nytt initiativ fr\u00e5n \u0160koda We Love Cycling"},"content":{"rendered":"<p><strong>Att vi genomlider en sv\u00e5r tid just nu har inte undg\u00e5tt n\u00e5gon. Covid19 p\u00e5verkar v\u00e5ra liv, v\u00e5ra jobb, den internationella och nationella ekonomin.<\/strong><strong>\u00a0Och sj\u00e4lvklart p\u00e5verkas ocks\u00e5 v\u00e5ra fritidsintressen. Aktiviteter och sporter h\u00e5ller b\u00e5de v\u00e5r h\u00e4lsa och v\u00e5rt hum\u00f6r p\u00e5 topp och \u00e4r en viktig del av m\u00e5ngas liv. Just nu kan det uppfattas som att cykelv\u00e4rlden st\u00e5r helt stilla, men vi ser det inte riktigt s\u00e5.\u00a0<\/strong><br \/>\n<!--more--><\/p>\n<p>K\u00e4rleken till att r\u00f6ra p\u00e5 sig har alltid varit en social och kollektiv aktivitet. Kompisarna \u00e4r f\u00f6r m\u00e5nga av oss en lika viktig del av cyklingen som sj\u00e4lva tr\u00e4ningen. Och vet du? Inget har egentligen f\u00f6r\u00e4ndrats, alla tr\u00e4ningskompisar finns kvar, \u00e4ven om ni f\u00e5tt tr\u00e4na mer virtuellt ihop \u00e4n vad ni har gjort tidigare. \u00a0Vi har alltid arbetat f\u00f6r att cykelgemenskapen ska vara \u00f6ppen, inkluderande, relevant och positiv, i dessa tuffare tider \u00e4r vi \u00e4nnu mer motiverade att forts\u00e4tta v\u00e5rt arbete med att st\u00f6dja cyklingen. D\u00e4rf\u00f6r har \u0160koda We Love Cycling nu lanserat #Ride2Unite som \u00e4r ett initiativ som ska ena alla cyklister, de i karant\u00e4n s\u00e5v\u00e4l som dem ute p\u00e5 v\u00e4garna.<\/p>\n<h2>Nytt initiativ<\/h2>\n<p>#Ride2Unite \u00e4r ett nytt initiativ skapat f\u00f6r att sprida cykelgl\u00e4dje i dessa sv\u00e5ra tider. Initiativet bor p\u00e5 sociala medier, det \u00e4r d\u00e4r vi alla ses mest i dessa tider. Vi kommer skapa inneh\u00e5ll och events b\u00e5de i de virtuella m\u00f6tesrummen, men \u00e4ven f\u00f6r er som tr\u00e4nar utomhus eller sitter p\u00e5 sin trainer. Den virtuella delen kommer att finnas p\u00e5 Instagram och Facebook, d\u00e4r kan du dela dina digitala cykelturer och bjuda in till gemensamma digitala tr\u00e4ningspass. det kommer ocks\u00e5 att finnas tr\u00e4ningstips och lives\u00e4ndningar med proffscyklister. Det kommer ocks\u00e5 att finnas massor av informativt inneh\u00e5ll.<\/p>\n<p><img loading=\"lazy\" decoding=\"async\" class=\"alignnone size-full wp-image-2608\" src=\"https:\/\/d2p6e6u75xmxt8.cloudfront.net\/9\/2020\/05\/Read2Unite-IG-Teaser.jpg\" alt=\"\" width=\"864\" height=\"864\" \/><\/p>\n<h2>Lives\u00e4ndningar<\/h2>\n<p>Den f\u00f6rsta\u00a0s\u00e4ndningen var med Wilco Kelderman den 20 maj, missa inte n\u00e4sta <a href=\"https:\/\/www.instagram.com\/wlcmagazine\/\">lives\u00e4ndning\u00a0f\u00f6lj oss h\u00e4r!<\/a> Utecyklingen \u00e4r upp till dig \u2013 utmana dig sj\u00e4lv eller andra att anv\u00e4nda v\u00e5rsolen till att cykla, men se till att f\u00f6lja de restriktioner och rekommendationer som finns. Det \u00e4r inte bara ett s\u00e4tt att klara av den sociala distanseringen utan ocks\u00e5 ett s\u00e4tt att visa sitt st\u00f6d f\u00f6r cykelsporten och h\u00e5lla sig i form.<\/p>\n<h2>Hur kan vi f\u00e5 hela cykelv\u00e4rlden att delta?<\/h2>\n<p>Steg ett: Rakt p\u00e5 sak. Se till att alla dina v\u00e4nner och din familj vet att du deltar i #Ride2Unite Att \u00f6ka medvetenheten och att tala f\u00f6r id\u00e9n \u00e4r ett s\u00e4tt att f\u00e5 med fler. Ta en selfie n\u00e4r du k\u00f6r trainer eller n\u00e4r du v\u00e4rmer upp inf\u00f6r din cykeltur tagga med \u00a0#Ride2Unite och posta p\u00e5 sociala medier. I Sverige f\u00e5r vi just nu cykla utomhus, d\u00e5 \u00e4r det en bra id\u00e9 att ta en cykeltur och dela dina bilder fr\u00e5n den. Dela statistik fr\u00e5n din tur p\u00e5 Strava och utmana dina kompisar med v\u00e5r hashtag. Eller om du inte har n\u00e5gon tr\u00e4ning inplanerad just nu s\u00e5 dela en bild p\u00e5 din favoritcykel. M\u00f6jligheterna att delta \u00e4r obegr\u00e4nsade. The more the merrier!<\/p>\n<p>\u00c4r du sugen p\u00e5 lite proffscykling? Kolla in vad vi f\u00f6rberett h\u00e4r nedanf\u00f6r!<\/p>\n<figure id=\"attachment_2609\" aria-describedby=\"caption-attachment-2609\" style=\"width: 1250px\" class=\"wp-caption alignnone\"><img loading=\"lazy\" decoding=\"async\" class=\"size-full wp-image-2609\" src=\"https:\/\/d2p6e6u75xmxt8.cloudfront.net\/9\/2020\/05\/Wilco-Kelderman-profimedia-0470569635.jpg\" alt=\"\" width=\"1250\" height=\"833\" \/><figcaption id=\"caption-attachment-2609\" class=\"wp-caption-text\">Wilco Kelderman (Team Sunweb) p\u00e5 2019 \u00e5rs La Vuelta.\u00a0\u00a9 Alamy, Profimedia<\/figcaption><\/figure>\n<p>&nbsp;<\/p>\n<p>F\u00f6r alla som \u00e4lskar cykling som \u00e5sk\u00e5dare har vi f\u00f6rberett en serie med &#8221;social rides&#8221; &#8211; Instagram Live med proffscyklister som st\u00f6djer v\u00e5rt initiativ. Utvalda cyklister fr\u00e5n Team Sunweb \u00e4r\u00a0<strong>Wilco Kelderman <\/strong>, Michael Matthews, 2010 \u00e5rs \u00a0Tour de France vinnare <strong>Andy Schleck<\/strong> och <strong>Phillip Gilbert<\/strong> fr\u00e5n Lotto Soudal. Flera andra kommer att dyka upp och dela med sig av tr\u00e4ningstips, svara p\u00e5 fr\u00e5gor, bjuda p\u00e5 kosttips och allm\u00e4nt pepp. Det kommer ocks\u00e5 bjudas p\u00e5 en insikt i hur proffsen tar sig igenom pandemins motg\u00e5ngar och vad som kr\u00e4vs f\u00f6r att vinna en Grand Tour. Det kommer ocks\u00e5 att bjudas p\u00e5 sp\u00e4nnande racing p\u00e5 de digitala racingtj\u00e4nsterna som till exempel Swift och Rouvy. Alla cykels\u00e4ndningar kommer att ha \u00a0Laura Meseguer som v\u00e4rd, en erfaren sportkommentator och journalist. Intervjuerna kommer att vara ett v\u00e4lkommet till\u00e4gg f\u00f6r alla som l\u00e4ngtat efter att cykels\u00e4ndningarna p\u00e5 TV ska k\u00f6ra ig\u00e5ng igen.<\/p>\n<p>Cyklister och cykelfans, l\u00e5t oss enas (med lagom distans), hemma och p\u00e5 v\u00e4garna. P\u00e5 sociala medier, p\u00e5 Zwift, p\u00e5 Rouvy och ute p\u00e5 v\u00e4garna. Mer detaljerad information om v\u00e5ra schemalagda s\u00e4ndningar hittar du inom kort. #Ride2Unite nu b\u00f6rjar det, och vi g\u00f6r det h\u00e4r tillsammans.<\/p>\n<h2>T\u00e4vling! Tagga din bild med #ride2unite och var med och t\u00e4vla om tv\u00e5 cykelh\u00e5llare till din bil<\/h2>\n<p>Mellan den 6 \u2013 14 juni kan du t\u00e4vla om tv\u00e5 cykelh\u00e5llare till din bil. Det enda du beh\u00f6ver g\u00f6ra \u00e4r att tagga dina cykelbilder med #ride2unite. Vi v\u00e4ljer ut den b\u00e4sta bilden av cykelgl\u00e4dje. Vinnare meddelas den 15 juni. Eventuell vinstskatt betalas av vinnaren.<\/p>\n<figure id=\"attachment_2631\" aria-describedby=\"caption-attachment-2631\" style=\"width: 1140px\" class=\"wp-caption aligncenter\"><img loading=\"lazy\" decoding=\"async\" class=\"wp-image-2631 size-full\" src=\"https:\/\/d2p6e6u75xmxt8.cloudfront.net\/9\/2020\/06\/wwr-gallery-01.467571f881e524c99e1974f498893bf0.fit-1450x760-1.jpg\" alt=\"Skoda bil med tv\u00e5 cykelh\u00e5llare\" width=\"1140\" height=\"760\" \/><figcaption id=\"caption-attachment-2631\" class=\"wp-caption-text\">Skoda cykelh\u00e5llare<\/figcaption><\/figure>\n<p>&nbsp;<\/p>\n","protected":false},"excerpt":{"rendered":"<p>Att vi genomlider en sv\u00e5r tid just nu har inte undg\u00e5tt n\u00e5gon. Covid19 p\u00e5verkar v\u00e5ra liv, v\u00e5ra jobb, den internationella [&hellip;]<\/p>\n","protected":false},"author":80,"featured_media":2611,"comment_status":"open","ping_status":"open","sticky":false,"template":"","format":"standard","meta":{"footnotes":""},"categories":[5],"tags":[],"global-categories":[],"class_list":["post-2607","post","type-post","status-publish","format-standard","has-post-thumbnail","hentry","category-nyheter"],"yoast_head":"<!-- This site is optimized with the Yoast SEO Premium plugin v25.3 (Yoast SEO v25.9) - https:\/\/yoast.com\/wordpress\/plugins\/seo\/ -->\n<title>#Ride2Unite ett nytt initiativ fr\u00e5n \u0160koda We Love Cycling - \u0160koda - We Love Cycling - Sweden<\/title>\n<meta name=\"robots\" content=\"index, follow, max-snippet:-1, max-image-preview:large, max-video-preview:-1\" \/>\n<link rel=\"canonical\" href=\"https:\/\/www.welovecycling.com\/se\/2020\/06\/02\/ride2unite\/\" \/>\n<meta property=\"og:locale\" content=\"sv_SE\" \/>\n<meta property=\"og:type\" content=\"article\" \/>\n<meta property=\"og:title\" content=\"#Ride2Unite ett nytt initiativ fr\u00e5n \u0160koda We Love Cycling\" \/>\n<meta property=\"og:description\" content=\"Att vi genomlider en sv\u00e5r tid just nu har inte undg\u00e5tt n\u00e5gon. Covid19 p\u00e5verkar v\u00e5ra liv, v\u00e5ra jobb, den internationella [&hellip;]\" \/>\n<meta property=\"og:url\" content=\"https:\/\/www.welovecycling.com\/se\/2020\/06\/02\/ride2unite\/\" \/>\n<meta property=\"og:site_name\" content=\"\u0160koda - We Love Cycling - Sweden\" \/>\n<meta property=\"article:published_time\" content=\"2020-06-02T20:30:12+00:00\" \/>\n<meta property=\"article:modified_time\" content=\"2020-06-04T10:58:56+00:00\" \/>\n<meta property=\"og:image\" content=\"https:\/\/d2p6e6u75xmxt8.cloudfront.net\/9\/2020\/05\/Ride2Unite-CVR.jpg\" \/>\n\t<meta property=\"og:image:width\" content=\"1366\" \/>\n\t<meta property=\"og:image:height\" content=\"600\" \/>\n\t<meta property=\"og:image:type\" content=\"image\/jpeg\" \/>\n<meta name=\"author\" content=\"kallebern\" \/>\n<meta name=\"twitter:card\" content=\"summary_large_image\" \/>\n<meta name=\"twitter:label1\" content=\"Written by\" \/>\n\t<meta name=\"twitter:data1\" content=\"WeLoveCycling\" \/>\n\t<meta name=\"twitter:label2\" content=\"Est. reading time\" \/>\n\t<meta name=\"twitter:data2\" content=\"5\" \/>\n<script type=\"application\/ld+json\" class=\"yoast-schema-graph\">{\"@context\":\"https:\/\/schema.org\",\"@graph\":[{\"@type\":\"WebPage\",\"@id\":\"https:\/\/www.welovecycling.com\/se\/2020\/06\/02\/ride2unite\/\",\"url\":\"https:\/\/www.welovecycling.com\/se\/2020\/06\/02\/ride2unite\/\",\"name\":\"#Ride2Unite ett nytt initiativ fr\u00e5n \u0160koda We Love Cycling - \u0160koda - We Love Cycling - Sweden\",\"isPartOf\":{\"@id\":\"https:\/\/www.welovecycling.com\/se\/#website\"},\"primaryImageOfPage\":{\"@id\":\"https:\/\/www.welovecycling.com\/se\/2020\/06\/02\/ride2unite\/#primaryimage\"},\"image\":{\"@id\":\"https:\/\/www.welovecycling.com\/se\/2020\/06\/02\/ride2unite\/#primaryimage\"},\"thumbnailUrl\":\"https:\/\/d2p6e6u75xmxt8.cloudfront.net\/9\/2020\/05\/Ride2Unite-CVR.jpg\",\"datePublished\":\"2020-06-02T20:30:12+00:00\",\"dateModified\":\"2020-06-04T10:58:56+00:00\",\"author\":{\"@id\":\"https:\/\/www.welovecycling.com\/se\/#\/schema\/person\/cf0db6969fc5aa4e230760e09dde1f45\"},\"breadcrumb\":{\"@id\":\"https:\/\/www.welovecycling.com\/se\/2020\/06\/02\/ride2unite\/#breadcrumb\"},\"inLanguage\":\"sv-SE\",\"potentialAction\":[{\"@type\":\"ReadAction\",\"target\":[\"https:\/\/www.welovecycling.com\/se\/2020\/06\/02\/ride2unite\/\"]}]},{\"@type\":\"ImageObject\",\"inLanguage\":\"sv-SE\",\"@id\":\"https:\/\/www.welovecycling.com\/se\/2020\/06\/02\/ride2unite\/#primaryimage\",\"url\":\"https:\/\/d2p6e6u75xmxt8.cloudfront.net\/9\/2020\/05\/Ride2Unite-CVR.jpg\",\"contentUrl\":\"https:\/\/d2p6e6u75xmxt8.cloudfront.net\/9\/2020\/05\/Ride2Unite-CVR.jpg\",\"width\":1366,\"height\":600},{\"@type\":\"BreadcrumbList\",\"@id\":\"https:\/\/www.welovecycling.com\/se\/2020\/06\/02\/ride2unite\/#breadcrumb\",\"itemListElement\":[{\"@type\":\"ListItem\",\"position\":1,\"name\":\"Home\",\"item\":\"https:\/\/www.welovecycling.com\/se\/\"},{\"@type\":\"ListItem\",\"position\":2,\"name\":\"#Ride2Unite ett nytt initiativ fr\u00e5n \u0160koda We Love Cycling\"}]},{\"@type\":\"WebSite\",\"@id\":\"https:\/\/www.welovecycling.com\/se\/#website\",\"url\":\"https:\/\/www.welovecycling.com\/se\/\",\"name\":\"\u0160koda - We Love Cycling - Sweden\",\"description\":\"\u0160koda We Love Cycling - Sweden\",\"potentialAction\":[{\"@type\":\"SearchAction\",\"target\":{\"@type\":\"EntryPoint\",\"urlTemplate\":\"https:\/\/www.welovecycling.com\/se\/?s={search_term_string}\"},\"query-input\":{\"@type\":\"PropertyValueSpecification\",\"valueRequired\":true,\"valueName\":\"search_term_string\"}}],\"inLanguage\":\"sv-SE\"},{\"@type\":\"Person\",\"@id\":\"https:\/\/www.welovecycling.com\/se\/#\/schema\/person\/cf0db6969fc5aa4e230760e09dde1f45\",\"name\":\"kallebern\",\"image\":{\"@type\":\"ImageObject\",\"inLanguage\":\"sv-SE\",\"@id\":\"https:\/\/www.welovecycling.com\/se\/#\/schema\/person\/image\/\",\"url\":\"https:\/\/secure.gravatar.com\/avatar\/aa7179ed680d67575eb51f63c5b61904173a0d3f6f176fe19385d5dbb376c145?s=96&d=mm&r=g\",\"contentUrl\":\"https:\/\/secure.gravatar.com\/avatar\/aa7179ed680d67575eb51f63c5b61904173a0d3f6f176fe19385d5dbb376c145?s=96&d=mm&r=g\",\"caption\":\"kallebern\"},\"url\":\"https:\/\/www.welovecycling.com\/se\/author\/kallebern\/\"}]}<\/script>\n<!-- \/ Yoast SEO Premium plugin. -->","yoast_head_json":{"title":"#Ride2Unite ett nytt initiativ fr\u00e5n \u0160koda We Love Cycling - \u0160koda - We Love Cycling - Sweden","robots":{"index":"index","follow":"follow","max-snippet":"max-snippet:-1","max-image-preview":"max-image-preview:large","max-video-preview":"max-video-preview:-1"},"canonical":"https:\/\/www.welovecycling.com\/se\/2020\/06\/02\/ride2unite\/","og_locale":"sv_SE","og_type":"article","og_title":"#Ride2Unite ett nytt initiativ fr\u00e5n \u0160koda We Love Cycling","og_description":"Att vi genomlider en sv\u00e5r tid just nu har inte undg\u00e5tt n\u00e5gon. Covid19 p\u00e5verkar v\u00e5ra liv, v\u00e5ra jobb, den internationella [&hellip;]","og_url":"https:\/\/www.welovecycling.com\/se\/2020\/06\/02\/ride2unite\/","og_site_name":"\u0160koda - We Love Cycling - Sweden","article_published_time":"2020-06-02T20:30:12+00:00","article_modified_time":"2020-06-04T10:58:56+00:00","og_image":[{"width":1366,"height":600,"url":"https:\/\/d2p6e6u75xmxt8.cloudfront.net\/9\/2020\/05\/Ride2Unite-CVR.jpg","type":"image\/jpeg"}],"author":"kallebern","twitter_card":"summary_large_image","twitter_misc":{"Written by":"WeLoveCycling","Est. reading time":"5"},"schema":{"@context":"https:\/\/schema.org","@graph":[{"@type":"WebPage","@id":"https:\/\/www.welovecycling.com\/se\/2020\/06\/02\/ride2unite\/","url":"https:\/\/www.welovecycling.com\/se\/2020\/06\/02\/ride2unite\/","name":"#Ride2Unite ett nytt initiativ fr\u00e5n \u0160koda We Love Cycling - \u0160koda - We Love Cycling - Sweden","isPartOf":{"@id":"https:\/\/www.welovecycling.com\/se\/#website"},"primaryImageOfPage":{"@id":"https:\/\/www.welovecycling.com\/se\/2020\/06\/02\/ride2unite\/#primaryimage"},"image":{"@id":"https:\/\/www.welovecycling.com\/se\/2020\/06\/02\/ride2unite\/#primaryimage"},"thumbnailUrl":"https:\/\/d2p6e6u75xmxt8.cloudfront.net\/9\/2020\/05\/Ride2Unite-CVR.jpg","datePublished":"2020-06-02T20:30:12+00:00","dateModified":"2020-06-04T10:58:56+00:00","author":{"@id":"https:\/\/www.welovecycling.com\/se\/#\/schema\/person\/cf0db6969fc5aa4e230760e09dde1f45"},"breadcrumb":{"@id":"https:\/\/www.welovecycling.com\/se\/2020\/06\/02\/ride2unite\/#breadcrumb"},"inLanguage":"sv-SE","potentialAction":[{"@type":"ReadAction","target":["https:\/\/www.welovecycling.com\/se\/2020\/06\/02\/ride2unite\/"]}]},{"@type":"ImageObject","inLanguage":"sv-SE","@id":"https:\/\/www.welovecycling.com\/se\/2020\/06\/02\/ride2unite\/#primaryimage","url":"https:\/\/d2p6e6u75xmxt8.cloudfront.net\/9\/2020\/05\/Ride2Unite-CVR.jpg","contentUrl":"https:\/\/d2p6e6u75xmxt8.cloudfront.net\/9\/2020\/05\/Ride2Unite-CVR.jpg","width":1366,"height":600},{"@type":"BreadcrumbList","@id":"https:\/\/www.welovecycling.com\/se\/2020\/06\/02\/ride2unite\/#breadcrumb","itemListElement":[{"@type":"ListItem","position":1,"name":"Home","item":"https:\/\/www.welovecycling.com\/se\/"},{"@type":"ListItem","position":2,"name":"#Ride2Unite ett nytt initiativ fr\u00e5n \u0160koda We Love Cycling"}]},{"@type":"WebSite","@id":"https:\/\/www.welovecycling.com\/se\/#website","url":"https:\/\/www.welovecycling.com\/se\/","name":"\u0160koda - We Love Cycling - Sweden","description":"\u0160koda We Love Cycling - Sweden","potentialAction":[{"@type":"SearchAction","target":{"@type":"EntryPoint","urlTemplate":"https:\/\/www.welovecycling.com\/se\/?s={search_term_string}"},"query-input":{"@type":"PropertyValueSpecification","valueRequired":true,"valueName":"search_term_string"}}],"inLanguage":"sv-SE"},{"@type":"Person","@id":"https:\/\/www.welovecycling.com\/se\/#\/schema\/person\/cf0db6969fc5aa4e230760e09dde1f45","name":"kallebern","image":{"@type":"ImageObject","inLanguage":"sv-SE","@id":"https:\/\/www.welovecycling.com\/se\/#\/schema\/person\/image\/","url":"https:\/\/secure.gravatar.com\/avatar\/aa7179ed680d67575eb51f63c5b61904173a0d3f6f176fe19385d5dbb376c145?s=96&d=mm&r=g","contentUrl":"https:\/\/secure.gravatar.com\/avatar\/aa7179ed680d67575eb51f63c5b61904173a0d3f6f176fe19385d5dbb376c145?s=96&d=mm&r=g","caption":"kallebern"},"url":"https:\/\/www.welovecycling.com\/se\/author\/kallebern\/"}]}},"_links":{"self":[{"href":"https:\/\/www.welovecycling.com\/se\/wp-json\/wp\/v2\/posts\/2607","targetHints":{"allow":["GET"]}}],"collection":[{"href":"https:\/\/www.welovecycling.com\/se\/wp-json\/wp\/v2\/posts"}],"about":[{"href":"https:\/\/www.welovecycling.com\/se\/wp-json\/wp\/v2\/types\/post"}],"author":[{"embeddable":true,"href":"https:\/\/www.welovecycling.com\/se\/wp-json\/wp\/v2\/users\/80"}],"replies":[{"embeddable":true,"href":"https:\/\/www.welovecycling.com\/se\/wp-json\/wp\/v2\/comments?post=2607"}],"version-history":[{"count":2,"href":"https:\/\/www.welovecycling.com\/se\/wp-json\/wp\/v2\/posts\/2607\/revisions"}],"predecessor-version":[{"id":2634,"href":"https:\/\/www.welovecycling.com\/se\/wp-json\/wp\/v2\/posts\/2607\/revisions\/2634"}],"wp:featuredmedia":[{"embeddable":true,"href":"https:\/\/www.welovecycling.com\/se\/wp-json\/wp\/v2\/media\/2611"}],"wp:attachment":[{"href":"https:\/\/www.welovecycling.com\/se\/wp-json\/wp\/v2\/media?parent=2607"}],"wp:term":[{"taxonomy":"category","embeddable":true,"href":"https:\/\/www.welovecycling.com\/se\/wp-json\/wp\/v2\/categories?post=2607"},{"taxonomy":"post_tag","embeddable":true,"href":"https:\/\/www.welovecycling.com\/se\/wp-json\/wp\/v2\/tags?post=2607"},{"taxonomy":"global-categories","embeddable":true,"href":"https:\/\/www.welovecycling.com\/se\/wp-json\/wp\/v2\/global-categories?post=2607"}],"curies":[{"name":"wp","href":"https:\/\/api.w.org\/{rel}","templated":true}]}}