{"id":2604,"date":"2020-05-13T12:53:36","date_gmt":"2020-05-13T11:53:36","guid":{"rendered":"https:\/\/www.welovecycling.com\/se\/?p=2604"},"modified":"2020-05-13T12:53:36","modified_gmt":"2020-05-13T11:53:36","slug":"skoda-cycling-team-far-en-ny-chans-2021","status":"publish","type":"post","link":"https:\/\/www.welovecycling.com\/se\/2020\/05\/13\/skoda-cycling-team-far-en-ny-chans-2021\/","title":{"rendered":"\u0160koda Cycling Team f\u00e5r en ny chans 2021"},"content":{"rendered":"<p><b>\u00c5rets \u0160koda Cycling Team kommer ges en ny chans p\u00e5 V\u00e4tternrundan 2021. <\/b><b>Denna s\u00e4song kommer laget att forts\u00e4tta tr\u00e4na tillsammans och cykla V\u00e4tternrundan p\u00e5 hemmaplan i mindre grupper, f\u00f6r att n\u00e4sta \u00e5r \u00e4ntligen f\u00e5 st\u00e5 p\u00e5 startlinjen i Motala med m\u00e5let att klara tidsgr\u00e4nsen \u00e5tta timmar.<\/b><\/p>\n<p><span style=\"font-weight: 400;\">Covid-19 har p\u00e5verkat oss alla och s\u00e5 \u00e4ven cykelsverige. V\u00e4tternrundans beslut \u00e4r klokt och v\u00e4ntat men s\u00e5klart mycket tr\u00e5kigt f\u00f6r \u0160koda Cycling Team och alla anm\u00e4lda.\u00a0<\/span><\/p>\n<p><span style=\"font-weight: 400;\">\u2013 Sedan beskedet kom att V\u00e4tternrundan st\u00e4ller in \u00e5rets lopp har vi jobbat febrilt med att utv\u00e4rdera olika alternativ. Trots att det inte blir den s\u00e4song laget f\u00f6rv\u00e4ntade sig, blir det en v\u00e4rdig upprampning till n\u00e4sta, s\u00e4ger teamansvarige Erik Leonsson.\u00a0<\/span><\/p>\n<p><span style=\"font-weight: 400;\">Veronica Nilsson, spons- och pressansvarig p\u00e5 \u0160koda forts\u00e4tter:<br \/>\n<\/span><span style=\"font-weight: 400;\">\u2013\u00a0Viktigast \u00e4r sj\u00e4lvklart att vi tar hand om v\u00e5ra cyklister och inte uts\u00e4tter n\u00e5gon f\u00f6r smittorisk, samt att vi f\u00f6ljer Folkh\u00e4lsomyndighetens rekommendationer. Men vi vill ocks\u00e5\u00a0<\/span><span style=\"font-weight: 400;\">h\u00e5lla alla motiverade och s\u00e5 l\u00e5ngt som m\u00f6jligt infria deras f\u00f6rv\u00e4ntningar om att vara med i teamet. Det \u00e4r en v\u00e4ldigt speciell tid vi lever i just nu, och med det kr\u00e4vs extraordin\u00e4ra beslut. Detta \u00e4r f\u00f6rsta och enda g\u00e5ngen samma lag f\u00e5r k\u00f6ra tv\u00e5 \u00e5r i rad.\u00a0<\/span><\/p>\n<h4>St\u00f6ttar V\u00e4tternrundan<\/h4>\n<p><span style=\"font-weight: 400;\">\u2013 Som bilpartner till V\u00e4tternrundan \u00e4r det ocks\u00e5 viktigt att vi st\u00f6ttar dem i denna sv\u00e5ra tid. Det \u00e4r gl\u00e4djande att organisationen varit s\u00e5 snabba och kreativa med l\u00f6sningen att alla f\u00e5r k\u00f6ra och tillgodog\u00f6ra sig loppet p\u00e5 hemmaplan. \u0160koda kommer st\u00f6tta med supportbilar och organisationen kommer att lotta ut dem bland er som planerar k\u00f6ra loppet i egen regi, forts\u00e4tter Veronica.<\/span><\/p>\n<h4>Ingen rekrytering i \u00e5r<\/h4>\n<p><span style=\"font-weight: 400;\">Beslutet inneb\u00e4r att det inte blir n\u00e5gon rekrytering av nya cyklister i h\u00f6st. I st\u00e4llet kommer \u0160koda ta m\u00f6jligheten att bygga ett mycket starkare och mer f\u00f6rberett lag \u00e4n n\u00e5gonsin.\u00a0<\/span><\/p>\n<p><span style=\"font-weight: 400;\">\u2013\u00a0Vi hoppas p\u00e5 f\u00f6rst\u00e5else hos alla aspirerande cyklister som ville s\u00f6ka sig till oss n\u00e4sta \u00e5r. Att komma med i teamet \u00e4r n\u00e5got unikt och ett minne f\u00f6r livet, att cykla V\u00e4tternrundan tillsammans under 8 timmar \u00e4r en stor del i det. Det l\u00f6ftet vill vi inte tumma p\u00e5. Vi hoppas och tror att alla h\u00e5ller med om att \u00e5rets lag f\u00f6rtj\u00e4nar en ny chans n\u00e4sta \u00e5r, avslutar Erik Leonsson.<\/span><\/p>\n","protected":false},"excerpt":{"rendered":"<p>\u00c5rets \u0160koda Cycling Team kommer ges en ny chans p\u00e5 V\u00e4tternrundan 2021. Denna s\u00e4song kommer laget att forts\u00e4tta tr\u00e4na tillsammans [&hellip;]<\/p>\n","protected":false},"author":52,"featured_media":2606,"comment_status":"open","ping_status":"open","sticky":false,"template":"","format":"standard","meta":{"footnotes":""},"categories":[7,65],"tags":[12,64],"global-categories":[36],"class_list":["post-2604","post","type-post","status-publish","format-standard","has-post-thumbnail","hentry","category-cyclingteam","category-vatternrundan","tag-skoda-cycling-team","tag-vatternrundan","global-categories-cycling"],"yoast_head":"<!-- This site is optimized with the Yoast SEO Premium plugin v25.3 (Yoast SEO v25.9) - https:\/\/yoast.com\/wordpress\/plugins\/seo\/ -->\n<title>\u0160koda Cycling Team f\u00e5r en ny chans 2021 - \u0160koda - We Love Cycling - Sweden<\/title>\n<meta name=\"robots\" content=\"index, follow, max-snippet:-1, max-image-preview:large, max-video-preview:-1\" \/>\n<link rel=\"canonical\" href=\"https:\/\/www.welovecycling.com\/se\/2020\/05\/13\/skoda-cycling-team-far-en-ny-chans-2021\/\" \/>\n<meta property=\"og:locale\" content=\"sv_SE\" \/>\n<meta property=\"og:type\" content=\"article\" \/>\n<meta property=\"og:title\" content=\"\u0160koda Cycling Team f\u00e5r en ny chans 2021\" \/>\n<meta property=\"og:description\" content=\"\u00c5rets \u0160koda Cycling Team kommer ges en ny chans p\u00e5 V\u00e4tternrundan 2021. Denna s\u00e4song kommer laget att forts\u00e4tta tr\u00e4na tillsammans [&hellip;]\" \/>\n<meta property=\"og:url\" content=\"https:\/\/www.welovecycling.com\/se\/2020\/05\/13\/skoda-cycling-team-far-en-ny-chans-2021\/\" \/>\n<meta property=\"og:site_name\" content=\"\u0160koda - We Love Cycling - Sweden\" \/>\n<meta property=\"article:published_time\" content=\"2020-05-13T11:53:36+00:00\" \/>\n<meta property=\"og:image\" content=\"https:\/\/d2p6e6u75xmxt8.cloudfront.net\/9\/2020\/05\/SKODA_Camp_19_2333.jpg\" \/>\n\t<meta property=\"og:image:width\" content=\"2048\" \/>\n\t<meta property=\"og:image:height\" content=\"1367\" \/>\n\t<meta property=\"og:image:type\" content=\"image\/jpeg\" \/>\n<meta name=\"author\" content=\"erikleonsson\" \/>\n<meta name=\"twitter:card\" content=\"summary_large_image\" \/>\n<meta name=\"twitter:label1\" content=\"Written by\" \/>\n\t<meta name=\"twitter:data1\" content=\"erikleonsson\" \/>\n\t<meta name=\"twitter:label2\" content=\"Est. reading time\" \/>\n\t<meta name=\"twitter:data2\" content=\"2 minutes\" \/>\n<script type=\"application\/ld+json\" class=\"yoast-schema-graph\">{\"@context\":\"https:\/\/schema.org\",\"@graph\":[{\"@type\":\"WebPage\",\"@id\":\"https:\/\/www.welovecycling.com\/se\/2020\/05\/13\/skoda-cycling-team-far-en-ny-chans-2021\/\",\"url\":\"https:\/\/www.welovecycling.com\/se\/2020\/05\/13\/skoda-cycling-team-far-en-ny-chans-2021\/\",\"name\":\"\u0160koda Cycling Team f\u00e5r en ny chans 2021 - \u0160koda - We Love Cycling - Sweden\",\"isPartOf\":{\"@id\":\"https:\/\/www.welovecycling.com\/se\/#website\"},\"primaryImageOfPage\":{\"@id\":\"https:\/\/www.welovecycling.com\/se\/2020\/05\/13\/skoda-cycling-team-far-en-ny-chans-2021\/#primaryimage\"},\"image\":{\"@id\":\"https:\/\/www.welovecycling.com\/se\/2020\/05\/13\/skoda-cycling-team-far-en-ny-chans-2021\/#primaryimage\"},\"thumbnailUrl\":\"https:\/\/d2p6e6u75xmxt8.cloudfront.net\/9\/2020\/05\/SKODA_Camp_19_2333.jpg\",\"datePublished\":\"2020-05-13T11:53:36+00:00\",\"author\":{\"@id\":\"https:\/\/www.welovecycling.com\/se\/#\/schema\/person\/037f34ad5d6e77accab8a3eff6ad7a0c\"},\"breadcrumb\":{\"@id\":\"https:\/\/www.welovecycling.com\/se\/2020\/05\/13\/skoda-cycling-team-far-en-ny-chans-2021\/#breadcrumb\"},\"inLanguage\":\"sv-SE\",\"potentialAction\":[{\"@type\":\"ReadAction\",\"target\":[\"https:\/\/www.welovecycling.com\/se\/2020\/05\/13\/skoda-cycling-team-far-en-ny-chans-2021\/\"]}]},{\"@type\":\"ImageObject\",\"inLanguage\":\"sv-SE\",\"@id\":\"https:\/\/www.welovecycling.com\/se\/2020\/05\/13\/skoda-cycling-team-far-en-ny-chans-2021\/#primaryimage\",\"url\":\"https:\/\/d2p6e6u75xmxt8.cloudfront.net\/9\/2020\/05\/SKODA_Camp_19_2333.jpg\",\"contentUrl\":\"https:\/\/d2p6e6u75xmxt8.cloudfront.net\/9\/2020\/05\/SKODA_Camp_19_2333.jpg\",\"width\":2048,\"height\":1367},{\"@type\":\"BreadcrumbList\",\"@id\":\"https:\/\/www.welovecycling.com\/se\/2020\/05\/13\/skoda-cycling-team-far-en-ny-chans-2021\/#breadcrumb\",\"itemListElement\":[{\"@type\":\"ListItem\",\"position\":1,\"name\":\"Home\",\"item\":\"https:\/\/www.welovecycling.com\/se\/\"},{\"@type\":\"ListItem\",\"position\":2,\"name\":\"\u0160koda Cycling Team f\u00e5r en ny chans 2021\"}]},{\"@type\":\"WebSite\",\"@id\":\"https:\/\/www.welovecycling.com\/se\/#website\",\"url\":\"https:\/\/www.welovecycling.com\/se\/\",\"name\":\"\u0160koda - We Love Cycling - Sweden\",\"description\":\"\u0160koda We Love Cycling - Sweden\",\"potentialAction\":[{\"@type\":\"SearchAction\",\"target\":{\"@type\":\"EntryPoint\",\"urlTemplate\":\"https:\/\/www.welovecycling.com\/se\/?s={search_term_string}\"},\"query-input\":{\"@type\":\"PropertyValueSpecification\",\"valueRequired\":true,\"valueName\":\"search_term_string\"}}],\"inLanguage\":\"sv-SE\"},{\"@type\":\"Person\",\"@id\":\"https:\/\/www.welovecycling.com\/se\/#\/schema\/person\/037f34ad5d6e77accab8a3eff6ad7a0c\",\"name\":\"erikleonsson\",\"image\":{\"@type\":\"ImageObject\",\"inLanguage\":\"sv-SE\",\"@id\":\"https:\/\/www.welovecycling.com\/se\/#\/schema\/person\/image\/\",\"url\":\"https:\/\/secure.gravatar.com\/avatar\/788a593b0a657d6864c271709722f9cd586caa5a645e77f71fe625396b02677c?s=96&d=mm&r=g\",\"contentUrl\":\"https:\/\/secure.gravatar.com\/avatar\/788a593b0a657d6864c271709722f9cd586caa5a645e77f71fe625396b02677c?s=96&d=mm&r=g\",\"caption\":\"erikleonsson\"},\"url\":\"https:\/\/www.welovecycling.com\/se\/author\/erikleonsson\/\"}]}<\/script>\n<!-- \/ Yoast SEO Premium plugin. -->","yoast_head_json":{"title":"\u0160koda Cycling Team f\u00e5r en ny chans 2021 - \u0160koda - We Love Cycling - Sweden","robots":{"index":"index","follow":"follow","max-snippet":"max-snippet:-1","max-image-preview":"max-image-preview:large","max-video-preview":"max-video-preview:-1"},"canonical":"https:\/\/www.welovecycling.com\/se\/2020\/05\/13\/skoda-cycling-team-far-en-ny-chans-2021\/","og_locale":"sv_SE","og_type":"article","og_title":"\u0160koda Cycling Team f\u00e5r en ny chans 2021","og_description":"\u00c5rets \u0160koda Cycling Team kommer ges en ny chans p\u00e5 V\u00e4tternrundan 2021. Denna s\u00e4song kommer laget att forts\u00e4tta tr\u00e4na tillsammans [&hellip;]","og_url":"https:\/\/www.welovecycling.com\/se\/2020\/05\/13\/skoda-cycling-team-far-en-ny-chans-2021\/","og_site_name":"\u0160koda - We Love Cycling - Sweden","article_published_time":"2020-05-13T11:53:36+00:00","og_image":[{"width":2048,"height":1367,"url":"https:\/\/d2p6e6u75xmxt8.cloudfront.net\/9\/2020\/05\/SKODA_Camp_19_2333.jpg","type":"image\/jpeg"}],"author":"erikleonsson","twitter_card":"summary_large_image","twitter_misc":{"Written by":"erikleonsson","Est. reading time":"2 minutes"},"schema":{"@context":"https:\/\/schema.org","@graph":[{"@type":"WebPage","@id":"https:\/\/www.welovecycling.com\/se\/2020\/05\/13\/skoda-cycling-team-far-en-ny-chans-2021\/","url":"https:\/\/www.welovecycling.com\/se\/2020\/05\/13\/skoda-cycling-team-far-en-ny-chans-2021\/","name":"\u0160koda Cycling Team f\u00e5r en ny chans 2021 - \u0160koda - We Love Cycling - Sweden","isPartOf":{"@id":"https:\/\/www.welovecycling.com\/se\/#website"},"primaryImageOfPage":{"@id":"https:\/\/www.welovecycling.com\/se\/2020\/05\/13\/skoda-cycling-team-far-en-ny-chans-2021\/#primaryimage"},"image":{"@id":"https:\/\/www.welovecycling.com\/se\/2020\/05\/13\/skoda-cycling-team-far-en-ny-chans-2021\/#primaryimage"},"thumbnailUrl":"https:\/\/d2p6e6u75xmxt8.cloudfront.net\/9\/2020\/05\/SKODA_Camp_19_2333.jpg","datePublished":"2020-05-13T11:53:36+00:00","author":{"@id":"https:\/\/www.welovecycling.com\/se\/#\/schema\/person\/037f34ad5d6e77accab8a3eff6ad7a0c"},"breadcrumb":{"@id":"https:\/\/www.welovecycling.com\/se\/2020\/05\/13\/skoda-cycling-team-far-en-ny-chans-2021\/#breadcrumb"},"inLanguage":"sv-SE","potentialAction":[{"@type":"ReadAction","target":["https:\/\/www.welovecycling.com\/se\/2020\/05\/13\/skoda-cycling-team-far-en-ny-chans-2021\/"]}]},{"@type":"ImageObject","inLanguage":"sv-SE","@id":"https:\/\/www.welovecycling.com\/se\/2020\/05\/13\/skoda-cycling-team-far-en-ny-chans-2021\/#primaryimage","url":"https:\/\/d2p6e6u75xmxt8.cloudfront.net\/9\/2020\/05\/SKODA_Camp_19_2333.jpg","contentUrl":"https:\/\/d2p6e6u75xmxt8.cloudfront.net\/9\/2020\/05\/SKODA_Camp_19_2333.jpg","width":2048,"height":1367},{"@type":"BreadcrumbList","@id":"https:\/\/www.welovecycling.com\/se\/2020\/05\/13\/skoda-cycling-team-far-en-ny-chans-2021\/#breadcrumb","itemListElement":[{"@type":"ListItem","position":1,"name":"Home","item":"https:\/\/www.welovecycling.com\/se\/"},{"@type":"ListItem","position":2,"name":"\u0160koda Cycling Team f\u00e5r en ny chans 2021"}]},{"@type":"WebSite","@id":"https:\/\/www.welovecycling.com\/se\/#website","url":"https:\/\/www.welovecycling.com\/se\/","name":"\u0160koda - We Love Cycling - Sweden","description":"\u0160koda We Love Cycling - Sweden","potentialAction":[{"@type":"SearchAction","target":{"@type":"EntryPoint","urlTemplate":"https:\/\/www.welovecycling.com\/se\/?s={search_term_string}"},"query-input":{"@type":"PropertyValueSpecification","valueRequired":true,"valueName":"search_term_string"}}],"inLanguage":"sv-SE"},{"@type":"Person","@id":"https:\/\/www.welovecycling.com\/se\/#\/schema\/person\/037f34ad5d6e77accab8a3eff6ad7a0c","name":"erikleonsson","image":{"@type":"ImageObject","inLanguage":"sv-SE","@id":"https:\/\/www.welovecycling.com\/se\/#\/schema\/person\/image\/","url":"https:\/\/secure.gravatar.com\/avatar\/788a593b0a657d6864c271709722f9cd586caa5a645e77f71fe625396b02677c?s=96&d=mm&r=g","contentUrl":"https:\/\/secure.gravatar.com\/avatar\/788a593b0a657d6864c271709722f9cd586caa5a645e77f71fe625396b02677c?s=96&d=mm&r=g","caption":"erikleonsson"},"url":"https:\/\/www.welovecycling.com\/se\/author\/erikleonsson\/"}]}},"_links":{"self":[{"href":"https:\/\/www.welovecycling.com\/se\/wp-json\/wp\/v2\/posts\/2604","targetHints":{"allow":["GET"]}}],"collection":[{"href":"https:\/\/www.welovecycling.com\/se\/wp-json\/wp\/v2\/posts"}],"about":[{"href":"https:\/\/www.welovecycling.com\/se\/wp-json\/wp\/v2\/types\/post"}],"author":[{"embeddable":true,"href":"https:\/\/www.welovecycling.com\/se\/wp-json\/wp\/v2\/users\/52"}],"replies":[{"embeddable":true,"href":"https:\/\/www.welovecycling.com\/se\/wp-json\/wp\/v2\/comments?post=2604"}],"version-history":[{"count":1,"href":"https:\/\/www.welovecycling.com\/se\/wp-json\/wp\/v2\/posts\/2604\/revisions"}],"predecessor-version":[{"id":2605,"href":"https:\/\/www.welovecycling.com\/se\/wp-json\/wp\/v2\/posts\/2604\/revisions\/2605"}],"wp:featuredmedia":[{"embeddable":true,"href":"https:\/\/www.welovecycling.com\/se\/wp-json\/wp\/v2\/media\/2606"}],"wp:attachment":[{"href":"https:\/\/www.welovecycling.com\/se\/wp-json\/wp\/v2\/media?parent=2604"}],"wp:term":[{"taxonomy":"category","embeddable":true,"href":"https:\/\/www.welovecycling.com\/se\/wp-json\/wp\/v2\/categories?post=2604"},{"taxonomy":"post_tag","embeddable":true,"href":"https:\/\/www.welovecycling.com\/se\/wp-json\/wp\/v2\/tags?post=2604"},{"taxonomy":"global-categories","embeddable":true,"href":"https:\/\/www.welovecycling.com\/se\/wp-json\/wp\/v2\/global-categories?post=2604"}],"curies":[{"name":"wp","href":"https:\/\/api.w.org\/{rel}","templated":true}]}}