{"id":2577,"date":"2020-04-29T21:51:33","date_gmt":"2020-04-29T20:51:33","guid":{"rendered":"https:\/\/www.welovecycling.com\/se\/?p=2577"},"modified":"2020-08-27T13:41:19","modified_gmt":"2020-08-27T12:41:19","slug":"tour-de-france-ar-framskjutet-men-vad-tycker-cyklisterna","status":"publish","type":"post","link":"https:\/\/www.welovecycling.com\/se\/2020\/04\/29\/tour-de-france-ar-framskjutet-men-vad-tycker-cyklisterna\/","title":{"rendered":"Tour de France \u00e4r framskjutet men vad tycker cyklisterna?"},"content":{"rendered":"<p><strong><span lang=\"en-GB\">V\u00e4rldens st\u00f6rsta cykelt\u00e4vling \u00e4r flyttad fr\u00e5n juli till\u00a0september, \u00a0Touren startar f\u00f6rhoppningsvis den 29 augusti i Nice och rullar in i Paris den 20:e september. \u00a0<\/span><\/strong><!--more--><\/p>\n<p><span lang=\"en-GB\">Ursprungligen skulle t\u00e4vlingen ha startat den 28:e juni. ASO som organiserar touren hade hoppats p\u00e5 att kunna v\u00e4nta till maj med ett beslut om att eventuellt skjuta fram starten. Men n\u00e4r President Emmanuel Macron beslutade att stoppa alla sportarrangemang till \u00e5tminstone den 15:e juli s\u00e5 hade inte ASO n\u00e5got val. \u00a0<\/span><\/p>\n<p>https:\/\/www.instagram.com\/p\/B_C01IXgN2A\/<\/p>\n<p>\u201cSom en f\u00f6ljd av presidentens uttalande i m\u00e5ndags n\u00e4r han meddelade att alla stora arrangemang skulle stoppas tills i mitten av juli och som ett steg i kampen mot Covid19 har organisationen bakom Tour de France tillsammans med internationella cykelf\u00f6rbundet beslutat att skjuta fram Tour de France. Ist\u00e4llet f\u00f6r 28 \u00a0juni kommer touren att starta 29:e augusti och avslutas den 20:e september.&#8221;<\/p>\n<p><span lang=\"en-GB\">ASO bekr\u00e4ftade ocks\u00e5 att loppet kommer att f\u00f6lja den planerade rutten.<\/span><\/p>\n<p><span lang=\"en-GB\">Chris Froome och Julian Alaphilippe var snabba att reagera p\u00e5 nyheten .<\/span><\/p>\n<div class=\"embed-controller-wrapper\">\n<blockquote class=\"twitter-tweet\" data-width=\"500\" data-dnt=\"true\">\n<p lang=\"en\" dir=\"ltr\">I\u2019m seeing a lot of negativity and despondency on my timeline, I know this period has been tough on all of us, and bike racing is not important in the greater scheme of things. But let&#39;s take hope in that we may return to some sort of normality in the near future <a href=\"https:\/\/twitter.com\/LeTour?ref_src=twsrc%5Etfw\">@LeTour<\/a> <a href=\"https:\/\/t.co\/91XWqIwgmm\">pic.twitter.com\/91XWqIwgmm<\/a><\/p>\n<p>&mdash; Chris Froome (@chrisfroome) <a href=\"https:\/\/twitter.com\/chrisfroome\/status\/1250394783056568320?ref_src=twsrc%5Etfw\">April 15, 2020<\/a><\/p><\/blockquote>\n<p><script async data-src=\"https:\/\/platform.twitter.com\/widgets.js\" charset=\"utf-8\"><\/script><\/div>\n<p>\u201cJag \u00e4r glad att \u00e4ntligen ha en plan f\u00f6r s\u00e4songen och att lopp som Tour de France, VM och klassikerna har f\u00e5tt nya datum.&#8221; ber\u00e4ttade<span lang=\"en-GB\">\u00a0Julian Alaphilippe p\u00e5\u00a0<a href=\"https:\/\/www.deceuninck-quickstep.com\/en\/news\/4380\/new-2020-calendar-unveiled\">Deceuninck \u2013 Quick-Steps hemsida<\/a>. Han forts\u00e4tter \u201cDet h\u00e4r \u00e4r ljuset i slutet av tunneln och det \u00e4r viktigt f\u00f6r att h\u00e5lla uppe moralen i tider som dessa. Jag tror att jag kan dra nytta av nyheterna f\u00f6r att boosta min tr\u00e4ning lite extra f\u00f6r att n\u00e4r jag f\u00e5r cykla med laget igen kunna ge allt.&#8221;<\/span><\/p>\n<p><span lang=\"en-GB\">F\u00f6rst kommer Tour de France, sen VM och efter det b\u00e5de ett Giro och en Vuelta sent p\u00e5 h\u00f6sten.<\/span><\/p>\n<p><span lang=\"en-GB\">Hoppas att vi ses d\u00e4r!<\/span><\/p>\n","protected":false},"excerpt":{"rendered":"<p>V\u00e4rldens st\u00f6rsta cykelt\u00e4vling \u00e4r flyttad fr\u00e5n juli till\u00a0september, \u00a0Touren startar f\u00f6rhoppningsvis den 29 augusti i Nice och rullar in i [&hellip;]<\/p>\n","protected":false},"author":80,"featured_media":2591,"comment_status":"open","ping_status":"open","sticky":false,"template":"","format":"standard","meta":{"footnotes":""},"categories":[5],"tags":[20,66],"global-categories":[],"class_list":["post-2577","post","type-post","status-publish","format-standard","has-post-thumbnail","hentry","category-nyheter","tag-tour-de-france","tag-tour-de-france-2020"],"yoast_head":"<!-- This site is optimized with the Yoast SEO Premium plugin v25.3 (Yoast SEO v25.9) - https:\/\/yoast.com\/wordpress\/plugins\/seo\/ -->\n<title>Tour de France \u00e4r framskjutet men vad tycker cyklisterna? - \u0160koda - We Love Cycling - Sweden<\/title>\n<meta name=\"robots\" content=\"index, follow, max-snippet:-1, max-image-preview:large, max-video-preview:-1\" \/>\n<link rel=\"canonical\" href=\"https:\/\/www.welovecycling.com\/se\/2020\/04\/29\/tour-de-france-ar-framskjutet-men-vad-tycker-cyklisterna\/\" \/>\n<meta property=\"og:locale\" content=\"sv_SE\" \/>\n<meta property=\"og:type\" content=\"article\" \/>\n<meta property=\"og:title\" content=\"Tour de France \u00e4r framskjutet men vad tycker cyklisterna?\" \/>\n<meta property=\"og:description\" content=\"V\u00e4rldens st\u00f6rsta cykelt\u00e4vling \u00e4r flyttad fr\u00e5n juli till\u00a0september, \u00a0Touren startar f\u00f6rhoppningsvis den 29 augusti i Nice och rullar in i [&hellip;]\" \/>\n<meta property=\"og:url\" content=\"https:\/\/www.welovecycling.com\/se\/2020\/04\/29\/tour-de-france-ar-framskjutet-men-vad-tycker-cyklisterna\/\" \/>\n<meta property=\"og:site_name\" content=\"\u0160koda - We Love Cycling - Sweden\" \/>\n<meta property=\"article:published_time\" content=\"2020-04-29T20:51:33+00:00\" \/>\n<meta property=\"article:modified_time\" content=\"2020-08-27T12:41:19+00:00\" \/>\n<meta property=\"og:image\" content=\"https:\/\/d2p6e6u75xmxt8.cloudfront.net\/9\/2020\/04\/Chris-Froome-CVR-profimedia-0500633849.jpg\" \/>\n\t<meta property=\"og:image:width\" content=\"1366\" \/>\n\t<meta property=\"og:image:height\" content=\"600\" \/>\n\t<meta property=\"og:image:type\" content=\"image\/jpeg\" \/>\n<meta name=\"author\" content=\"kallebern\" \/>\n<meta name=\"twitter:card\" content=\"summary_large_image\" \/>\n<meta name=\"twitter:label1\" content=\"Written by\" \/>\n\t<meta name=\"twitter:data1\" content=\"Monica Buck\" \/>\n\t<meta name=\"twitter:label2\" content=\"Est. reading time\" \/>\n\t<meta name=\"twitter:data2\" content=\"4\" \/>\n<script type=\"application\/ld+json\" class=\"yoast-schema-graph\">{\"@context\":\"https:\/\/schema.org\",\"@graph\":[{\"@type\":\"WebPage\",\"@id\":\"https:\/\/www.welovecycling.com\/se\/2020\/04\/29\/tour-de-france-ar-framskjutet-men-vad-tycker-cyklisterna\/\",\"url\":\"https:\/\/www.welovecycling.com\/se\/2020\/04\/29\/tour-de-france-ar-framskjutet-men-vad-tycker-cyklisterna\/\",\"name\":\"Tour de France \u00e4r framskjutet men vad tycker cyklisterna? - \u0160koda - We Love Cycling - Sweden\",\"isPartOf\":{\"@id\":\"https:\/\/www.welovecycling.com\/se\/#website\"},\"primaryImageOfPage\":{\"@id\":\"https:\/\/www.welovecycling.com\/se\/2020\/04\/29\/tour-de-france-ar-framskjutet-men-vad-tycker-cyklisterna\/#primaryimage\"},\"image\":{\"@id\":\"https:\/\/www.welovecycling.com\/se\/2020\/04\/29\/tour-de-france-ar-framskjutet-men-vad-tycker-cyklisterna\/#primaryimage\"},\"thumbnailUrl\":\"https:\/\/d2p6e6u75xmxt8.cloudfront.net\/9\/2020\/04\/Chris-Froome-CVR-profimedia-0500633849.jpg\",\"datePublished\":\"2020-04-29T20:51:33+00:00\",\"dateModified\":\"2020-08-27T12:41:19+00:00\",\"author\":{\"@id\":\"https:\/\/www.welovecycling.com\/se\/#\/schema\/person\/cf0db6969fc5aa4e230760e09dde1f45\"},\"breadcrumb\":{\"@id\":\"https:\/\/www.welovecycling.com\/se\/2020\/04\/29\/tour-de-france-ar-framskjutet-men-vad-tycker-cyklisterna\/#breadcrumb\"},\"inLanguage\":\"sv-SE\",\"potentialAction\":[{\"@type\":\"ReadAction\",\"target\":[\"https:\/\/www.welovecycling.com\/se\/2020\/04\/29\/tour-de-france-ar-framskjutet-men-vad-tycker-cyklisterna\/\"]}]},{\"@type\":\"ImageObject\",\"inLanguage\":\"sv-SE\",\"@id\":\"https:\/\/www.welovecycling.com\/se\/2020\/04\/29\/tour-de-france-ar-framskjutet-men-vad-tycker-cyklisterna\/#primaryimage\",\"url\":\"https:\/\/d2p6e6u75xmxt8.cloudfront.net\/9\/2020\/04\/Chris-Froome-CVR-profimedia-0500633849.jpg\",\"contentUrl\":\"https:\/\/d2p6e6u75xmxt8.cloudfront.net\/9\/2020\/04\/Chris-Froome-CVR-profimedia-0500633849.jpg\",\"width\":1366,\"height\":600},{\"@type\":\"BreadcrumbList\",\"@id\":\"https:\/\/www.welovecycling.com\/se\/2020\/04\/29\/tour-de-france-ar-framskjutet-men-vad-tycker-cyklisterna\/#breadcrumb\",\"itemListElement\":[{\"@type\":\"ListItem\",\"position\":1,\"name\":\"Home\",\"item\":\"https:\/\/www.welovecycling.com\/se\/\"},{\"@type\":\"ListItem\",\"position\":2,\"name\":\"Tour de France \u00e4r framskjutet men vad tycker cyklisterna?\"}]},{\"@type\":\"WebSite\",\"@id\":\"https:\/\/www.welovecycling.com\/se\/#website\",\"url\":\"https:\/\/www.welovecycling.com\/se\/\",\"name\":\"\u0160koda - We Love Cycling - Sweden\",\"description\":\"\u0160koda We Love Cycling - Sweden\",\"potentialAction\":[{\"@type\":\"SearchAction\",\"target\":{\"@type\":\"EntryPoint\",\"urlTemplate\":\"https:\/\/www.welovecycling.com\/se\/?s={search_term_string}\"},\"query-input\":{\"@type\":\"PropertyValueSpecification\",\"valueRequired\":true,\"valueName\":\"search_term_string\"}}],\"inLanguage\":\"sv-SE\"},{\"@type\":\"Person\",\"@id\":\"https:\/\/www.welovecycling.com\/se\/#\/schema\/person\/cf0db6969fc5aa4e230760e09dde1f45\",\"name\":\"kallebern\",\"image\":{\"@type\":\"ImageObject\",\"inLanguage\":\"sv-SE\",\"@id\":\"https:\/\/www.welovecycling.com\/se\/#\/schema\/person\/image\/\",\"url\":\"https:\/\/secure.gravatar.com\/avatar\/aa7179ed680d67575eb51f63c5b61904173a0d3f6f176fe19385d5dbb376c145?s=96&d=mm&r=g\",\"contentUrl\":\"https:\/\/secure.gravatar.com\/avatar\/aa7179ed680d67575eb51f63c5b61904173a0d3f6f176fe19385d5dbb376c145?s=96&d=mm&r=g\",\"caption\":\"kallebern\"},\"url\":\"https:\/\/www.welovecycling.com\/se\/author\/kallebern\/\"}]}<\/script>\n<!-- \/ Yoast SEO Premium plugin. -->","yoast_head_json":{"title":"Tour de France \u00e4r framskjutet men vad tycker cyklisterna? - \u0160koda - We Love Cycling - Sweden","robots":{"index":"index","follow":"follow","max-snippet":"max-snippet:-1","max-image-preview":"max-image-preview:large","max-video-preview":"max-video-preview:-1"},"canonical":"https:\/\/www.welovecycling.com\/se\/2020\/04\/29\/tour-de-france-ar-framskjutet-men-vad-tycker-cyklisterna\/","og_locale":"sv_SE","og_type":"article","og_title":"Tour de France \u00e4r framskjutet men vad tycker cyklisterna?","og_description":"V\u00e4rldens st\u00f6rsta cykelt\u00e4vling \u00e4r flyttad fr\u00e5n juli till\u00a0september, \u00a0Touren startar f\u00f6rhoppningsvis den 29 augusti i Nice och rullar in i [&hellip;]","og_url":"https:\/\/www.welovecycling.com\/se\/2020\/04\/29\/tour-de-france-ar-framskjutet-men-vad-tycker-cyklisterna\/","og_site_name":"\u0160koda - We Love Cycling - Sweden","article_published_time":"2020-04-29T20:51:33+00:00","article_modified_time":"2020-08-27T12:41:19+00:00","og_image":[{"width":1366,"height":600,"url":"https:\/\/d2p6e6u75xmxt8.cloudfront.net\/9\/2020\/04\/Chris-Froome-CVR-profimedia-0500633849.jpg","type":"image\/jpeg"}],"author":"kallebern","twitter_card":"summary_large_image","twitter_misc":{"Written by":"Monica Buck","Est. reading time":"4"},"schema":{"@context":"https:\/\/schema.org","@graph":[{"@type":"WebPage","@id":"https:\/\/www.welovecycling.com\/se\/2020\/04\/29\/tour-de-france-ar-framskjutet-men-vad-tycker-cyklisterna\/","url":"https:\/\/www.welovecycling.com\/se\/2020\/04\/29\/tour-de-france-ar-framskjutet-men-vad-tycker-cyklisterna\/","name":"Tour de France \u00e4r framskjutet men vad tycker cyklisterna? - \u0160koda - We Love Cycling - Sweden","isPartOf":{"@id":"https:\/\/www.welovecycling.com\/se\/#website"},"primaryImageOfPage":{"@id":"https:\/\/www.welovecycling.com\/se\/2020\/04\/29\/tour-de-france-ar-framskjutet-men-vad-tycker-cyklisterna\/#primaryimage"},"image":{"@id":"https:\/\/www.welovecycling.com\/se\/2020\/04\/29\/tour-de-france-ar-framskjutet-men-vad-tycker-cyklisterna\/#primaryimage"},"thumbnailUrl":"https:\/\/d2p6e6u75xmxt8.cloudfront.net\/9\/2020\/04\/Chris-Froome-CVR-profimedia-0500633849.jpg","datePublished":"2020-04-29T20:51:33+00:00","dateModified":"2020-08-27T12:41:19+00:00","author":{"@id":"https:\/\/www.welovecycling.com\/se\/#\/schema\/person\/cf0db6969fc5aa4e230760e09dde1f45"},"breadcrumb":{"@id":"https:\/\/www.welovecycling.com\/se\/2020\/04\/29\/tour-de-france-ar-framskjutet-men-vad-tycker-cyklisterna\/#breadcrumb"},"inLanguage":"sv-SE","potentialAction":[{"@type":"ReadAction","target":["https:\/\/www.welovecycling.com\/se\/2020\/04\/29\/tour-de-france-ar-framskjutet-men-vad-tycker-cyklisterna\/"]}]},{"@type":"ImageObject","inLanguage":"sv-SE","@id":"https:\/\/www.welovecycling.com\/se\/2020\/04\/29\/tour-de-france-ar-framskjutet-men-vad-tycker-cyklisterna\/#primaryimage","url":"https:\/\/d2p6e6u75xmxt8.cloudfront.net\/9\/2020\/04\/Chris-Froome-CVR-profimedia-0500633849.jpg","contentUrl":"https:\/\/d2p6e6u75xmxt8.cloudfront.net\/9\/2020\/04\/Chris-Froome-CVR-profimedia-0500633849.jpg","width":1366,"height":600},{"@type":"BreadcrumbList","@id":"https:\/\/www.welovecycling.com\/se\/2020\/04\/29\/tour-de-france-ar-framskjutet-men-vad-tycker-cyklisterna\/#breadcrumb","itemListElement":[{"@type":"ListItem","position":1,"name":"Home","item":"https:\/\/www.welovecycling.com\/se\/"},{"@type":"ListItem","position":2,"name":"Tour de France \u00e4r framskjutet men vad tycker cyklisterna?"}]},{"@type":"WebSite","@id":"https:\/\/www.welovecycling.com\/se\/#website","url":"https:\/\/www.welovecycling.com\/se\/","name":"\u0160koda - We Love Cycling - Sweden","description":"\u0160koda We Love Cycling - Sweden","potentialAction":[{"@type":"SearchAction","target":{"@type":"EntryPoint","urlTemplate":"https:\/\/www.welovecycling.com\/se\/?s={search_term_string}"},"query-input":{"@type":"PropertyValueSpecification","valueRequired":true,"valueName":"search_term_string"}}],"inLanguage":"sv-SE"},{"@type":"Person","@id":"https:\/\/www.welovecycling.com\/se\/#\/schema\/person\/cf0db6969fc5aa4e230760e09dde1f45","name":"kallebern","image":{"@type":"ImageObject","inLanguage":"sv-SE","@id":"https:\/\/www.welovecycling.com\/se\/#\/schema\/person\/image\/","url":"https:\/\/secure.gravatar.com\/avatar\/aa7179ed680d67575eb51f63c5b61904173a0d3f6f176fe19385d5dbb376c145?s=96&d=mm&r=g","contentUrl":"https:\/\/secure.gravatar.com\/avatar\/aa7179ed680d67575eb51f63c5b61904173a0d3f6f176fe19385d5dbb376c145?s=96&d=mm&r=g","caption":"kallebern"},"url":"https:\/\/www.welovecycling.com\/se\/author\/kallebern\/"}]}},"_links":{"self":[{"href":"https:\/\/www.welovecycling.com\/se\/wp-json\/wp\/v2\/posts\/2577","targetHints":{"allow":["GET"]}}],"collection":[{"href":"https:\/\/www.welovecycling.com\/se\/wp-json\/wp\/v2\/posts"}],"about":[{"href":"https:\/\/www.welovecycling.com\/se\/wp-json\/wp\/v2\/types\/post"}],"author":[{"embeddable":true,"href":"https:\/\/www.welovecycling.com\/se\/wp-json\/wp\/v2\/users\/80"}],"replies":[{"embeddable":true,"href":"https:\/\/www.welovecycling.com\/se\/wp-json\/wp\/v2\/comments?post=2577"}],"version-history":[{"count":1,"href":"https:\/\/www.welovecycling.com\/se\/wp-json\/wp\/v2\/posts\/2577\/revisions"}],"predecessor-version":[{"id":2601,"href":"https:\/\/www.welovecycling.com\/se\/wp-json\/wp\/v2\/posts\/2577\/revisions\/2601"}],"wp:featuredmedia":[{"embeddable":true,"href":"https:\/\/www.welovecycling.com\/se\/wp-json\/wp\/v2\/media\/2591"}],"wp:attachment":[{"href":"https:\/\/www.welovecycling.com\/se\/wp-json\/wp\/v2\/media?parent=2577"}],"wp:term":[{"taxonomy":"category","embeddable":true,"href":"https:\/\/www.welovecycling.com\/se\/wp-json\/wp\/v2\/categories?post=2577"},{"taxonomy":"post_tag","embeddable":true,"href":"https:\/\/www.welovecycling.com\/se\/wp-json\/wp\/v2\/tags?post=2577"},{"taxonomy":"global-categories","embeddable":true,"href":"https:\/\/www.welovecycling.com\/se\/wp-json\/wp\/v2\/global-categories?post=2577"}],"curies":[{"name":"wp","href":"https:\/\/api.w.org\/{rel}","templated":true}]}}