{"id":2555,"date":"2020-04-05T21:47:06","date_gmt":"2020-04-05T20:47:06","guid":{"rendered":"https:\/\/www.welovecycling.com\/se\/?p=2555"},"modified":"2020-04-05T21:47:06","modified_gmt":"2020-04-05T20:47:06","slug":"ett-datum-ar-bestamt-for-nar-tourens-ode-ska-avgoras","status":"publish","type":"post","link":"https:\/\/www.welovecycling.com\/se\/2020\/04\/05\/ett-datum-ar-bestamt-for-nar-tourens-ode-ska-avgoras\/","title":{"rendered":"Ett datum \u00e4r best\u00e4mt f\u00f6r n\u00e4r Tourens \u00f6de ska avg\u00f6ras"},"content":{"rendered":"<p lang=\"en-GB\" align=\"left\"><strong>SKA TOUR DE FRANCE CYKLAS ELLER KOMMER DET ST\u00c4LLAS IN P\u00c5 GRUND AV COVID19? DET FINNS ETT DATUM N\u00c4R VI KOMMER ATT VETA HELT S\u00c4KERT.<\/strong><!--more--><\/p>\n<h2 lang=\"en-GB\" align=\"left\"><strong>Tourens \u00f6de<\/strong><\/h2>\n<p lang=\"cs-CZ\" align=\"left\"><span lang=\"en-GB\">15:e maj \u00e4r den slutgiltiga deadlinen, d\u00e5 m\u00e5ste ASO som arrangerar Tour de France ha fattat ett beslut utifr\u00e5n Coronal\u00e4get i v\u00e4rlden. Ska \u00e5rets Tour cyklas eller st\u00e4llas in. Men troligtvis fattas ett beslut i god tid innan dess.<\/span><\/p>\n<p lang=\"cs-CZ\" align=\"left\"><span lang=\"en-GB\">B<\/span><span lang=\"en-GB\">elgiska TV-kanalen RTBF intervjuade f\u00f6rra veckan tv\u00e5 franska borgm\u00e4stare fr\u00e5n st\u00e4der l\u00e4ngs med rutten, dom avsl\u00f6jade att f\u00f6rsta maj \u00e4r datumet n\u00e4r ASO best\u00e4mmer om Tour de France ska cyklas eller ej.\u00a0<\/span><\/p>\n<figure id=\"attachment_2565\" aria-describedby=\"caption-attachment-2565\" style=\"width: 1250px\" class=\"wp-caption alignnone\"><img loading=\"lazy\" decoding=\"async\" class=\"size-full wp-image-2565\" src=\"https:\/\/d2p6e6u75xmxt8.cloudfront.net\/9\/2020\/03\/profimedia-0252844160.jpg\" alt=\"\" width=\"1250\" height=\"831\" srcset=\"https:\/\/d2p6e6u75xmxt8.cloudfront.net\/9\/2020\/03\/profimedia-0252844160.jpg 1250w, https:\/\/d2p6e6u75xmxt8.cloudfront.net\/9\/2020\/03\/profimedia-0252844160-300x199.jpg 300w, https:\/\/d2p6e6u75xmxt8.cloudfront.net\/9\/2020\/03\/profimedia-0252844160-768x511.jpg 768w, https:\/\/d2p6e6u75xmxt8.cloudfront.net\/9\/2020\/03\/profimedia-0252844160-1024x681.jpg 1024w, https:\/\/d2p6e6u75xmxt8.cloudfront.net\/9\/2020\/03\/profimedia-0252844160-272x182.jpg 272w\" sizes=\"auto, (max-width: 1250px) 100vw, 1250px\" \/><figcaption id=\"caption-attachment-2565\" class=\"wp-caption-text\">Chris Froome var f\u00f6rst \u00f6ver m\u00e5llinjen p\u00e5 etapp 10 2015. \u00a9 Profimedia, AFP<\/figcaption><\/figure>\n<p lang=\"cs-CZ\" align=\"left\">\u201cVi m\u00e5ste v\u00e4nta till 1:a maj, det \u00e4r ett avg\u00f6rande datum. Det \u00e4r \u00e5tminstone vad<span lang=\"en-GB\">\u00a0Christian Prudhomme har sagt. Vi f\u00e5r se d\u00e5, om vi fortfarande \u00e4r i lockdown. Det kommer att finnas mer beslutsunderlag d\u00e5. Men om man ska vara \u00e4rlig s\u00e5 verkade han inte s\u00e5 orolig.&#8221; Ber\u00e4ttar St\u00e9phane Villain som \u00e4r tillf\u00f6rordnad borgm\u00e4stare i<\/span><span lang=\"en-GB\">\u00a0Ch\u00e2taillon-Plage, som \u00e4r v\u00e4rdstad f\u00f6r etapp 11.<\/span><\/p>\n<p lang=\"cs-CZ\" align=\"left\"><span lang=\"en-GB\">Det har ocks\u00e5 funnits diskussioner om en t\u00e4vling helt utan \u00e5sk\u00e5dare. Men som det verkar s\u00e5 \u00e4r det bara rykten och spekulationer. <\/span><\/p>\n<p lang=\"cs-CZ\" align=\"left\"><span lang=\"en-GB\">Vi h\u00e5ller dig uppdaterad om l\u00e4get och bjuder p\u00e5 ett svep fr\u00e5n Instagram.<\/span><\/p>\n<h2 lang=\"en-GB\" align=\"left\"><strong>Ride now!<\/strong><\/h2>\n<p>https:\/\/www.instagram.com\/p\/B99y4lfAq_O\/<\/p>\n<h2 lang=\"en-GB\" align=\"left\"><strong>Rohan Dennis moonlighting<\/strong><\/h2>\n<p>https:\/\/www.instagram.com\/p\/B-SmDuAlcvG\/<\/p>\n<h2 lang=\"cs-CZ\" align=\"left\"><strong><span lang=\"en-GB\">Alpe d\u2019Covid-19<\/span> <\/strong><\/h2>\n<p>https:\/\/twitter.com\/chrisfroome\/status\/1242888191989944321<\/p>\n<h2 lang=\"en-GB\" align=\"left\"><strong>It\u2019s love<\/strong><\/h2>\n<p>https:\/\/www.instagram.com\/p\/B-HQYEjApa_\/<\/p>\n","protected":false},"excerpt":{"rendered":"<p>SKA TOUR DE FRANCE CYKLAS ELLER KOMMER DET ST\u00c4LLAS IN P\u00c5 GRUND AV COVID19? DET FINNS ETT DATUM N\u00c4R VI [&hellip;]<\/p>\n","protected":false},"author":80,"featured_media":2567,"comment_status":"open","ping_status":"open","sticky":false,"template":"","format":"standard","meta":{"footnotes":""},"categories":[5],"tags":[],"global-categories":[],"class_list":["post-2555","post","type-post","status-publish","format-standard","has-post-thumbnail","hentry","category-nyheter"],"yoast_head":"<!-- This site is optimized with the Yoast SEO Premium plugin v25.3 (Yoast SEO v25.9) - https:\/\/yoast.com\/wordpress\/plugins\/seo\/ -->\n<title>Ett datum \u00e4r best\u00e4mt f\u00f6r n\u00e4r Tourens \u00f6de ska avg\u00f6ras - \u0160koda - We Love Cycling - Sweden<\/title>\n<meta name=\"robots\" content=\"index, follow, max-snippet:-1, max-image-preview:large, max-video-preview:-1\" \/>\n<link rel=\"canonical\" href=\"https:\/\/www.welovecycling.com\/se\/2020\/04\/05\/ett-datum-ar-bestamt-for-nar-tourens-ode-ska-avgoras\/\" \/>\n<meta property=\"og:locale\" content=\"sv_SE\" \/>\n<meta property=\"og:type\" content=\"article\" \/>\n<meta property=\"og:title\" content=\"Ett datum \u00e4r best\u00e4mt f\u00f6r n\u00e4r Tourens \u00f6de ska avg\u00f6ras\" \/>\n<meta property=\"og:description\" content=\"SKA TOUR DE FRANCE CYKLAS ELLER KOMMER DET ST\u00c4LLAS IN P\u00c5 GRUND AV COVID19? DET FINNS ETT DATUM N\u00c4R VI [&hellip;]\" \/>\n<meta property=\"og:url\" content=\"https:\/\/www.welovecycling.com\/se\/2020\/04\/05\/ett-datum-ar-bestamt-for-nar-tourens-ode-ska-avgoras\/\" \/>\n<meta property=\"og:site_name\" content=\"\u0160koda - We Love Cycling - Sweden\" \/>\n<meta property=\"article:published_time\" content=\"2020-04-05T20:47:06+00:00\" \/>\n<meta property=\"og:image\" content=\"https:\/\/d2p6e6u75xmxt8.cloudfront.net\/9\/2020\/03\/Christian-Prudhomme-CVR-profimedia-0477042605.jpg\" \/>\n\t<meta property=\"og:image:width\" content=\"1366\" \/>\n\t<meta property=\"og:image:height\" content=\"600\" \/>\n\t<meta property=\"og:image:type\" content=\"image\/jpeg\" \/>\n<meta name=\"author\" content=\"kallebern\" \/>\n<meta name=\"twitter:card\" content=\"summary_large_image\" \/>\n<meta name=\"twitter:label1\" content=\"Written by\" \/>\n\t<meta name=\"twitter:data1\" content=\"Monica Buck\" \/>\n\t<meta name=\"twitter:label2\" content=\"Est. reading time\" \/>\n\t<meta name=\"twitter:data2\" content=\"4\" \/>\n<script type=\"application\/ld+json\" class=\"yoast-schema-graph\">{\"@context\":\"https:\/\/schema.org\",\"@graph\":[{\"@type\":\"WebPage\",\"@id\":\"https:\/\/www.welovecycling.com\/se\/2020\/04\/05\/ett-datum-ar-bestamt-for-nar-tourens-ode-ska-avgoras\/\",\"url\":\"https:\/\/www.welovecycling.com\/se\/2020\/04\/05\/ett-datum-ar-bestamt-for-nar-tourens-ode-ska-avgoras\/\",\"name\":\"Ett datum \u00e4r best\u00e4mt f\u00f6r n\u00e4r Tourens \u00f6de ska avg\u00f6ras - \u0160koda - We Love Cycling - Sweden\",\"isPartOf\":{\"@id\":\"https:\/\/www.welovecycling.com\/se\/#website\"},\"primaryImageOfPage\":{\"@id\":\"https:\/\/www.welovecycling.com\/se\/2020\/04\/05\/ett-datum-ar-bestamt-for-nar-tourens-ode-ska-avgoras\/#primaryimage\"},\"image\":{\"@id\":\"https:\/\/www.welovecycling.com\/se\/2020\/04\/05\/ett-datum-ar-bestamt-for-nar-tourens-ode-ska-avgoras\/#primaryimage\"},\"thumbnailUrl\":\"https:\/\/d2p6e6u75xmxt8.cloudfront.net\/9\/2020\/03\/Christian-Prudhomme-CVR-profimedia-0477042605.jpg\",\"datePublished\":\"2020-04-05T20:47:06+00:00\",\"author\":{\"@id\":\"https:\/\/www.welovecycling.com\/se\/#\/schema\/person\/cf0db6969fc5aa4e230760e09dde1f45\"},\"breadcrumb\":{\"@id\":\"https:\/\/www.welovecycling.com\/se\/2020\/04\/05\/ett-datum-ar-bestamt-for-nar-tourens-ode-ska-avgoras\/#breadcrumb\"},\"inLanguage\":\"sv-SE\",\"potentialAction\":[{\"@type\":\"ReadAction\",\"target\":[\"https:\/\/www.welovecycling.com\/se\/2020\/04\/05\/ett-datum-ar-bestamt-for-nar-tourens-ode-ska-avgoras\/\"]}]},{\"@type\":\"ImageObject\",\"inLanguage\":\"sv-SE\",\"@id\":\"https:\/\/www.welovecycling.com\/se\/2020\/04\/05\/ett-datum-ar-bestamt-for-nar-tourens-ode-ska-avgoras\/#primaryimage\",\"url\":\"https:\/\/d2p6e6u75xmxt8.cloudfront.net\/9\/2020\/03\/Christian-Prudhomme-CVR-profimedia-0477042605.jpg\",\"contentUrl\":\"https:\/\/d2p6e6u75xmxt8.cloudfront.net\/9\/2020\/03\/Christian-Prudhomme-CVR-profimedia-0477042605.jpg\",\"width\":1366,\"height\":600},{\"@type\":\"BreadcrumbList\",\"@id\":\"https:\/\/www.welovecycling.com\/se\/2020\/04\/05\/ett-datum-ar-bestamt-for-nar-tourens-ode-ska-avgoras\/#breadcrumb\",\"itemListElement\":[{\"@type\":\"ListItem\",\"position\":1,\"name\":\"Home\",\"item\":\"https:\/\/www.welovecycling.com\/se\/\"},{\"@type\":\"ListItem\",\"position\":2,\"name\":\"Ett datum \u00e4r best\u00e4mt f\u00f6r n\u00e4r Tourens \u00f6de ska avg\u00f6ras\"}]},{\"@type\":\"WebSite\",\"@id\":\"https:\/\/www.welovecycling.com\/se\/#website\",\"url\":\"https:\/\/www.welovecycling.com\/se\/\",\"name\":\"\u0160koda - We Love Cycling - Sweden\",\"description\":\"\u0160koda We Love Cycling - Sweden\",\"potentialAction\":[{\"@type\":\"SearchAction\",\"target\":{\"@type\":\"EntryPoint\",\"urlTemplate\":\"https:\/\/www.welovecycling.com\/se\/?s={search_term_string}\"},\"query-input\":{\"@type\":\"PropertyValueSpecification\",\"valueRequired\":true,\"valueName\":\"search_term_string\"}}],\"inLanguage\":\"sv-SE\"},{\"@type\":\"Person\",\"@id\":\"https:\/\/www.welovecycling.com\/se\/#\/schema\/person\/cf0db6969fc5aa4e230760e09dde1f45\",\"name\":\"kallebern\",\"image\":{\"@type\":\"ImageObject\",\"inLanguage\":\"sv-SE\",\"@id\":\"https:\/\/www.welovecycling.com\/se\/#\/schema\/person\/image\/\",\"url\":\"https:\/\/secure.gravatar.com\/avatar\/aa7179ed680d67575eb51f63c5b61904173a0d3f6f176fe19385d5dbb376c145?s=96&d=mm&r=g\",\"contentUrl\":\"https:\/\/secure.gravatar.com\/avatar\/aa7179ed680d67575eb51f63c5b61904173a0d3f6f176fe19385d5dbb376c145?s=96&d=mm&r=g\",\"caption\":\"kallebern\"},\"url\":\"https:\/\/www.welovecycling.com\/se\/author\/kallebern\/\"}]}<\/script>\n<!-- \/ Yoast SEO Premium plugin. -->","yoast_head_json":{"title":"Ett datum \u00e4r best\u00e4mt f\u00f6r n\u00e4r Tourens \u00f6de ska avg\u00f6ras - \u0160koda - We Love Cycling - Sweden","robots":{"index":"index","follow":"follow","max-snippet":"max-snippet:-1","max-image-preview":"max-image-preview:large","max-video-preview":"max-video-preview:-1"},"canonical":"https:\/\/www.welovecycling.com\/se\/2020\/04\/05\/ett-datum-ar-bestamt-for-nar-tourens-ode-ska-avgoras\/","og_locale":"sv_SE","og_type":"article","og_title":"Ett datum \u00e4r best\u00e4mt f\u00f6r n\u00e4r Tourens \u00f6de ska avg\u00f6ras","og_description":"SKA TOUR DE FRANCE CYKLAS ELLER KOMMER DET ST\u00c4LLAS IN P\u00c5 GRUND AV COVID19? DET FINNS ETT DATUM N\u00c4R VI [&hellip;]","og_url":"https:\/\/www.welovecycling.com\/se\/2020\/04\/05\/ett-datum-ar-bestamt-for-nar-tourens-ode-ska-avgoras\/","og_site_name":"\u0160koda - We Love Cycling - Sweden","article_published_time":"2020-04-05T20:47:06+00:00","og_image":[{"width":1366,"height":600,"url":"https:\/\/d2p6e6u75xmxt8.cloudfront.net\/9\/2020\/03\/Christian-Prudhomme-CVR-profimedia-0477042605.jpg","type":"image\/jpeg"}],"author":"kallebern","twitter_card":"summary_large_image","twitter_misc":{"Written by":"Monica Buck","Est. reading time":"4"},"schema":{"@context":"https:\/\/schema.org","@graph":[{"@type":"WebPage","@id":"https:\/\/www.welovecycling.com\/se\/2020\/04\/05\/ett-datum-ar-bestamt-for-nar-tourens-ode-ska-avgoras\/","url":"https:\/\/www.welovecycling.com\/se\/2020\/04\/05\/ett-datum-ar-bestamt-for-nar-tourens-ode-ska-avgoras\/","name":"Ett datum \u00e4r best\u00e4mt f\u00f6r n\u00e4r Tourens \u00f6de ska avg\u00f6ras - \u0160koda - We Love Cycling - Sweden","isPartOf":{"@id":"https:\/\/www.welovecycling.com\/se\/#website"},"primaryImageOfPage":{"@id":"https:\/\/www.welovecycling.com\/se\/2020\/04\/05\/ett-datum-ar-bestamt-for-nar-tourens-ode-ska-avgoras\/#primaryimage"},"image":{"@id":"https:\/\/www.welovecycling.com\/se\/2020\/04\/05\/ett-datum-ar-bestamt-for-nar-tourens-ode-ska-avgoras\/#primaryimage"},"thumbnailUrl":"https:\/\/d2p6e6u75xmxt8.cloudfront.net\/9\/2020\/03\/Christian-Prudhomme-CVR-profimedia-0477042605.jpg","datePublished":"2020-04-05T20:47:06+00:00","author":{"@id":"https:\/\/www.welovecycling.com\/se\/#\/schema\/person\/cf0db6969fc5aa4e230760e09dde1f45"},"breadcrumb":{"@id":"https:\/\/www.welovecycling.com\/se\/2020\/04\/05\/ett-datum-ar-bestamt-for-nar-tourens-ode-ska-avgoras\/#breadcrumb"},"inLanguage":"sv-SE","potentialAction":[{"@type":"ReadAction","target":["https:\/\/www.welovecycling.com\/se\/2020\/04\/05\/ett-datum-ar-bestamt-for-nar-tourens-ode-ska-avgoras\/"]}]},{"@type":"ImageObject","inLanguage":"sv-SE","@id":"https:\/\/www.welovecycling.com\/se\/2020\/04\/05\/ett-datum-ar-bestamt-for-nar-tourens-ode-ska-avgoras\/#primaryimage","url":"https:\/\/d2p6e6u75xmxt8.cloudfront.net\/9\/2020\/03\/Christian-Prudhomme-CVR-profimedia-0477042605.jpg","contentUrl":"https:\/\/d2p6e6u75xmxt8.cloudfront.net\/9\/2020\/03\/Christian-Prudhomme-CVR-profimedia-0477042605.jpg","width":1366,"height":600},{"@type":"BreadcrumbList","@id":"https:\/\/www.welovecycling.com\/se\/2020\/04\/05\/ett-datum-ar-bestamt-for-nar-tourens-ode-ska-avgoras\/#breadcrumb","itemListElement":[{"@type":"ListItem","position":1,"name":"Home","item":"https:\/\/www.welovecycling.com\/se\/"},{"@type":"ListItem","position":2,"name":"Ett datum \u00e4r best\u00e4mt f\u00f6r n\u00e4r Tourens \u00f6de ska avg\u00f6ras"}]},{"@type":"WebSite","@id":"https:\/\/www.welovecycling.com\/se\/#website","url":"https:\/\/www.welovecycling.com\/se\/","name":"\u0160koda - We Love Cycling - Sweden","description":"\u0160koda We Love Cycling - Sweden","potentialAction":[{"@type":"SearchAction","target":{"@type":"EntryPoint","urlTemplate":"https:\/\/www.welovecycling.com\/se\/?s={search_term_string}"},"query-input":{"@type":"PropertyValueSpecification","valueRequired":true,"valueName":"search_term_string"}}],"inLanguage":"sv-SE"},{"@type":"Person","@id":"https:\/\/www.welovecycling.com\/se\/#\/schema\/person\/cf0db6969fc5aa4e230760e09dde1f45","name":"kallebern","image":{"@type":"ImageObject","inLanguage":"sv-SE","@id":"https:\/\/www.welovecycling.com\/se\/#\/schema\/person\/image\/","url":"https:\/\/secure.gravatar.com\/avatar\/aa7179ed680d67575eb51f63c5b61904173a0d3f6f176fe19385d5dbb376c145?s=96&d=mm&r=g","contentUrl":"https:\/\/secure.gravatar.com\/avatar\/aa7179ed680d67575eb51f63c5b61904173a0d3f6f176fe19385d5dbb376c145?s=96&d=mm&r=g","caption":"kallebern"},"url":"https:\/\/www.welovecycling.com\/se\/author\/kallebern\/"}]}},"_links":{"self":[{"href":"https:\/\/www.welovecycling.com\/se\/wp-json\/wp\/v2\/posts\/2555","targetHints":{"allow":["GET"]}}],"collection":[{"href":"https:\/\/www.welovecycling.com\/se\/wp-json\/wp\/v2\/posts"}],"about":[{"href":"https:\/\/www.welovecycling.com\/se\/wp-json\/wp\/v2\/types\/post"}],"author":[{"embeddable":true,"href":"https:\/\/www.welovecycling.com\/se\/wp-json\/wp\/v2\/users\/80"}],"replies":[{"embeddable":true,"href":"https:\/\/www.welovecycling.com\/se\/wp-json\/wp\/v2\/comments?post=2555"}],"version-history":[{"count":2,"href":"https:\/\/www.welovecycling.com\/se\/wp-json\/wp\/v2\/posts\/2555\/revisions"}],"predecessor-version":[{"id":2575,"href":"https:\/\/www.welovecycling.com\/se\/wp-json\/wp\/v2\/posts\/2555\/revisions\/2575"}],"wp:featuredmedia":[{"embeddable":true,"href":"https:\/\/www.welovecycling.com\/se\/wp-json\/wp\/v2\/media\/2567"}],"wp:attachment":[{"href":"https:\/\/www.welovecycling.com\/se\/wp-json\/wp\/v2\/media?parent=2555"}],"wp:term":[{"taxonomy":"category","embeddable":true,"href":"https:\/\/www.welovecycling.com\/se\/wp-json\/wp\/v2\/categories?post=2555"},{"taxonomy":"post_tag","embeddable":true,"href":"https:\/\/www.welovecycling.com\/se\/wp-json\/wp\/v2\/tags?post=2555"},{"taxonomy":"global-categories","embeddable":true,"href":"https:\/\/www.welovecycling.com\/se\/wp-json\/wp\/v2\/global-categories?post=2555"}],"curies":[{"name":"wp","href":"https:\/\/api.w.org\/{rel}","templated":true}]}}