{"id":2540,"date":"2020-03-11T15:32:36","date_gmt":"2020-03-11T14:32:36","guid":{"rendered":"https:\/\/www.welovecycling.com\/se\/?p=2540"},"modified":"2020-03-13T09:48:28","modified_gmt":"2020-03-13T08:48:28","slug":"har-ar-nya-skoda-cycling-team-2020","status":"publish","type":"post","link":"https:\/\/www.welovecycling.com\/se\/2020\/03\/11\/har-ar-nya-skoda-cycling-team-2020\/","title":{"rendered":"H\u00e4r \u00e4r nya \u0160koda Cycling Team 2020"},"content":{"rendered":"<p><strong>Den nya utmanande banstr\u00e4ckningen runt V\u00e4tternrundan avskr\u00e4ckte inte de s\u00f6kande till \u00e5rets \u0160koda Cycling Team. \u00c4nnu ett \u00e5r slog ans\u00f6kningarna rekord med 3400 ans\u00f6kningar. Nu har laget tr\u00e4ffats f\u00f6r f\u00f6rsta g\u00e5ngen och s\u00e4songen \u00e4r ig\u00e5ng f\u00f6r fullt.<\/strong><\/p>\n<p>Det \u00e4r en h\u00e4rlig spridning av geografi och bakgrund i \u00e5rets team. Bland de uttagna hittar vi en bartender fr\u00e5n Angered, en professionell speedwayf\u00f6rare fr\u00e5n Gullsp\u00e5ng, en skidlegend fr\u00e5n \u00c5re, en brandman fr\u00e5n Uppsala samt arkitekten Thomas Sandell fr\u00e5n Stockholm.<\/p>\n<p>\u2013 Det kan l\u00e5ta jobbigt att g\u00e5 igenom 3400 ans\u00f6kningar men faktum \u00e4r att det \u00e4r s\u00e5 otroligt m\u00e5nga starka och intressanta historier som kommer in att det \u00e4r ren en fr\u00f6jd att l\u00e4sa. De flesta som kommit med har olika unika ing\u00e5ngar till cyklingen men de f\u00f6renas alla i en stark motivation till utmaningen som ligger framf\u00f6r dem. Det ska bli riktigt kul att f\u00f6lja deras utveckling, s\u00e4ger teamledaren Erik Leonsson.<\/p>\n<p><img loading=\"lazy\" decoding=\"async\" class=\"aligncenter size-large wp-image-2543\" src=\"https:\/\/d2p6e6u75xmxt8.cloudfront.net\/9\/2020\/03\/DSC_6373-1024x683.jpg\" alt=\"\" width=\"1024\" height=\"683\" srcset=\"https:\/\/d2p6e6u75xmxt8.cloudfront.net\/9\/2020\/03\/DSC_6373-1024x683.jpg 1024w, https:\/\/d2p6e6u75xmxt8.cloudfront.net\/9\/2020\/03\/DSC_6373-300x200.jpg 300w, https:\/\/d2p6e6u75xmxt8.cloudfront.net\/9\/2020\/03\/DSC_6373-768x512.jpg 768w, https:\/\/d2p6e6u75xmxt8.cloudfront.net\/9\/2020\/03\/DSC_6373-1920x1280.jpg 1920w, https:\/\/d2p6e6u75xmxt8.cloudfront.net\/9\/2020\/03\/DSC_6373-272x182.jpg 272w, https:\/\/d2p6e6u75xmxt8.cloudfront.net\/9\/2020\/03\/DSC_6373-1920x1280.jpg 1920w\" sizes=\"auto, (max-width: 1024px) 100vw, 1024px\" \/><\/p>\n<p>Teamet har nu haft sin uppstartstr\u00e4ff i Stockholm och resan mot m\u00e5let \u00e4r p\u00e5b\u00f6rjad. Laget kommer f\u00e5 all t\u00e4nkbar support f\u00f6r att n\u00e5 sin h\u00f6gsta m\u00f6jliga gemensamma kapacitet. De f\u00e5r hj\u00e4lp med tr\u00e4ningsprogram, coachning, tr\u00e4ning samt utrustning som beh\u00f6vs s\u00e5som cykel, hj\u00e4lm, cykeldator, kl\u00e4der och energidryck.<\/p>\n<p><img loading=\"lazy\" decoding=\"async\" class=\"aligncenter size-large wp-image-2548\" src=\"https:\/\/d2p6e6u75xmxt8.cloudfront.net\/9\/2020\/03\/Teamtr\u00e4ff-20-1024x683.jpg\" alt=\"\" width=\"1024\" height=\"683\" srcset=\"https:\/\/d2p6e6u75xmxt8.cloudfront.net\/9\/2020\/03\/Teamtr\u00e4ff-20-1024x683.jpg 1024w, https:\/\/d2p6e6u75xmxt8.cloudfront.net\/9\/2020\/03\/Teamtr\u00e4ff-20-300x200.jpg 300w, https:\/\/d2p6e6u75xmxt8.cloudfront.net\/9\/2020\/03\/Teamtr\u00e4ff-20-768x512.jpg 768w, https:\/\/d2p6e6u75xmxt8.cloudfront.net\/9\/2020\/03\/Teamtr\u00e4ff-20-272x182.jpg 272w, https:\/\/d2p6e6u75xmxt8.cloudfront.net\/9\/2020\/03\/Teamtr\u00e4ff-20.jpg 1800w\" sizes=\"auto, (max-width: 1024px) 100vw, 1024px\" \/><\/p>\n<p>I \u00e5r har utmaningen att n\u00e5 den uppsatta m\u00e5ltiden p\u00e5 8 timmar blivit avsev\u00e4rt tuffare med den nya banstr\u00e4ckningen. Cyklisterna har nu 18 km och 500 h\u00f6jdmeter extra att avverka. Totalt \u00e4r 6 mil av banan (ca 20%) ny. Till sin hj\u00e4lp med att n\u00e5 m\u00e5let har teamet i \u00e5r en ny huvudtr\u00e4nare i den v\u00e4lmeriterade Magnus B\u00e4ckstedt. B\u00e4ckstedt kan inte bara se tillbaka p\u00e5 en l\u00e5ng karri\u00e4r med bland annat en seger i den prestigefyllda t\u00e4vlingen Paris \u2013 Roubaix, han har \u00e4ven varit rekordh\u00e5llare runt V\u00e4tternrundan p\u00e5 tiden 6.37 h 2012. Just nu ligger fokus p\u00e5 att utforma de individuella tr\u00e4ningsprogrammen till alla, utifr\u00e5n det fystest som gjordes p\u00e5 teamtr\u00e4ffen.<\/p>\n<p><img loading=\"lazy\" decoding=\"async\" class=\"aligncenter size-large wp-image-2542\" src=\"https:\/\/d2p6e6u75xmxt8.cloudfront.net\/9\/2020\/03\/Teamtr\u00e4ff-24-1024x683.jpg\" alt=\"\" width=\"1024\" height=\"683\" srcset=\"https:\/\/d2p6e6u75xmxt8.cloudfront.net\/9\/2020\/03\/Teamtr\u00e4ff-24-1024x683.jpg 1024w, https:\/\/d2p6e6u75xmxt8.cloudfront.net\/9\/2020\/03\/Teamtr\u00e4ff-24-300x200.jpg 300w, https:\/\/d2p6e6u75xmxt8.cloudfront.net\/9\/2020\/03\/Teamtr\u00e4ff-24-768x512.jpg 768w, https:\/\/d2p6e6u75xmxt8.cloudfront.net\/9\/2020\/03\/Teamtr\u00e4ff-24-272x182.jpg 272w, https:\/\/d2p6e6u75xmxt8.cloudfront.net\/9\/2020\/03\/Teamtr\u00e4ff-24.jpg 1674w\" sizes=\"auto, (max-width: 1024px) 100vw, 1024px\" \/><\/p>\n<p>F\u00f6rutom de 15 rekryterna best\u00e5r \u0160koda Cycling Team \u00e4ven av 15 erfarna ambassad\u00f6rer, d\u00e4ribland ex-proffsen Fredrik Kessiakoff och t\u00e4vlingscyklister som Jacob Wihk, Hanna Johansson och Pierre Moncorg\u00e9. Ambassad\u00f6rerna bidrar samtliga med s\u00e5v\u00e4l inspiration som erfarenhet och kunskap.<\/p>\n<p><strong>\u00c5RETS REKRYTER I \u0160koda CYCLING TEAM:<\/strong><br \/>\nAnnika Stark, Uppsala<br \/>\nFelice Andersson, Bor\u00e5s<br \/>\nAgnes Maltesdotter, Solna<br \/>\nNina Lindstr\u00f6m, Saltsj\u00f6-Boo<br \/>\nAnna Norman, Stockholm<br \/>\nKristina Wikstr\u00f6m, S\u00e4vsj\u00f6<br \/>\nThomas Sandell, Stockholm<br \/>\nRichard Jonsson, Angered<br \/>\nOliver Berntzon, Gullsp\u00e5ng<br \/>\nMikael M\u00e4nner, G\u00f6teborg<br \/>\nSverre Liliequist, \u00c5re<br \/>\nLambert Rutaganda, Stockholm<br \/>\nAndreas Brettmark, G\u00f6teborg<br \/>\nSimon Hallstr\u00f6m, \u00d6stersund<br \/>\nMattias Johansson, Ume\u00e5<\/p>\n<p><strong>\u00c5RETS AMBASSAD\u00d6RER:<\/strong><br \/>\nFredrik Kessiakoff <em>(Lagkapten)<\/em><br \/>\nKarl Pamp<em> (Vice lagkapten)<\/em><br \/>\nDaniel Jansson<br \/>\nZoltan Darvas<br \/>\nHanna Johansson<br \/>\nCecilia Widegren<br \/>\nMagnus Gustavsson<br \/>\nNathalie Eklund<br \/>\nDaniel Adams Ray<br \/>\nPayman Hazeer<br \/>\nPierre Moncorg\u00e9<br \/>\nJohanna Palmquist<em> (Ny)<\/em><br \/>\nDavid Alledal<em> (Ny)<\/em><br \/>\nJacob Wihk <em>(Ny)<\/em><br \/>\nMarcus Hallb\u00e4ck <em>(Ny)<\/em><\/p>\n<p><strong>PARTNER- OCH MEDIAPLATSER:<\/strong><br \/>\nDamian Phillips, <em>POC<\/em><br \/>\nChristian L\u00f6fstrand, <em>Maurten<\/em><br \/>\nDaniel Breece, <em>Bicycling<\/em><br \/>\nDaniel Rytz, <em>Canyon<\/em><\/p>\n<p><strong>Faktaruta:<\/strong><br \/>\n<strong>Ans\u00f6kningar 2020:<\/strong> 3 400 st<br \/>\n<strong>Platser 2020:<\/strong> 15 st<br \/>\n<strong>\u0160koda Cycling Team startade:<\/strong> 2014<br \/>\n<strong>M\u00e5l p\u00e5 V\u00e4tternrundan:<\/strong> Under 8 h.<br \/>\n<strong>Partners till laget 2020:<\/strong> Garmin, POC, Maurten, Canyon, Verge.<\/p>\n<p><strong>Instagram:<\/strong> <a href=\"https:\/\/www.instagram.com\/skodacyclingteam\/\">@skodacyclingteam<\/a><br \/>\n<strong>Facebook:<\/strong> <a href=\"https:\/\/www.facebook.com\/skodacyclingsweden\/\">@welovecycling<\/a><\/p>\n","protected":false},"excerpt":{"rendered":"<p>Den nya utmanande banstr\u00e4ckningen runt V\u00e4tternrundan avskr\u00e4ckte inte de s\u00f6kande till \u00e5rets \u0160koda Cycling Team. \u00c4nnu ett \u00e5r slog ans\u00f6kningarna [&hellip;]<\/p>\n","protected":false},"author":52,"featured_media":2541,"comment_status":"open","ping_status":"open","sticky":false,"template":"","format":"standard","meta":{"footnotes":""},"categories":[7],"tags":[12,64],"global-categories":[36],"class_list":["post-2540","post","type-post","status-publish","format-standard","has-post-thumbnail","hentry","category-cyclingteam","tag-skoda-cycling-team","tag-vatternrundan","global-categories-cycling"],"yoast_head":"<!-- This site is optimized with the Yoast SEO Premium plugin v25.3 (Yoast SEO v25.9) - https:\/\/yoast.com\/wordpress\/plugins\/seo\/ -->\n<title>H\u00e4r \u00e4r nya \u0160koda Cycling Team 2020 - \u0160koda - We Love Cycling - Sweden<\/title>\n<meta name=\"robots\" content=\"index, follow, max-snippet:-1, max-image-preview:large, max-video-preview:-1\" \/>\n<link rel=\"canonical\" href=\"https:\/\/www.welovecycling.com\/se\/2020\/03\/11\/har-ar-nya-skoda-cycling-team-2020\/\" \/>\n<meta property=\"og:locale\" content=\"sv_SE\" \/>\n<meta property=\"og:type\" content=\"article\" \/>\n<meta property=\"og:title\" content=\"H\u00e4r \u00e4r nya \u0160koda Cycling Team 2020\" \/>\n<meta property=\"og:description\" content=\"Den nya utmanande banstr\u00e4ckningen runt V\u00e4tternrundan avskr\u00e4ckte inte de s\u00f6kande till \u00e5rets \u0160koda Cycling Team. \u00c4nnu ett \u00e5r slog ans\u00f6kningarna [&hellip;]\" \/>\n<meta property=\"og:url\" content=\"https:\/\/www.welovecycling.com\/se\/2020\/03\/11\/har-ar-nya-skoda-cycling-team-2020\/\" \/>\n<meta property=\"og:site_name\" content=\"\u0160koda - We Love Cycling - Sweden\" \/>\n<meta property=\"article:published_time\" content=\"2020-03-11T14:32:36+00:00\" \/>\n<meta property=\"article:modified_time\" content=\"2020-03-13T08:48:28+00:00\" \/>\n<meta property=\"og:image\" content=\"https:\/\/d2p6e6u75xmxt8.cloudfront.net\/9\/2020\/03\/SKODA_Camp_19_1640.jpg\" \/>\n\t<meta property=\"og:image:width\" content=\"2048\" \/>\n\t<meta property=\"og:image:height\" content=\"1365\" \/>\n\t<meta property=\"og:image:type\" content=\"image\/jpeg\" \/>\n<meta name=\"author\" content=\"erikleonsson\" \/>\n<meta name=\"twitter:card\" content=\"summary_large_image\" \/>\n<meta name=\"twitter:label1\" content=\"Written by\" \/>\n\t<meta name=\"twitter:data1\" content=\"erikleonsson\" \/>\n\t<meta name=\"twitter:label2\" content=\"Est. reading time\" \/>\n\t<meta name=\"twitter:data2\" content=\"3 minutes\" \/>\n<script type=\"application\/ld+json\" class=\"yoast-schema-graph\">{\"@context\":\"https:\/\/schema.org\",\"@graph\":[{\"@type\":\"WebPage\",\"@id\":\"https:\/\/www.welovecycling.com\/se\/2020\/03\/11\/har-ar-nya-skoda-cycling-team-2020\/\",\"url\":\"https:\/\/www.welovecycling.com\/se\/2020\/03\/11\/har-ar-nya-skoda-cycling-team-2020\/\",\"name\":\"H\u00e4r \u00e4r nya \u0160koda Cycling Team 2020 - \u0160koda - We Love Cycling - Sweden\",\"isPartOf\":{\"@id\":\"https:\/\/www.welovecycling.com\/se\/#website\"},\"primaryImageOfPage\":{\"@id\":\"https:\/\/www.welovecycling.com\/se\/2020\/03\/11\/har-ar-nya-skoda-cycling-team-2020\/#primaryimage\"},\"image\":{\"@id\":\"https:\/\/www.welovecycling.com\/se\/2020\/03\/11\/har-ar-nya-skoda-cycling-team-2020\/#primaryimage\"},\"thumbnailUrl\":\"https:\/\/d2p6e6u75xmxt8.cloudfront.net\/9\/2020\/03\/SKODA_Camp_19_1640.jpg\",\"datePublished\":\"2020-03-11T14:32:36+00:00\",\"dateModified\":\"2020-03-13T08:48:28+00:00\",\"author\":{\"@id\":\"https:\/\/www.welovecycling.com\/se\/#\/schema\/person\/037f34ad5d6e77accab8a3eff6ad7a0c\"},\"breadcrumb\":{\"@id\":\"https:\/\/www.welovecycling.com\/se\/2020\/03\/11\/har-ar-nya-skoda-cycling-team-2020\/#breadcrumb\"},\"inLanguage\":\"sv-SE\",\"potentialAction\":[{\"@type\":\"ReadAction\",\"target\":[\"https:\/\/www.welovecycling.com\/se\/2020\/03\/11\/har-ar-nya-skoda-cycling-team-2020\/\"]}]},{\"@type\":\"ImageObject\",\"inLanguage\":\"sv-SE\",\"@id\":\"https:\/\/www.welovecycling.com\/se\/2020\/03\/11\/har-ar-nya-skoda-cycling-team-2020\/#primaryimage\",\"url\":\"https:\/\/d2p6e6u75xmxt8.cloudfront.net\/9\/2020\/03\/SKODA_Camp_19_1640.jpg\",\"contentUrl\":\"https:\/\/d2p6e6u75xmxt8.cloudfront.net\/9\/2020\/03\/SKODA_Camp_19_1640.jpg\",\"width\":2048,\"height\":1365},{\"@type\":\"BreadcrumbList\",\"@id\":\"https:\/\/www.welovecycling.com\/se\/2020\/03\/11\/har-ar-nya-skoda-cycling-team-2020\/#breadcrumb\",\"itemListElement\":[{\"@type\":\"ListItem\",\"position\":1,\"name\":\"Home\",\"item\":\"https:\/\/www.welovecycling.com\/se\/\"},{\"@type\":\"ListItem\",\"position\":2,\"name\":\"H\u00e4r \u00e4r nya \u0160koda Cycling Team 2020\"}]},{\"@type\":\"WebSite\",\"@id\":\"https:\/\/www.welovecycling.com\/se\/#website\",\"url\":\"https:\/\/www.welovecycling.com\/se\/\",\"name\":\"\u0160koda - We Love Cycling - Sweden\",\"description\":\"\u0160koda We Love Cycling - Sweden\",\"potentialAction\":[{\"@type\":\"SearchAction\",\"target\":{\"@type\":\"EntryPoint\",\"urlTemplate\":\"https:\/\/www.welovecycling.com\/se\/?s={search_term_string}\"},\"query-input\":{\"@type\":\"PropertyValueSpecification\",\"valueRequired\":true,\"valueName\":\"search_term_string\"}}],\"inLanguage\":\"sv-SE\"},{\"@type\":\"Person\",\"@id\":\"https:\/\/www.welovecycling.com\/se\/#\/schema\/person\/037f34ad5d6e77accab8a3eff6ad7a0c\",\"name\":\"erikleonsson\",\"image\":{\"@type\":\"ImageObject\",\"inLanguage\":\"sv-SE\",\"@id\":\"https:\/\/www.welovecycling.com\/se\/#\/schema\/person\/image\/\",\"url\":\"https:\/\/secure.gravatar.com\/avatar\/788a593b0a657d6864c271709722f9cd586caa5a645e77f71fe625396b02677c?s=96&d=mm&r=g\",\"contentUrl\":\"https:\/\/secure.gravatar.com\/avatar\/788a593b0a657d6864c271709722f9cd586caa5a645e77f71fe625396b02677c?s=96&d=mm&r=g\",\"caption\":\"erikleonsson\"},\"url\":\"https:\/\/www.welovecycling.com\/se\/author\/erikleonsson\/\"}]}<\/script>\n<!-- \/ Yoast SEO Premium plugin. -->","yoast_head_json":{"title":"H\u00e4r \u00e4r nya \u0160koda Cycling Team 2020 - \u0160koda - We Love Cycling - Sweden","robots":{"index":"index","follow":"follow","max-snippet":"max-snippet:-1","max-image-preview":"max-image-preview:large","max-video-preview":"max-video-preview:-1"},"canonical":"https:\/\/www.welovecycling.com\/se\/2020\/03\/11\/har-ar-nya-skoda-cycling-team-2020\/","og_locale":"sv_SE","og_type":"article","og_title":"H\u00e4r \u00e4r nya \u0160koda Cycling Team 2020","og_description":"Den nya utmanande banstr\u00e4ckningen runt V\u00e4tternrundan avskr\u00e4ckte inte de s\u00f6kande till \u00e5rets \u0160koda Cycling Team. \u00c4nnu ett \u00e5r slog ans\u00f6kningarna [&hellip;]","og_url":"https:\/\/www.welovecycling.com\/se\/2020\/03\/11\/har-ar-nya-skoda-cycling-team-2020\/","og_site_name":"\u0160koda - We Love Cycling - Sweden","article_published_time":"2020-03-11T14:32:36+00:00","article_modified_time":"2020-03-13T08:48:28+00:00","og_image":[{"width":2048,"height":1365,"url":"https:\/\/d2p6e6u75xmxt8.cloudfront.net\/9\/2020\/03\/SKODA_Camp_19_1640.jpg","type":"image\/jpeg"}],"author":"erikleonsson","twitter_card":"summary_large_image","twitter_misc":{"Written by":"erikleonsson","Est. reading time":"3 minutes"},"schema":{"@context":"https:\/\/schema.org","@graph":[{"@type":"WebPage","@id":"https:\/\/www.welovecycling.com\/se\/2020\/03\/11\/har-ar-nya-skoda-cycling-team-2020\/","url":"https:\/\/www.welovecycling.com\/se\/2020\/03\/11\/har-ar-nya-skoda-cycling-team-2020\/","name":"H\u00e4r \u00e4r nya \u0160koda Cycling Team 2020 - \u0160koda - We Love Cycling - Sweden","isPartOf":{"@id":"https:\/\/www.welovecycling.com\/se\/#website"},"primaryImageOfPage":{"@id":"https:\/\/www.welovecycling.com\/se\/2020\/03\/11\/har-ar-nya-skoda-cycling-team-2020\/#primaryimage"},"image":{"@id":"https:\/\/www.welovecycling.com\/se\/2020\/03\/11\/har-ar-nya-skoda-cycling-team-2020\/#primaryimage"},"thumbnailUrl":"https:\/\/d2p6e6u75xmxt8.cloudfront.net\/9\/2020\/03\/SKODA_Camp_19_1640.jpg","datePublished":"2020-03-11T14:32:36+00:00","dateModified":"2020-03-13T08:48:28+00:00","author":{"@id":"https:\/\/www.welovecycling.com\/se\/#\/schema\/person\/037f34ad5d6e77accab8a3eff6ad7a0c"},"breadcrumb":{"@id":"https:\/\/www.welovecycling.com\/se\/2020\/03\/11\/har-ar-nya-skoda-cycling-team-2020\/#breadcrumb"},"inLanguage":"sv-SE","potentialAction":[{"@type":"ReadAction","target":["https:\/\/www.welovecycling.com\/se\/2020\/03\/11\/har-ar-nya-skoda-cycling-team-2020\/"]}]},{"@type":"ImageObject","inLanguage":"sv-SE","@id":"https:\/\/www.welovecycling.com\/se\/2020\/03\/11\/har-ar-nya-skoda-cycling-team-2020\/#primaryimage","url":"https:\/\/d2p6e6u75xmxt8.cloudfront.net\/9\/2020\/03\/SKODA_Camp_19_1640.jpg","contentUrl":"https:\/\/d2p6e6u75xmxt8.cloudfront.net\/9\/2020\/03\/SKODA_Camp_19_1640.jpg","width":2048,"height":1365},{"@type":"BreadcrumbList","@id":"https:\/\/www.welovecycling.com\/se\/2020\/03\/11\/har-ar-nya-skoda-cycling-team-2020\/#breadcrumb","itemListElement":[{"@type":"ListItem","position":1,"name":"Home","item":"https:\/\/www.welovecycling.com\/se\/"},{"@type":"ListItem","position":2,"name":"H\u00e4r \u00e4r nya \u0160koda Cycling Team 2020"}]},{"@type":"WebSite","@id":"https:\/\/www.welovecycling.com\/se\/#website","url":"https:\/\/www.welovecycling.com\/se\/","name":"\u0160koda - We Love Cycling - Sweden","description":"\u0160koda We Love Cycling - Sweden","potentialAction":[{"@type":"SearchAction","target":{"@type":"EntryPoint","urlTemplate":"https:\/\/www.welovecycling.com\/se\/?s={search_term_string}"},"query-input":{"@type":"PropertyValueSpecification","valueRequired":true,"valueName":"search_term_string"}}],"inLanguage":"sv-SE"},{"@type":"Person","@id":"https:\/\/www.welovecycling.com\/se\/#\/schema\/person\/037f34ad5d6e77accab8a3eff6ad7a0c","name":"erikleonsson","image":{"@type":"ImageObject","inLanguage":"sv-SE","@id":"https:\/\/www.welovecycling.com\/se\/#\/schema\/person\/image\/","url":"https:\/\/secure.gravatar.com\/avatar\/788a593b0a657d6864c271709722f9cd586caa5a645e77f71fe625396b02677c?s=96&d=mm&r=g","contentUrl":"https:\/\/secure.gravatar.com\/avatar\/788a593b0a657d6864c271709722f9cd586caa5a645e77f71fe625396b02677c?s=96&d=mm&r=g","caption":"erikleonsson"},"url":"https:\/\/www.welovecycling.com\/se\/author\/erikleonsson\/"}]}},"_links":{"self":[{"href":"https:\/\/www.welovecycling.com\/se\/wp-json\/wp\/v2\/posts\/2540","targetHints":{"allow":["GET"]}}],"collection":[{"href":"https:\/\/www.welovecycling.com\/se\/wp-json\/wp\/v2\/posts"}],"about":[{"href":"https:\/\/www.welovecycling.com\/se\/wp-json\/wp\/v2\/types\/post"}],"author":[{"embeddable":true,"href":"https:\/\/www.welovecycling.com\/se\/wp-json\/wp\/v2\/users\/52"}],"replies":[{"embeddable":true,"href":"https:\/\/www.welovecycling.com\/se\/wp-json\/wp\/v2\/comments?post=2540"}],"version-history":[{"count":2,"href":"https:\/\/www.welovecycling.com\/se\/wp-json\/wp\/v2\/posts\/2540\/revisions"}],"predecessor-version":[{"id":2554,"href":"https:\/\/www.welovecycling.com\/se\/wp-json\/wp\/v2\/posts\/2540\/revisions\/2554"}],"wp:featuredmedia":[{"embeddable":true,"href":"https:\/\/www.welovecycling.com\/se\/wp-json\/wp\/v2\/media\/2541"}],"wp:attachment":[{"href":"https:\/\/www.welovecycling.com\/se\/wp-json\/wp\/v2\/media?parent=2540"}],"wp:term":[{"taxonomy":"category","embeddable":true,"href":"https:\/\/www.welovecycling.com\/se\/wp-json\/wp\/v2\/categories?post=2540"},{"taxonomy":"post_tag","embeddable":true,"href":"https:\/\/www.welovecycling.com\/se\/wp-json\/wp\/v2\/tags?post=2540"},{"taxonomy":"global-categories","embeddable":true,"href":"https:\/\/www.welovecycling.com\/se\/wp-json\/wp\/v2\/global-categories?post=2540"}],"curies":[{"name":"wp","href":"https:\/\/api.w.org\/{rel}","templated":true}]}}