{"id":2514,"date":"2020-02-20T21:44:24","date_gmt":"2020-02-20T20:44:24","guid":{"rendered":"https:\/\/www.welovecycling.com\/se\/?p=2514"},"modified":"2020-02-20T21:44:24","modified_gmt":"2020-02-20T20:44:24","slug":"cykeltavlingar-for-dig-som-alskar-sno","status":"publish","type":"post","link":"https:\/\/www.welovecycling.com\/se\/2020\/02\/20\/cykeltavlingar-for-dig-som-alskar-sno\/","title":{"rendered":"Cykelt\u00e4vlingar f\u00f6r dig som \u00e4lskar sn\u00f6"},"content":{"rendered":"<p><strong>\u00c4ven om m\u00e5nga cyklister l\u00e5ser in sig p\u00e5\u00a0trainers \u00f6ver vintern s\u00e5 finns det ocks\u00e5 cyklister som gillar\u00a0kyla och att cykla p\u00e5 sn\u00f6. Det finns rej\u00e4la utmaningar vintertid och f\u00f6r n\u00e5gra av dom beh\u00f6vs lite fetare d\u00e4ck. Eller s\u00e5 kan du \u00e5ka till en skidort och cykla st\u00f6rtlopp. \u00a0Det finns lopp f\u00f6r b\u00e5de cyklister med adrenalinabstinens och den k\u00f6ldt\u00e5liga uth\u00e5llighetsfantasten.\u00a0<\/strong><!--more--><\/p>\n<h2><strong>Rovaniemi 66 \u2013 300<\/strong><\/h2>\n<p><em>(Rovaniemi \u2013 Finland, Februari 17 \u2013 20, 2020)<\/em><\/p>\n<p>Allts\u00e5, i Tomtens hemby cyklas det varje vinter (p\u00e5g\u00e5r just nu) ett lopp p\u00e5 sn\u00f6 med feta d\u00e4ck. Eventet bjuder p\u00e5 mycket av det som normala cyklister f\u00f6rs\u00f6ker undvika vintertid: kyla, djup sn\u00f6, m\u00f6rker och att sova ute. Det finns tre l\u00e4ngder p\u00e5 loppet och du kan v\u00e4lja mellan\u00a0<a href=\"https:\/\/www.rovaniemi150.com\">\u00a066, 150, and 300-km<\/a>. Ut\u00f6ver cykelkategorin s\u00e5 finns det t\u00e4vlingsklasser f\u00f6r skidor och sn\u00f6skor. Cykelloppet cyklas med f\u00f6rdel p\u00e5 en fat bike. Alla deltagare m\u00e5ste ha en GPS-s\u00e4ndare och utrustning f\u00f6r att klara en natt ute. Hur l\u00e5ng tid loppet tar varierar rej\u00e4lt med v\u00e4dret, 2017 \u00e5rs vinnare i l\u00e5nga klassen cyklade in p\u00e5 10 timmar och 24 minuter. 2012 tog samma distans 31 timmar och 34 minuter. \u00a0Rovaniemi 300 \u00e4r ett kvalifikationslopp f\u00f6r att f\u00e5 cykla Iditarod Invitational (se nedan).<\/p>\n<p><img loading=\"lazy\" decoding=\"async\" class=\"alignnone size-full wp-image-2520\" src=\"https:\/\/d2p6e6u75xmxt8.cloudfront.net\/9\/2020\/02\/Rovaniemi150.jpg\" alt=\"\" width=\"912\" height=\"684\" srcset=\"https:\/\/d2p6e6u75xmxt8.cloudfront.net\/9\/2020\/02\/Rovaniemi150.jpg 912w, https:\/\/d2p6e6u75xmxt8.cloudfront.net\/9\/2020\/02\/Rovaniemi150-300x225.jpg 300w, https:\/\/d2p6e6u75xmxt8.cloudfront.net\/9\/2020\/02\/Rovaniemi150-768x576.jpg 768w\" sizes=\"auto, (max-width: 912px) 100vw, 912px\" \/><\/p>\n<h2><strong>Chinese Downhill<\/strong><\/h2>\n<p><em>(22 Februari, 2020, \u0160pindler\u016fv Ml\u00fdn \u2013 Czech Republic)<\/em><\/p>\n<p>Red Bull-sponsrade tidigare-World Cup-cyklisten Michal Maro\u0161i ordnar varje vinter, <a href=\"https:\/\/www.redbull.com\/cz-cs\/events\/bike-chinese-downhill-2020-marosana\">Chinese Downhill som snabbt har blivit en action-klassiker<\/a>. S\u00e5 fort som pisterna st\u00e4ngt f\u00f6r skid\u00e5karna \u00e4r det cyklisternas tur att gl\u00e4nsa. Rejset cyklas i en av dom l\u00e4ngsta pisterna p\u00e5 skidorten, start uppe p\u00e5 toppen och m\u00e5lg\u00e5ng vid liftens dalstation. Eventet \u00e4r \u00f6ppet f\u00f6r alla cyklister som k\u00e4nner sig lockade men cyklas tv\u00e5 heat d\u00e4r alla anm\u00e4lda startar samtidigt i f\u00f6rsta och endast de 100 snabbaste g\u00e5r vidare till finalen. Sn\u00f6n \u00e4r inte listad efter dagens skid\u00e5kning och f\u00f6rh\u00e5llandena kan sn\u00e4llt beskrivas som fostrande, l\u00f6mska \u00e4r ett annat passande ord. Det kraschas rej\u00e4lt hela v\u00e4gen ner men \u00e4n s\u00e5 l\u00e4nge har ingen skadats allvarligt. Om t\u00e4vlingen \u00e4r vild s\u00e5 \u00e4r det bara f\u00f6rnamnet p\u00e5 efterfesten.<\/p>\n<div id='gallery-1' class='gallery galleryid-2514 gallery-columns-2 gallery-size-large'><figure class='gallery-item'>\n\t\t\t<div class='gallery-icon landscape'>\n\t\t\t\t<a href='https:\/\/d2p6e6u75xmxt8.cloudfront.net\/9\/2020\/02\/Chinese-Downhill.JPG.jpg'><img loading=\"lazy\" decoding=\"async\" width=\"1024\" height=\"682\" src=\"https:\/\/d2p6e6u75xmxt8.cloudfront.net\/9\/2020\/02\/Chinese-Downhill.JPG-1024x682.jpg\" class=\"attachment-large size-large\" alt=\"\" srcset=\"https:\/\/d2p6e6u75xmxt8.cloudfront.net\/9\/2020\/02\/Chinese-Downhill.JPG-1024x682.jpg 1024w, https:\/\/d2p6e6u75xmxt8.cloudfront.net\/9\/2020\/02\/Chinese-Downhill.JPG-300x200.jpg 300w, https:\/\/d2p6e6u75xmxt8.cloudfront.net\/9\/2020\/02\/Chinese-Downhill.JPG-768x512.jpg 768w, https:\/\/d2p6e6u75xmxt8.cloudfront.net\/9\/2020\/02\/Chinese-Downhill.JPG-272x182.jpg 272w, https:\/\/d2p6e6u75xmxt8.cloudfront.net\/9\/2020\/02\/Chinese-Downhill.JPG.jpg 1280w\" sizes=\"auto, (max-width: 1024px) 100vw, 1024px\" \/><\/a>\n\t\t\t<\/div><\/figure><figure class='gallery-item'>\n\t\t\t<div class='gallery-icon landscape'>\n\t\t\t\t<a href='https:\/\/d2p6e6u75xmxt8.cloudfront.net\/9\/2020\/02\/Chinese-Downhill-1.JPG.jpg'><img loading=\"lazy\" decoding=\"async\" width=\"1024\" height=\"682\" src=\"https:\/\/d2p6e6u75xmxt8.cloudfront.net\/9\/2020\/02\/Chinese-Downhill-1.JPG-1024x682.jpg\" class=\"attachment-large size-large\" alt=\"\" srcset=\"https:\/\/d2p6e6u75xmxt8.cloudfront.net\/9\/2020\/02\/Chinese-Downhill-1.JPG-1024x682.jpg 1024w, https:\/\/d2p6e6u75xmxt8.cloudfront.net\/9\/2020\/02\/Chinese-Downhill-1.JPG-300x200.jpg 300w, https:\/\/d2p6e6u75xmxt8.cloudfront.net\/9\/2020\/02\/Chinese-Downhill-1.JPG-768x512.jpg 768w, https:\/\/d2p6e6u75xmxt8.cloudfront.net\/9\/2020\/02\/Chinese-Downhill-1.JPG-272x182.jpg 272w, https:\/\/d2p6e6u75xmxt8.cloudfront.net\/9\/2020\/02\/Chinese-Downhill-1.JPG.jpg 1280w\" sizes=\"auto, (max-width: 1024px) 100vw, 1024px\" \/><\/a>\n\t\t\t<\/div><\/figure>\n\t\t<\/div>\n\n<h2><strong>Iditarod Invitational<\/strong><\/h2>\n<p><em>(1:a mars, 2020, Knik Lake, Alaska, USA)<\/em><\/p>\n<p>Med en t\u00e4vlingstid p\u00e5 upp till 30 dagar kan man kalla Iditarod f\u00f6r en rej\u00e4l utmaning utan att \u00f6verdriva. Terr\u00e4ngen \u00e4r avl\u00e4gsna delar av Alaska och supporten fr\u00e5n organisationen \u00e4r minimal. Det \u00e4r upp till var och en att klara sig sj\u00e4lva. <a href=\"http:\/\/www.iditarodtrailinvitational.com\/\">Iditarod Invitational <\/a> har ett v\u00e4lf\u00f6rtj\u00e4nt rykte att vara bland det h\u00e5rdaste man kan g\u00f6ra p\u00e5 en cykel, den l\u00e5nga distansen \u00e4r 1600 kilometer och den korta runt 600, och det mesta cyklas i obanad terr\u00e4ng med ett rej\u00e4lt sn\u00f6lager p\u00e5. F\u00f6r att kvalificera sig f\u00f6r den korta versionen m\u00e5ste du ha klarat tv\u00e5 kvalt\u00e4vlingar som \u00e4r minst 160 kilometer p\u00e5 sn\u00f6 i j\u00e4mf\u00f6rbara f\u00f6rh\u00e5llanden. Det finns precis som i kvalt\u00e4vlingen i Rovaniemi klasser f\u00f6r skidor, cykel och till fots (sn\u00f6skor) snittfarten \u00e4r s\u00e4llan h\u00f6gre \u00e4n 5 kilometer i timmen. F\u00f6r n\u00e4stan alla deltagare \u00e4r \u00e4ventyret viktigare \u00e4n sj\u00e4lva t\u00e4vlingsmomentet. Med naturens makter, s\u00f6mnbrist och m\u00f6rker som sina v\u00e4rsta motst\u00e5ndare g\u00e4ller det f\u00f6r alla deltagare att gr\u00e4va djupt f\u00f6r att ta sig i m\u00e5l. Endast dom som klarat den 600 kilometer l\u00e5nga versionen kan anm\u00e4la sig till den 1600 kilometer l\u00e5nga, det anses vara den l\u00e4ngsta och h\u00e5rdaste vintert\u00e4vlingen i v\u00e4rlden. Med tanke p\u00e5 allt som kan h\u00e4nda p\u00e5 v\u00e4gen \u00e4r det f\u00f6rst\u00e5eligt att startf\u00e4ltet \u00e4r ganska litet, vill du vara med \u00e4r det h\u00f6g tid att b\u00f6rja jobba p\u00e5 att kvala. Varf\u00f6r sitta hemma p\u00e5 en trainer och n\u00f6ta n\u00e4r du kan vintercykla i Alaska?<\/p>\n<p>https:\/\/www.instagram.com\/p\/BvC_O95g4Ta\/<\/p>\n<h2><strong>Glacier Bike Downhill<\/strong><\/h2>\n<p><em>(13:e mars, 2020, Saas-Fee &#8211; Switzerland)<\/em><\/p>\n<p>Det\u00a0<a href=\"https:\/\/www.saas-fee.ch\/en\/saas-valley\/activities-events\/top-events\/glacier-bike-downhill\/\">traditionella glaci\u00e4r rejset<\/a>\u00a0som varje vinter ordnas i Schweiziska Saas-Fee startar p\u00e5 3500 meters h\u00f6jd i Mittelallain-massivet. Cyklisterna sl\u00e4pps iv\u00e4g i startgrupper och banan \u00e4r rej\u00e4lt brant och oftast ocks\u00e5 ganska isig. Den totala fallh\u00f6jden \u00e4r hela 1700 meter och arrang\u00f6rerna s\u00e4ger att loppet fr\u00e4mst \u00e4r till f\u00f6r erfarna cyklister. Direkt efter m\u00e5lg\u00e5ng kan man g\u00e5 till efterfesten och njuta av att kommit ner hel. Och ja, loppet kallas Mountain of Hell.<\/p>\n<lite-youtube videoid=J_IFoSKTl1Y params=\"enablejsapi=1\" style=\"background-image: url('https:\/\/i.ytimg.com\/vi_webp\/J_IFoSKTl1Y\/maxresdefault.webp');\"><\/lite-youtube>\n","protected":false},"excerpt":{"rendered":"<p>\u00c4ven om m\u00e5nga cyklister l\u00e5ser in sig p\u00e5\u00a0trainers \u00f6ver vintern s\u00e5 finns det ocks\u00e5 cyklister som gillar\u00a0kyla och att cykla [&hellip;]<\/p>\n","protected":false},"author":80,"featured_media":2525,"comment_status":"open","ping_status":"open","sticky":false,"template":"","format":"standard","meta":{"footnotes":""},"categories":[5],"tags":[],"global-categories":[],"class_list":["post-2514","post","type-post","status-publish","format-standard","has-post-thumbnail","hentry","category-nyheter"],"yoast_head":"<!-- This site is optimized with the Yoast SEO Premium plugin v25.3 (Yoast SEO v25.9) - https:\/\/yoast.com\/wordpress\/plugins\/seo\/ -->\n<title>Cykelt\u00e4vlingar f\u00f6r dig som \u00e4lskar sn\u00f6 - \u0160koda - We Love Cycling - Sweden<\/title>\n<meta name=\"robots\" content=\"index, follow, max-snippet:-1, max-image-preview:large, max-video-preview:-1\" \/>\n<link rel=\"canonical\" href=\"https:\/\/www.welovecycling.com\/se\/2020\/02\/20\/cykeltavlingar-for-dig-som-alskar-sno\/\" \/>\n<meta property=\"og:locale\" content=\"sv_SE\" \/>\n<meta property=\"og:type\" content=\"article\" \/>\n<meta property=\"og:title\" content=\"Cykelt\u00e4vlingar f\u00f6r dig som \u00e4lskar sn\u00f6\" \/>\n<meta property=\"og:description\" content=\"\u00c4ven om m\u00e5nga cyklister l\u00e5ser in sig p\u00e5\u00a0trainers \u00f6ver vintern s\u00e5 finns det ocks\u00e5 cyklister som gillar\u00a0kyla och att cykla [&hellip;]\" \/>\n<meta property=\"og:url\" content=\"https:\/\/www.welovecycling.com\/se\/2020\/02\/20\/cykeltavlingar-for-dig-som-alskar-sno\/\" \/>\n<meta property=\"og:site_name\" content=\"\u0160koda - We Love Cycling - Sweden\" \/>\n<meta property=\"article:published_time\" content=\"2020-02-20T20:44:24+00:00\" \/>\n<meta property=\"og:image\" content=\"https:\/\/d2p6e6u75xmxt8.cloudfront.net\/9\/2020\/02\/Chinese-Downhill-CVR-1.jpg\" \/>\n\t<meta property=\"og:image:width\" content=\"1366\" \/>\n\t<meta property=\"og:image:height\" content=\"600\" \/>\n\t<meta property=\"og:image:type\" content=\"image\/jpeg\" \/>\n<meta name=\"author\" content=\"kallebern\" \/>\n<meta name=\"twitter:card\" content=\"summary_large_image\" \/>\n<meta name=\"twitter:label1\" content=\"Written by\" \/>\n\t<meta name=\"twitter:data1\" content=\"Adam Marsal\" \/>\n\t<meta name=\"twitter:label2\" content=\"Est. reading time\" \/>\n\t<meta name=\"twitter:data2\" content=\"7\" \/>\n<script type=\"application\/ld+json\" class=\"yoast-schema-graph\">{\"@context\":\"https:\/\/schema.org\",\"@graph\":[{\"@type\":\"WebPage\",\"@id\":\"https:\/\/www.welovecycling.com\/se\/2020\/02\/20\/cykeltavlingar-for-dig-som-alskar-sno\/\",\"url\":\"https:\/\/www.welovecycling.com\/se\/2020\/02\/20\/cykeltavlingar-for-dig-som-alskar-sno\/\",\"name\":\"Cykelt\u00e4vlingar f\u00f6r dig som \u00e4lskar sn\u00f6 - \u0160koda - We Love Cycling - Sweden\",\"isPartOf\":{\"@id\":\"https:\/\/www.welovecycling.com\/se\/#website\"},\"primaryImageOfPage\":{\"@id\":\"https:\/\/www.welovecycling.com\/se\/2020\/02\/20\/cykeltavlingar-for-dig-som-alskar-sno\/#primaryimage\"},\"image\":{\"@id\":\"https:\/\/www.welovecycling.com\/se\/2020\/02\/20\/cykeltavlingar-for-dig-som-alskar-sno\/#primaryimage\"},\"thumbnailUrl\":\"https:\/\/d2p6e6u75xmxt8.cloudfront.net\/9\/2020\/02\/Chinese-Downhill-CVR-1.jpg\",\"datePublished\":\"2020-02-20T20:44:24+00:00\",\"author\":{\"@id\":\"https:\/\/www.welovecycling.com\/se\/#\/schema\/person\/cf0db6969fc5aa4e230760e09dde1f45\"},\"breadcrumb\":{\"@id\":\"https:\/\/www.welovecycling.com\/se\/2020\/02\/20\/cykeltavlingar-for-dig-som-alskar-sno\/#breadcrumb\"},\"inLanguage\":\"sv-SE\",\"potentialAction\":[{\"@type\":\"ReadAction\",\"target\":[\"https:\/\/www.welovecycling.com\/se\/2020\/02\/20\/cykeltavlingar-for-dig-som-alskar-sno\/\"]}]},{\"@type\":\"ImageObject\",\"inLanguage\":\"sv-SE\",\"@id\":\"https:\/\/www.welovecycling.com\/se\/2020\/02\/20\/cykeltavlingar-for-dig-som-alskar-sno\/#primaryimage\",\"url\":\"https:\/\/d2p6e6u75xmxt8.cloudfront.net\/9\/2020\/02\/Chinese-Downhill-CVR-1.jpg\",\"contentUrl\":\"https:\/\/d2p6e6u75xmxt8.cloudfront.net\/9\/2020\/02\/Chinese-Downhill-CVR-1.jpg\",\"width\":1366,\"height\":600},{\"@type\":\"BreadcrumbList\",\"@id\":\"https:\/\/www.welovecycling.com\/se\/2020\/02\/20\/cykeltavlingar-for-dig-som-alskar-sno\/#breadcrumb\",\"itemListElement\":[{\"@type\":\"ListItem\",\"position\":1,\"name\":\"Home\",\"item\":\"https:\/\/www.welovecycling.com\/se\/\"},{\"@type\":\"ListItem\",\"position\":2,\"name\":\"Cykelt\u00e4vlingar f\u00f6r dig som \u00e4lskar sn\u00f6\"}]},{\"@type\":\"WebSite\",\"@id\":\"https:\/\/www.welovecycling.com\/se\/#website\",\"url\":\"https:\/\/www.welovecycling.com\/se\/\",\"name\":\"\u0160koda - We Love Cycling - Sweden\",\"description\":\"\u0160koda We Love Cycling - Sweden\",\"potentialAction\":[{\"@type\":\"SearchAction\",\"target\":{\"@type\":\"EntryPoint\",\"urlTemplate\":\"https:\/\/www.welovecycling.com\/se\/?s={search_term_string}\"},\"query-input\":{\"@type\":\"PropertyValueSpecification\",\"valueRequired\":true,\"valueName\":\"search_term_string\"}}],\"inLanguage\":\"sv-SE\"},{\"@type\":\"Person\",\"@id\":\"https:\/\/www.welovecycling.com\/se\/#\/schema\/person\/cf0db6969fc5aa4e230760e09dde1f45\",\"name\":\"kallebern\",\"image\":{\"@type\":\"ImageObject\",\"inLanguage\":\"sv-SE\",\"@id\":\"https:\/\/www.welovecycling.com\/se\/#\/schema\/person\/image\/\",\"url\":\"https:\/\/secure.gravatar.com\/avatar\/aa7179ed680d67575eb51f63c5b61904173a0d3f6f176fe19385d5dbb376c145?s=96&d=mm&r=g\",\"contentUrl\":\"https:\/\/secure.gravatar.com\/avatar\/aa7179ed680d67575eb51f63c5b61904173a0d3f6f176fe19385d5dbb376c145?s=96&d=mm&r=g\",\"caption\":\"kallebern\"},\"url\":\"https:\/\/www.welovecycling.com\/se\/author\/kallebern\/\"}]}<\/script>\n<!-- \/ Yoast SEO Premium plugin. -->","yoast_head_json":{"title":"Cykelt\u00e4vlingar f\u00f6r dig som \u00e4lskar sn\u00f6 - \u0160koda - We Love Cycling - Sweden","robots":{"index":"index","follow":"follow","max-snippet":"max-snippet:-1","max-image-preview":"max-image-preview:large","max-video-preview":"max-video-preview:-1"},"canonical":"https:\/\/www.welovecycling.com\/se\/2020\/02\/20\/cykeltavlingar-for-dig-som-alskar-sno\/","og_locale":"sv_SE","og_type":"article","og_title":"Cykelt\u00e4vlingar f\u00f6r dig som \u00e4lskar sn\u00f6","og_description":"\u00c4ven om m\u00e5nga cyklister l\u00e5ser in sig p\u00e5\u00a0trainers \u00f6ver vintern s\u00e5 finns det ocks\u00e5 cyklister som gillar\u00a0kyla och att cykla [&hellip;]","og_url":"https:\/\/www.welovecycling.com\/se\/2020\/02\/20\/cykeltavlingar-for-dig-som-alskar-sno\/","og_site_name":"\u0160koda - We Love Cycling - Sweden","article_published_time":"2020-02-20T20:44:24+00:00","og_image":[{"width":1366,"height":600,"url":"https:\/\/d2p6e6u75xmxt8.cloudfront.net\/9\/2020\/02\/Chinese-Downhill-CVR-1.jpg","type":"image\/jpeg"}],"author":"kallebern","twitter_card":"summary_large_image","twitter_misc":{"Written by":"Adam Marsal","Est. reading time":"7"},"schema":{"@context":"https:\/\/schema.org","@graph":[{"@type":"WebPage","@id":"https:\/\/www.welovecycling.com\/se\/2020\/02\/20\/cykeltavlingar-for-dig-som-alskar-sno\/","url":"https:\/\/www.welovecycling.com\/se\/2020\/02\/20\/cykeltavlingar-for-dig-som-alskar-sno\/","name":"Cykelt\u00e4vlingar f\u00f6r dig som \u00e4lskar sn\u00f6 - \u0160koda - We Love Cycling - Sweden","isPartOf":{"@id":"https:\/\/www.welovecycling.com\/se\/#website"},"primaryImageOfPage":{"@id":"https:\/\/www.welovecycling.com\/se\/2020\/02\/20\/cykeltavlingar-for-dig-som-alskar-sno\/#primaryimage"},"image":{"@id":"https:\/\/www.welovecycling.com\/se\/2020\/02\/20\/cykeltavlingar-for-dig-som-alskar-sno\/#primaryimage"},"thumbnailUrl":"https:\/\/d2p6e6u75xmxt8.cloudfront.net\/9\/2020\/02\/Chinese-Downhill-CVR-1.jpg","datePublished":"2020-02-20T20:44:24+00:00","author":{"@id":"https:\/\/www.welovecycling.com\/se\/#\/schema\/person\/cf0db6969fc5aa4e230760e09dde1f45"},"breadcrumb":{"@id":"https:\/\/www.welovecycling.com\/se\/2020\/02\/20\/cykeltavlingar-for-dig-som-alskar-sno\/#breadcrumb"},"inLanguage":"sv-SE","potentialAction":[{"@type":"ReadAction","target":["https:\/\/www.welovecycling.com\/se\/2020\/02\/20\/cykeltavlingar-for-dig-som-alskar-sno\/"]}]},{"@type":"ImageObject","inLanguage":"sv-SE","@id":"https:\/\/www.welovecycling.com\/se\/2020\/02\/20\/cykeltavlingar-for-dig-som-alskar-sno\/#primaryimage","url":"https:\/\/d2p6e6u75xmxt8.cloudfront.net\/9\/2020\/02\/Chinese-Downhill-CVR-1.jpg","contentUrl":"https:\/\/d2p6e6u75xmxt8.cloudfront.net\/9\/2020\/02\/Chinese-Downhill-CVR-1.jpg","width":1366,"height":600},{"@type":"BreadcrumbList","@id":"https:\/\/www.welovecycling.com\/se\/2020\/02\/20\/cykeltavlingar-for-dig-som-alskar-sno\/#breadcrumb","itemListElement":[{"@type":"ListItem","position":1,"name":"Home","item":"https:\/\/www.welovecycling.com\/se\/"},{"@type":"ListItem","position":2,"name":"Cykelt\u00e4vlingar f\u00f6r dig som \u00e4lskar sn\u00f6"}]},{"@type":"WebSite","@id":"https:\/\/www.welovecycling.com\/se\/#website","url":"https:\/\/www.welovecycling.com\/se\/","name":"\u0160koda - We Love Cycling - Sweden","description":"\u0160koda We Love Cycling - Sweden","potentialAction":[{"@type":"SearchAction","target":{"@type":"EntryPoint","urlTemplate":"https:\/\/www.welovecycling.com\/se\/?s={search_term_string}"},"query-input":{"@type":"PropertyValueSpecification","valueRequired":true,"valueName":"search_term_string"}}],"inLanguage":"sv-SE"},{"@type":"Person","@id":"https:\/\/www.welovecycling.com\/se\/#\/schema\/person\/cf0db6969fc5aa4e230760e09dde1f45","name":"kallebern","image":{"@type":"ImageObject","inLanguage":"sv-SE","@id":"https:\/\/www.welovecycling.com\/se\/#\/schema\/person\/image\/","url":"https:\/\/secure.gravatar.com\/avatar\/aa7179ed680d67575eb51f63c5b61904173a0d3f6f176fe19385d5dbb376c145?s=96&d=mm&r=g","contentUrl":"https:\/\/secure.gravatar.com\/avatar\/aa7179ed680d67575eb51f63c5b61904173a0d3f6f176fe19385d5dbb376c145?s=96&d=mm&r=g","caption":"kallebern"},"url":"https:\/\/www.welovecycling.com\/se\/author\/kallebern\/"}]}},"_links":{"self":[{"href":"https:\/\/www.welovecycling.com\/se\/wp-json\/wp\/v2\/posts\/2514","targetHints":{"allow":["GET"]}}],"collection":[{"href":"https:\/\/www.welovecycling.com\/se\/wp-json\/wp\/v2\/posts"}],"about":[{"href":"https:\/\/www.welovecycling.com\/se\/wp-json\/wp\/v2\/types\/post"}],"author":[{"embeddable":true,"href":"https:\/\/www.welovecycling.com\/se\/wp-json\/wp\/v2\/users\/80"}],"replies":[{"embeddable":true,"href":"https:\/\/www.welovecycling.com\/se\/wp-json\/wp\/v2\/comments?post=2514"}],"version-history":[{"count":2,"href":"https:\/\/www.welovecycling.com\/se\/wp-json\/wp\/v2\/posts\/2514\/revisions"}],"predecessor-version":[{"id":2536,"href":"https:\/\/www.welovecycling.com\/se\/wp-json\/wp\/v2\/posts\/2514\/revisions\/2536"}],"wp:featuredmedia":[{"embeddable":true,"href":"https:\/\/www.welovecycling.com\/se\/wp-json\/wp\/v2\/media\/2525"}],"wp:attachment":[{"href":"https:\/\/www.welovecycling.com\/se\/wp-json\/wp\/v2\/media?parent=2514"}],"wp:term":[{"taxonomy":"category","embeddable":true,"href":"https:\/\/www.welovecycling.com\/se\/wp-json\/wp\/v2\/categories?post=2514"},{"taxonomy":"post_tag","embeddable":true,"href":"https:\/\/www.welovecycling.com\/se\/wp-json\/wp\/v2\/tags?post=2514"},{"taxonomy":"global-categories","embeddable":true,"href":"https:\/\/www.welovecycling.com\/se\/wp-json\/wp\/v2\/global-categories?post=2514"}],"curies":[{"name":"wp","href":"https:\/\/api.w.org\/{rel}","templated":true}]}}