{"id":2477,"date":"2020-01-30T22:52:52","date_gmt":"2020-01-30T21:52:52","guid":{"rendered":"https:\/\/www.welovecycling.com\/se\/?p=2477"},"modified":"2020-01-30T22:52:52","modified_gmt":"2020-01-30T21:52:52","slug":"vintercykling-behover-inte-vara-hardande-det-kan-vara-langa-pass-i-kortarmat-ocksa","status":"publish","type":"post","link":"https:\/\/www.welovecycling.com\/se\/2020\/01\/30\/vintercykling-behover-inte-vara-hardande-det-kan-vara-langa-pass-i-kortarmat-ocksa\/","title":{"rendered":"Vintercykling beh\u00f6ver inte vara h\u00e4rdande, det kan vara l\u00e5nga pass i kort\u00e4rmat ocks\u00e5!"},"content":{"rendered":"<p><strong>Att Mallorca \u00e4r ett fantastiskt cykelresm\u00e5l \u00e4r ingen hemlighet, den baleariska \u00f6n har l\u00e4nge varit cyklisters tillflyktsort. \u00c4ven om den b\u00e4sta s\u00e4songen b\u00f6rjar ungef\u00e4r n\u00e4r vi har sportlov h\u00e4r hemma s\u00e5 \u00e4r \u00f6n ett bra alternativ hela vintern om man inte st\u00e5r ut med sn\u00f6 och kalla t\u00e5r. F\u00f6r att kunna v\u00e4gleda er till den b\u00e4sta mallisresan n\u00e5gonsin har vi tagit hj\u00e4lp av Cameron Jeffers som letat reda p\u00e5 \u00f6ns godbitar \u00e5t oss.\u00a0<\/strong><!--more--><\/p>\n<p>Du kan sj\u00e4lvklart njuta av Mallis p\u00e5 det v\u00e4gn\u00e4t som verkar som gjort f\u00f6r cyklister. Men du kan ocks\u00e5 uppt\u00e4cka \u00f6n p\u00e5 riktigt och cykla lite p\u00e5 alla grusv\u00e4gar som finns. Som transport till och fr\u00e5n cyklingen anv\u00e4nder Cameron Jeffers sin Skoda Superb Scout. P\u00e5 dr\u00f6mresan har han med sig tv\u00e5 cyklar, en f\u00f6r grus och en f\u00f6r asfalt. Genom att kunna variera typen av cykling kan man verkligen maxa sin cykelvecka, efter en dag med massor av kl\u00e4ttring p\u00e5 asfalt kan det vara sk\u00f6nt med lite varierande cykling p\u00e5 ouppt\u00e4ckta grusv\u00e4gar.<\/p>\n<p><img loading=\"lazy\" decoding=\"async\" class=\"alignnone size-full wp-image-2483\" src=\"https:\/\/d2p6e6u75xmxt8.cloudfront.net\/9\/2019\/12\/SKODA-SUPERB-SCOUT-6.jpg\" alt=\"\" width=\"1816\" height=\"1211\" srcset=\"https:\/\/d2p6e6u75xmxt8.cloudfront.net\/9\/2019\/12\/SKODA-SUPERB-SCOUT-6.jpg 1816w, https:\/\/d2p6e6u75xmxt8.cloudfront.net\/9\/2019\/12\/SKODA-SUPERB-SCOUT-6-300x200.jpg 300w, https:\/\/d2p6e6u75xmxt8.cloudfront.net\/9\/2019\/12\/SKODA-SUPERB-SCOUT-6-768x512.jpg 768w, https:\/\/d2p6e6u75xmxt8.cloudfront.net\/9\/2019\/12\/SKODA-SUPERB-SCOUT-6-1024x683.jpg 1024w, https:\/\/d2p6e6u75xmxt8.cloudfront.net\/9\/2019\/12\/SKODA-SUPERB-SCOUT-6-272x182.jpg 272w\" sizes=\"auto, (max-width: 1816px) 100vw, 1816px\" \/><\/p>\n<p>Alla som cyklat grus vet att det \u00e4r mycket mer \u00e4n en fluga, vissa ben\u00e4mner till och med gravel som det st\u00f6rsta hotet mot MTB. Vi skulle inte ta det s\u00e5 l\u00e5ngt men sanningen \u00e4r att den m\u00e5ngsidiga gruscykeln \u00e4r fantastisk och p\u00e5 en \u00f6 som Mallorca spelar det inte l\u00e4ngre n\u00e5gon roll vilken tid p\u00e5 \u00e5ret det \u00e4r. Man kan njuta av en stor variation av v\u00e4gar och det \u00e4r ocks\u00e5 njutbart att rulla l\u00e4ngre str\u00e4ckor p\u00e5 asfalt. N\u00e4rheten till naturen \u00e4r en bonus n\u00e4r man \u00e4r ute p\u00e5 gruset. N\u00e4r vi k\u00f6r igenom en del av grusv\u00e4gsn\u00e4tet blir det tydligt att det ocks\u00e5 \u00e4r jordbruksmark, det springer pl\u00f6tsligt ut kor framf\u00f6r oss. M\u00e5nga av dom fina grusv\u00e4gar vi cyklar ligger i n\u00e4rheten av Alcudia.<br \/>\nGooglar du snabbt p\u00e5 cykling och Mallorca kommer du direkt att hitta k\u00e4nda godbitar som Sa Calobra och v\u00e4gen ut till fyren Cap Formentor men det finns massor av andra fantastiska v\u00e4gar, Cameron har cyklat lite p\u00e5 det mindre k\u00e4nda Mallorca.<\/p>\n<p>&#8221; Det \u00e4r j\u00e4ttesv\u00e5rt att v\u00e4lja ut n\u00e5gra favoriter d\u00e5 det finns s\u00e5 mycket. F\u00f6rst ut \u00e4r nog \u00e4nd\u00e5 Coll De Femenia precis utanf\u00f6r Pollenca, det \u00e4r b\u00f6rjan p\u00e5 Tramuntana-bergen och kl\u00e4ttringen \u00e4r 7 kilometer, utsikten \u00e4r helt magisk. D\u00e5 det inte \u00e4r s\u00e5 brant \u00e4r det en perfekt kl\u00e4ttring att b\u00f6rja dagen med. Det h\u00e4r \u00e4r min favoritkl\u00e4ttring p\u00e5 \u00f6n,&#8221; Ber\u00e4ttar Cameron.<\/p>\n<figure id=\"attachment_2488\" aria-describedby=\"caption-attachment-2488\" style=\"width: 1024px\" class=\"wp-caption alignnone\"><img loading=\"lazy\" decoding=\"async\" class=\"wp-image-2488 size-large\" src=\"https:\/\/d2p6e6u75xmxt8.cloudfront.net\/9\/2019\/12\/profimedia-0040363908-1024x377.jpg\" alt=\"\" width=\"1024\" height=\"377\" srcset=\"https:\/\/d2p6e6u75xmxt8.cloudfront.net\/9\/2019\/12\/profimedia-0040363908-1024x377.jpg 1024w, https:\/\/d2p6e6u75xmxt8.cloudfront.net\/9\/2019\/12\/profimedia-0040363908-300x111.jpg 300w, https:\/\/d2p6e6u75xmxt8.cloudfront.net\/9\/2019\/12\/profimedia-0040363908-768x283.jpg 768w, https:\/\/d2p6e6u75xmxt8.cloudfront.net\/9\/2019\/12\/profimedia-0040363908.jpg 1800w\" sizes=\"auto, (max-width: 1024px) 100vw, 1024px\" \/><figcaption id=\"caption-attachment-2488\" class=\"wp-caption-text\">Utsikt mot Sierra de Tramuntana (Serra de Tramuntana) n\u00e4ra Muro, Mallorca<\/figcaption><\/figure>\n<p>\u201cMin favoritv\u00e4g \u00e4r kustv\u00e4gen mellan Valldemossa och Deia. Det \u00e4r lite lugnare p\u00e5 den sidan av \u00f6n och utsikten \u00f6ver det djupt bl\u00e5 havet laddar om benen lite extra, det \u00e4r v\u00e4ldigt inspirerande med s\u00e5n absolut n\u00e4rhet till bergen&#8221;.<\/p>\n<figure id=\"attachment_2489\" aria-describedby=\"caption-attachment-2489\" style=\"width: 1024px\" class=\"wp-caption alignnone\"><img loading=\"lazy\" decoding=\"async\" class=\"wp-image-2489 size-large\" src=\"https:\/\/d2p6e6u75xmxt8.cloudfront.net\/9\/2019\/12\/profimedia-0218456763-1024x682.jpg\" alt=\"\" width=\"1024\" height=\"682\" srcset=\"https:\/\/d2p6e6u75xmxt8.cloudfront.net\/9\/2019\/12\/profimedia-0218456763-1024x682.jpg 1024w, https:\/\/d2p6e6u75xmxt8.cloudfront.net\/9\/2019\/12\/profimedia-0218456763-300x200.jpg 300w, https:\/\/d2p6e6u75xmxt8.cloudfront.net\/9\/2019\/12\/profimedia-0218456763-768x512.jpg 768w, https:\/\/d2p6e6u75xmxt8.cloudfront.net\/9\/2019\/12\/profimedia-0218456763-272x182.jpg 272w, https:\/\/d2p6e6u75xmxt8.cloudfront.net\/9\/2019\/12\/profimedia-0218456763.jpg 1800w\" sizes=\"auto, (max-width: 1024px) 100vw, 1024px\" \/><figcaption id=\"caption-attachment-2489\" class=\"wp-caption-text\">View towards the Pavilion at Son Marroig Mansion near Deia, Mallorca<\/figcaption><\/figure>\n<p>&#8221;L\u00e4ngs med kustv\u00e4gen cyklar man igenom en hel del byar d\u00e4r det finns fina fikam\u00f6jligheter. Perfekt sl\u00e4ta asfaltv\u00e4gar och solsken, det g\u00e5r inte att f\u00e5 det b\u00e4ttre&#8221; Cameron ber\u00e4ttar dr\u00f6mskt om sin favoritv\u00e4g.<\/p>\n<p><iframe loading=\"lazy\" style=\"border: 0;\" src=\"https:\/\/www.google.com\/maps\/embed?pb=!1m28!1m12!1m3!1d24546.260853202468!2d2.6101841528287877!3d39.73330228169292!2m3!1f0!2f0!3f0!3m2!1i1024!2i768!4f13.1!4m13!3e0!4m5!1s0x1297ee03ba8ac6ff%3A0x924852e78b96123e!2s07170%20Valldemossa%2C%20Balearic%20Islands%2C%20Spain!3m2!1d39.7114523!2d2.6225698!4m5!1s0x1297efb31c0c5473%3A0xf97fd9b36dd4d4e2!2zRGVpw6AsIFNwYWlu!3m2!1d39.7479394!2d2.6483743!5e0!3m2!1sen!2scz!4v1576570712973!5m2!1sen!2scz\" width=\"600\" height=\"450\" frameborder=\"0\" allowfullscreen=\"allowfullscreen\"><\/iframe><\/p>\n<p>\u201cMin absoluta favoritrunda inkluderar den ovan n\u00e4mnda str\u00e4ckan och b\u00f6rjar I Puerto Pollenca, efter det cyklar jag g\u00e4rna platt mot Sa Pobla och sen vidare mot Valldemossa innan loopen f\u00e5r v\u00e4nda tillbaka via bergen och sj\u00e4lvklart \u00f6ver Puig Major, 14 kilometer kl\u00e4ttring innan tunneln vid toppen passeras. Sen \u00e4r det 14 kilometer tillbaka innan man f\u00e5r avnjuta \u00a0before Coll de Femenia igen och sen rulla ner mot Puerto Pollenca.<\/p>\n<div id='gallery-1' class='gallery galleryid-2477 gallery-columns-2 gallery-size-medium'><figure class='gallery-item'>\n\t\t\t<div class='gallery-icon portrait'>\n\t\t\t\t<a href='https:\/\/d2p6e6u75xmxt8.cloudfront.net\/9\/2019\/12\/profimedia-0218456658.jpg'><img loading=\"lazy\" decoding=\"async\" width=\"200\" height=\"300\" src=\"https:\/\/d2p6e6u75xmxt8.cloudfront.net\/9\/2019\/12\/profimedia-0218456658-200x300.jpg\" class=\"attachment-medium size-medium\" alt=\"\" aria-describedby=\"gallery-1-2471\" srcset=\"https:\/\/d2p6e6u75xmxt8.cloudfront.net\/9\/2019\/12\/profimedia-0218456658-200x300.jpg 200w, https:\/\/d2p6e6u75xmxt8.cloudfront.net\/9\/2019\/12\/profimedia-0218456658-768x1153.jpg 768w, https:\/\/d2p6e6u75xmxt8.cloudfront.net\/9\/2019\/12\/profimedia-0218456658-682x1024.jpg 682w, https:\/\/d2p6e6u75xmxt8.cloudfront.net\/9\/2019\/12\/profimedia-0218456658.jpg 1199w\" sizes=\"auto, (max-width: 200px) 100vw, 200px\" \/><\/a>\n\t\t\t<\/div>\n\t\t\t\t<figcaption class='wp-caption-text gallery-caption' id='gallery-1-2471'>\n\t\t\t\tRoad to Sa Calobra, Escorca, Tramuntana Mountains\n\t\t\t\t<\/figcaption><\/figure><figure class='gallery-item'>\n\t\t\t<div class='gallery-icon landscape'>\n\t\t\t\t<a href='https:\/\/d2p6e6u75xmxt8.cloudfront.net\/9\/2019\/12\/profimedia-0218456660.jpg'><img loading=\"lazy\" decoding=\"async\" width=\"300\" height=\"200\" src=\"https:\/\/d2p6e6u75xmxt8.cloudfront.net\/9\/2019\/12\/profimedia-0218456660-300x200.jpg\" class=\"attachment-medium size-medium\" alt=\"\" aria-describedby=\"gallery-1-2474\" srcset=\"https:\/\/d2p6e6u75xmxt8.cloudfront.net\/9\/2019\/12\/profimedia-0218456660-300x200.jpg 300w, https:\/\/d2p6e6u75xmxt8.cloudfront.net\/9\/2019\/12\/profimedia-0218456660-768x512.jpg 768w, https:\/\/d2p6e6u75xmxt8.cloudfront.net\/9\/2019\/12\/profimedia-0218456660-1024x682.jpg 1024w, https:\/\/d2p6e6u75xmxt8.cloudfront.net\/9\/2019\/12\/profimedia-0218456660-272x182.jpg 272w, https:\/\/d2p6e6u75xmxt8.cloudfront.net\/9\/2019\/12\/profimedia-0218456660.jpg 1800w\" sizes=\"auto, (max-width: 300px) 100vw, 300px\" \/><\/a>\n\t\t\t<\/div>\n\t\t\t\t<figcaption class='wp-caption-text gallery-caption' id='gallery-1-2474'>\n\t\t\t\tRoad to Sa Calobra, Escorca, Tramuntana Mountains\n\t\t\t\t<\/figcaption><\/figure>\n\t\t<\/div>\n\n<p>Rundan avslutas alltid p\u00e5 Cafe 1919 och d\u00e5 f\u00f6rtj\u00e4nar kaffet s\u00e4llskap av en kaka. Det blir ungef\u00e4r 150 kilometer. Det kan vara bra att tr\u00e4na en del innan man \u00e5ker till Mallis, Cameron cyklar n\u00e4stan p\u00e5 heltid och Hans rundor kr\u00e4ver en bra form och sj\u00e4lvk\u00e4nnedom. Det fina med den rekommenderade rundan \u00e4r att den ganska l\u00e4tt kan delas upp i mindre etapper. Med hj\u00e4lp av bil g\u00e5r det att beta av delstr\u00e4ckor om man inte orkar hela.<\/p>\n<p>https:\/\/www.instagram.com\/p\/BwKKZq-lKg_\/<\/p>\n<p>Hur man cyklar och bem\u00f6ter andra trafikanter \u00e4r viktigt p\u00e5 Mallorca. Det kan vara bra f\u00f6r sin egen skull att planera sin cykling utf\u00f6r, d\u00e4r det rinner vatten \u00f6ver v\u00e4gen \u00e4r det halt och om det v\u00e4xer t\u00e4t pinjeskog l\u00e4ngs med v\u00e4gen blir det extremt halt om det regnar efter en l\u00e4ngre torr period. Att respektera medcyklister \u00e4r en sj\u00e4lvklarhet b\u00e5de p\u00e5 v\u00e4gen och p\u00e5 cykelbanor men det kan ocks\u00e5 vara klokt att spana efter hinder och informera cyklisterna bakom om hinder. Men som ett helhetsintryck av \u00f6ns trafik s\u00e5 \u00e4r \u00f6borna v\u00e4ldigt bra p\u00e5 att visa h\u00e4nsyn och vara f\u00f6rsiktiga med cyklisterna.<\/p>\n<p><iframe loading=\"lazy\" src=\"https:\/\/www.youtube-nocookie.com\/embed\/SqBUqodxb_A\" width=\"640\" height=\"676\" frameborder=\"0\" allowfullscreen=\"allowfullscreen\"><\/iframe><\/p>\n<p>Om man \u00e5ker till Mallorca tidigt p\u00e5 s\u00e4songen \u00e4r det viktigt att ta med kl\u00e4der f\u00f6r m\u00e5nga v\u00e4der, det \u00e4r troligt att man under en vecka i januari kan f\u00e5 cykla i kort\u00e4rmat och korta ben. Det kan ocks\u00e5 vara s\u00e5 att det sn\u00f6ar n\u00e5gon decimeter, d\u00e5 kan det vara sk\u00f6nt att ha med kl\u00e4der f\u00f6r det. Arm, benv\u00e4rmare och vindv\u00e4st b\u00f6r man ha med sig p\u00e5 alla rundor, speciellt om man kommer cykla p\u00e5 lite h\u00f6gre h\u00f6jder. Om du cyklar ensam s\u00e5 \u00e4r det viktigt att ha fr\u00e4scha batterier i telefonen och bra koll p\u00e5 b\u00e5de den egna formen och hur man tar sig hem om rutten f\u00f6r\u00e4ndras. Om du ska lasta in allt i bilen n\u00e4r det sp\u00f6regnar \u00e4r det sk\u00f6nt med funktioner som den Cameron demonstrerar med sin \u00a0\u0160koda SUPERB SCOUT \u00a0sk\u00f6nt att slippa fumla med nycklar.<iframe loading=\"lazy\" src=\"https:\/\/www.youtube-nocookie.com\/embed\/bMahUhobPgM\" width=\"640\" height=\"676\" frameborder=\"0\" allowfullscreen=\"allowfullscreen\"><\/iframe><\/p>\n<p>L\u00e5ter vintercykling p\u00e5 Mallorca som n\u00e5got f\u00f6r dig? Lockar dom perfekta v\u00e4garna eller \u00e4r det lika mycket utsikten och maten som du vill njuta av? \u00a0Dela med dig av ditt b\u00e4sta tips p\u00e5\u00a0<a href=\"https:\/\/www.facebook.com\/skodacyclingsweden\/\">Facebook<\/a>!<\/p>\n","protected":false},"excerpt":{"rendered":"<p>Att Mallorca \u00e4r ett fantastiskt cykelresm\u00e5l \u00e4r ingen hemlighet, den baleariska \u00f6n har l\u00e4nge varit cyklisters tillflyktsort. \u00c4ven om den [&hellip;]<\/p>\n","protected":false},"author":80,"featured_media":2491,"comment_status":"open","ping_status":"open","sticky":false,"template":"","format":"standard","meta":{"footnotes":""},"categories":[5],"tags":[],"global-categories":[],"class_list":["post-2477","post","type-post","status-publish","format-standard","has-post-thumbnail","hentry","category-nyheter"],"yoast_head":"<!-- This site is optimized with the Yoast SEO Premium plugin v25.3 (Yoast SEO v25.9) - https:\/\/yoast.com\/wordpress\/plugins\/seo\/ -->\n<title>Vintercykling beh\u00f6ver inte vara h\u00e4rdande, det kan vara l\u00e5nga pass i kort\u00e4rmat ocks\u00e5! - \u0160koda - We Love Cycling - Sweden<\/title>\n<meta name=\"robots\" content=\"index, follow, max-snippet:-1, max-image-preview:large, max-video-preview:-1\" \/>\n<link rel=\"canonical\" href=\"https:\/\/www.welovecycling.com\/se\/2020\/01\/30\/vintercykling-behover-inte-vara-hardande-det-kan-vara-langa-pass-i-kortarmat-ocksa\/\" \/>\n<meta property=\"og:locale\" content=\"sv_SE\" \/>\n<meta property=\"og:type\" content=\"article\" \/>\n<meta property=\"og:title\" content=\"Vintercykling beh\u00f6ver inte vara h\u00e4rdande, det kan vara l\u00e5nga pass i kort\u00e4rmat ocks\u00e5!\" \/>\n<meta property=\"og:description\" content=\"Att Mallorca \u00e4r ett fantastiskt cykelresm\u00e5l \u00e4r ingen hemlighet, den baleariska \u00f6n har l\u00e4nge varit cyklisters tillflyktsort. \u00c4ven om den [&hellip;]\" \/>\n<meta property=\"og:url\" content=\"https:\/\/www.welovecycling.com\/se\/2020\/01\/30\/vintercykling-behover-inte-vara-hardande-det-kan-vara-langa-pass-i-kortarmat-ocksa\/\" \/>\n<meta property=\"og:site_name\" content=\"\u0160koda - We Love Cycling - Sweden\" \/>\n<meta property=\"article:published_time\" content=\"2020-01-30T21:52:52+00:00\" \/>\n<meta property=\"og:image\" content=\"https:\/\/d2p6e6u75xmxt8.cloudfront.net\/9\/2019\/12\/SKODA-SUPERB-SCOUT-CVR.jpg\" \/>\n\t<meta property=\"og:image:width\" content=\"1366\" \/>\n\t<meta property=\"og:image:height\" content=\"600\" \/>\n\t<meta property=\"og:image:type\" content=\"image\/jpeg\" \/>\n<meta name=\"author\" content=\"kallebern\" \/>\n<meta name=\"twitter:card\" content=\"summary_large_image\" \/>\n<meta name=\"twitter:label1\" content=\"Written by\" \/>\n\t<meta name=\"twitter:data1\" content=\"Frantiska Blazkova\" \/>\n\t<meta name=\"twitter:label2\" content=\"Est. reading time\" \/>\n\t<meta name=\"twitter:data2\" content=\"7\" \/>\n<script type=\"application\/ld+json\" class=\"yoast-schema-graph\">{\"@context\":\"https:\/\/schema.org\",\"@graph\":[{\"@type\":\"WebPage\",\"@id\":\"https:\/\/www.welovecycling.com\/se\/2020\/01\/30\/vintercykling-behover-inte-vara-hardande-det-kan-vara-langa-pass-i-kortarmat-ocksa\/\",\"url\":\"https:\/\/www.welovecycling.com\/se\/2020\/01\/30\/vintercykling-behover-inte-vara-hardande-det-kan-vara-langa-pass-i-kortarmat-ocksa\/\",\"name\":\"Vintercykling beh\u00f6ver inte vara h\u00e4rdande, det kan vara l\u00e5nga pass i kort\u00e4rmat ocks\u00e5! - \u0160koda - We Love Cycling - Sweden\",\"isPartOf\":{\"@id\":\"https:\/\/www.welovecycling.com\/se\/#website\"},\"primaryImageOfPage\":{\"@id\":\"https:\/\/www.welovecycling.com\/se\/2020\/01\/30\/vintercykling-behover-inte-vara-hardande-det-kan-vara-langa-pass-i-kortarmat-ocksa\/#primaryimage\"},\"image\":{\"@id\":\"https:\/\/www.welovecycling.com\/se\/2020\/01\/30\/vintercykling-behover-inte-vara-hardande-det-kan-vara-langa-pass-i-kortarmat-ocksa\/#primaryimage\"},\"thumbnailUrl\":\"https:\/\/d2p6e6u75xmxt8.cloudfront.net\/9\/2019\/12\/SKODA-SUPERB-SCOUT-CVR.jpg\",\"datePublished\":\"2020-01-30T21:52:52+00:00\",\"author\":{\"@id\":\"https:\/\/www.welovecycling.com\/se\/#\/schema\/person\/cf0db6969fc5aa4e230760e09dde1f45\"},\"breadcrumb\":{\"@id\":\"https:\/\/www.welovecycling.com\/se\/2020\/01\/30\/vintercykling-behover-inte-vara-hardande-det-kan-vara-langa-pass-i-kortarmat-ocksa\/#breadcrumb\"},\"inLanguage\":\"sv-SE\",\"potentialAction\":[{\"@type\":\"ReadAction\",\"target\":[\"https:\/\/www.welovecycling.com\/se\/2020\/01\/30\/vintercykling-behover-inte-vara-hardande-det-kan-vara-langa-pass-i-kortarmat-ocksa\/\"]}]},{\"@type\":\"ImageObject\",\"inLanguage\":\"sv-SE\",\"@id\":\"https:\/\/www.welovecycling.com\/se\/2020\/01\/30\/vintercykling-behover-inte-vara-hardande-det-kan-vara-langa-pass-i-kortarmat-ocksa\/#primaryimage\",\"url\":\"https:\/\/d2p6e6u75xmxt8.cloudfront.net\/9\/2019\/12\/SKODA-SUPERB-SCOUT-CVR.jpg\",\"contentUrl\":\"https:\/\/d2p6e6u75xmxt8.cloudfront.net\/9\/2019\/12\/SKODA-SUPERB-SCOUT-CVR.jpg\",\"width\":1366,\"height\":600},{\"@type\":\"BreadcrumbList\",\"@id\":\"https:\/\/www.welovecycling.com\/se\/2020\/01\/30\/vintercykling-behover-inte-vara-hardande-det-kan-vara-langa-pass-i-kortarmat-ocksa\/#breadcrumb\",\"itemListElement\":[{\"@type\":\"ListItem\",\"position\":1,\"name\":\"Home\",\"item\":\"https:\/\/www.welovecycling.com\/se\/\"},{\"@type\":\"ListItem\",\"position\":2,\"name\":\"Vintercykling beh\u00f6ver inte vara h\u00e4rdande, det kan vara l\u00e5nga pass i kort\u00e4rmat ocks\u00e5!\"}]},{\"@type\":\"WebSite\",\"@id\":\"https:\/\/www.welovecycling.com\/se\/#website\",\"url\":\"https:\/\/www.welovecycling.com\/se\/\",\"name\":\"\u0160koda - We Love Cycling - Sweden\",\"description\":\"\u0160koda We Love Cycling - Sweden\",\"potentialAction\":[{\"@type\":\"SearchAction\",\"target\":{\"@type\":\"EntryPoint\",\"urlTemplate\":\"https:\/\/www.welovecycling.com\/se\/?s={search_term_string}\"},\"query-input\":{\"@type\":\"PropertyValueSpecification\",\"valueRequired\":true,\"valueName\":\"search_term_string\"}}],\"inLanguage\":\"sv-SE\"},{\"@type\":\"Person\",\"@id\":\"https:\/\/www.welovecycling.com\/se\/#\/schema\/person\/cf0db6969fc5aa4e230760e09dde1f45\",\"name\":\"kallebern\",\"image\":{\"@type\":\"ImageObject\",\"inLanguage\":\"sv-SE\",\"@id\":\"https:\/\/www.welovecycling.com\/se\/#\/schema\/person\/image\/\",\"url\":\"https:\/\/secure.gravatar.com\/avatar\/aa7179ed680d67575eb51f63c5b61904173a0d3f6f176fe19385d5dbb376c145?s=96&d=mm&r=g\",\"contentUrl\":\"https:\/\/secure.gravatar.com\/avatar\/aa7179ed680d67575eb51f63c5b61904173a0d3f6f176fe19385d5dbb376c145?s=96&d=mm&r=g\",\"caption\":\"kallebern\"},\"url\":\"https:\/\/www.welovecycling.com\/se\/author\/kallebern\/\"}]}<\/script>\n<!-- \/ Yoast SEO Premium plugin. -->","yoast_head_json":{"title":"Vintercykling beh\u00f6ver inte vara h\u00e4rdande, det kan vara l\u00e5nga pass i kort\u00e4rmat ocks\u00e5! - \u0160koda - We Love Cycling - Sweden","robots":{"index":"index","follow":"follow","max-snippet":"max-snippet:-1","max-image-preview":"max-image-preview:large","max-video-preview":"max-video-preview:-1"},"canonical":"https:\/\/www.welovecycling.com\/se\/2020\/01\/30\/vintercykling-behover-inte-vara-hardande-det-kan-vara-langa-pass-i-kortarmat-ocksa\/","og_locale":"sv_SE","og_type":"article","og_title":"Vintercykling beh\u00f6ver inte vara h\u00e4rdande, det kan vara l\u00e5nga pass i kort\u00e4rmat ocks\u00e5!","og_description":"Att Mallorca \u00e4r ett fantastiskt cykelresm\u00e5l \u00e4r ingen hemlighet, den baleariska \u00f6n har l\u00e4nge varit cyklisters tillflyktsort. \u00c4ven om den [&hellip;]","og_url":"https:\/\/www.welovecycling.com\/se\/2020\/01\/30\/vintercykling-behover-inte-vara-hardande-det-kan-vara-langa-pass-i-kortarmat-ocksa\/","og_site_name":"\u0160koda - We Love Cycling - Sweden","article_published_time":"2020-01-30T21:52:52+00:00","og_image":[{"width":1366,"height":600,"url":"https:\/\/d2p6e6u75xmxt8.cloudfront.net\/9\/2019\/12\/SKODA-SUPERB-SCOUT-CVR.jpg","type":"image\/jpeg"}],"author":"kallebern","twitter_card":"summary_large_image","twitter_misc":{"Written by":"Frantiska Blazkova","Est. reading time":"7"},"schema":{"@context":"https:\/\/schema.org","@graph":[{"@type":"WebPage","@id":"https:\/\/www.welovecycling.com\/se\/2020\/01\/30\/vintercykling-behover-inte-vara-hardande-det-kan-vara-langa-pass-i-kortarmat-ocksa\/","url":"https:\/\/www.welovecycling.com\/se\/2020\/01\/30\/vintercykling-behover-inte-vara-hardande-det-kan-vara-langa-pass-i-kortarmat-ocksa\/","name":"Vintercykling beh\u00f6ver inte vara h\u00e4rdande, det kan vara l\u00e5nga pass i kort\u00e4rmat ocks\u00e5! - \u0160koda - We Love Cycling - Sweden","isPartOf":{"@id":"https:\/\/www.welovecycling.com\/se\/#website"},"primaryImageOfPage":{"@id":"https:\/\/www.welovecycling.com\/se\/2020\/01\/30\/vintercykling-behover-inte-vara-hardande-det-kan-vara-langa-pass-i-kortarmat-ocksa\/#primaryimage"},"image":{"@id":"https:\/\/www.welovecycling.com\/se\/2020\/01\/30\/vintercykling-behover-inte-vara-hardande-det-kan-vara-langa-pass-i-kortarmat-ocksa\/#primaryimage"},"thumbnailUrl":"https:\/\/d2p6e6u75xmxt8.cloudfront.net\/9\/2019\/12\/SKODA-SUPERB-SCOUT-CVR.jpg","datePublished":"2020-01-30T21:52:52+00:00","author":{"@id":"https:\/\/www.welovecycling.com\/se\/#\/schema\/person\/cf0db6969fc5aa4e230760e09dde1f45"},"breadcrumb":{"@id":"https:\/\/www.welovecycling.com\/se\/2020\/01\/30\/vintercykling-behover-inte-vara-hardande-det-kan-vara-langa-pass-i-kortarmat-ocksa\/#breadcrumb"},"inLanguage":"sv-SE","potentialAction":[{"@type":"ReadAction","target":["https:\/\/www.welovecycling.com\/se\/2020\/01\/30\/vintercykling-behover-inte-vara-hardande-det-kan-vara-langa-pass-i-kortarmat-ocksa\/"]}]},{"@type":"ImageObject","inLanguage":"sv-SE","@id":"https:\/\/www.welovecycling.com\/se\/2020\/01\/30\/vintercykling-behover-inte-vara-hardande-det-kan-vara-langa-pass-i-kortarmat-ocksa\/#primaryimage","url":"https:\/\/d2p6e6u75xmxt8.cloudfront.net\/9\/2019\/12\/SKODA-SUPERB-SCOUT-CVR.jpg","contentUrl":"https:\/\/d2p6e6u75xmxt8.cloudfront.net\/9\/2019\/12\/SKODA-SUPERB-SCOUT-CVR.jpg","width":1366,"height":600},{"@type":"BreadcrumbList","@id":"https:\/\/www.welovecycling.com\/se\/2020\/01\/30\/vintercykling-behover-inte-vara-hardande-det-kan-vara-langa-pass-i-kortarmat-ocksa\/#breadcrumb","itemListElement":[{"@type":"ListItem","position":1,"name":"Home","item":"https:\/\/www.welovecycling.com\/se\/"},{"@type":"ListItem","position":2,"name":"Vintercykling beh\u00f6ver inte vara h\u00e4rdande, det kan vara l\u00e5nga pass i kort\u00e4rmat ocks\u00e5!"}]},{"@type":"WebSite","@id":"https:\/\/www.welovecycling.com\/se\/#website","url":"https:\/\/www.welovecycling.com\/se\/","name":"\u0160koda - We Love Cycling - Sweden","description":"\u0160koda We Love Cycling - Sweden","potentialAction":[{"@type":"SearchAction","target":{"@type":"EntryPoint","urlTemplate":"https:\/\/www.welovecycling.com\/se\/?s={search_term_string}"},"query-input":{"@type":"PropertyValueSpecification","valueRequired":true,"valueName":"search_term_string"}}],"inLanguage":"sv-SE"},{"@type":"Person","@id":"https:\/\/www.welovecycling.com\/se\/#\/schema\/person\/cf0db6969fc5aa4e230760e09dde1f45","name":"kallebern","image":{"@type":"ImageObject","inLanguage":"sv-SE","@id":"https:\/\/www.welovecycling.com\/se\/#\/schema\/person\/image\/","url":"https:\/\/secure.gravatar.com\/avatar\/aa7179ed680d67575eb51f63c5b61904173a0d3f6f176fe19385d5dbb376c145?s=96&d=mm&r=g","contentUrl":"https:\/\/secure.gravatar.com\/avatar\/aa7179ed680d67575eb51f63c5b61904173a0d3f6f176fe19385d5dbb376c145?s=96&d=mm&r=g","caption":"kallebern"},"url":"https:\/\/www.welovecycling.com\/se\/author\/kallebern\/"}]}},"_links":{"self":[{"href":"https:\/\/www.welovecycling.com\/se\/wp-json\/wp\/v2\/posts\/2477","targetHints":{"allow":["GET"]}}],"collection":[{"href":"https:\/\/www.welovecycling.com\/se\/wp-json\/wp\/v2\/posts"}],"about":[{"href":"https:\/\/www.welovecycling.com\/se\/wp-json\/wp\/v2\/types\/post"}],"author":[{"embeddable":true,"href":"https:\/\/www.welovecycling.com\/se\/wp-json\/wp\/v2\/users\/80"}],"replies":[{"embeddable":true,"href":"https:\/\/www.welovecycling.com\/se\/wp-json\/wp\/v2\/comments?post=2477"}],"version-history":[{"count":2,"href":"https:\/\/www.welovecycling.com\/se\/wp-json\/wp\/v2\/posts\/2477\/revisions"}],"predecessor-version":[{"id":2499,"href":"https:\/\/www.welovecycling.com\/se\/wp-json\/wp\/v2\/posts\/2477\/revisions\/2499"}],"wp:featuredmedia":[{"embeddable":true,"href":"https:\/\/www.welovecycling.com\/se\/wp-json\/wp\/v2\/media\/2491"}],"wp:attachment":[{"href":"https:\/\/www.welovecycling.com\/se\/wp-json\/wp\/v2\/media?parent=2477"}],"wp:term":[{"taxonomy":"category","embeddable":true,"href":"https:\/\/www.welovecycling.com\/se\/wp-json\/wp\/v2\/categories?post=2477"},{"taxonomy":"post_tag","embeddable":true,"href":"https:\/\/www.welovecycling.com\/se\/wp-json\/wp\/v2\/tags?post=2477"},{"taxonomy":"global-categories","embeddable":true,"href":"https:\/\/www.welovecycling.com\/se\/wp-json\/wp\/v2\/global-categories?post=2477"}],"curies":[{"name":"wp","href":"https:\/\/api.w.org\/{rel}","templated":true}]}}