{"id":2323,"date":"2019-07-10T12:38:06","date_gmt":"2019-07-10T11:38:06","guid":{"rendered":"https:\/\/www.welovecycling.com\/se\/?p=2323"},"modified":"2019-09-10T12:43:30","modified_gmt":"2019-09-10T11:43:30","slug":"skoda-sponsrar-team-31","status":"publish","type":"post","link":"https:\/\/www.welovecycling.com\/se\/2019\/07\/10\/skoda-sponsrar-team-31\/","title":{"rendered":"\u0160koda sponsrar Team 31"},"content":{"rendered":"<p>Team 31 med XCO-stj\u00e4rnan Jenny Rissveds i spetsen \u00e4r ett nytt initiativ inom cykelsporten som startades 2019. Syftet \u00e4r att ge fokus till barns r\u00e4ttigheter. Vi p\u00e5\u00a0\u0160koda \u00e4r stolta sponsorer till teamet.<\/p>\n<lite-youtube videoid=dc-4emyIr7M params=\"enablejsapi=1\" style=\"background-image: url('https:\/\/i.ytimg.com\/vi_webp\/dc-4emyIr7M\/maxresdefault.webp');\"><\/lite-youtube>\n<p>L\u00e4s mer p\u00e5 Team31:s hemsida <a href=\"http:\/\/team31.org\/\"><b>team31.org<\/b><\/a><\/p>\n","protected":false},"excerpt":{"rendered":"<p>Team 31 med XCO-stj\u00e4rnan Jenny Rissveds i spetsen \u00e4r ett nytt initiativ inom cykelsporten som startades 2019. Syftet \u00e4r att [&hellip;]<\/p>\n","protected":false},"author":52,"featured_media":2324,"comment_status":"open","ping_status":"open","sticky":false,"template":"","format":"standard","meta":{"footnotes":""},"categories":[5],"tags":[53,55,54],"global-categories":[],"class_list":["post-2323","post","type-post","status-publish","format-standard","has-post-thumbnail","hentry","category-nyheter","tag-jenny-rissved","tag-team-31","tag-team31"],"yoast_head":"<!-- This site is optimized with the Yoast SEO Premium plugin v25.3 (Yoast SEO v25.9) - https:\/\/yoast.com\/wordpress\/plugins\/seo\/ -->\n<title>\u0160koda sponsrar Team 31 - \u0160koda - We Love Cycling - Sweden<\/title>\n<meta name=\"robots\" content=\"index, follow, max-snippet:-1, max-image-preview:large, max-video-preview:-1\" \/>\n<link rel=\"canonical\" href=\"https:\/\/www.welovecycling.com\/se\/2019\/07\/10\/skoda-sponsrar-team-31\/\" \/>\n<meta property=\"og:locale\" content=\"sv_SE\" \/>\n<meta property=\"og:type\" content=\"article\" \/>\n<meta property=\"og:title\" content=\"\u0160koda sponsrar Team 31\" \/>\n<meta property=\"og:description\" content=\"Team 31 med XCO-stj\u00e4rnan Jenny Rissveds i spetsen \u00e4r ett nytt initiativ inom cykelsporten som startades 2019. Syftet \u00e4r att [&hellip;]\" \/>\n<meta property=\"og:url\" content=\"https:\/\/www.welovecycling.com\/se\/2019\/07\/10\/skoda-sponsrar-team-31\/\" \/>\n<meta property=\"og:site_name\" content=\"\u0160koda - We Love Cycling - Sweden\" \/>\n<meta property=\"article:published_time\" content=\"2019-07-10T11:38:06+00:00\" \/>\n<meta property=\"article:modified_time\" content=\"2019-09-10T11:43:30+00:00\" \/>\n<meta property=\"og:image\" content=\"https:\/\/d2p6e6u75xmxt8.cloudfront.net\/9\/2019\/09\/69138009_2338559786265155_2011443028505395200_o.jpg\" \/>\n\t<meta property=\"og:image:width\" content=\"2009\" \/>\n\t<meta property=\"og:image:height\" content=\"2009\" \/>\n\t<meta property=\"og:image:type\" content=\"image\/jpeg\" \/>\n<meta name=\"author\" content=\"erikleonsson\" \/>\n<meta name=\"twitter:card\" content=\"summary_large_image\" \/>\n<meta name=\"twitter:label1\" content=\"Written by\" \/>\n\t<meta name=\"twitter:data1\" content=\"erikleonsson\" \/>\n<script type=\"application\/ld+json\" class=\"yoast-schema-graph\">{\"@context\":\"https:\/\/schema.org\",\"@graph\":[{\"@type\":\"WebPage\",\"@id\":\"https:\/\/www.welovecycling.com\/se\/2019\/07\/10\/skoda-sponsrar-team-31\/\",\"url\":\"https:\/\/www.welovecycling.com\/se\/2019\/07\/10\/skoda-sponsrar-team-31\/\",\"name\":\"\u0160koda sponsrar Team 31 - \u0160koda - We Love Cycling - Sweden\",\"isPartOf\":{\"@id\":\"https:\/\/www.welovecycling.com\/se\/#website\"},\"primaryImageOfPage\":{\"@id\":\"https:\/\/www.welovecycling.com\/se\/2019\/07\/10\/skoda-sponsrar-team-31\/#primaryimage\"},\"image\":{\"@id\":\"https:\/\/www.welovecycling.com\/se\/2019\/07\/10\/skoda-sponsrar-team-31\/#primaryimage\"},\"thumbnailUrl\":\"https:\/\/d2p6e6u75xmxt8.cloudfront.net\/9\/2019\/09\/69138009_2338559786265155_2011443028505395200_o.jpg\",\"datePublished\":\"2019-07-10T11:38:06+00:00\",\"dateModified\":\"2019-09-10T11:43:30+00:00\",\"author\":{\"@id\":\"https:\/\/www.welovecycling.com\/se\/#\/schema\/person\/037f34ad5d6e77accab8a3eff6ad7a0c\"},\"breadcrumb\":{\"@id\":\"https:\/\/www.welovecycling.com\/se\/2019\/07\/10\/skoda-sponsrar-team-31\/#breadcrumb\"},\"inLanguage\":\"sv-SE\",\"potentialAction\":[{\"@type\":\"ReadAction\",\"target\":[\"https:\/\/www.welovecycling.com\/se\/2019\/07\/10\/skoda-sponsrar-team-31\/\"]}]},{\"@type\":\"ImageObject\",\"inLanguage\":\"sv-SE\",\"@id\":\"https:\/\/www.welovecycling.com\/se\/2019\/07\/10\/skoda-sponsrar-team-31\/#primaryimage\",\"url\":\"https:\/\/d2p6e6u75xmxt8.cloudfront.net\/9\/2019\/09\/69138009_2338559786265155_2011443028505395200_o.jpg\",\"contentUrl\":\"https:\/\/d2p6e6u75xmxt8.cloudfront.net\/9\/2019\/09\/69138009_2338559786265155_2011443028505395200_o.jpg\",\"width\":2009,\"height\":2009},{\"@type\":\"BreadcrumbList\",\"@id\":\"https:\/\/www.welovecycling.com\/se\/2019\/07\/10\/skoda-sponsrar-team-31\/#breadcrumb\",\"itemListElement\":[{\"@type\":\"ListItem\",\"position\":1,\"name\":\"Home\",\"item\":\"https:\/\/www.welovecycling.com\/se\/\"},{\"@type\":\"ListItem\",\"position\":2,\"name\":\"\u0160koda sponsrar Team 31\"}]},{\"@type\":\"WebSite\",\"@id\":\"https:\/\/www.welovecycling.com\/se\/#website\",\"url\":\"https:\/\/www.welovecycling.com\/se\/\",\"name\":\"\u0160koda - We Love Cycling - Sweden\",\"description\":\"\u0160koda We Love Cycling - Sweden\",\"potentialAction\":[{\"@type\":\"SearchAction\",\"target\":{\"@type\":\"EntryPoint\",\"urlTemplate\":\"https:\/\/www.welovecycling.com\/se\/?s={search_term_string}\"},\"query-input\":{\"@type\":\"PropertyValueSpecification\",\"valueRequired\":true,\"valueName\":\"search_term_string\"}}],\"inLanguage\":\"sv-SE\"},{\"@type\":\"Person\",\"@id\":\"https:\/\/www.welovecycling.com\/se\/#\/schema\/person\/037f34ad5d6e77accab8a3eff6ad7a0c\",\"name\":\"erikleonsson\",\"image\":{\"@type\":\"ImageObject\",\"inLanguage\":\"sv-SE\",\"@id\":\"https:\/\/www.welovecycling.com\/se\/#\/schema\/person\/image\/\",\"url\":\"https:\/\/secure.gravatar.com\/avatar\/788a593b0a657d6864c271709722f9cd586caa5a645e77f71fe625396b02677c?s=96&d=mm&r=g\",\"contentUrl\":\"https:\/\/secure.gravatar.com\/avatar\/788a593b0a657d6864c271709722f9cd586caa5a645e77f71fe625396b02677c?s=96&d=mm&r=g\",\"caption\":\"erikleonsson\"},\"url\":\"https:\/\/www.welovecycling.com\/se\/author\/erikleonsson\/\"}]}<\/script>\n<!-- \/ Yoast SEO Premium plugin. -->","yoast_head_json":{"title":"\u0160koda sponsrar Team 31 - \u0160koda - We Love Cycling - Sweden","robots":{"index":"index","follow":"follow","max-snippet":"max-snippet:-1","max-image-preview":"max-image-preview:large","max-video-preview":"max-video-preview:-1"},"canonical":"https:\/\/www.welovecycling.com\/se\/2019\/07\/10\/skoda-sponsrar-team-31\/","og_locale":"sv_SE","og_type":"article","og_title":"\u0160koda sponsrar Team 31","og_description":"Team 31 med XCO-stj\u00e4rnan Jenny Rissveds i spetsen \u00e4r ett nytt initiativ inom cykelsporten som startades 2019. Syftet \u00e4r att [&hellip;]","og_url":"https:\/\/www.welovecycling.com\/se\/2019\/07\/10\/skoda-sponsrar-team-31\/","og_site_name":"\u0160koda - We Love Cycling - Sweden","article_published_time":"2019-07-10T11:38:06+00:00","article_modified_time":"2019-09-10T11:43:30+00:00","og_image":[{"width":2009,"height":2009,"url":"https:\/\/d2p6e6u75xmxt8.cloudfront.net\/9\/2019\/09\/69138009_2338559786265155_2011443028505395200_o.jpg","type":"image\/jpeg"}],"author":"erikleonsson","twitter_card":"summary_large_image","twitter_misc":{"Written by":"erikleonsson"},"schema":{"@context":"https:\/\/schema.org","@graph":[{"@type":"WebPage","@id":"https:\/\/www.welovecycling.com\/se\/2019\/07\/10\/skoda-sponsrar-team-31\/","url":"https:\/\/www.welovecycling.com\/se\/2019\/07\/10\/skoda-sponsrar-team-31\/","name":"\u0160koda sponsrar Team 31 - \u0160koda - We Love Cycling - Sweden","isPartOf":{"@id":"https:\/\/www.welovecycling.com\/se\/#website"},"primaryImageOfPage":{"@id":"https:\/\/www.welovecycling.com\/se\/2019\/07\/10\/skoda-sponsrar-team-31\/#primaryimage"},"image":{"@id":"https:\/\/www.welovecycling.com\/se\/2019\/07\/10\/skoda-sponsrar-team-31\/#primaryimage"},"thumbnailUrl":"https:\/\/d2p6e6u75xmxt8.cloudfront.net\/9\/2019\/09\/69138009_2338559786265155_2011443028505395200_o.jpg","datePublished":"2019-07-10T11:38:06+00:00","dateModified":"2019-09-10T11:43:30+00:00","author":{"@id":"https:\/\/www.welovecycling.com\/se\/#\/schema\/person\/037f34ad5d6e77accab8a3eff6ad7a0c"},"breadcrumb":{"@id":"https:\/\/www.welovecycling.com\/se\/2019\/07\/10\/skoda-sponsrar-team-31\/#breadcrumb"},"inLanguage":"sv-SE","potentialAction":[{"@type":"ReadAction","target":["https:\/\/www.welovecycling.com\/se\/2019\/07\/10\/skoda-sponsrar-team-31\/"]}]},{"@type":"ImageObject","inLanguage":"sv-SE","@id":"https:\/\/www.welovecycling.com\/se\/2019\/07\/10\/skoda-sponsrar-team-31\/#primaryimage","url":"https:\/\/d2p6e6u75xmxt8.cloudfront.net\/9\/2019\/09\/69138009_2338559786265155_2011443028505395200_o.jpg","contentUrl":"https:\/\/d2p6e6u75xmxt8.cloudfront.net\/9\/2019\/09\/69138009_2338559786265155_2011443028505395200_o.jpg","width":2009,"height":2009},{"@type":"BreadcrumbList","@id":"https:\/\/www.welovecycling.com\/se\/2019\/07\/10\/skoda-sponsrar-team-31\/#breadcrumb","itemListElement":[{"@type":"ListItem","position":1,"name":"Home","item":"https:\/\/www.welovecycling.com\/se\/"},{"@type":"ListItem","position":2,"name":"\u0160koda sponsrar Team 31"}]},{"@type":"WebSite","@id":"https:\/\/www.welovecycling.com\/se\/#website","url":"https:\/\/www.welovecycling.com\/se\/","name":"\u0160koda - We Love Cycling - Sweden","description":"\u0160koda We Love Cycling - Sweden","potentialAction":[{"@type":"SearchAction","target":{"@type":"EntryPoint","urlTemplate":"https:\/\/www.welovecycling.com\/se\/?s={search_term_string}"},"query-input":{"@type":"PropertyValueSpecification","valueRequired":true,"valueName":"search_term_string"}}],"inLanguage":"sv-SE"},{"@type":"Person","@id":"https:\/\/www.welovecycling.com\/se\/#\/schema\/person\/037f34ad5d6e77accab8a3eff6ad7a0c","name":"erikleonsson","image":{"@type":"ImageObject","inLanguage":"sv-SE","@id":"https:\/\/www.welovecycling.com\/se\/#\/schema\/person\/image\/","url":"https:\/\/secure.gravatar.com\/avatar\/788a593b0a657d6864c271709722f9cd586caa5a645e77f71fe625396b02677c?s=96&d=mm&r=g","contentUrl":"https:\/\/secure.gravatar.com\/avatar\/788a593b0a657d6864c271709722f9cd586caa5a645e77f71fe625396b02677c?s=96&d=mm&r=g","caption":"erikleonsson"},"url":"https:\/\/www.welovecycling.com\/se\/author\/erikleonsson\/"}]}},"_links":{"self":[{"href":"https:\/\/www.welovecycling.com\/se\/wp-json\/wp\/v2\/posts\/2323","targetHints":{"allow":["GET"]}}],"collection":[{"href":"https:\/\/www.welovecycling.com\/se\/wp-json\/wp\/v2\/posts"}],"about":[{"href":"https:\/\/www.welovecycling.com\/se\/wp-json\/wp\/v2\/types\/post"}],"author":[{"embeddable":true,"href":"https:\/\/www.welovecycling.com\/se\/wp-json\/wp\/v2\/users\/52"}],"replies":[{"embeddable":true,"href":"https:\/\/www.welovecycling.com\/se\/wp-json\/wp\/v2\/comments?post=2323"}],"version-history":[{"count":1,"href":"https:\/\/www.welovecycling.com\/se\/wp-json\/wp\/v2\/posts\/2323\/revisions"}],"predecessor-version":[{"id":2325,"href":"https:\/\/www.welovecycling.com\/se\/wp-json\/wp\/v2\/posts\/2323\/revisions\/2325"}],"wp:featuredmedia":[{"embeddable":true,"href":"https:\/\/www.welovecycling.com\/se\/wp-json\/wp\/v2\/media\/2324"}],"wp:attachment":[{"href":"https:\/\/www.welovecycling.com\/se\/wp-json\/wp\/v2\/media?parent=2323"}],"wp:term":[{"taxonomy":"category","embeddable":true,"href":"https:\/\/www.welovecycling.com\/se\/wp-json\/wp\/v2\/categories?post=2323"},{"taxonomy":"post_tag","embeddable":true,"href":"https:\/\/www.welovecycling.com\/se\/wp-json\/wp\/v2\/tags?post=2323"},{"taxonomy":"global-categories","embeddable":true,"href":"https:\/\/www.welovecycling.com\/se\/wp-json\/wp\/v2\/global-categories?post=2323"}],"curies":[{"name":"wp","href":"https:\/\/api.w.org\/{rel}","templated":true}]}}