{"id":2303,"date":"2019-07-10T10:38:30","date_gmt":"2019-07-10T09:38:30","guid":{"rendered":"https:\/\/www.welovecycling.com\/se\/?p=2303"},"modified":"2019-09-15T09:51:15","modified_gmt":"2019-09-15T08:51:15","slug":"sa-gick-det-pa-vatternrundan-for-skoda-cycling-team","status":"publish","type":"post","link":"https:\/\/www.welovecycling.com\/se\/2019\/07\/10\/sa-gick-det-pa-vatternrundan-for-skoda-cycling-team\/","title":{"rendered":"S\u00e5 gick det f\u00f6r \u0160koda Cycling Team 2019"},"content":{"rendered":"<p>&nbsp;<\/p>\n<p><b>13:36. Det \u00e4r klockslaget som vi siktat p\u00e5 det senaste halv\u00e5ret.<\/b><\/p>\n<p>F\u00f6rberedelserna under v\u00e5ren har varit fullkomliga \u2013 vi har sk\u00f6tt v\u00e5r individuella tr\u00e4ning i samr\u00e5d med den b\u00e4sta tr\u00e4naren man kan finna, vi har haft tr\u00e4ningsl\u00e4ger p\u00e5 Friiberghs Herrg\u00e5rd och grupptr\u00e4ningar runt Stockholm \u2013 \u00e4nd\u00e5 finns det ingen i bussen p\u00e5 v\u00e4g ned till Motala som inte har n\u00e5gon nerv\u00f6s sp\u00e4nning i kroppen inf\u00f6r detta klockslag. V\u00e4tternrundor \u00e4r alltid en utmaning, \u00e4ven f\u00f6r de som har 5-10 snabba rundor i bagaget.<span class=\"Apple-converted-space\">\u00a0<\/span><\/p>\n<p><img loading=\"lazy\" decoding=\"async\" class=\"aligncenter wp-image-2304 size-large\" src=\"https:\/\/d2p6e6u75xmxt8.cloudfront.net\/9\/2019\/09\/BA_3381-1024x682.jpg\" alt=\"\" width=\"1024\" height=\"682\" srcset=\"https:\/\/d2p6e6u75xmxt8.cloudfront.net\/9\/2019\/09\/BA_3381-1024x682.jpg 1024w, https:\/\/d2p6e6u75xmxt8.cloudfront.net\/9\/2019\/09\/BA_3381-300x200.jpg 300w, https:\/\/d2p6e6u75xmxt8.cloudfront.net\/9\/2019\/09\/BA_3381-768x512.jpg 768w, https:\/\/d2p6e6u75xmxt8.cloudfront.net\/9\/2019\/09\/BA_3381-1920x1280.jpg 1920w, https:\/\/d2p6e6u75xmxt8.cloudfront.net\/9\/2019\/09\/BA_3381-272x182.jpg 272w, https:\/\/d2p6e6u75xmxt8.cloudfront.net\/9\/2019\/09\/BA_3381.jpg 2000w, https:\/\/d2p6e6u75xmxt8.cloudfront.net\/9\/2019\/09\/BA_3381-1920x1280.jpg 1920w\" sizes=\"auto, (max-width: 1024px) 100vw, 1024px\" \/><\/p>\n<p>&nbsp;<\/p>\n<p>Teambussen fr\u00e5n Haga Norra l\u00e4mnar 07:00 med en sk\u00f6n st\u00e4mning p\u00e5 alla passagerare. I \u00e5r ser inte v\u00e4dret ut att bli n\u00e5gon st\u00f6rre utmaning \u00e4ven om vinden verkar vara lite os\u00e4ker, motvind eller sidvind, n\u00e4r vrider det och var kan vi f\u00f6rv\u00e4nta oss lite sk\u00f6n medvind? Men v\u00e4rmen, hur varmt kommer det egentligen att bli? F\u00f6r oss som startat tidigare vet vi att det kan vara f\u00f6rr\u00e4diskt att tro att v\u00e4dret inte st\u00e4ller till n\u00e5gon utmaning runt V\u00e4ttern.<\/p>\n<ul>\n<li><\/li>\n<\/ul>\n<p><i>Detta \u00e4r sj\u00e4tte \u00e5ret som Skoda Cycling Team deltar i V\u00e4tternrundan. Teamet best\u00e5r av 15 ambassad\u00f6rer som deltagit i flera \u00e5r, m\u00e5nga de senaste 6 \u00e5ren i f\u00f6ljd, n\u00e5gra de senaste 2\u20133 \u00e5ren men gemensamt \u00e4r att alla \u00e4r mycket rutinerade cyklister. Den andra halvan av teamet best\u00e5r av rekryter, som antagits genom en \u00f6ppen ans\u00f6kan och efterf\u00f6ljande, noggrann s\u00e5llningsprocess. Platserna f\u00f6r att f\u00e5 delta \u00e4r f\u00e5 i f\u00f6rh\u00e5llande till antalet ans\u00f6kningar, endast 15 st platser finns till f\u00f6rfogande. Under v\u00e5ren f\u00e5r v\u00e5ra rekryter allt st\u00f6d de kan f\u00e5 f\u00f6r att klara prestationen att cykla 30 mil p\u00e5 under 8 timmar. I utrustningsv\u00e4g blir de f\u00f6rsedda med det b\u00e4sta materialet, nutritionen \u00e4r noga planerad, individuella tr\u00e4ningsprogram som f\u00f6ljts upp b\u00e5de p\u00e5 plats och p\u00e5 distans. V\u00e5ra rekryter har getts de b\u00e4sta f\u00f6ruts\u00e4ttningarna och m\u00f6jligheterna f\u00f6r att genomf\u00f6ra V\u00e4tternrundan kunde inte vara b\u00e4ttre. Ambass\u00f6rernas enda m\u00e5l \u00e4r att v\u00e5ra rekryter ska klara av v\u00e5r gemensamma m\u00e5l \u2013 alla rekryter ska in under 8 timmar.<\/i><\/p>\n<ul>\n<li><\/li>\n<\/ul>\n<p>Efter ett par korta stopp f\u00f6r att h\u00e4mta lagmedlemmar bosatta p\u00e5 v\u00e4gen mellan Motala-Stockholm sv\u00e4nger vi in mot startplatsen. I vanlig men alltid \u00f6verraskande v\u00e4l ordnad stil \u00e4r v\u00e5r lounge i Motala f\u00f6rberedd med lunch, mekaniker, v\u00e4tska och v\u00e4ldigt god st\u00e4mning. Inget har f\u00f6rbisetts, inte ens m\u00f6jligheten att s\u00f6ka skugga under v\u00e5ra t\u00e4lt.<\/p>\n<p><img loading=\"lazy\" decoding=\"async\" class=\"aligncenter size-large wp-image-2305\" src=\"https:\/\/d2p6e6u75xmxt8.cloudfront.net\/9\/2019\/09\/G6D6791-1024x682.jpg\" alt=\"\" width=\"1024\" height=\"682\" srcset=\"https:\/\/d2p6e6u75xmxt8.cloudfront.net\/9\/2019\/09\/G6D6791-1024x682.jpg 1024w, https:\/\/d2p6e6u75xmxt8.cloudfront.net\/9\/2019\/09\/G6D6791-300x200.jpg 300w, https:\/\/d2p6e6u75xmxt8.cloudfront.net\/9\/2019\/09\/G6D6791-768x512.jpg 768w, https:\/\/d2p6e6u75xmxt8.cloudfront.net\/9\/2019\/09\/G6D6791-1920x1280.jpg 1920w, https:\/\/d2p6e6u75xmxt8.cloudfront.net\/9\/2019\/09\/G6D6791-272x182.jpg 272w, https:\/\/d2p6e6u75xmxt8.cloudfront.net\/9\/2019\/09\/G6D6791.jpg 2000w, https:\/\/d2p6e6u75xmxt8.cloudfront.net\/9\/2019\/09\/G6D6791-1920x1280.jpg 1920w\" sizes=\"auto, (max-width: 1024px) 100vw, 1024px\" \/><\/p>\n<p><img loading=\"lazy\" decoding=\"async\" class=\"aligncenter size-large wp-image-2306\" src=\"https:\/\/d2p6e6u75xmxt8.cloudfront.net\/9\/2019\/09\/G6D6797-1024x682.jpg\" alt=\"\" width=\"1024\" height=\"682\" srcset=\"https:\/\/d2p6e6u75xmxt8.cloudfront.net\/9\/2019\/09\/G6D6797-1024x682.jpg 1024w, https:\/\/d2p6e6u75xmxt8.cloudfront.net\/9\/2019\/09\/G6D6797-300x200.jpg 300w, https:\/\/d2p6e6u75xmxt8.cloudfront.net\/9\/2019\/09\/G6D6797-768x512.jpg 768w, https:\/\/d2p6e6u75xmxt8.cloudfront.net\/9\/2019\/09\/G6D6797-1920x1280.jpg 1920w, https:\/\/d2p6e6u75xmxt8.cloudfront.net\/9\/2019\/09\/G6D6797-272x182.jpg 272w, https:\/\/d2p6e6u75xmxt8.cloudfront.net\/9\/2019\/09\/G6D6797.jpg 2000w, https:\/\/d2p6e6u75xmxt8.cloudfront.net\/9\/2019\/09\/G6D6797-1920x1280.jpg 1920w\" sizes=\"auto, (max-width: 1024px) 100vw, 1024px\" \/><\/p>\n<p>13:36. Klockan tickar mot starttiden och hela laget informeras om v\u00e5r strategi \u00e5terigen \u2013 hur vi tar oss ut ur Motala, signalerna in och ut ur dep\u00e5stoppen samt vilka f\u00f6r\u00e4ndringar som p\u00e5verkar v\u00e5ra kommande 8 timmar. I \u00e5r var v\u00e5r mest betydande f\u00f6r\u00e4ndring att vi inte hade n\u00e5gon MC-eskort, vilket s\u00e5 klart kan inneb\u00e4ra n\u00e5got mer biltrafik som kan vara i v\u00e4gen vid s\u00e4rskilda passager.<\/p>\n<p><img loading=\"lazy\" decoding=\"async\" class=\"aligncenter wp-image-2308 size-large\" src=\"https:\/\/d2p6e6u75xmxt8.cloudfront.net\/9\/2019\/09\/G6D7313-1024x682.jpg\" alt=\"\" width=\"1024\" height=\"682\" srcset=\"https:\/\/d2p6e6u75xmxt8.cloudfront.net\/9\/2019\/09\/G6D7313-1024x682.jpg 1024w, https:\/\/d2p6e6u75xmxt8.cloudfront.net\/9\/2019\/09\/G6D7313-300x200.jpg 300w, https:\/\/d2p6e6u75xmxt8.cloudfront.net\/9\/2019\/09\/G6D7313-768x512.jpg 768w, https:\/\/d2p6e6u75xmxt8.cloudfront.net\/9\/2019\/09\/G6D7313-1920x1280.jpg 1920w, https:\/\/d2p6e6u75xmxt8.cloudfront.net\/9\/2019\/09\/G6D7313-272x182.jpg 272w, https:\/\/d2p6e6u75xmxt8.cloudfront.net\/9\/2019\/09\/G6D7313.jpg 2000w, https:\/\/d2p6e6u75xmxt8.cloudfront.net\/9\/2019\/09\/G6D7313-1920x1280.jpg 1920w\" sizes=\"auto, (max-width: 1024px) 100vw, 1024px\" \/><\/p>\n<p>13:36 \u00e4r slaget och vi s\u00e4tter fart ut ur Motala. Lugn fart. De assisterande lagkaptenerna s\u00e4tter inledande fart ut ur Motala l\u00e5gt, med l\u00e5sta led och l\u00e5ngsamt stegrande hastighet. F\u00f6rst n\u00e4r vi har varma ben och sp\u00e4nningen sl\u00e4ppt i kroppen b\u00f6rjar vi v\u00e5r rotation som det \u00e4r t\u00e4nkt att fungera de n\u00e4rmaste timmarna. Det \u00e4r s\u00e5 vi upplever att v\u00e5ra b\u00e4sta starter har genomf\u00f6rts. N\u00e4r rotationen v\u00e4l b\u00f6rjar k\u00e4nns detta helt r\u00e4tt \u00e4ven om det kan vara stressande att veta att vi kommer beh\u00f6va k\u00f6ra ikapp det inledande lugna tempot.<\/p>\n<p><img loading=\"lazy\" decoding=\"async\" class=\"aligncenter size-large wp-image-2310\" src=\"https:\/\/d2p6e6u75xmxt8.cloudfront.net\/9\/2019\/09\/BA_3454-1024x682.jpg\" alt=\"\" width=\"1024\" height=\"682\" srcset=\"https:\/\/d2p6e6u75xmxt8.cloudfront.net\/9\/2019\/09\/BA_3454-1024x682.jpg 1024w, https:\/\/d2p6e6u75xmxt8.cloudfront.net\/9\/2019\/09\/BA_3454-300x200.jpg 300w, https:\/\/d2p6e6u75xmxt8.cloudfront.net\/9\/2019\/09\/BA_3454-768x512.jpg 768w, https:\/\/d2p6e6u75xmxt8.cloudfront.net\/9\/2019\/09\/BA_3454-1920x1280.jpg 1920w, https:\/\/d2p6e6u75xmxt8.cloudfront.net\/9\/2019\/09\/BA_3454-272x182.jpg 272w, https:\/\/d2p6e6u75xmxt8.cloudfront.net\/9\/2019\/09\/BA_3454.jpg 2000w, https:\/\/d2p6e6u75xmxt8.cloudfront.net\/9\/2019\/09\/BA_3454-1920x1280.jpg 1920w\" sizes=\"auto, (max-width: 1024px) 100vw, 1024px\" \/><\/p>\n<p>Str\u00e4ckan ner mot Gr\u00e4nna g\u00e5r l\u00e4tt. V\u00e5r snittfart \u00e4r dryga 42 km\/h och hela g\u00e4nget k\u00e4nns piggt och fr\u00e4scht. Att vi har en h\u00f6gre snittfart \u00e4n t\u00e4nkt ner mot J\u00f6nk\u00f6ping \u00e4r inget vi har f\u00f6r avsikt att s\u00e4nka. Som kapten har man en konstant \u00f6verblick av farten och g\u00f6r konstanta ber\u00e4kningar av status p\u00e5 hur vi ligger till mot t\u00e4nkt m\u00e5ltid. I detta fall r\u00e4knar vi med att det kommer uppst\u00e5 lite blandad sidvind\/sida-mot p\u00e5 V\u00e4tterns v\u00e4stsida.<\/p>\n<p>F\u00f6sta stoppet \u00e4r mycket kort, redan i Gr\u00e4nna. Detta stopp \u00e4r endast f\u00f6r att t\u00f6mma \u00f6vervattnade kroppar eller f\u00f6r att hinna g\u00f6ra korta mekaniska justeringar. Trots v\u00e4rmen som var i Motala vid start s\u00e5 kommer det in moln under v\u00e5r v\u00e4g ner\u00e5t som g\u00f6r att vi faktiskt inte g\u00f6r av med s\u00e5 mycket v\u00e4tska som befarat, de flesta av oss ligger helt enkelt mycket bra till vad g\u00e4ller v\u00e4tskeintaget. Vi har ju faktiskt ytterligare 65 km till n\u00e4sta stopp. Redan vid detta detta stopp st\u00e5r det dock klart att v\u00e5r ambassad\u00f6r Alexander har blivit tvungen att sl\u00e4ppa p\u00e5 grund av en sadelstolpe som b\u00f6rjat glida ner\u00e5t alldeles f\u00f6r mycket.<span class=\"Apple-converted-space\">\u00a0<\/span><\/p>\n<p><img loading=\"lazy\" decoding=\"async\" class=\"aligncenter size-large wp-image-2311\" src=\"https:\/\/d2p6e6u75xmxt8.cloudfront.net\/9\/2019\/09\/BA_3678-1024x682.jpg\" alt=\"\" width=\"1024\" height=\"682\" srcset=\"https:\/\/d2p6e6u75xmxt8.cloudfront.net\/9\/2019\/09\/BA_3678-1024x682.jpg 1024w, https:\/\/d2p6e6u75xmxt8.cloudfront.net\/9\/2019\/09\/BA_3678-300x200.jpg 300w, https:\/\/d2p6e6u75xmxt8.cloudfront.net\/9\/2019\/09\/BA_3678-768x512.jpg 768w, https:\/\/d2p6e6u75xmxt8.cloudfront.net\/9\/2019\/09\/BA_3678-1920x1280.jpg 1920w, https:\/\/d2p6e6u75xmxt8.cloudfront.net\/9\/2019\/09\/BA_3678-272x182.jpg 272w, https:\/\/d2p6e6u75xmxt8.cloudfront.net\/9\/2019\/09\/BA_3678.jpg 2000w, https:\/\/d2p6e6u75xmxt8.cloudfront.net\/9\/2019\/09\/BA_3678-1920x1280.jpg 1920w\" sizes=\"auto, (max-width: 1024px) 100vw, 1024px\" \/><\/p>\n<p>Ner mot J\u00f6nk\u00f6ping rullar vi p\u00e5 fortsatt fint och m\u00e5nga i g\u00e4nget k\u00e4nns of\u00f6rsk\u00e4mt starka. Men vi som cyklat ett otal g\u00e5nger vet att V\u00e4tternrundan inte har b\u00f6rjat \u00e4nnu. I backarna mot Bankeryd \u00e5ks det lugnt men aldrig l\u00e5ngsamt. Vi h\u00e5ller bra fart utan stress. Efter J\u00f6nk\u00f6ping har vi en svans med n\u00e5gra f\u00e5 cyklister som vi beh\u00f6ver vara omt\u00e4nksamma om. Inte f\u00f6r att de \u00e4r svagare \u00e4n andra, de \u00e4r helt enkelt i ett annat l\u00e4ge i loppet. Och det kommer visa sig senare p\u00e5 dagen att det \u00e4r just dessa cyklister som beh\u00f6vs.<\/p>\n<p>Vi sv\u00e4nger in mot f\u00f6rsta dep\u00e5stoppet och \u00e4ven h\u00e4r k\u00e4nns det att man cyklar i Skoda Cycling Team. Allt \u00e4r perfekt f\u00f6rberett, musetter med fyllda flaskor, energigels och bars. Vi har \u00e4ven ett barbord med gifflar, Cola och l\u00f6sgodis. Man kan inte bli gladare \u00e4n att snabbt f\u00e5 trycka i sig 2 gifflar, \u00e4n just idag. N\u00e5gra i laget beh\u00f6ver justera kl\u00e4dvalet samt snabba mekaniska \u00e5tg\u00e4rder vilket v\u00e5ra mekaniker proffsigt fixar. Minuterna g\u00e5r fort och vi l\u00e4mnar dep\u00e5n samlat och smidigt, snabbt men \u00e5terigen helt utan stress.<\/p>\n<p><img loading=\"lazy\" decoding=\"async\" class=\"aligncenter size-large wp-image-2312\" src=\"https:\/\/d2p6e6u75xmxt8.cloudfront.net\/9\/2019\/09\/BF_1925-1024x682.jpg\" alt=\"\" width=\"1024\" height=\"682\" srcset=\"https:\/\/d2p6e6u75xmxt8.cloudfront.net\/9\/2019\/09\/BF_1925-1024x682.jpg 1024w, https:\/\/d2p6e6u75xmxt8.cloudfront.net\/9\/2019\/09\/BF_1925-300x200.jpg 300w, https:\/\/d2p6e6u75xmxt8.cloudfront.net\/9\/2019\/09\/BF_1925-768x512.jpg 768w, https:\/\/d2p6e6u75xmxt8.cloudfront.net\/9\/2019\/09\/BF_1925-1920x1280.jpg 1920w, https:\/\/d2p6e6u75xmxt8.cloudfront.net\/9\/2019\/09\/BF_1925-272x182.jpg 272w, https:\/\/d2p6e6u75xmxt8.cloudfront.net\/9\/2019\/09\/BF_1925.jpg 2000w, https:\/\/d2p6e6u75xmxt8.cloudfront.net\/9\/2019\/09\/BF_1925-1920x1280.jpg 1920w\" sizes=\"auto, (max-width: 1024px) 100vw, 1024px\" \/><\/p>\n<p>Vi har snart passerat 180 km och det \u00e4r nu timmarna b\u00f6rjar ta ut sin r\u00e4tt. Inte s\u00e4llan f\u00e5r man problem med prylar som man inte anat kunnat st\u00e4lla till problem. Gruskorn som letar sig in skornas lufth\u00e5l, undertr\u00f6jor som b\u00f6rjar skava och ryggar som b\u00f6rjar k\u00e4nnas. V\u00e5r svans \u00e4r kvar men stadig, inget n\u00e4mnv\u00e4rt behov av att justera fart eller anstr\u00e4ngning finns, det \u00e4r t o m s\u00e5 att det har b\u00f6rjat komma upp fler cyklister, fr\u00e5n svansen och in i rotationen. Vi \u00e4r nu fortfarande ov\u00e4ntat m\u00e5nga i rotation och det inneb\u00e4r l\u00e5ng vila mellan f\u00f6rningarna. Tack vare detta \u00e4r det l\u00e4tt att h\u00e5lla sig fr\u00e4sch, st\u00e4mningen \u00e4r p\u00e5 topp!<\/p>\n<p>Inf\u00f6r sista dep\u00e5stoppet, ca 220 km, \u00e4r det n\u00e5gra av oss som b\u00f6rjat bli tr\u00f6tta. Tr\u00f6tta men aldrig uppgivna. F\u00f6r de som \u00e4r i rotation \u00e4r det inte alltid helt l\u00e4tt att ha kontroll \u00f6ver hur st\u00e4mningen och energiniv\u00e5n hos de l\u00e4ngre bak i svansen. En snabb \u00f6verblick ger att alla \u00e4r fortsatt tuffa och beslutsamma att v\u00e5r fart \u00e4r h\u00f6g men inte om\u00f6jlig. Dep\u00e5personalens support best\u00e5r av kl\u00e4desplagg, kedjeolja samt en och annan l\u00e4ttare v\u00e4rktablett samt en v\u00e4ldig massa pepp. Efter att ha genomf\u00f6rt V\u00e4tternrundan n\u00e5gra g\u00e5nger \u00e4r det intressant att se hur deltagarnas tr\u00f6tthet yttrar sig i olika former, tystnad, d\u00e5lig humor, l\u00e4ttirritation eller det helt motsatt \u2013 en extrem f\u00f6rm\u00e5ga att peppa andra. Dynamiken som var under \u00e5rets V\u00e4tternrunda \u00f6nskar jag kunde upplevas p\u00e5 nytt \u2013 en dynamik som s\u00e4rskilt tydligt avspeglades efter detta dep\u00e5stopp. M\u00e5nga i laget var som nya cyklister som v\u00e5gade ta f\u00f6r sig och ta ansvar f\u00f6r v\u00e5r framfart. Detta var extra gl\u00e4djande att se eftersom oavsett i vilken grupp man cyklar med s\u00e5 \u00e4r det ett gemensamt ansvar att bidra med sina egna resurser. Det \u00e4r detta ansvar som resulterar i ett lyckat genomf\u00f6rt lopp.<\/p>\n<p><img loading=\"lazy\" decoding=\"async\" class=\"aligncenter size-large wp-image-2313\" src=\"https:\/\/d2p6e6u75xmxt8.cloudfront.net\/9\/2019\/09\/G6D7422-1024x682.jpg\" alt=\"\" width=\"1024\" height=\"682\" srcset=\"https:\/\/d2p6e6u75xmxt8.cloudfront.net\/9\/2019\/09\/G6D7422-1024x682.jpg 1024w, https:\/\/d2p6e6u75xmxt8.cloudfront.net\/9\/2019\/09\/G6D7422-300x200.jpg 300w, https:\/\/d2p6e6u75xmxt8.cloudfront.net\/9\/2019\/09\/G6D7422-768x512.jpg 768w, https:\/\/d2p6e6u75xmxt8.cloudfront.net\/9\/2019\/09\/G6D7422-1920x1280.jpg 1920w, https:\/\/d2p6e6u75xmxt8.cloudfront.net\/9\/2019\/09\/G6D7422-272x182.jpg 272w, https:\/\/d2p6e6u75xmxt8.cloudfront.net\/9\/2019\/09\/G6D7422.jpg 2000w, https:\/\/d2p6e6u75xmxt8.cloudfront.net\/9\/2019\/09\/G6D7422-1920x1280.jpg 1920w\" sizes=\"auto, (max-width: 1024px) 100vw, 1024px\" \/><\/p>\n<p>\u00c5rets upplaga av Skodas rekryter m\u00e5ste vara av det segaste virke som kan hittas. Efter det andra dep\u00e5stoppet t\u00e4ndes gl\u00f6den i alla och ingen var l\u00e4ngre tveksam \u00f6ver att vi skulle lyckas. Fler \u00e4r nu uppe och tar f\u00f6rningar, svansen av Skoda-cyklister \u00e4r nu mindre \u00e4n n\u00e5gonsin under loppet och de som tidigare verkade tr\u00f6tta och beh\u00f6vde extra tillsyn var nu tillsynes m\u00e4rkbart och imponerande starka!<span class=\"Apple-converted-space\">\u00a0<\/span><\/p>\n<p>Milen rullade igenom snabbt och de enda kvarvarande utmaningarna var de lite segare backarna i Hammarsundet och den korta \u201dspr\u00e4ttbacken\u201d i Medevi. Det siste vi ville nu var att n\u00e5gon som var p\u00e5 vippen skulle f\u00f6rlora sina sista krafter och g\u00e5 p\u00e5 r\u00f6tt f\u00f6r att sedan ramla av. Lugnt uppf\u00f6r backarna och vi var fortfarande ett helt lag.<span class=\"Apple-converted-space\">\u00a0<\/span><\/p>\n<p><img loading=\"lazy\" decoding=\"async\" class=\"aligncenter size-large wp-image-2315\" src=\"https:\/\/d2p6e6u75xmxt8.cloudfront.net\/9\/2019\/09\/MG_6773-1024x682.jpg\" alt=\"\" width=\"1024\" height=\"682\" srcset=\"https:\/\/d2p6e6u75xmxt8.cloudfront.net\/9\/2019\/09\/MG_6773-1024x682.jpg 1024w, https:\/\/d2p6e6u75xmxt8.cloudfront.net\/9\/2019\/09\/MG_6773-300x200.jpg 300w, https:\/\/d2p6e6u75xmxt8.cloudfront.net\/9\/2019\/09\/MG_6773-768x512.jpg 768w, https:\/\/d2p6e6u75xmxt8.cloudfront.net\/9\/2019\/09\/MG_6773-1920x1280.jpg 1920w, https:\/\/d2p6e6u75xmxt8.cloudfront.net\/9\/2019\/09\/MG_6773-272x182.jpg 272w, https:\/\/d2p6e6u75xmxt8.cloudfront.net\/9\/2019\/09\/MG_6773.jpg 2000w, https:\/\/d2p6e6u75xmxt8.cloudfront.net\/9\/2019\/09\/MG_6773-1920x1280.jpg 1920w\" sizes=\"auto, (max-width: 1024px) 100vw, 1024px\" \/><\/p>\n<p>Under de sista milen som \u00e5terstod gick det inte att hejda framfarten och tempot som hela laget k\u00f6rde i just d\u00e5 var imponerande och roande. Ingen fr\u00e5n svansen hade dock behov av att hejda oss och vi till\u00e4t oss att fortsatt h\u00e5lla en h\u00f6g fart \u2013 dock aldrig h\u00f6gre \u00e4n v\u00e5r m\u00e5ls\u00e4ttning &#8211; att alla skulle in i m\u00e5l tillsammans.<\/p>\n<p><b>22:02 rullar vi in i Motala.<\/b><span class=\"Apple-converted-space\">\u00a0<\/span><\/p>\n<p>Att \u00e5terigen komma in i m\u00e5l tillsammans med s\u00e5 stor del av laget \u00e4r en \u00e4ra, i \u00e5r kom en st\u00f6rre del av laget \u00e4n n\u00e5gonsin tidigare i m\u00e5l samtidigt. I sann vinnaranda m\u00f6ttes vi av champagne och ett helt serviceteam som varit en s\u00e5 viktig del av v\u00e5r resa gratulerade oss \u2013 vi gratulerar dem f\u00f6r en lika stor prestation.<\/p>\n<p><img loading=\"lazy\" decoding=\"async\" class=\"aligncenter size-large wp-image-2314\" src=\"https:\/\/d2p6e6u75xmxt8.cloudfront.net\/9\/2019\/09\/MG_6844-1024x682.jpg\" alt=\"\" width=\"1024\" height=\"682\" srcset=\"https:\/\/d2p6e6u75xmxt8.cloudfront.net\/9\/2019\/09\/MG_6844-1024x682.jpg 1024w, https:\/\/d2p6e6u75xmxt8.cloudfront.net\/9\/2019\/09\/MG_6844-300x200.jpg 300w, https:\/\/d2p6e6u75xmxt8.cloudfront.net\/9\/2019\/09\/MG_6844-768x512.jpg 768w, https:\/\/d2p6e6u75xmxt8.cloudfront.net\/9\/2019\/09\/MG_6844-1920x1280.jpg 1920w, https:\/\/d2p6e6u75xmxt8.cloudfront.net\/9\/2019\/09\/MG_6844-272x182.jpg 272w, https:\/\/d2p6e6u75xmxt8.cloudfront.net\/9\/2019\/09\/MG_6844.jpg 2000w, https:\/\/d2p6e6u75xmxt8.cloudfront.net\/9\/2019\/09\/MG_6844-1920x1280.jpg 1920w\" sizes=\"auto, (max-width: 1024px) 100vw, 1024px\" \/><\/p>\n<p>Vi klarade \u00e5terigen v\u00e5r m\u00e5ls\u00e4ttning att cykla V\u00e4tternrundan p\u00e5 under 8 timmar, med viss r\u00e5ge. Vi alla upplevde en av v\u00e5ra finaste V\u00e4tternrundor som genomf\u00f6rts \u2013 tryggt, snabbt och enkelt i stort sett hela v\u00e4gen. Vi vet dock att det inte \u00e4r lika enkelt utan v\u00e5ra f\u00f6ruts\u00e4ttningar. Vi vet att m\u00e5nga k\u00e4mpar med att ordna transporter, dep\u00e5er och f\u00f6r att f\u00e5 till klubbtr\u00e4ningar. Stor eloge till er som genomf\u00f6r samma bedrift som vi \u2013 en \u00e4nnu st\u00f6rre eloge som genomf\u00f6r detta p\u00e5 betydligt l\u00e4ngre tid \u00e4n oss, det \u00e4r ni som \u00e4r de stora hj\u00e4ltarna. Som medlem i laget sedan m\u00e5nga \u00e5r s\u00e5 \u00e4r jag otroligt tacksam f\u00f6r att alla i rekryter och ambassad\u00f6rer tagit detta p\u00e5 stort allvar och lagt ner all energi och gl\u00e4dje f\u00f6r att kunna genomf\u00f6ra detta.<span class=\"Apple-converted-space\">\u00a0<\/span><\/p>\n<p><img loading=\"lazy\" decoding=\"async\" class=\"aligncenter size-large wp-image-2309\" src=\"https:\/\/d2p6e6u75xmxt8.cloudfront.net\/9\/2019\/09\/G6D8060-1024x682.jpg\" alt=\"\" width=\"1024\" height=\"682\" srcset=\"https:\/\/d2p6e6u75xmxt8.cloudfront.net\/9\/2019\/09\/G6D8060-1024x682.jpg 1024w, https:\/\/d2p6e6u75xmxt8.cloudfront.net\/9\/2019\/09\/G6D8060-300x200.jpg 300w, https:\/\/d2p6e6u75xmxt8.cloudfront.net\/9\/2019\/09\/G6D8060-768x512.jpg 768w, https:\/\/d2p6e6u75xmxt8.cloudfront.net\/9\/2019\/09\/G6D8060-1920x1280.jpg 1920w, https:\/\/d2p6e6u75xmxt8.cloudfront.net\/9\/2019\/09\/G6D8060-272x182.jpg 272w, https:\/\/d2p6e6u75xmxt8.cloudfront.net\/9\/2019\/09\/G6D8060.jpg 2000w, https:\/\/d2p6e6u75xmxt8.cloudfront.net\/9\/2019\/09\/G6D8060-1920x1280.jpg 1920w\" sizes=\"auto, (max-width: 1024px) 100vw, 1024px\" \/><\/p>\n<p>Just eftersom vi f\u00e5r m\u00f6jlighet att uppleva en trygg, snabb och enkel V\u00e4tternrunda vill jag rikta ett s\u00e4rskilt tack till alla v\u00e5ra sponsorer och v\u00e5r dep\u00e5personal som ger oss dessa f\u00f6ruts\u00e4ttningar. Det \u00e4r l\u00e4tt att \u00e4lska cykling och V\u00e4tternrundan under dessa former!<\/p>\n<p>&nbsp;<\/p>\n<p><strong>2019 \u00e5rs rapportering:\u00a0Jukka Kuusela,\u00a0Lagkapten, Skoda Cycling Team<\/strong><\/p>\n","protected":false},"excerpt":{"rendered":"<p>&nbsp; 13:36. Det \u00e4r klockslaget som vi siktat p\u00e5 det senaste halv\u00e5ret. F\u00f6rberedelserna under v\u00e5ren har varit fullkomliga \u2013 vi [&hellip;]<\/p>\n","protected":false},"author":52,"featured_media":2317,"comment_status":"open","ping_status":"open","sticky":false,"template":"","format":"standard","meta":{"footnotes":""},"categories":[5,7],"tags":[],"global-categories":[],"class_list":["post-2303","post","type-post","status-publish","format-standard","has-post-thumbnail","hentry","category-nyheter","category-cyclingteam"],"yoast_head":"<!-- This site is optimized with the Yoast SEO Premium plugin v25.3 (Yoast SEO v25.9) - https:\/\/yoast.com\/wordpress\/plugins\/seo\/ -->\n<title>S\u00e5 gick det f\u00f6r \u0160koda Cycling Team 2019 - \u0160koda - We Love Cycling - Sweden<\/title>\n<meta name=\"robots\" content=\"index, follow, max-snippet:-1, max-image-preview:large, max-video-preview:-1\" \/>\n<link rel=\"canonical\" href=\"https:\/\/www.welovecycling.com\/se\/2019\/07\/10\/sa-gick-det-pa-vatternrundan-for-skoda-cycling-team\/\" \/>\n<meta property=\"og:locale\" content=\"sv_SE\" \/>\n<meta property=\"og:type\" content=\"article\" \/>\n<meta property=\"og:title\" content=\"S\u00e5 gick det f\u00f6r \u0160koda Cycling Team 2019\" \/>\n<meta property=\"og:description\" content=\"&nbsp; 13:36. Det \u00e4r klockslaget som vi siktat p\u00e5 det senaste halv\u00e5ret. F\u00f6rberedelserna under v\u00e5ren har varit fullkomliga \u2013 vi [&hellip;]\" \/>\n<meta property=\"og:url\" content=\"https:\/\/www.welovecycling.com\/se\/2019\/07\/10\/sa-gick-det-pa-vatternrundan-for-skoda-cycling-team\/\" \/>\n<meta property=\"og:site_name\" content=\"\u0160koda - We Love Cycling - Sweden\" \/>\n<meta property=\"article:published_time\" content=\"2019-07-10T09:38:30+00:00\" \/>\n<meta property=\"article:modified_time\" content=\"2019-09-15T08:51:15+00:00\" \/>\n<meta property=\"og:image\" content=\"https:\/\/d2p6e6u75xmxt8.cloudfront.net\/9\/2019\/07\/G6D7360.jpg\" \/>\n\t<meta property=\"og:image:width\" content=\"2000\" \/>\n\t<meta property=\"og:image:height\" content=\"1333\" \/>\n\t<meta property=\"og:image:type\" content=\"image\/jpeg\" \/>\n<meta name=\"author\" content=\"erikleonsson\" \/>\n<meta name=\"twitter:card\" content=\"summary_large_image\" \/>\n<meta name=\"twitter:label1\" content=\"Written by\" \/>\n\t<meta name=\"twitter:data1\" content=\"erikleonsson\" \/>\n\t<meta name=\"twitter:label2\" content=\"Est. reading time\" \/>\n\t<meta name=\"twitter:data2\" content=\"10 minutes\" \/>\n<script type=\"application\/ld+json\" class=\"yoast-schema-graph\">{\"@context\":\"https:\/\/schema.org\",\"@graph\":[{\"@type\":\"WebPage\",\"@id\":\"https:\/\/www.welovecycling.com\/se\/2019\/07\/10\/sa-gick-det-pa-vatternrundan-for-skoda-cycling-team\/\",\"url\":\"https:\/\/www.welovecycling.com\/se\/2019\/07\/10\/sa-gick-det-pa-vatternrundan-for-skoda-cycling-team\/\",\"name\":\"S\u00e5 gick det f\u00f6r \u0160koda Cycling Team 2019 - \u0160koda - We Love Cycling - Sweden\",\"isPartOf\":{\"@id\":\"https:\/\/www.welovecycling.com\/se\/#website\"},\"primaryImageOfPage\":{\"@id\":\"https:\/\/www.welovecycling.com\/se\/2019\/07\/10\/sa-gick-det-pa-vatternrundan-for-skoda-cycling-team\/#primaryimage\"},\"image\":{\"@id\":\"https:\/\/www.welovecycling.com\/se\/2019\/07\/10\/sa-gick-det-pa-vatternrundan-for-skoda-cycling-team\/#primaryimage\"},\"thumbnailUrl\":\"https:\/\/d2p6e6u75xmxt8.cloudfront.net\/9\/2019\/07\/G6D7360.jpg\",\"datePublished\":\"2019-07-10T09:38:30+00:00\",\"dateModified\":\"2019-09-15T08:51:15+00:00\",\"author\":{\"@id\":\"https:\/\/www.welovecycling.com\/se\/#\/schema\/person\/037f34ad5d6e77accab8a3eff6ad7a0c\"},\"breadcrumb\":{\"@id\":\"https:\/\/www.welovecycling.com\/se\/2019\/07\/10\/sa-gick-det-pa-vatternrundan-for-skoda-cycling-team\/#breadcrumb\"},\"inLanguage\":\"sv-SE\",\"potentialAction\":[{\"@type\":\"ReadAction\",\"target\":[\"https:\/\/www.welovecycling.com\/se\/2019\/07\/10\/sa-gick-det-pa-vatternrundan-for-skoda-cycling-team\/\"]}]},{\"@type\":\"ImageObject\",\"inLanguage\":\"sv-SE\",\"@id\":\"https:\/\/www.welovecycling.com\/se\/2019\/07\/10\/sa-gick-det-pa-vatternrundan-for-skoda-cycling-team\/#primaryimage\",\"url\":\"https:\/\/d2p6e6u75xmxt8.cloudfront.net\/9\/2019\/07\/G6D7360.jpg\",\"contentUrl\":\"https:\/\/d2p6e6u75xmxt8.cloudfront.net\/9\/2019\/07\/G6D7360.jpg\",\"width\":2000,\"height\":1333},{\"@type\":\"BreadcrumbList\",\"@id\":\"https:\/\/www.welovecycling.com\/se\/2019\/07\/10\/sa-gick-det-pa-vatternrundan-for-skoda-cycling-team\/#breadcrumb\",\"itemListElement\":[{\"@type\":\"ListItem\",\"position\":1,\"name\":\"Home\",\"item\":\"https:\/\/www.welovecycling.com\/se\/\"},{\"@type\":\"ListItem\",\"position\":2,\"name\":\"S\u00e5 gick det f\u00f6r \u0160koda Cycling Team 2019\"}]},{\"@type\":\"WebSite\",\"@id\":\"https:\/\/www.welovecycling.com\/se\/#website\",\"url\":\"https:\/\/www.welovecycling.com\/se\/\",\"name\":\"\u0160koda - We Love Cycling - Sweden\",\"description\":\"\u0160koda We Love Cycling - Sweden\",\"potentialAction\":[{\"@type\":\"SearchAction\",\"target\":{\"@type\":\"EntryPoint\",\"urlTemplate\":\"https:\/\/www.welovecycling.com\/se\/?s={search_term_string}\"},\"query-input\":{\"@type\":\"PropertyValueSpecification\",\"valueRequired\":true,\"valueName\":\"search_term_string\"}}],\"inLanguage\":\"sv-SE\"},{\"@type\":\"Person\",\"@id\":\"https:\/\/www.welovecycling.com\/se\/#\/schema\/person\/037f34ad5d6e77accab8a3eff6ad7a0c\",\"name\":\"erikleonsson\",\"image\":{\"@type\":\"ImageObject\",\"inLanguage\":\"sv-SE\",\"@id\":\"https:\/\/www.welovecycling.com\/se\/#\/schema\/person\/image\/\",\"url\":\"https:\/\/secure.gravatar.com\/avatar\/788a593b0a657d6864c271709722f9cd586caa5a645e77f71fe625396b02677c?s=96&d=mm&r=g\",\"contentUrl\":\"https:\/\/secure.gravatar.com\/avatar\/788a593b0a657d6864c271709722f9cd586caa5a645e77f71fe625396b02677c?s=96&d=mm&r=g\",\"caption\":\"erikleonsson\"},\"url\":\"https:\/\/www.welovecycling.com\/se\/author\/erikleonsson\/\"}]}<\/script>\n<!-- \/ Yoast SEO Premium plugin. -->","yoast_head_json":{"title":"S\u00e5 gick det f\u00f6r \u0160koda Cycling Team 2019 - \u0160koda - We Love Cycling - Sweden","robots":{"index":"index","follow":"follow","max-snippet":"max-snippet:-1","max-image-preview":"max-image-preview:large","max-video-preview":"max-video-preview:-1"},"canonical":"https:\/\/www.welovecycling.com\/se\/2019\/07\/10\/sa-gick-det-pa-vatternrundan-for-skoda-cycling-team\/","og_locale":"sv_SE","og_type":"article","og_title":"S\u00e5 gick det f\u00f6r \u0160koda Cycling Team 2019","og_description":"&nbsp; 13:36. Det \u00e4r klockslaget som vi siktat p\u00e5 det senaste halv\u00e5ret. F\u00f6rberedelserna under v\u00e5ren har varit fullkomliga \u2013 vi [&hellip;]","og_url":"https:\/\/www.welovecycling.com\/se\/2019\/07\/10\/sa-gick-det-pa-vatternrundan-for-skoda-cycling-team\/","og_site_name":"\u0160koda - We Love Cycling - Sweden","article_published_time":"2019-07-10T09:38:30+00:00","article_modified_time":"2019-09-15T08:51:15+00:00","og_image":[{"width":2000,"height":1333,"url":"https:\/\/d2p6e6u75xmxt8.cloudfront.net\/9\/2019\/07\/G6D7360.jpg","type":"image\/jpeg"}],"author":"erikleonsson","twitter_card":"summary_large_image","twitter_misc":{"Written by":"erikleonsson","Est. reading time":"10 minutes"},"schema":{"@context":"https:\/\/schema.org","@graph":[{"@type":"WebPage","@id":"https:\/\/www.welovecycling.com\/se\/2019\/07\/10\/sa-gick-det-pa-vatternrundan-for-skoda-cycling-team\/","url":"https:\/\/www.welovecycling.com\/se\/2019\/07\/10\/sa-gick-det-pa-vatternrundan-for-skoda-cycling-team\/","name":"S\u00e5 gick det f\u00f6r \u0160koda Cycling Team 2019 - \u0160koda - We Love Cycling - Sweden","isPartOf":{"@id":"https:\/\/www.welovecycling.com\/se\/#website"},"primaryImageOfPage":{"@id":"https:\/\/www.welovecycling.com\/se\/2019\/07\/10\/sa-gick-det-pa-vatternrundan-for-skoda-cycling-team\/#primaryimage"},"image":{"@id":"https:\/\/www.welovecycling.com\/se\/2019\/07\/10\/sa-gick-det-pa-vatternrundan-for-skoda-cycling-team\/#primaryimage"},"thumbnailUrl":"https:\/\/d2p6e6u75xmxt8.cloudfront.net\/9\/2019\/07\/G6D7360.jpg","datePublished":"2019-07-10T09:38:30+00:00","dateModified":"2019-09-15T08:51:15+00:00","author":{"@id":"https:\/\/www.welovecycling.com\/se\/#\/schema\/person\/037f34ad5d6e77accab8a3eff6ad7a0c"},"breadcrumb":{"@id":"https:\/\/www.welovecycling.com\/se\/2019\/07\/10\/sa-gick-det-pa-vatternrundan-for-skoda-cycling-team\/#breadcrumb"},"inLanguage":"sv-SE","potentialAction":[{"@type":"ReadAction","target":["https:\/\/www.welovecycling.com\/se\/2019\/07\/10\/sa-gick-det-pa-vatternrundan-for-skoda-cycling-team\/"]}]},{"@type":"ImageObject","inLanguage":"sv-SE","@id":"https:\/\/www.welovecycling.com\/se\/2019\/07\/10\/sa-gick-det-pa-vatternrundan-for-skoda-cycling-team\/#primaryimage","url":"https:\/\/d2p6e6u75xmxt8.cloudfront.net\/9\/2019\/07\/G6D7360.jpg","contentUrl":"https:\/\/d2p6e6u75xmxt8.cloudfront.net\/9\/2019\/07\/G6D7360.jpg","width":2000,"height":1333},{"@type":"BreadcrumbList","@id":"https:\/\/www.welovecycling.com\/se\/2019\/07\/10\/sa-gick-det-pa-vatternrundan-for-skoda-cycling-team\/#breadcrumb","itemListElement":[{"@type":"ListItem","position":1,"name":"Home","item":"https:\/\/www.welovecycling.com\/se\/"},{"@type":"ListItem","position":2,"name":"S\u00e5 gick det f\u00f6r \u0160koda Cycling Team 2019"}]},{"@type":"WebSite","@id":"https:\/\/www.welovecycling.com\/se\/#website","url":"https:\/\/www.welovecycling.com\/se\/","name":"\u0160koda - We Love Cycling - Sweden","description":"\u0160koda We Love Cycling - Sweden","potentialAction":[{"@type":"SearchAction","target":{"@type":"EntryPoint","urlTemplate":"https:\/\/www.welovecycling.com\/se\/?s={search_term_string}"},"query-input":{"@type":"PropertyValueSpecification","valueRequired":true,"valueName":"search_term_string"}}],"inLanguage":"sv-SE"},{"@type":"Person","@id":"https:\/\/www.welovecycling.com\/se\/#\/schema\/person\/037f34ad5d6e77accab8a3eff6ad7a0c","name":"erikleonsson","image":{"@type":"ImageObject","inLanguage":"sv-SE","@id":"https:\/\/www.welovecycling.com\/se\/#\/schema\/person\/image\/","url":"https:\/\/secure.gravatar.com\/avatar\/788a593b0a657d6864c271709722f9cd586caa5a645e77f71fe625396b02677c?s=96&d=mm&r=g","contentUrl":"https:\/\/secure.gravatar.com\/avatar\/788a593b0a657d6864c271709722f9cd586caa5a645e77f71fe625396b02677c?s=96&d=mm&r=g","caption":"erikleonsson"},"url":"https:\/\/www.welovecycling.com\/se\/author\/erikleonsson\/"}]}},"_links":{"self":[{"href":"https:\/\/www.welovecycling.com\/se\/wp-json\/wp\/v2\/posts\/2303","targetHints":{"allow":["GET"]}}],"collection":[{"href":"https:\/\/www.welovecycling.com\/se\/wp-json\/wp\/v2\/posts"}],"about":[{"href":"https:\/\/www.welovecycling.com\/se\/wp-json\/wp\/v2\/types\/post"}],"author":[{"embeddable":true,"href":"https:\/\/www.welovecycling.com\/se\/wp-json\/wp\/v2\/users\/52"}],"replies":[{"embeddable":true,"href":"https:\/\/www.welovecycling.com\/se\/wp-json\/wp\/v2\/comments?post=2303"}],"version-history":[{"count":2,"href":"https:\/\/www.welovecycling.com\/se\/wp-json\/wp\/v2\/posts\/2303\/revisions"}],"predecessor-version":[{"id":2351,"href":"https:\/\/www.welovecycling.com\/se\/wp-json\/wp\/v2\/posts\/2303\/revisions\/2351"}],"wp:featuredmedia":[{"embeddable":true,"href":"https:\/\/www.welovecycling.com\/se\/wp-json\/wp\/v2\/media\/2317"}],"wp:attachment":[{"href":"https:\/\/www.welovecycling.com\/se\/wp-json\/wp\/v2\/media?parent=2303"}],"wp:term":[{"taxonomy":"category","embeddable":true,"href":"https:\/\/www.welovecycling.com\/se\/wp-json\/wp\/v2\/categories?post=2303"},{"taxonomy":"post_tag","embeddable":true,"href":"https:\/\/www.welovecycling.com\/se\/wp-json\/wp\/v2\/tags?post=2303"},{"taxonomy":"global-categories","embeddable":true,"href":"https:\/\/www.welovecycling.com\/se\/wp-json\/wp\/v2\/global-categories?post=2303"}],"curies":[{"name":"wp","href":"https:\/\/api.w.org\/{rel}","templated":true}]}}