{"id":2257,"date":"2019-08-05T23:02:56","date_gmt":"2019-08-05T22:02:56","guid":{"rendered":"https:\/\/www.welovecycling.com\/se\/?p=2257"},"modified":"2020-08-27T13:41:20","modified_gmt":"2020-08-27T12:41:20","slug":"5-sanningar-vi-larde-oss-av-touren","status":"publish","type":"post","link":"https:\/\/www.welovecycling.com\/se\/2019\/08\/05\/5-sanningar-vi-larde-oss-av-touren\/","title":{"rendered":"5 sanningar vi l\u00e4rde oss av Tour de France 2019"},"content":{"rendered":"<p><strong>N\u00e4r klungan n\u00e4rmade sig Paris samlade Rigoberto Uran colombianerna som cyklat Tour de France l\u00e4ngst fram och l\u00e4t fotograferna f\u00f6reviga det historiska \u00f6gonblicket. \u00a0<\/strong><!--more--><\/p>\n<div class=\"embed-controller-wrapper\">\n<blockquote class=\"twitter-tweet\" data-width=\"500\" data-dnt=\"true\">\n<p lang=\"es\" dir=\"ltr\">Colombia mijitos \ud83d\ude4f\ud83d\ude4f\ud83d\ude4f <a href=\"https:\/\/t.co\/OPVkClPJRV\">pic.twitter.com\/OPVkClPJRV<\/a><\/p>\n<p>&mdash; Rigoberto Ur\u00e1n \u042fU (@UranRigoberto) <a href=\"https:\/\/twitter.com\/UranRigoberto\/status\/1155572313326309377?ref_src=twsrc%5Etfw\">July 28, 2019<\/a><\/p><\/blockquote>\n<p><script async data-src=\"https:\/\/platform.twitter.com\/widgets.js\" charset=\"utf-8\"><\/script><\/div>\n<p>Quintana gestikulerade, ropade uppspelt och tjatade tills alla fotografer samlats framf\u00f6r de fyra Colombianerna. Men varf\u00f6r cyklade Egan Bernal, Rigoberto Ur\u00e1n, Sergio Henao, och Nairo Quintana l\u00e4ngst fram? Och finns det n\u00e5got mer som vi kan l\u00e4ra oss av Touren 2019?<\/p>\n<h2><strong>Colombia och Frankrike \u00e4r st\u00f6rre \u00e4n laget<\/strong><\/h2>\n<p>Sj\u00e4lvklart s\u00e5 finns det fans som har ett favoritlag. Men f\u00f6r dom allra flesta s\u00e5 \u00e4r det individerna och \u00e4ven vilket land cyklisterna kommer fr\u00e5n som drar dig till ett visst lag.\u00a0Quintana ber\u00e4ttade stolt om Colombias f\u00f6rsta segrare I touren, en titel som han sj\u00e4lv k\u00e4mpat l\u00e4nge f\u00f6r. Efter att Egan Bernal lagt in den sista och avg\u00f6rande st\u00f6ten p\u00e5 den avkortade etapp nummer 19 s\u00e5 \u00f6kade antalet Colombianska flaggor i publiken markant.<\/p>\n<lite-youtube videoid=LmbAqQTx2hk params=\"enablejsapi=1\" style=\"background-image: url('https:\/\/i.ytimg.com\/vi_webp\/LmbAqQTx2hk\/maxresdefault.webp');\"><\/lite-youtube>\n<p>Quintana var ocks\u00e5 med och slogs f\u00f6r de colombianska f\u00e4rgerna n\u00e4r han \u00f6verl\u00e4gset vann uppf\u00f6r Col du Galibier p\u00e5 etapp 18, in i Paris var Nairo Quintana bara 5:30 bakom Bernals vinnande tid. Franska cyklister gl\u00e4nste mer \u00e4n sina lag redan fr\u00e5n starten, dramat n\u00e5dde klimax n\u00e4r Pinot var tvungen att bryta efter flera fantastiska dagar i Pyren\u00e9erna.<\/p>\n<lite-youtube videoid=jtbCP7Eh3kQ params=\"enablejsapi=1\" style=\"background-image: url('https:\/\/i.ytimg.com\/vi_webp\/jtbCP7Eh3kQ\/maxresdefault.webp');\"><\/lite-youtube>\n<h2><strong>Ineos \u00e4lskar Brailsford. Brailsford \u00e4lskar Ineos<\/strong><\/h2>\n<p>Att bygga upp en bra relation med David Brailsford och samtidigt vara en bra cyklist \u00e4r ett ganska s\u00e4kert s\u00e4tt att vinna Touren. Brailsford har visat att han i st\u00f6rre utstr\u00e4ckning \u00e4n m\u00e5nga andra kan \u00e4ndra planer och l\u00e5ta den starkaste cyklisten vinna och inte den f\u00f6rutbest\u00e4mda vinnaren. Att det dessutom verkar funka inom laget, mellan cyklisterna att byta ledare \u00e4r ocks\u00e5 imponerande. Det kr\u00e4vs en bra gruppdynamik f\u00f6r att det ska funka.<\/p>\n<lite-youtube videoid=dA4uIG5dWp8 params=\"enablejsapi=1\" style=\"background-image: url('https:\/\/i.ytimg.com\/vi_webp\/dA4uIG5dWp8\/maxresdefault.webp');\"><\/lite-youtube>\n<p>Geraint Thomas skulle ha framst\u00e5tt som l\u00f6jlig om han f\u00f6rs\u00f6kt uppr\u00e4tth\u00e5lla lagets hierarki. Fr\u00e5n etapp 15 visade det sig att b\u00e5de Alaphilippe och Thomas hade sv\u00e5rt att hantera farten uppf\u00f6r, den enda som egentligen klarade att h\u00e5lla riktigt h\u00f6g fart var just Bernal, han fick klartecken att k\u00f6ra f\u00f6r seger och hanterade uppgiften med bravur.<\/p>\n<lite-youtube videoid=3RA35rmnYMY params=\"enablejsapi=1\" style=\"background-image: url('https:\/\/i.ytimg.com\/vi_webp\/3RA35rmnYMY\/maxresdefault.webp');\"><\/lite-youtube>\n<p>Ineos verkar ge Brailsford och laget fortsatt f\u00f6rtroende att jobba vidare med sitt s\u00e4tt att vinna Touren. Troligtvis kommer Brailsfords segert\u00e5g tuffa p\u00e5 tills n\u00e5got annat lag kommer p\u00e5 hur man ska vinna \u00f6ver den taktiska och lugna, ofta lite defensiva stilen som Brailsford styr laget med. Ett ledarskap som v\u00e5rdar och utvecklar talanger tills dom \u00e4r redo.<\/p>\n<h2><strong>Snabb Tour<\/strong><\/h2>\n<p>Bernal snittade 40,55 kmh under sin Tour, det var 0.35 kmh snabbare \u00e4n n\u00e4r Thomas vann 2018. Den fart\u00f6kningen kan mycket v\u00e4l tillskrivas den aggressive cykling som de franska cyklisterna bj\u00f6d p\u00e5, Alaphilippes Combative-tr\u00f6ja var v\u00e4lf\u00f6rtj\u00e4nt (den gula var ocks\u00e5 v\u00e4lf\u00f6rtj\u00e4nt s\u00e5 l\u00e4nge han hade den).<\/p>\n<lite-youtube videoid=mWju5CbWELk params=\"enablejsapi=1\" style=\"background-image: url('https:\/\/i.ytimg.com\/vi_webp\/mWju5CbWELk\/maxresdefault.webp');\"><\/lite-youtube>\n<p>Under varje Tour finns det s\u00e5 otroligt mycket material som inte publiceras. Men det vore kul att lyckas hitta Nils Politts utf\u00f6rsk\u00f6rning fr\u00e5n etapp 18, d\u00e5 var Katusha-Alpecin-cyklisten f\u00f6rsta cyklist att komma \u00f6ver 100 kmh.<\/p>\n<h2><strong>Sagan \u00e4r \u00e5lderman<\/strong><\/h2>\n<p>Cyclistes Professionnels Associ\u00e9s \u00e4r den organisation som representerar cyklisternas intressen, som ett fackf\u00f6rbund. Sagan var under dom varmare etapperna besviken p\u00e5 CPA och hur passiva organisationen var n\u00e4r det g\u00e4llde arbetsf\u00f6rh\u00e5llandena i v\u00e4rmen. Men Tour de France \u00e4r speciellt och Sagan verkade klara sig ganska bra \u00e4nd\u00e5.<\/p>\n<lite-youtube videoid=bYEUh2KOr0A params=\"enablejsapi=1\" style=\"background-image: url('https:\/\/i.ytimg.com\/vi_webp\/bYEUh2KOr0A\/maxresdefault.webp');\"><\/lite-youtube>\n<p>Att \u00e5rets Tour var speciell blir extra l\u00e4tt att se om man tittar p\u00e5 v\u00e4dret sista veckan, en v\u00e4rmeb\u00f6lja med rekordtemperaturer, jordskred, hagelstormar och delar av en etapp som beh\u00f6vde plogas p\u00e5 grund av nysn\u00f6. Allt detta p\u00e5 bara fyra etapper under sista veckan. Sagans uttalanden var f\u00f6r cyklisternas b\u00e4sta och han uttalade sig med den s\u00e4kerhet som en bara en riktig m\u00e4stare och by\u00e4ldste kan men ASO som ligger bakom Touren hade nog fullt upp med att hantera alla \u00e4ndringar p\u00e5 grund av v\u00e4dret f\u00f6r att ytterligare kunna anpassa sig. Diskussionen mellan Peter Sagan och CPA kommer nog att forts\u00e4tta nu efter Touren. Och visst saknar man redan eftermiddagarna framf\u00f6r direkts\u00e4ndningen?<\/p>\n","protected":false},"excerpt":{"rendered":"<p>N\u00e4r klungan n\u00e4rmade sig Paris samlade Rigoberto Uran colombianerna som cyklat Tour de France l\u00e4ngst fram och l\u00e4t fotograferna f\u00f6reviga [&hellip;]<\/p>\n","protected":false},"author":80,"featured_media":2271,"comment_status":"open","ping_status":"open","sticky":false,"template":"","format":"standard","meta":{"footnotes":""},"categories":[5],"tags":[20],"global-categories":[],"class_list":["post-2257","post","type-post","status-publish","format-standard","has-post-thumbnail","hentry","category-nyheter","tag-tour-de-france"],"yoast_head":"<!-- This site is optimized with the Yoast SEO Premium plugin v25.3 (Yoast SEO v25.9) - https:\/\/yoast.com\/wordpress\/plugins\/seo\/ -->\n<title>5 sanningar vi l\u00e4rde oss av Tour de France 2019 - \u0160koda - We Love Cycling - Sweden<\/title>\n<meta name=\"robots\" content=\"index, follow, max-snippet:-1, max-image-preview:large, max-video-preview:-1\" \/>\n<link rel=\"canonical\" href=\"https:\/\/www.welovecycling.com\/se\/2019\/08\/05\/5-sanningar-vi-larde-oss-av-touren\/\" \/>\n<meta property=\"og:locale\" content=\"sv_SE\" \/>\n<meta property=\"og:type\" content=\"article\" \/>\n<meta property=\"og:title\" content=\"5 sanningar vi l\u00e4rde oss av Tour de France 2019\" \/>\n<meta property=\"og:description\" content=\"N\u00e4r klungan n\u00e4rmade sig Paris samlade Rigoberto Uran colombianerna som cyklat Tour de France l\u00e4ngst fram och l\u00e4t fotograferna f\u00f6reviga [&hellip;]\" \/>\n<meta property=\"og:url\" content=\"https:\/\/www.welovecycling.com\/se\/2019\/08\/05\/5-sanningar-vi-larde-oss-av-touren\/\" \/>\n<meta property=\"og:site_name\" content=\"\u0160koda - We Love Cycling - Sweden\" \/>\n<meta property=\"article:published_time\" content=\"2019-08-05T22:02:56+00:00\" \/>\n<meta property=\"article:modified_time\" content=\"2020-08-27T12:41:20+00:00\" \/>\n<meta property=\"og:image\" content=\"https:\/\/d2p6e6u75xmxt8.cloudfront.net\/9\/2019\/08\/Tour-de-France-2019-CVR-profimedia-0461581564.jpg\" \/>\n\t<meta property=\"og:image:width\" content=\"1366\" \/>\n\t<meta property=\"og:image:height\" content=\"600\" \/>\n\t<meta property=\"og:image:type\" content=\"image\/jpeg\" \/>\n<meta name=\"author\" content=\"kallebern\" \/>\n<meta name=\"twitter:card\" content=\"summary_large_image\" \/>\n<meta name=\"twitter:label1\" content=\"Written by\" \/>\n\t<meta name=\"twitter:data1\" content=\"Christopher Ashley\" \/>\n\t<meta name=\"twitter:label2\" content=\"Est. reading time\" \/>\n\t<meta name=\"twitter:data2\" content=\"7\" \/>\n<script type=\"application\/ld+json\" class=\"yoast-schema-graph\">{\"@context\":\"https:\/\/schema.org\",\"@graph\":[{\"@type\":\"WebPage\",\"@id\":\"https:\/\/www.welovecycling.com\/se\/2019\/08\/05\/5-sanningar-vi-larde-oss-av-touren\/\",\"url\":\"https:\/\/www.welovecycling.com\/se\/2019\/08\/05\/5-sanningar-vi-larde-oss-av-touren\/\",\"name\":\"5 sanningar vi l\u00e4rde oss av Tour de France 2019 - \u0160koda - We Love Cycling - Sweden\",\"isPartOf\":{\"@id\":\"https:\/\/www.welovecycling.com\/se\/#website\"},\"primaryImageOfPage\":{\"@id\":\"https:\/\/www.welovecycling.com\/se\/2019\/08\/05\/5-sanningar-vi-larde-oss-av-touren\/#primaryimage\"},\"image\":{\"@id\":\"https:\/\/www.welovecycling.com\/se\/2019\/08\/05\/5-sanningar-vi-larde-oss-av-touren\/#primaryimage\"},\"thumbnailUrl\":\"https:\/\/d2p6e6u75xmxt8.cloudfront.net\/9\/2019\/08\/Tour-de-France-2019-CVR-profimedia-0461581564.jpg\",\"datePublished\":\"2019-08-05T22:02:56+00:00\",\"dateModified\":\"2020-08-27T12:41:20+00:00\",\"author\":{\"@id\":\"https:\/\/www.welovecycling.com\/se\/#\/schema\/person\/cf0db6969fc5aa4e230760e09dde1f45\"},\"breadcrumb\":{\"@id\":\"https:\/\/www.welovecycling.com\/se\/2019\/08\/05\/5-sanningar-vi-larde-oss-av-touren\/#breadcrumb\"},\"inLanguage\":\"sv-SE\",\"potentialAction\":[{\"@type\":\"ReadAction\",\"target\":[\"https:\/\/www.welovecycling.com\/se\/2019\/08\/05\/5-sanningar-vi-larde-oss-av-touren\/\"]}]},{\"@type\":\"ImageObject\",\"inLanguage\":\"sv-SE\",\"@id\":\"https:\/\/www.welovecycling.com\/se\/2019\/08\/05\/5-sanningar-vi-larde-oss-av-touren\/#primaryimage\",\"url\":\"https:\/\/d2p6e6u75xmxt8.cloudfront.net\/9\/2019\/08\/Tour-de-France-2019-CVR-profimedia-0461581564.jpg\",\"contentUrl\":\"https:\/\/d2p6e6u75xmxt8.cloudfront.net\/9\/2019\/08\/Tour-de-France-2019-CVR-profimedia-0461581564.jpg\",\"width\":1366,\"height\":600},{\"@type\":\"BreadcrumbList\",\"@id\":\"https:\/\/www.welovecycling.com\/se\/2019\/08\/05\/5-sanningar-vi-larde-oss-av-touren\/#breadcrumb\",\"itemListElement\":[{\"@type\":\"ListItem\",\"position\":1,\"name\":\"Home\",\"item\":\"https:\/\/www.welovecycling.com\/se\/\"},{\"@type\":\"ListItem\",\"position\":2,\"name\":\"5 sanningar vi l\u00e4rde oss av Tour de France 2019\"}]},{\"@type\":\"WebSite\",\"@id\":\"https:\/\/www.welovecycling.com\/se\/#website\",\"url\":\"https:\/\/www.welovecycling.com\/se\/\",\"name\":\"\u0160koda - We Love Cycling - Sweden\",\"description\":\"\u0160koda We Love Cycling - Sweden\",\"potentialAction\":[{\"@type\":\"SearchAction\",\"target\":{\"@type\":\"EntryPoint\",\"urlTemplate\":\"https:\/\/www.welovecycling.com\/se\/?s={search_term_string}\"},\"query-input\":{\"@type\":\"PropertyValueSpecification\",\"valueRequired\":true,\"valueName\":\"search_term_string\"}}],\"inLanguage\":\"sv-SE\"},{\"@type\":\"Person\",\"@id\":\"https:\/\/www.welovecycling.com\/se\/#\/schema\/person\/cf0db6969fc5aa4e230760e09dde1f45\",\"name\":\"kallebern\",\"image\":{\"@type\":\"ImageObject\",\"inLanguage\":\"sv-SE\",\"@id\":\"https:\/\/www.welovecycling.com\/se\/#\/schema\/person\/image\/\",\"url\":\"https:\/\/secure.gravatar.com\/avatar\/aa7179ed680d67575eb51f63c5b61904173a0d3f6f176fe19385d5dbb376c145?s=96&d=mm&r=g\",\"contentUrl\":\"https:\/\/secure.gravatar.com\/avatar\/aa7179ed680d67575eb51f63c5b61904173a0d3f6f176fe19385d5dbb376c145?s=96&d=mm&r=g\",\"caption\":\"kallebern\"},\"url\":\"https:\/\/www.welovecycling.com\/se\/author\/kallebern\/\"}]}<\/script>\n<!-- \/ Yoast SEO Premium plugin. -->","yoast_head_json":{"title":"5 sanningar vi l\u00e4rde oss av Tour de France 2019 - \u0160koda - We Love Cycling - Sweden","robots":{"index":"index","follow":"follow","max-snippet":"max-snippet:-1","max-image-preview":"max-image-preview:large","max-video-preview":"max-video-preview:-1"},"canonical":"https:\/\/www.welovecycling.com\/se\/2019\/08\/05\/5-sanningar-vi-larde-oss-av-touren\/","og_locale":"sv_SE","og_type":"article","og_title":"5 sanningar vi l\u00e4rde oss av Tour de France 2019","og_description":"N\u00e4r klungan n\u00e4rmade sig Paris samlade Rigoberto Uran colombianerna som cyklat Tour de France l\u00e4ngst fram och l\u00e4t fotograferna f\u00f6reviga [&hellip;]","og_url":"https:\/\/www.welovecycling.com\/se\/2019\/08\/05\/5-sanningar-vi-larde-oss-av-touren\/","og_site_name":"\u0160koda - We Love Cycling - Sweden","article_published_time":"2019-08-05T22:02:56+00:00","article_modified_time":"2020-08-27T12:41:20+00:00","og_image":[{"width":1366,"height":600,"url":"https:\/\/d2p6e6u75xmxt8.cloudfront.net\/9\/2019\/08\/Tour-de-France-2019-CVR-profimedia-0461581564.jpg","type":"image\/jpeg"}],"author":"kallebern","twitter_card":"summary_large_image","twitter_misc":{"Written by":"Christopher Ashley","Est. reading time":"7"},"schema":{"@context":"https:\/\/schema.org","@graph":[{"@type":"WebPage","@id":"https:\/\/www.welovecycling.com\/se\/2019\/08\/05\/5-sanningar-vi-larde-oss-av-touren\/","url":"https:\/\/www.welovecycling.com\/se\/2019\/08\/05\/5-sanningar-vi-larde-oss-av-touren\/","name":"5 sanningar vi l\u00e4rde oss av Tour de France 2019 - \u0160koda - We Love Cycling - Sweden","isPartOf":{"@id":"https:\/\/www.welovecycling.com\/se\/#website"},"primaryImageOfPage":{"@id":"https:\/\/www.welovecycling.com\/se\/2019\/08\/05\/5-sanningar-vi-larde-oss-av-touren\/#primaryimage"},"image":{"@id":"https:\/\/www.welovecycling.com\/se\/2019\/08\/05\/5-sanningar-vi-larde-oss-av-touren\/#primaryimage"},"thumbnailUrl":"https:\/\/d2p6e6u75xmxt8.cloudfront.net\/9\/2019\/08\/Tour-de-France-2019-CVR-profimedia-0461581564.jpg","datePublished":"2019-08-05T22:02:56+00:00","dateModified":"2020-08-27T12:41:20+00:00","author":{"@id":"https:\/\/www.welovecycling.com\/se\/#\/schema\/person\/cf0db6969fc5aa4e230760e09dde1f45"},"breadcrumb":{"@id":"https:\/\/www.welovecycling.com\/se\/2019\/08\/05\/5-sanningar-vi-larde-oss-av-touren\/#breadcrumb"},"inLanguage":"sv-SE","potentialAction":[{"@type":"ReadAction","target":["https:\/\/www.welovecycling.com\/se\/2019\/08\/05\/5-sanningar-vi-larde-oss-av-touren\/"]}]},{"@type":"ImageObject","inLanguage":"sv-SE","@id":"https:\/\/www.welovecycling.com\/se\/2019\/08\/05\/5-sanningar-vi-larde-oss-av-touren\/#primaryimage","url":"https:\/\/d2p6e6u75xmxt8.cloudfront.net\/9\/2019\/08\/Tour-de-France-2019-CVR-profimedia-0461581564.jpg","contentUrl":"https:\/\/d2p6e6u75xmxt8.cloudfront.net\/9\/2019\/08\/Tour-de-France-2019-CVR-profimedia-0461581564.jpg","width":1366,"height":600},{"@type":"BreadcrumbList","@id":"https:\/\/www.welovecycling.com\/se\/2019\/08\/05\/5-sanningar-vi-larde-oss-av-touren\/#breadcrumb","itemListElement":[{"@type":"ListItem","position":1,"name":"Home","item":"https:\/\/www.welovecycling.com\/se\/"},{"@type":"ListItem","position":2,"name":"5 sanningar vi l\u00e4rde oss av Tour de France 2019"}]},{"@type":"WebSite","@id":"https:\/\/www.welovecycling.com\/se\/#website","url":"https:\/\/www.welovecycling.com\/se\/","name":"\u0160koda - We Love Cycling - Sweden","description":"\u0160koda We Love Cycling - Sweden","potentialAction":[{"@type":"SearchAction","target":{"@type":"EntryPoint","urlTemplate":"https:\/\/www.welovecycling.com\/se\/?s={search_term_string}"},"query-input":{"@type":"PropertyValueSpecification","valueRequired":true,"valueName":"search_term_string"}}],"inLanguage":"sv-SE"},{"@type":"Person","@id":"https:\/\/www.welovecycling.com\/se\/#\/schema\/person\/cf0db6969fc5aa4e230760e09dde1f45","name":"kallebern","image":{"@type":"ImageObject","inLanguage":"sv-SE","@id":"https:\/\/www.welovecycling.com\/se\/#\/schema\/person\/image\/","url":"https:\/\/secure.gravatar.com\/avatar\/aa7179ed680d67575eb51f63c5b61904173a0d3f6f176fe19385d5dbb376c145?s=96&d=mm&r=g","contentUrl":"https:\/\/secure.gravatar.com\/avatar\/aa7179ed680d67575eb51f63c5b61904173a0d3f6f176fe19385d5dbb376c145?s=96&d=mm&r=g","caption":"kallebern"},"url":"https:\/\/www.welovecycling.com\/se\/author\/kallebern\/"}]}},"_links":{"self":[{"href":"https:\/\/www.welovecycling.com\/se\/wp-json\/wp\/v2\/posts\/2257","targetHints":{"allow":["GET"]}}],"collection":[{"href":"https:\/\/www.welovecycling.com\/se\/wp-json\/wp\/v2\/posts"}],"about":[{"href":"https:\/\/www.welovecycling.com\/se\/wp-json\/wp\/v2\/types\/post"}],"author":[{"embeddable":true,"href":"https:\/\/www.welovecycling.com\/se\/wp-json\/wp\/v2\/users\/80"}],"replies":[{"embeddable":true,"href":"https:\/\/www.welovecycling.com\/se\/wp-json\/wp\/v2\/comments?post=2257"}],"version-history":[{"count":2,"href":"https:\/\/www.welovecycling.com\/se\/wp-json\/wp\/v2\/posts\/2257\/revisions"}],"predecessor-version":[{"id":2356,"href":"https:\/\/www.welovecycling.com\/se\/wp-json\/wp\/v2\/posts\/2257\/revisions\/2356"}],"wp:featuredmedia":[{"embeddable":true,"href":"https:\/\/www.welovecycling.com\/se\/wp-json\/wp\/v2\/media\/2271"}],"wp:attachment":[{"href":"https:\/\/www.welovecycling.com\/se\/wp-json\/wp\/v2\/media?parent=2257"}],"wp:term":[{"taxonomy":"category","embeddable":true,"href":"https:\/\/www.welovecycling.com\/se\/wp-json\/wp\/v2\/categories?post=2257"},{"taxonomy":"post_tag","embeddable":true,"href":"https:\/\/www.welovecycling.com\/se\/wp-json\/wp\/v2\/tags?post=2257"},{"taxonomy":"global-categories","embeddable":true,"href":"https:\/\/www.welovecycling.com\/se\/wp-json\/wp\/v2\/global-categories?post=2257"}],"curies":[{"name":"wp","href":"https:\/\/api.w.org\/{rel}","templated":true}]}}